{"id":27404,"date":"2023-04-03T13:45:02","date_gmt":"2023-04-03T11:45:02","guid":{"rendered":"http:\/\/batimedianews.com\/live\/?p=27404"},"modified":"2023-09-06T19:10:48","modified_gmt":"2023-09-06T17:10:48","slug":"vitra-revient-a-lish-avec-une-nouvelle-collection","status":"publish","type":"post","link":"http:\/\/batimedianews.com\/live\/index.php\/2023\/04\/03\/vitra-revient-a-lish-avec-une-nouvelle-collection\/","title":{"rendered":"VitrA revient \u00e0 l&rsquo;ISH avec une nouvelle collection"},"content":{"rendered":"\n<p class=\"has-text-align-center has-medium-font-size\">13 &#8211; 17 mars 2023, Francfort-sur-le-Main, Hall 3.1 C47 et C4<\/p>\n\n\n\n<figure class=\"wp-block-image size-large\"><img loading=\"lazy\" width=\"720\" height=\"540\" src=\"https:\/\/i2.wp.com\/batimedianews.com\/live\/wp-content\/uploads\/2023\/03\/image-258.png?resize=720%2C540\" alt=\"\" class=\"wp-image-27405\" srcset=\"https:\/\/i2.wp.com\/batimedianews.com\/live\/wp-content\/uploads\/2023\/03\/image-258.png?resize=1024%2C768 1024w, https:\/\/i2.wp.com\/batimedianews.com\/live\/wp-content\/uploads\/2023\/03\/image-258.png?resize=600%2C450 600w, https:\/\/i2.wp.com\/batimedianews.com\/live\/wp-content\/uploads\/2023\/03\/image-258.png?resize=768%2C576 768w, https:\/\/i2.wp.com\/batimedianews.com\/live\/wp-content\/uploads\/2023\/03\/image-258.png?resize=1536%2C1152 1536w, https:\/\/i2.wp.com\/batimedianews.com\/live\/wp-content\/uploads\/2023\/03\/image-258.png?resize=2048%2C1536 2048w, https:\/\/i2.wp.com\/batimedianews.com\/live\/wp-content\/uploads\/2023\/03\/image-258.png?resize=10%2C8 10w, https:\/\/i2.wp.com\/batimedianews.com\/live\/wp-content\/uploads\/2023\/03\/image-258.png?resize=432%2C324 432w, https:\/\/i2.wp.com\/batimedianews.com\/live\/wp-content\/uploads\/2023\/03\/image-258.png?resize=396%2C297 396w, https:\/\/i2.wp.com\/batimedianews.com\/live\/wp-content\/uploads\/2023\/03\/image-258.png?resize=1120%2C840 1120w, https:\/\/i2.wp.com\/batimedianews.com\/live\/wp-content\/uploads\/2023\/03\/image-258.png?resize=660%2C495 660w, https:\/\/i2.wp.com\/batimedianews.com\/live\/wp-content\/uploads\/2023\/03\/image-258.png?resize=293%2C220 293w, https:\/\/i2.wp.com\/batimedianews.com\/live\/wp-content\/uploads\/2023\/03\/image-258.png?w=1440 1440w, https:\/\/i2.wp.com\/batimedianews.com\/live\/wp-content\/uploads\/2023\/03\/image-258.png?w=2160 2160w\" sizes=\"(max-width: 600px) 91vw, (max-width: 900px) 600px, (max-width: 1060px) 50vw, (max-width: 1200px) 520px, (max-width: 1400px) 43vw, 600px\" data-recalc-dims=\"1\" \/><figcaption>Nouvelle collection METROPOLE de VitrA<\/figcaption><\/figure>\n\n\n\n<p>VitrA fera son retour physique au salon de la salle de bains <strong>ISH<\/strong>, qui se tiendra \u00e0 Francfort-sur-le-Main du 13 au 17 mars, apr\u00e8s sa derni\u00e8re pr\u00e9sentation num\u00e9rique en 2021. Sur les <strong>stands C47 et C49 (Hall 3.1)<\/strong>, la marque mondiale de salles de bains pr\u00e9sentera ses derniers lancements, notamment la nouvelle collection <strong>METROPOLE<\/strong> de sanitaires et d&rsquo;armoires, ainsi que certaines de ses collections prim\u00e9es de lavabos, d&rsquo;articles en laiton et de meubles.<\/p>\n\n\n\n<p>D&rsquo;une superficie de 1 200 m\u00e8tres carr\u00e9s, l&rsquo;exposition VitrA \u00e0 l&rsquo;ISH sera organis\u00e9e par son studio de design interne et divis\u00e9e en sections illustrant des th\u00e8mes cl\u00e9s tels que la durabilit\u00e9, l&rsquo;hygi\u00e8ne et l&rsquo;innovation.<\/p>\n\n\n\n<figure class=\"wp-block-image size-large\"><img loading=\"lazy\" width=\"720\" height=\"482\" src=\"https:\/\/i1.wp.com\/batimedianews.com\/live\/wp-content\/uploads\/2023\/03\/image-259.png?resize=720%2C482\" alt=\"\" class=\"wp-image-27406\" srcset=\"https:\/\/i1.wp.com\/batimedianews.com\/live\/wp-content\/uploads\/2023\/03\/image-259.png?resize=1024%2C685 1024w, https:\/\/i1.wp.com\/batimedianews.com\/live\/wp-content\/uploads\/2023\/03\/image-259.png?resize=600%2C402 600w, https:\/\/i1.wp.com\/batimedianews.com\/live\/wp-content\/uploads\/2023\/03\/image-259.png?resize=768%2C514 768w, https:\/\/i1.wp.com\/batimedianews.com\/live\/wp-content\/uploads\/2023\/03\/image-259.png?resize=10%2C7 10w, https:\/\/i1.wp.com\/batimedianews.com\/live\/wp-content\/uploads\/2023\/03\/image-259.png?resize=432%2C289 432w, https:\/\/i1.wp.com\/batimedianews.com\/live\/wp-content\/uploads\/2023\/03\/image-259.png?resize=396%2C265 396w, https:\/\/i1.wp.com\/batimedianews.com\/live\/wp-content\/uploads\/2023\/03\/image-259.png?resize=1120%2C750 1120w, https:\/\/i1.wp.com\/batimedianews.com\/live\/wp-content\/uploads\/2023\/03\/image-259.png?resize=660%2C442 660w, https:\/\/i1.wp.com\/batimedianews.com\/live\/wp-content\/uploads\/2023\/03\/image-259.png?resize=329%2C220 329w, https:\/\/i1.wp.com\/batimedianews.com\/live\/wp-content\/uploads\/2023\/03\/image-259.png?w=1288 1288w\" sizes=\"(max-width: 600px) 91vw, (max-width: 900px) 600px, (max-width: 1060px) 50vw, (max-width: 1200px) 520px, (max-width: 1400px) 43vw, 600px\" data-recalc-dims=\"1\" \/><figcaption><em>Gauche : ArchiPlan par le studio de design VitrA<br>Droite : Root par le Design Studio VitrA<\/em><\/figcaption><\/figure>\n\n\n\n<p><em>\u00ab Nous sommes ravis d&rsquo;\u00eatre de retour \u00e0 l\u2019ISH sous une forme physique ce mois-ci &#8211; apr\u00e8s notre derni\u00e8re apparition en 2019 \u00bb<\/em>, d\u00e9clare <strong>Sibylle G\u00f6ttgens, Directrice du marketingr, VitrA<\/strong>.<em> \u00ab L\u2019ISH est l&rsquo;un des \u00e9v\u00e9nements les plus importants dans le calendrier de notre industrie, nous offrant la plateforme parfaite pour pr\u00e9senter notre design moderne et notre innovation tout en nous mettant en contact avec nos clients exigeants dans le monde entier. \u00bb<\/em><\/p>\n\n\n\n<p><em>\u00ab \u00c0 l&rsquo;ISH, nous pr\u00e9senterons une solide gamme de produits, y compris notre nouvelle collection M-Line. Et la gamme V-Fix. Non seulement ils d\u00e9montrent notre expertise et notre exp\u00e9rience in\u00e9gal\u00e9es en mati\u00e8re de conception de salles de bains, mais ils abordent \u00e9galement certaines des questions les plus pressantes \u00e0 l&rsquo;\u00e9chelle du secteur &#8211; de la durabilit\u00e9 \u00e0 l&rsquo;efficacit\u00e9 de l&rsquo;espace et \u00e0 l&rsquo;accessibilit\u00e9. \u00bb<\/em><\/p>\n\n\n\n<p>Lanc\u00e9s au salon, <strong>Metropole Pure and Metropole Lite<\/strong> sont con\u00e7us pour la salle de bains moderne avec des r\u00e9f\u00e9rences classiques. \u00c9l\u00e9gantes et raffin\u00e9es, avec une esth\u00e9tique minimale et une tactilit\u00e9 industrielle, les collections offrent une vari\u00e9t\u00e9 de lavabos &#8211; ainsi que des meubles sous-vasque, des meubles hauts et des armoires \u00e0 glace coordonn\u00e9s &#8211; dans diff\u00e9rentes formes, tailles et finitions.<\/p>\n\n\n\n<p>V-Fix, le nouveau r\u00e9servoir de chasse d&rsquo;eau encastr\u00e9 de VitrA, sera \u00e9galement pr\u00e9sent\u00e9 pour la premi\u00e8re fois. La gamme comprend un produit de qualit\u00e9 sup\u00e9rieure, \u00ab Prime \u00bb, et une version plus accessible, \u00ab Core \u00bb. Ces mod\u00e8les encastrables sont con\u00e7us pour simplifier l&rsquo;installation et offrent des solutions pour toutes les applications murales, adoss\u00e9es au mur, \u00e0 hauteur r\u00e9duite et sous les fen\u00eatres, permettant \u00e0 VitrA d&rsquo;agir en tant que fournisseur complet de salles de bains. En outre, la marque a lanc\u00e9 <strong>Quantum-Flush<\/strong>, une nouvelle technologie de rin\u00e7age des WC bas\u00e9e sur le principe du flux laminaire. Situ\u00e9 derri\u00e8re trois ouvertures visibles sur le bord sup\u00e9rieur de la cuvette, un composant correspondant transforme les turbulences de l&rsquo;eau en un flux laminaire. Ainsi, l&rsquo;eau s&rsquo;\u00e9coule de mani\u00e8re r\u00e9guli\u00e8re et sans perte d&rsquo;\u00e9nergie \u00e0 travers l&rsquo;ovale, selon une courbe optimale dans tous les angles. En outre, le principe de rin\u00e7age garantit automatiquement l&rsquo;absence d&rsquo;\u00e9claboussures, contrairement aux syst\u00e8mes de rin\u00e7age conventionnels, ce qui r\u00e9duit la quantit\u00e9 de bact\u00e9ries r\u00e9parties dans la pi\u00e8ce, pour une performance de nettoyage optimale. En outre, Quantum-Flush est silencieux.<\/p>\n\n\n\n<p>Les visiteurs du stand VitrA auront \u00e9galement l&rsquo;occasion de d\u00e9couvrir les derni\u00e8res gammes de la marque. La collection <strong>ArchiPlan<\/strong>, lanc\u00e9e r\u00e9cemment, comprend des lavabos, des meubles et des miroirs con\u00e7us pour les petits espaces. La collection est \u00e9galement tr\u00e8s respectueuse de l&rsquo;environnement, les meubles \u00e9tant fabriqu\u00e9s \u00e0 partir de contreplaqu\u00e9, dont la fabrication n\u00e9cessite peu d&rsquo;\u00e9nergie et qui est \u00e9galement recyclable.<\/p>\n\n\n\n<p>Par ailleurs, <strong>Root<\/strong> est l&rsquo;une des collections de salles de bains les plus flexibles et les plus personnalisables du march\u00e9 &#8211; notamment les sanitaires, le mobilier et les articles en laiton. Les meubles sont disponibles dans un large \u00e9ventail de couleurs, avec des finitions brillantes, mates et en bois, tandis que les articles en laiton sont \u00e9galement disponibles dans un design rond ou carr\u00e9, ainsi que dans quatre finitions de couleurs diff\u00e9rentes.<\/p>\n\n\n\n<p>Connue pour ses collaborations avec des cr\u00e9ateurs de premier plan, VitrA apportera certaines de ses pi\u00e8ces ma\u00eetresses \u00e0 l\u2019ISH. <strong>Liquid<\/strong> est la toute premi\u00e8re s\u00e9rie de salles de bains du designer britannique Tom Dixon, inspir\u00e9e par une esth\u00e9tique arrondie et les salles de bains victoriennes. La collection englobe tous les \u00e9l\u00e9ments de la salle de bains, des sanitaires aux meubles en passant par les robinets, les douches, les carrelages et les accessoires, con\u00e7us pour \u00eatre utilis\u00e9s ensemble ou s\u00e9par\u00e9ment. Les carreaux sont \u00e9galement disponibles en cinq teintes interchangeables et avec des motifs en relief.<\/p>\n\n\n\n<p>Con\u00e7u par Terri Pecora, n\u00e9e aux \u00c9tats-Unis et bas\u00e9e \u00e0 <strong>Milan<\/strong>, Plural explore l&rsquo;h\u00e9ritage des espaces et des rituels de bain collectifs. Il comprend des meubles d&rsquo;inspiration du milieu du si\u00e8cle, des lavabos et un WC dans une gamme de tons neutres. Trois nouveaux coloris ont r\u00e9cemment \u00e9t\u00e9 ajout\u00e9s \u00e0 Plural, \u00e0 savoir Beige argile mat, Vert mousse mat et Terra Rossa mat.<\/p>\n\n\n\n<p><strong>Equal<\/strong> de Claudio Bellini, visionnaire du design italien, imagine la salle de bains \u00e0 travers la lentille d&rsquo;un architecte. La gamme prim\u00e9e offre des designs bruts et industriels inspir\u00e9s par des contextes minimaux et des environnements urbains. Outre les sanitaires, disponibles en blanc ou en gris pierre, les meubles sont d\u00e9sormais \u00e9galement disponibles en ch\u00eane noir ou en b\u00e9ton, apportant ainsi une d\u00e9finition contrast\u00e9e \u00e0 la salle de bains.<\/p>\n\n\n\n<p>Outre ses lignes embl\u00e9matiques, VitrA pr\u00e9sentera sur son stand une gamme d&rsquo;articles en laiton, de r\u00e9servoirs de chasse d&rsquo;eau encastr\u00e9s, de toilettes avec douche et de technologie sans contact. Il y aura \u00e9galement une \u00ab zone d&rsquo;exp\u00e9rience VitrA \u00bb avec un coin salon pour les visiteurs, ainsi qu&rsquo;une s\u00e9lection de produits normalement \u00ab cach\u00e9 \u00bb derri\u00e8re les murs (notamment des r\u00e9servoirs de chasse d&rsquo;eau encastr\u00e9s et des robinets de douche) avec lesquels les visiteurs pourront interagir, et une zone d&rsquo;installation en direct o\u00f9 des d\u00e9monstrations en situation r\u00e9elle seront men\u00e9es par l&rsquo;\u00e9quipe VitrA et le cr\u00e9ateur de contenu ax\u00e9 sur les installateurs, Plumberparts.<\/p>\n\n\n\n<p>Enfin, VitrA pr\u00e9sentera son dernier programme de d\u00e9veloppement durable lors du salon, notamment dans trois domaines sp\u00e9cifiques :<\/p>\n\n\n\n<ul><li>\u2022 Les personnes &#8211; Responsabiliser ses employ\u00e9s et favoriser une culture de l&rsquo;innovation et de l&rsquo;excellence<\/li><li>\u2022 Les produits &#8211; Concevoir pour promouvoir l&rsquo;hygi\u00e8ne et le bien-\u00eatre pour tous<\/li><li>\u2022 La production &#8211; Utilisation de technologies avanc\u00e9es pour maximiser la circularit\u00e9, recycler les mat\u00e9riaux, utiliser des \u00e9nergies renouvelables et r\u00e9duire les \u00e9missions<\/li><\/ul>\n\n\n\n<p>Des informations d\u00e9taill\u00e9es seront disponibles sur le stand de VitrA, dont l&rsquo;\u00e9quipe d&rsquo;experts sera \u00e0 la disposition des visiteurs pour r\u00e9pondre \u00e0 leurs questions.<\/p>\n\n\n\n<p>VitrA se trouve aux stands C47 et C49 (Hall 3.1), \u00e0 Francfort-sur-le-Main, du 13 au 17 mars 2023. <\/p>\n\n\n\n<p><strong>\u00c0 propos de VitrA<\/strong><\/p>\n\n\n\n<p>VitrA fait partie du groupe Eczac\u0131ba\u015f\u0131, l&rsquo;un des groupes industriels les plus importants de Turquie. Fond\u00e9e en 1958, VitrA est un fabricant de salles de bains de premier plan qui, ces derni\u00e8res ann\u00e9es, s&rsquo;est d\u00e9velopp\u00e9 sur les march\u00e9s internationaux. Plus de 70 % de la production totale de VitrA est aujourd&rsquo;hui vendue hors de la Turquie. \u00c0 partir de 13 sites de production en Turquie, en Allemagne, en France et en Russie, VitrA produit une gamme compl\u00e8te de produits de salle de bains, dont plus de 5,6 millions d&rsquo;articles sanitaires par an, ainsi que des gammes compl\u00e9mentaires de meubles de salle de bains, d&rsquo;articles en laiton et d&rsquo;accessoires, qui sont distribu\u00e9s dans plus de 75 pays sur les cinq continents. VitrA UK, bas\u00e9e dans l&rsquo;Oxfordshire, fournit le march\u00e9 britannique des salles de bains depuis plus de 30 ans et est un membre actif de l&rsquo;Association des fabricants de salles de bains (BMA) et de l&rsquo;Institut  britannique de l&rsquo;installation de cuisines, de chambres et de salles de bains (BiKBBI). Au printemps 2021, VitrA a ouvert un showroom phare \u00e0 Clerkenwell, Londres &#8211; un centre cr\u00e9atif pour les architectes, les designers et les penseurs avec des zones d\u00e9di\u00e9es \u00e0 la sp\u00e9cification des produits, aux \u00e9v\u00e9nements et aux ateliers.<\/p>\n\n\n\n<p><strong>A propos de VitrA France<\/strong><\/p>\n\n\n\n<p>VitrA France, 1\u00e8re filiale europ\u00e9enne de la division salle de bains du groupe Eczac\u0131ba\u015f\u0131.<\/p>\n\n\n\n<p>Depuis 2017, VitrA France &#8211; ensemblier de la salle de bains &#8211; connait une forte progression qui l\u2019a amen\u00e9e \u00e0 prendre la position de 1\u00e8re filiale europ\u00e9enne (de la division salle de bains) du groupe Eczac\u0131ba\u015f\u0131.<\/p>\n\n\n\n<p>Cette place tient d\u2019une part \u00e0 la <strong>grande proximit\u00e9 relationnelle entretenue depuis pr\u00e8s de 15 ans avec l\u2019ensemble de la distribution professionnelle nationale, les architectes et Bureaux d\u2019\u00c9tudes, les promoteurs et autres acteurs de la fili\u00e8re <\/strong>mais aussi, \u00e0 l\u2019implication de l\u2019industriel Turc qui op\u00e8re une <strong>adaptabilit\u00e9 permanente de son offre produits \u00e0 ses march\u00e9s \u00e0 l\u2019exportation.<\/strong><\/p>\n\n\n\n<p><strong>L\u2019extension des sites de production et les investissements affect\u00e9s \u00e0 la sophistication de l\u2019outil de fabrication <\/strong>favorisent aussi cet<strong> attrait pour les collections toujours novatrices VitrA.<\/strong><\/p>\n\n\n\n<p>L\u2019\u00e9coute, les \u00e9changes et les <strong>synergies avec et entre les diff\u00e9rentes filiales contribuent \u00e0 cette progression<\/strong> de la marque sur ses diff\u00e9rents territoires de diffusion.<\/p>\n\n\n\n<p>Aujourd\u2019hui, <strong>VitrA France compte parmi les ensembliers reconnus de la salle de bains<\/strong> et b\u00e9n\u00e9ficie d\u2019une<strong> image positive valoris\u00e9e par des solutions de salles de bains compl\u00e8tes et harmonieuses.<\/strong><\/p>\n","protected":false},"excerpt":{"rendered":"<p>13 &#8211; 17 mars 2023, Francfort-sur-le-Main, Hall 3.1 C47 et C4 VitrA fera son retour physique au salon de la salle de bains ISH, qui se tiendra \u00e0 Francfort-sur-le-Main du 13 au 17 mars, apr\u00e8s sa derni\u00e8re pr\u00e9sentation num\u00e9rique en 2021. Sur les stands C47 et C49 (Hall 3.1), la marque mondiale de salles de [&hellip;]<\/p>\n","protected":false},"author":41,"featured_media":27408,"comment_status":"open","ping_status":"open","sticky":false,"template":"","format":"standard","meta":{"spay_email":""},"categories":[5,2282,1171,499,116,803],"tags":[],"jetpack_featured_media_url":"https:\/\/i0.wp.com\/batimedianews.com\/live\/wp-content\/uploads\/2023\/03\/Vitra-Article.jpg?fit=1920%2C1080","jetpack_sharing_enabled":true,"jetpack_likes_enabled":true,"jetpack-related-posts":[{"id":26923,"url":"http:\/\/batimedianews.com\/live\/index.php\/2023\/03\/21\/groupe-intuis-present-aux-cotes-du-groupe-glen-dimplex-au-salon-ish-a-francfort\/","url_meta":{"origin":27404,"position":0},"title":"Groupe Intuis pr\u00e9sent aux c\u00f4t\u00e9s du Groupe Glen Dimplex au salon ISH \u00e0 Francfort","date":"21 mars 2023","format":false,"excerpt":"N\u00e9 il y a plus de\u00a070 ans, le groupe Intuis s'est construit en cr\u00e9ant et en int\u00e9grant de grandes marques sp\u00e9cialistes du confort thermique multi-\u00e9nergies.\u00a0Filiale du Groupe Glen Dimplex, Intuis est un groupe industriel implant\u00e9 en France dont la plupart des produits sont certifi\u00e9s\u00a0Origine France Garantie. Pour sa premi\u00e8re participation\u2026","rel":"","context":"Dans &quot;Actualit\u00e9 Entreprises&quot;","img":{"alt_text":"","src":"https:\/\/i2.wp.com\/batimedianews.com\/live\/wp-content\/uploads\/2023\/03\/Intuis-Article.jpg?fit=1080%2C1080&resize=350%2C200","width":350,"height":200},"classes":[]},{"id":118,"url":"http:\/\/batimedianews.com\/live\/index.php\/2018\/09\/25\/vitra-presentera-lors-du-salon-artibat-3-concepts-de-produits-beneficiant-datouts-majeurs-pour-les-installateurs\/","url_meta":{"origin":27404,"position":1},"title":"VitrA pr\u00e9sentera lors du salon ARTIBAT 3 concepts de produits b\u00e9n\u00e9ficiant d\u2019atouts majeurs pour les  installateurs.","date":"25 septembre 2018","format":false,"excerpt":"La collection de salle de bains INTEGRA et ses atouts Fort potentiel de dimensionnement 4 finitions de fa\u00e7ade au m\u00eame tarif = facilit\u00e9 de chiffrage Budget tr\u00e8s \u00e9tudi\u00e9 Ex 1\u00a0:\u00a0salle de bains compacte \/ petit budget\u00a0meuble 60 cm (2 tiroirs) + Plan c\u00e9ramique + miroir + robinetterie = 700 \u20ac\u2026","rel":"","context":"Dans &quot;Artibat 2018&quot;","img":{"alt_text":"","src":"https:\/\/i2.wp.com\/batimedianews.com\/live\/wp-content\/uploads\/2018\/09\/vitra-v-care.jpg?resize=350%2C200","width":350,"height":200},"classes":[]},{"id":26865,"url":"http:\/\/batimedianews.com\/live\/index.php\/2023\/03\/11\/le-salon-ish-2023-a-francfort-doit-confirmer-lenorme-developpement-des-pompes-a-chaleur\/","url_meta":{"origin":27404,"position":2},"title":"Le salon ISH 2023 \u00e0 Francfort doit confirmer l\u2019\u00e9norme d\u00e9veloppement des pompes \u00e0 chaleur","date":"11 mars 2023","format":false,"excerpt":"La derni\u00e8re \u00e9dition d\u2019ISH date de 2019. Depuis, sous l\u2019influence de la guerre en Ukraine, du changement climatique et de l\u2019\u00e9volution r\u00e8glementaire, le monde du chauffage a chang\u00e9. Pascal Poggi ISH 2023 sera l\u2019occasion de comprendre comment les industriels europ\u00e9ens ont r\u00e9agi au changement de paradigme \u00e9nerg\u00e9tique depuis l\u2019invasion de\u2026","rel":"","context":"Dans &quot;Articles et analyses&quot;","img":{"alt_text":"","src":"https:\/\/i1.wp.com\/batimedianews.com\/live\/wp-content\/uploads\/2023\/03\/ish-prearticle-1.jpeg?fit=1200%2C1200&resize=350%2C200","width":350,"height":200},"classes":[]},{"id":7959,"url":"http:\/\/batimedianews.com\/live\/index.php\/2021\/02\/03\/univers-salle-de-bains-vitra-recompense-par-le-good-design-award-pour-ses-collections-voyage-et-sento-kids\/","url_meta":{"origin":27404,"position":3},"title":"Univers salle de bains #VitrA r\u00e9compens\u00e9 par le Good Design award pour ses collections Voyage et SENTO Kids","date":"3 f\u00e9vrier 2021","format":false,"excerpt":"Voyage\u00a0(diffusion France janvier 2021)\u00a0et Sento Kids\u00a0(diffusion 2020), ces 2 collections ont re\u00e7u le\u00a0Good Design\u00a0award dans la\u00a0cat\u00e9gorie Bain et accessoires.\u00a0 Voyage\u00a0est la collection de salle de bains \u00e9labor\u00e9e en collaboration avec le\u00a0cr\u00e9ateur et designer industriel Arik LEVY, cette ligne compte plus de 130 \u00e9l\u00e9ments diff\u00e9rents, la plus \u00e9tendue sign\u00e9e VitrA. Sento\u2026","rel":"","context":"Dans &quot;Actualit\u00e9 Entreprises&quot;","img":{"alt_text":"","src":"https:\/\/i2.wp.com\/batimedianews.com\/live\/wp-content\/uploads\/2021\/01\/image-178.png?fit=940%2C548&resize=350%2C200","width":350,"height":200},"classes":[]},{"id":47099,"url":"http:\/\/batimedianews.com\/live\/index.php\/2025\/09\/30\/vitra-artibat-2025-hall-2-stand-f15\/","url_meta":{"origin":27404,"position":4},"title":"VitrA @ARTIBAT 2025 Hall 2 stand F15","date":"30 septembre 2025","format":false,"excerpt":"V-Care 3 (Max) WC lavant VitrA Flush 3.0 Syst\u00e8me Vortex\u00a0 WC suspendu sans bride\u00a0 C\u00e9ramique trait\u00e9e anti-calcaire VitrA Clean - Fixation cach\u00e9e & charni\u00e8res en acier inoxydable - Abattant fermeture douce - Duroplast - Chasse tourbillon 3\/6 litres \u2013\u00a0Filtre anti-odeur \u2013 H 380 x P 600 x L 450 mm\u00a0\u2026","rel":"","context":"Dans &quot;Actualit\u00e9 Entreprises&quot;","img":{"alt_text":"","src":"https:\/\/i0.wp.com\/batimedianews.com\/live\/wp-content\/uploads\/2025\/09\/VitrA.jpg?fit=825%2C825&resize=350%2C200","width":350,"height":200},"classes":[]},{"id":27175,"url":"http:\/\/batimedianews.com\/live\/index.php\/2023\/03\/21\/a-ish-2023-les-grandes-marques-du-sanitaire-evoluent-vers-une-offre-complete\/","url_meta":{"origin":27404,"position":5},"title":"A ISH 2023, les grandes marques du sanitaire \u00e9voluent vers une offre compl\u00e8te","date":"21 mars 2023","format":false,"excerpt":"Delabie, Villeroy & Boch, Toto ou Hansgrohe s\u2019aventurent hors de leurs sp\u00e9cialit\u00e9s pour proposer des \u00e9quipements complets de salles de bains. Il reste cependant bon nombre de sp\u00e9cialistes, notamment en robinetterie, qui continuent d\u2019approfondir leur domaine de pr\u00e9dilection. Pascal Poggi pour Batim\u00e9dia A ISH 2023, Villeroy & Boch a d\u00e9voil\u00e9\u2026","rel":"","context":"Dans &quot;Actualit\u00e9 Entreprises&quot;","img":{"alt_text":"","src":"https:\/\/i0.wp.com\/batimedianews.com\/live\/wp-content\/uploads\/2023\/03\/ISH5_image.jpeg?fit=1200%2C1200&resize=350%2C200","width":350,"height":200},"classes":[]}],"_links":{"self":[{"href":"http:\/\/batimedianews.com\/live\/index.php\/wp-json\/wp\/v2\/posts\/27404"}],"collection":[{"href":"http:\/\/batimedianews.com\/live\/index.php\/wp-json\/wp\/v2\/posts"}],"about":[{"href":"http:\/\/batimedianews.com\/live\/index.php\/wp-json\/wp\/v2\/types\/post"}],"author":[{"embeddable":true,"href":"http:\/\/batimedianews.com\/live\/index.php\/wp-json\/wp\/v2\/users\/41"}],"replies":[{"embeddable":true,"href":"http:\/\/batimedianews.com\/live\/index.php\/wp-json\/wp\/v2\/comments?post=27404"}],"version-history":[{"count":3,"href":"http:\/\/batimedianews.com\/live\/index.php\/wp-json\/wp\/v2\/posts\/27404\/revisions"}],"predecessor-version":[{"id":27446,"href":"http:\/\/batimedianews.com\/live\/index.php\/wp-json\/wp\/v2\/posts\/27404\/revisions\/27446"}],"wp:featuredmedia":[{"embeddable":true,"href":"http:\/\/batimedianews.com\/live\/index.php\/wp-json\/wp\/v2\/media\/27408"}],"wp:attachment":[{"href":"http:\/\/batimedianews.com\/live\/index.php\/wp-json\/wp\/v2\/media?parent=27404"}],"wp:term":[{"taxonomy":"category","embeddable":true,"href":"http:\/\/batimedianews.com\/live\/index.php\/wp-json\/wp\/v2\/categories?post=27404"},{"taxonomy":"post_tag","embeddable":true,"href":"http:\/\/batimedianews.com\/live\/index.php\/wp-json\/wp\/v2\/tags?post=27404"}],"curies":[{"name":"wp","href":"https:\/\/api.w.org\/{rel}","templated":true}]}}