{"id":27641,"date":"2023-04-13T10:46:50","date_gmt":"2023-04-13T08:46:50","guid":{"rendered":"http:\/\/batimedianews.com\/live\/?p=27641"},"modified":"2023-09-06T19:10:03","modified_gmt":"2023-09-06T17:10:03","slug":"2022-annee-record-pour-le-recyclage-des-dechets-de-platre-plus-dun-million-de-tonnes-cumulees-depuis-2008","status":"publish","type":"post","link":"http:\/\/batimedianews.com\/live\/index.php\/2023\/04\/13\/2022-annee-record-pour-le-recyclage-des-dechets-de-platre-plus-dun-million-de-tonnes-cumulees-depuis-2008\/","title":{"rendered":"2022, ann\u00e9e record pour le recyclage des d\u00e9chets de pl\u00e2tre : Plus d&rsquo;un million de tonnes cumul\u00e9es depuis 2008 !"},"content":{"rendered":"\n<p><strong>164 500 tonnes <\/strong>de d\u00e9chets de pl\u00e2tre externes <strong>recycl\u00e9s en 2022 <\/strong>dans la fabrica3on de plaques de pl\u00e2tre, soit une <strong>progression de 29% par rapport \u00e0 2021<\/strong>, malgr\u00e9 la conjoncture \u00e9conomique difficile. Jean-Michel Guihaum\u00e9, D\u00e9l\u00e9gu\u00e9 G\u00e9n\u00e9ral du Syndicat Na3onal des Industries du Pl\u00e2tre, se r\u00e9jouit que cet excellent r\u00e9sultat permeGe de passer un seuil embl\u00e9ma3que avec <strong>1 102 700 tonnes recycl\u00e9es depuis 2008<\/strong>, ann\u00e9e de la signature de la charte de ges3on des d\u00e9chets de pl\u00e2tre.&nbsp;<\/p>\n\n\n\n<p>Les industriels du pl\u00e2tre ont encore accentu\u00e9 leurs efforts en mul3pliant et en diversifiant leurs ac3ons. En voici quelques exemples : <\/p>\n\n\n\n<ul><li>\u2022 En an3cipa3on de la REP PMCB, <strong>Placo\u00ae <\/strong>a con3nu\u00e9 \u00e0 d\u00e9velopper son r\u00e9seau de collecteurs au niveau na3onal. Sur la r\u00e9gion Ile de France, cela a permis d\u2019accompagner le d\u00e9marrage du nouvel atelier de transforma3on de pl\u00e2tre issu du BTP, Pari Pl\u00e2tre, lanc\u00e9 en septembre 2021. Ainsi pour sa premi\u00e8re ann\u00e9e de fonc3onnement, l\u2019objec3f des tonnes trait\u00e9es et achemin\u00e9es sur le site Placo\u00ae de Vaujours a \u00e9t\u00e9 d\u00e9pass\u00e9 ! Placo\u00ae a \u00e9galement travaill\u00e9 sur l&rsquo;augmenta3on du contenu en gypse recycl\u00e9 au sein de ses 3 cha\u00eenes plaques en am\u00e9liorant la ma\u00eetrise du processus d&rsquo;incorpora3on. A 3tre d&rsquo;exemple, la plaque Placo\u00ae Infini 13, contenant plus de 50% de pl\u00e2tre recycl\u00e9 provenant des chan3ers du BTP, a \u00e9t\u00e9 d\u00e9velopp\u00e9e en 2022 et sera commercialis\u00e9e courant 2023. <\/li><li>\u2022 <strong>Knauf <\/strong>propose des plaques de pl\u00e2tre acous3ques pour plafonds d\u00e9montables avec 30% de recycl\u00e9. Par ailleurs, sa nouvelle usine de Fos-sur-Mer sera dot\u00e9e de toutes les technologies du groupe Knauf en termes d\u2019\u00e9quipements permeGant l\u2019int\u00e9gra3on de pl\u00e2tre recycl\u00e9 \u00e0 hauteur minimale de 30% dans la plaque de pl\u00e2tre. Enfin, 100% des d\u00e9chets de pl\u00e2tre issus de son centre R&amp;D et de l\u2019ac3vit\u00e9 pl\u00e2tre du site d\u2019Ungersheim (produits semi-finis et d\u2019ac3vit\u00e9 de n\u00e9goce) sont revaloris\u00e9s dans le cadre d\u2019un contrat avec la soci\u00e9t\u00e9 Ritleng Revalorisa3ons. \u2022 Au-del\u00e0 de la croissance du recyclage sur l&rsquo;ensemble de ses usines, en partenariat historique avec Ritleng Revalorisa3ons, Recygypse et 150 collecteurs, <strong>Etex France Building Performance <\/strong>s&rsquo;est par3culi\u00e8rement concentr\u00e9 sur la forma3on et la sensibilisa3on. Plus de 150 personnes ont \u00e9t\u00e9 form\u00e9es via le P\u00f4le Recyclage ou le Service Forma3on SINIAT. L\u2019ensemble des collaborateurs du Commerce et Marke3ng ont \u00e9t\u00e9 form\u00e9s \u00e0 la REP PMCB et aux enjeux associ\u00e9s de ges3on des d\u00e9chets. Engag\u00e9s sur plusieurs colloques et conf\u00e9rence, Etex France Building Performance a propos\u00e9 un nouveau mod\u00e8le de stand 100% recyclable \u00e0 Ba3mat, notamment en plaques de pl\u00e2tre.&nbsp;<\/li><\/ul>\n\n\n\n<p>Au-del\u00e0 du recyclage des produits finis, il est \u00e0 noter que, d\u00e8s la concep3on, le carton des plaques de pl\u00e2tre est toujours \u00e0 100% issu de mat\u00e9riaux recycl\u00e9s. <\/p>\n\n\n\n<p>Le travail accompli au sein du SNIP depuis 2008 a permis d\u2019an3ciper les enjeux de la REP PMCB concernant les d\u00e9chets \u00e0 base de pl\u00e2tre. CeGe REP entre dans sa phase op\u00e9ra3onnelle ; les membres du SNIP et ses permanents l\u2019accompagneront d\u00e8s le premier jour du d\u00e9marrage, le 1er mai prochain. Les modalit\u00e9s qui permeGront le recyclage des d\u00e9chets de pl\u00e2tre vont se pr\u00e9ciser. Esp\u00e9rons qu&rsquo;elles permeGront la poursuite de ceGe belle dynamique !&nbsp;<\/p>\n\n\n\n<p><strong><em>A propos du Syndicat Na1onal des Industries du Pl\u00e2tre <\/em><\/strong><\/p>\n\n\n\n<p>Le Syndicat Na3onal des Industries du Pl\u00e2tre est le syndicat professionnel, cr\u00e9\u00e9 en 1966, pour repr\u00e9senter la fili\u00e8re pl\u00e2tre fran\u00e7aise. Il r\u00e9unit les industriels produisant et commercialisant en France ce mat\u00e9riau et ses produits d\u00e9riv\u00e9s : Ateliers Sedap, Etex BPF, Fassa Bortolo, Gypex, Isolava, Knauf, Placoplatre, Pladur, Pl\u00e2tres Vieujot, Semin.&nbsp;<\/p>\n","protected":false},"excerpt":{"rendered":"<p>164 500 tonnes de d\u00e9chets de pl\u00e2tre externes recycl\u00e9s en 2022 dans la fabrica3on de plaques de pl\u00e2tre, soit une progression de 29% par rapport \u00e0 2021, malgr\u00e9 la conjoncture \u00e9conomique difficile. Jean-Michel Guihaum\u00e9, D\u00e9l\u00e9gu\u00e9 G\u00e9n\u00e9ral du Syndicat Na3onal des Industries du Pl\u00e2tre, se r\u00e9jouit que cet excellent r\u00e9sultat permeGe de passer un seuil embl\u00e9ma3que [&hellip;]<\/p>\n","protected":false},"author":41,"featured_media":27792,"comment_status":"open","ping_status":"open","sticky":false,"template":"","format":"standard","meta":{"spay_email":""},"categories":[4,50,98,109],"tags":[],"jetpack_featured_media_url":"https:\/\/i0.wp.com\/batimedianews.com\/live\/wp-content\/uploads\/2023\/04\/snip-image-.jpeg?fit=1200%2C1200","jetpack_sharing_enabled":true,"jetpack_likes_enabled":true,"jetpack-related-posts":[{"id":1479,"url":"http:\/\/batimedianews.com\/live\/index.php\/2019\/07\/29\/marquage-des-plaques-de-platre-placo-recycling-au-service-des-artisans\/","url_meta":{"origin":27641,"position":0},"title":"MARQUAGE DES PLAQUES DE PL\u00c2TRE : PLACO\u00ae RECYCLING AU SERVICE DES ARTISANS","date":"29 juillet 2019","format":false,"excerpt":"Depuis de nombreuses ann\u00e9es, les plaques de pl\u00e2tre\u00a0PLACO\u00ae int\u00e8grent, lors de leur\u00a0 fabrication, de la mati\u00e8re\u00a0recycl\u00e9e, tout en pr\u00e9servant leurs performances. Dans la lign\u00e9e de ses engagements pionniers en\u00a0mati\u00e8re d\u2019\u00e9conomie circulaire, PLACO\u00ae appose, depuis\u00a0f\u00e9vrier 2019, la mention \u00ab Recycl\u00e9e et recyclable avec\u00a0PLACO\u00ae RECYCLING \u00bb sur 80 % de sa production\u2026","rel":"","context":"Dans &quot;Actualit\u00e9 Entreprises&quot;","img":{"alt_text":"","src":"https:\/\/i1.wp.com\/batimedianews.com\/live\/wp-content\/uploads\/2019\/08\/placo.jpg?fit=699%2C525&resize=350%2C200","width":350,"height":200},"classes":[]},{"id":16668,"url":"http:\/\/batimedianews.com\/live\/index.php\/2022\/03\/02\/le-recyclage-des-dechets-de-platre-reprend-nettement-son-ascension\/","url_meta":{"origin":27641,"position":1},"title":"Le recyclage des d\u00e9chets de pl\u00e2tre reprend nettement son ascension !","date":"2 mars 2022","format":false,"excerpt":"127 300 tonnes de d\u00e9chets de pl\u00e2tre externes recycl\u00e9s en 2021 dans la fabrication de plaques de pl\u00e2tre, soit une progression de 37% par rapport \u00e0 2020 et 19% par rapport \u00e0 2019.\u00a0 Les industriels du pl\u00e2tre poursuivent sans rel\u00e2che la formation et la sensibilisation des professionnels. Ainsi, par exemple,\u2026","rel":"","context":"Dans &quot;Isolation&quot;","img":{"alt_text":"","src":"https:\/\/i1.wp.com\/batimedianews.com\/live\/wp-content\/uploads\/2022\/02\/snip-Article.jpg?fit=512%2C512&resize=350%2C200","width":350,"height":200},"classes":[]},{"id":29611,"url":"http:\/\/batimedianews.com\/live\/index.php\/2023\/06\/27\/accompagner-les-futurs-plaquistes-et-prescripteurs-pour-relever-les-defis-de-demain\/","url_meta":{"origin":27641,"position":2},"title":"Accompagner les futurs plaquistes et prescripteurs pour relever les d\u00e9fis de demain","date":"27 juin 2023","format":false,"excerpt":"Siniat accompagne les prochaines g\u00e9n\u00e9rations de professionnels du pl\u00e2tre.\u00a0 En tant que leader technique durable et responsable de la plaque de pl\u00e2tre en France, Siniat s\u2019est donn\u00e9 pour mission de tout mettre en oeuvre pour soutenir et accompagner les nouvelles g\u00e9n\u00e9rations dans l\u2019apprentissage de leur prochain m\u00e9tier.\u00a0 Former les jeunes,\u2026","rel":"","context":"Dans &quot;Actualit\u00e9 Entreprises&quot;","img":{"alt_text":"","src":"https:\/\/i0.wp.com\/batimedianews.com\/live\/wp-content\/uploads\/2023\/06\/Siniat-Article.jpg?fit=1080%2C1080&resize=350%2C200","width":350,"height":200},"classes":[]},{"id":23765,"url":"http:\/\/batimedianews.com\/live\/index.php\/2022\/09\/29\/le-stand-siniat-sera-entierement-concu-en-plaque-de-platre-et-recycle-a-la-fin-du-salon\/","url_meta":{"origin":27641,"position":3},"title":"Le stand SINIAT sera enti\u00e8rement con\u00e7u en plaque de pl\u00e2tre et recycl\u00e9\u2002\u00e0 la fin du salon !","date":"29 septembre 2022","format":false,"excerpt":"Le leader technique de la plaque de pl\u00e2tre s\u2019engage \u00e0 r\u00e9utiliser et \u00e0 recycler 100% des \u00e9l\u00e9ments en plaque de pl\u00e2tre de son stand Batimat. De la conception \u00e0 la d\u00e9construction, tout a \u00e9t\u00e9 pens\u00e9 dans les moindres d\u00e9tails pour un impact environnemental le plus faible possible. Une prouesse en\u2026","rel":"","context":"Dans &quot;Actualit\u00e9 Entreprises&quot;","img":{"alt_text":"","src":"https:\/\/i0.wp.com\/batimedianews.com\/live\/wp-content\/uploads\/2022\/09\/Siniat-Article-1.jpg?fit=1080%2C1080&resize=350%2C200","width":350,"height":200},"classes":[]},{"id":12469,"url":"http:\/\/batimedianews.com\/live\/index.php\/2021\/10\/06\/placo-sengage-dans-la-transformation-environnementale-du-batiment-presentation-dune-feuille-de-route-ambitieuse\/","url_meta":{"origin":27641,"position":4},"title":"PLACO\u00ae S\u2019ENGAGE DANS LA TRANSFORMATION ENVIRONNEMENTALE DU B\u00c2TIMENT : PR\u00c9SENTATION D\u2019UNE FEUILLE DE ROUTE AMBITIEUSE","date":"6 octobre 2021","format":false,"excerpt":"Cr\u00e9dit photo Satarek \u00c0 propos de PLACO\u00ae\u00a0 Placo\u00ae est le leader fran\u00e7ais du confort int\u00e9rieur, engag\u00e9 dans le d\u00e9veloppement de solutions r\u00e9pondant aux enjeux de l\u2019habitat durable. Depuis sa cr\u00e9ation en 1946, l\u2019entreprise s\u2019affirme comme le partenaire de r\u00e9f\u00e9rence des acteurs du b\u00e2timent, gr\u00e2ce \u00e0 la qualit\u00e9 de ses produits\u2026","rel":"","context":"Dans &quot;Actualit\u00e9 Entreprises&quot;","img":{"alt_text":"","src":"https:\/\/i1.wp.com\/batimedianews.com\/live\/wp-content\/uploads\/2021\/10\/Placo-Article.jpg?fit=512%2C512&resize=350%2C200","width":350,"height":200},"classes":[]},{"id":49756,"url":"http:\/\/batimedianews.com\/live\/index.php\/2026\/03\/23\/knauf-et-ritleng-creent-une-coentreprise-dediee-au-recyclage-du-platre-en-france\/","url_meta":{"origin":27641,"position":5},"title":"Knauf et Ritleng cr\u00e9ent une coentreprise d\u00e9di\u00e9e au recyclage du pl\u00e2tre en France","date":"23 mars 2026","format":false,"excerpt":"Knauf, fabricant international de mat\u00e9riaux de construction bas\u00e9 \u00e0 Iphofen, en Allemagne, annonce la cr\u00e9ation d\u2019une coentreprise d\u00e9di\u00e9e au recyclage du pl\u00e2tre en France, en partenariat avec Ritleng Revalorisations et HL D\u00e9veloppement. Cette coop\u00e9ration garantit un acc\u00e8s \u00e0 long terme \u00e0 du pl\u00e2tre recycl\u00e9 de haute qualit\u00e9 et contribue au\u2026","rel":"","context":"Dans &quot;Actualit\u00e9 Entreprises&quot;","img":{"alt_text":"","src":"https:\/\/i2.wp.com\/batimedianews.com\/live\/wp-content\/uploads\/2026\/03\/Knauf-1.jpg?fit=825%2C825&resize=350%2C200","width":350,"height":200},"classes":[]}],"_links":{"self":[{"href":"http:\/\/batimedianews.com\/live\/index.php\/wp-json\/wp\/v2\/posts\/27641"}],"collection":[{"href":"http:\/\/batimedianews.com\/live\/index.php\/wp-json\/wp\/v2\/posts"}],"about":[{"href":"http:\/\/batimedianews.com\/live\/index.php\/wp-json\/wp\/v2\/types\/post"}],"author":[{"embeddable":true,"href":"http:\/\/batimedianews.com\/live\/index.php\/wp-json\/wp\/v2\/users\/41"}],"replies":[{"embeddable":true,"href":"http:\/\/batimedianews.com\/live\/index.php\/wp-json\/wp\/v2\/comments?post=27641"}],"version-history":[{"count":2,"href":"http:\/\/batimedianews.com\/live\/index.php\/wp-json\/wp\/v2\/posts\/27641\/revisions"}],"predecessor-version":[{"id":27778,"href":"http:\/\/batimedianews.com\/live\/index.php\/wp-json\/wp\/v2\/posts\/27641\/revisions\/27778"}],"wp:featuredmedia":[{"embeddable":true,"href":"http:\/\/batimedianews.com\/live\/index.php\/wp-json\/wp\/v2\/media\/27792"}],"wp:attachment":[{"href":"http:\/\/batimedianews.com\/live\/index.php\/wp-json\/wp\/v2\/media?parent=27641"}],"wp:term":[{"taxonomy":"category","embeddable":true,"href":"http:\/\/batimedianews.com\/live\/index.php\/wp-json\/wp\/v2\/categories?post=27641"},{"taxonomy":"post_tag","embeddable":true,"href":"http:\/\/batimedianews.com\/live\/index.php\/wp-json\/wp\/v2\/tags?post=27641"}],"curies":[{"name":"wp","href":"https:\/\/api.w.org\/{rel}","templated":true}]}}