{"id":2801,"date":"2019-09-23T17:31:16","date_gmt":"2019-09-23T15:31:16","guid":{"rendered":"http:\/\/batimedianews.com\/live\/?p=2801"},"modified":"2021-10-20T12:55:22","modified_gmt":"2021-10-20T10:55:22","slug":"mondial-du-batiment-2019-bois-flotte-de-panaget","status":"publish","type":"post","link":"http:\/\/batimedianews.com\/live\/index.php\/2019\/09\/23\/mondial-du-batiment-2019-bois-flotte-de-panaget\/","title":{"rendered":"MONDIAL DU BATIMENT 2019 : Bois flott\u00e9 de PANAGET,"},"content":{"rendered":"\n<h2>un vernis extra-mat qui r\u00e9v\u00e8le la beaut\u00e9 du ch\u00eane au naturel d\u00e9clin\u00e9 en grands formats ! <\/h2>\n\n\n\n<p style=\"text-align:justify\">Parmi sa collection de parquets en ch\u00eane de France, Panaget nous fait d\u00e9couvrir sa  cr\u00e9ation, la finition Bois flott\u00e9, best-seller du sol en bois pour la maison. Lav\u00e9,  sal\u00e9, chahut\u00e9, le bois flott\u00e9 poss\u00e8de cette couleur si singuli\u00e8re qui va ravir les  inconditionnels du bois brut au naturel. Fort de son succ\u00e8s, Panaget le propose dans  plusieurs largeurs y compris en grands formats 184 et 223 !<\/p>\n\n\n\n<h2>Finition vernis bois flott\u00e9 :  la mati\u00e8re seule en compl\u00e8te  transparence<\/h2>\n\n\n\n<p style=\"text-align:justify\">La finition Bois flott\u00e9 rappelle la  couleur du bois d\u00e9pos\u00e9 par la laisse de  mer sur les plages bretonnes. Utilis\u00e9 en  d\u00e9co pour valoriser l\u2019aspect  naturel de  la mati\u00e8re noble, Bois flott\u00e9 \u00e9voque la  rencontre de la nature avec l\u2019activit\u00e9  humaine.<br> Le parquet vernis Bois flott\u00e9  ressemble \u00e0 un sol brut et procure  de vraies sensations de bien-\u00eatre et  de douceur de vivre. Il fait l\u2019\u00e9loge  de la nature dans son aspect le plus  sauvage et le plus incontr\u00f4lable ;  style \u00e9co-tendance, le charme op\u00e8re !<br> Ce vernis, extr\u00eamement r\u00e9sistant,  garantit le minimum d\u2019entretien et  une grande satisfaction \u00e0 l\u2019usage. Des  atouts ind\u00e9niables !<br> Le parquet Bois flott\u00e9 est d\u00e9clin\u00e9, soit  en contrecoll\u00e9 soit en massif, dans un  large choix de formats (double lame et  monolame, largeurs 90 \u2013 139 \u2013 184 et  223 mm) et d\u2019aspects de bois avec plus  ou moins de singularit\u00e9s.<\/p>\n\n\n\n<figure class=\"wp-block-image\"><img loading=\"lazy\" width=\"472\" height=\"746\" src=\"https:\/\/i1.wp.com\/batimedianews.com\/live\/wp-content\/uploads\/2019\/09\/panaget1.jpg?resize=472%2C746\" alt=\"\" class=\"wp-image-2802\" srcset=\"https:\/\/i1.wp.com\/batimedianews.com\/live\/wp-content\/uploads\/2019\/09\/panaget1.jpg?w=472 472w, https:\/\/i1.wp.com\/batimedianews.com\/live\/wp-content\/uploads\/2019\/09\/panaget1.jpg?resize=190%2C300 190w, https:\/\/i1.wp.com\/batimedianews.com\/live\/wp-content\/uploads\/2019\/09\/panaget1.jpg?resize=6%2C10 6w, https:\/\/i1.wp.com\/batimedianews.com\/live\/wp-content\/uploads\/2019\/09\/panaget1.jpg?resize=432%2C683 432w, https:\/\/i1.wp.com\/batimedianews.com\/live\/wp-content\/uploads\/2019\/09\/panaget1.jpg?resize=396%2C626 396w, https:\/\/i1.wp.com\/batimedianews.com\/live\/wp-content\/uploads\/2019\/09\/panaget1.jpg?resize=139%2C220 139w\" sizes=\"(max-width: 600px) 91vw, (max-width: 900px) 600px, (max-width: 1060px) 50vw, (max-width: 1200px) 520px, (max-width: 1400px) 43vw, 600px\" data-recalc-dims=\"1\" \/><\/figure>\n","protected":false},"excerpt":{"rendered":"<p>un vernis extra-mat qui r\u00e9v\u00e8le la beaut\u00e9 du ch\u00eane au naturel d\u00e9clin\u00e9 en grands formats ! Parmi sa collection de parquets en ch\u00eane de France, Panaget nous fait d\u00e9couvrir sa cr\u00e9ation, la finition Bois flott\u00e9, best-seller du sol en bois pour la maison. Lav\u00e9, sal\u00e9, chahut\u00e9, le bois flott\u00e9 poss\u00e8de cette couleur si singuli\u00e8re qui [&hellip;]<\/p>\n","protected":false},"author":1,"featured_media":2803,"comment_status":"open","ping_status":"open","sticky":false,"template":"","format":"standard","meta":{"spay_email":""},"categories":[4,5,140,84,91,96],"tags":[],"jetpack_featured_media_url":"https:\/\/i1.wp.com\/batimedianews.com\/live\/wp-content\/uploads\/2019\/09\/panaget4.jpg?fit=1334%2C851","jetpack_sharing_enabled":true,"jetpack_likes_enabled":true,"jetpack-related-posts":[{"id":346,"url":"http:\/\/batimedianews.com\/live\/index.php\/2018\/10\/18\/origine-et-salvagio-les-parquets-multisensoriels-par-panaget\/","url_meta":{"origin":2801,"position":0},"title":"ORIGINE ET SALVAGIO, LES PARQUETS MULTISENSORIELS PAR PANAGET","date":"18 octobre 2018","format":false,"excerpt":"Le bois de la maison respire, il r\u00e9gule l\u2019ambiance int\u00e9rieure et transmet une sensation\u00a0de tranquillit\u00e9 et de bien-\u00eatre. Ce mat\u00e9riau d\u2019excellence lorsqu\u2019il est transform\u00e9 en\u00a0parquet par Panaget offre des collections exceptionnelles qui contribuent \u00e0 merveille\u00a0\u00e0 la d\u00e9coration de la maison et \u00e0 son confort. Les cr\u00e9ations Origine et Salvagio \u00e9veillent\u2026","rel":"","context":"Dans &quot;Artibat 2018&quot;","img":{"alt_text":"","src":"https:\/\/i2.wp.com\/batimedianews.com\/live\/wp-content\/uploads\/2018\/10\/panaget_image1fin.jpg?fit=1130%2C1130&resize=350%2C200","width":350,"height":200},"classes":[]},{"id":44072,"url":"http:\/\/batimedianews.com\/live\/index.php\/2025\/04\/03\/le-parquet-panaget-dans-la-cuisine-le-bien-etre-au-quotidien\/","url_meta":{"origin":2801,"position":1},"title":"Le parquet PANAGET dans la cuisine, le bien-\u00eatre au quotidien !","date":"3 avril 2025","format":false,"excerpt":"Longtemps r\u00e9serv\u00e9 aux pi\u00e8ces \u00e0 vivre, le parquet est devenu une tendance design dans l\u2019am\u00e9nagement et la d\u00e9coration de la cuisine. Gr\u00e2ce aux avanc\u00e9es des vernis et des protocoles d\u2019application, et fort de son expertise, la Maison Panaget rompt avec les id\u00e9es re\u00e7ues et investit la cuisine, apportant \u00e9l\u00e9gance et\u2026","rel":"","context":"Dans &quot;Actualit\u00e9 Entreprises&quot;","img":{"alt_text":"","src":"https:\/\/i2.wp.com\/batimedianews.com\/live\/wp-content\/uploads\/2025\/04\/PANAGET-articles-.jpg?fit=825%2C825&resize=350%2C200","width":350,"height":200},"classes":[]},{"id":10287,"url":"http:\/\/batimedianews.com\/live\/index.php\/2021\/06\/07\/bamboo-excellence-une-nouvelle-gamme-de-parquets-en-bambou-naturels-et-design\/","url_meta":{"origin":2801,"position":2},"title":"Bamboo Excellence : une nouvelle gamme de parquets en bambou naturels et design","date":"7 juin 2021","format":false,"excerpt":"Paris, France - 1er juin 2021 - MOSO\u00ae International B.V., pionnier des solutions innovatrices en bambou pour l' int\u00e9rieur comme l' ext\u00e9rieur, pr\u00e9sente une nouvelle collection de parquets destin\u00e9s aux espaces int\u00e9rieurs nomm\u00e9e MOSO\u00ae Bamboo Excellence. Fabriqu\u00e9s en Italie, les parquets MOSO\u00ae Bamboo Excellence se caract\u00e9risent par des lames de\u2026","rel":"","context":"Dans &quot;Actualit\u00e9 Entreprises&quot;","img":{"alt_text":"","src":"https:\/\/i2.wp.com\/batimedianews.com\/live\/wp-content\/uploads\/2021\/06\/BambouMoso-Article.jpg?fit=512%2C512&resize=350%2C200","width":350,"height":200},"classes":[]},{"id":18956,"url":"http:\/\/batimedianews.com\/live\/index.php\/2022\/04\/12\/valinge-flooring-presente-les-lames-xxl-extra-larges-brossees-en-chene-select\/","url_meta":{"origin":2801,"position":3},"title":"V\u00c4LINGE FLOORING pr\u00e9sente &#8211; les lames XXL extra-larges bross\u00e9es en Ch\u00eane Select","date":"12 avril 2022","format":false,"excerpt":"La nouvelle finition bross\u00e9e de V\u00e4linge Flooring renforce l\u2019aspect authentique du ch\u00eane en mettant en avant son veinage et sa texture, lui apportant \u00e9galement un toucher in\u00e9galable. Le format XXL Select grande largeur en finition bross\u00e9e est le parfait \u00e9quilibre entre design, tradition et modernit\u00e9. Les finitions bross\u00e9es b\u00e9n\u00e9ficient elles\u2026","rel":"","context":"Dans &quot;Actualit\u00e9 Entreprises&quot;","img":{"alt_text":"","src":"https:\/\/i0.wp.com\/batimedianews.com\/live\/wp-content\/uploads\/2022\/04\/Valing-Article.jpg?fit=1080%2C1080&resize=350%2C200","width":350,"height":200},"classes":[]},{"id":29101,"url":"http:\/\/batimedianews.com\/live\/index.php\/2023\/06\/05\/nouvelle-offre-complete-de-parquets-et-lambris-purehome-la-seule-du-marche-a-eliminer-les-cov-bacteries-et-virus\/","url_meta":{"origin":2801,"position":4},"title":"Nouvelle offre compl\u00e8te de parquets et lambris PUREHOME\u00ae : la seule du march\u00e9 \u00e0 \u00e9liminer les cov , bact\u00e9ries et virus","date":"5 juin 2023","format":false,"excerpt":"\u00a0POUR UN AIR INT\u00c9RIEUR PURIFI\u00c9 DURABLEMENT ET EFFICACEMENT\u00a0 Cr\u00e9dit photos FP BOIS\u00a0 L\u2019entreprise familiale FP BOIS a pris racine \u00e0 Mimizan (40) depuis 1953. 70 ans, c\u00e9l\u00e9br\u00e9s en 2023, et durant lesquels, ses dirigeants de p\u00e8re en fils, se sont attach\u00e9s \u00e0 innover toujours dans le respect de l\u2019environnement. Sa\u2026","rel":"","context":"Dans &quot;Actualit\u00e9 Entreprises&quot;","img":{"alt_text":"","src":"https:\/\/i2.wp.com\/batimedianews.com\/live\/wp-content\/uploads\/2023\/06\/FPBois-Article.jpg?fit=1080%2C1080&resize=350%2C200","width":350,"height":200},"classes":[]},{"id":37890,"url":"http:\/\/batimedianews.com\/live\/index.php\/2024\/06\/05\/bjelin-lance-son-parquet-a-batons-rompus-en-france\/","url_meta":{"origin":2801,"position":5},"title":"Bjelin lance son parquet \u00e0 b\u00e2tons rompus en France","date":"5 juin 2024","format":false,"excerpt":"Bjelin pr\u00e9sente son parquet \u00e0 b\u00e2tons rompus au march\u00e9 fran\u00e7ais \u00e0 l\u2019occasion du Carrefour International du Bois (CIB). Cet \u00e9v\u00e9nement qui se d\u00e9roule du 28 au 30 mai est un salon professionnel de premier plan consacr\u00e9 aux produits du bois. \u00abLe parquet \u00e0 b\u00e2tons rompus est un style de parquet\u2026","rel":"","context":"Dans &quot;Actualit\u00e9 Entreprises&quot;","img":{"alt_text":"","src":"https:\/\/i2.wp.com\/batimedianews.com\/live\/wp-content\/uploads\/2024\/06\/Bjelin.jpg?fit=825%2C825&resize=350%2C200","width":350,"height":200},"classes":[]}],"_links":{"self":[{"href":"http:\/\/batimedianews.com\/live\/index.php\/wp-json\/wp\/v2\/posts\/2801"}],"collection":[{"href":"http:\/\/batimedianews.com\/live\/index.php\/wp-json\/wp\/v2\/posts"}],"about":[{"href":"http:\/\/batimedianews.com\/live\/index.php\/wp-json\/wp\/v2\/types\/post"}],"author":[{"embeddable":true,"href":"http:\/\/batimedianews.com\/live\/index.php\/wp-json\/wp\/v2\/users\/1"}],"replies":[{"embeddable":true,"href":"http:\/\/batimedianews.com\/live\/index.php\/wp-json\/wp\/v2\/comments?post=2801"}],"version-history":[{"count":2,"href":"http:\/\/batimedianews.com\/live\/index.php\/wp-json\/wp\/v2\/posts\/2801\/revisions"}],"predecessor-version":[{"id":2805,"href":"http:\/\/batimedianews.com\/live\/index.php\/wp-json\/wp\/v2\/posts\/2801\/revisions\/2805"}],"wp:featuredmedia":[{"embeddable":true,"href":"http:\/\/batimedianews.com\/live\/index.php\/wp-json\/wp\/v2\/media\/2803"}],"wp:attachment":[{"href":"http:\/\/batimedianews.com\/live\/index.php\/wp-json\/wp\/v2\/media?parent=2801"}],"wp:term":[{"taxonomy":"category","embeddable":true,"href":"http:\/\/batimedianews.com\/live\/index.php\/wp-json\/wp\/v2\/categories?post=2801"},{"taxonomy":"post_tag","embeddable":true,"href":"http:\/\/batimedianews.com\/live\/index.php\/wp-json\/wp\/v2\/tags?post=2801"}],"curies":[{"name":"wp","href":"https:\/\/api.w.org\/{rel}","templated":true}]}}