{"id":28108,"date":"2023-04-22T11:29:48","date_gmt":"2023-04-22T09:29:48","guid":{"rendered":"http:\/\/batimedianews.com\/live\/?p=28108"},"modified":"2023-09-06T19:09:22","modified_gmt":"2023-09-06T17:09:22","slug":"au-salon-bepositive-le-chauffage-cest-bois-energie-ou-pompes-a-chaleur","status":"publish","type":"post","link":"http:\/\/batimedianews.com\/live\/index.php\/2023\/04\/22\/au-salon-bepositive-le-chauffage-cest-bois-energie-ou-pompes-a-chaleur\/","title":{"rendered":"Au salon BePositive, le chauffage, c\u2019est bois-\u00e9nergie ou pompes \u00e0 chaleur"},"content":{"rendered":"\n<p>Les chaudi\u00e8res gaz et fioul semblent avoir presque enti\u00e8rement disparu du paysage des salons europ\u00e9ens, au profit des chaudi\u00e8res bois et des pompes \u00e0 chaleur. Le salon BePositive \u00e0 Lyon n\u2019a pas d\u00e9rog\u00e9 \u00e0 la r\u00e8gle.<\/p>\n\n\n\n<p><\/p>\n\n\n\n<figure class=\"wp-block-image size-large\"><img loading=\"lazy\" width=\"720\" height=\"540\" src=\"https:\/\/i0.wp.com\/batimedianews.com\/live\/wp-content\/uploads\/2023\/04\/01-Bepositive2023.jpg?resize=720%2C540\" alt=\"\" class=\"wp-image-28109\" srcset=\"https:\/\/i1.wp.com\/batimedianews.com\/live\/wp-content\/uploads\/2023\/04\/01-Bepositive2023-scaled.jpg?resize=1024%2C768 1024w, https:\/\/i1.wp.com\/batimedianews.com\/live\/wp-content\/uploads\/2023\/04\/01-Bepositive2023-scaled.jpg?resize=600%2C450 600w, https:\/\/i1.wp.com\/batimedianews.com\/live\/wp-content\/uploads\/2023\/04\/01-Bepositive2023-scaled.jpg?resize=768%2C576 768w, https:\/\/i1.wp.com\/batimedianews.com\/live\/wp-content\/uploads\/2023\/04\/01-Bepositive2023-scaled.jpg?resize=1536%2C1152 1536w, https:\/\/i1.wp.com\/batimedianews.com\/live\/wp-content\/uploads\/2023\/04\/01-Bepositive2023-scaled.jpg?resize=2048%2C1536 2048w, https:\/\/i1.wp.com\/batimedianews.com\/live\/wp-content\/uploads\/2023\/04\/01-Bepositive2023-scaled.jpg?resize=10%2C8 10w, https:\/\/i1.wp.com\/batimedianews.com\/live\/wp-content\/uploads\/2023\/04\/01-Bepositive2023-scaled.jpg?resize=432%2C324 432w, https:\/\/i1.wp.com\/batimedianews.com\/live\/wp-content\/uploads\/2023\/04\/01-Bepositive2023-scaled.jpg?resize=396%2C297 396w, https:\/\/i1.wp.com\/batimedianews.com\/live\/wp-content\/uploads\/2023\/04\/01-Bepositive2023-scaled.jpg?resize=1120%2C840 1120w, https:\/\/i1.wp.com\/batimedianews.com\/live\/wp-content\/uploads\/2023\/04\/01-Bepositive2023-scaled.jpg?resize=660%2C495 660w, https:\/\/i1.wp.com\/batimedianews.com\/live\/wp-content\/uploads\/2023\/04\/01-Bepositive2023-scaled.jpg?resize=293%2C220 293w, https:\/\/i1.wp.com\/batimedianews.com\/live\/wp-content\/uploads\/2023\/04\/01-Bepositive2023-scaled.jpg?w=1440 1440w, https:\/\/i1.wp.com\/batimedianews.com\/live\/wp-content\/uploads\/2023\/04\/01-Bepositive2023-scaled.jpg?w=2160 2160w\" sizes=\"(max-width: 600px) 91vw, (max-width: 900px) 600px, (max-width: 1060px) 50vw, (max-width: 1200px) 520px, (max-width: 1400px) 43vw, 600px\" data-recalc-dims=\"1\" \/><figcaption>Pascal Poggi pour Batim\u00e9dia <\/figcaption><\/figure>\n\n\n\n<p>Chaudi\u00e8res Perge propose des chaudi\u00e8res bois et des chaudi\u00e8res hybrides, fabriqu\u00e9es \u00e0 Portes-les-Valence. <\/p>\n\n\n\n<p>Le salon BePositive s\u2019est tenu du 21 au 23 Mars \u00e0 Eurexpo \u00e0 Lyon. Il \u00e9tait consacr\u00e9 au photovolta\u00efque, au chauffage et \u00e0 la production d\u2019eau chaude sanitaire, un peu \u00e0 la ventilation, aux ouvrants \u2013 portes et fen\u00eatres \u2013 et introduisait cette ann\u00e9e une nouvelle section, encore embryonnaire sur la construction d\u00e9carbon\u00e9e.<\/p>\n\n\n\n<p>Nous commen\u00e7ons notre compte-rendu par le chauffage et plus p\u00e9r\u00e9cis\u00e9ment par les solutions thermodynamiques. Nous allons encore vous parler de pompes \u00e0 chaleur et de R290. Nous ne le faisons pas expr\u00e8s du tout, mais ce sont deux des gros sujets du moment.<\/p>\n\n\n\n<p><strong>Les pompes \u00e0 chaleur au R290<\/strong><\/p>\n\n\n\n<p>Comme \u00e0 ISH, les constructeurs ne montraient plus gu\u00e8re de chaudi\u00e8res gaz ou fioul, mais beaucoup de pompes \u00e0 chaleur. Et, devinez quoi, ces nouvelles pompes \u00e0 chaleur expos\u00e9es \u00e0 BePositive utilisent principalement le R290, autrement dit le propane, dont le GWP est de 3 seulement et qui \u00e9chappe au r\u00e8glement europ\u00e9en F-Gaz.<\/p>\n\n\n\n<p>Tous les exposants du secteur de la thermodynamique montraient des pompes \u00e0 chaleur au R290. Ceux qui n\u2019en avaient pas encore, comme Elco, par exemple, juraient que ce serait pour la fin de l\u2019ann\u00e9e ou pour le d\u00e9but de 2024.<\/p>\n\n\n\n<p>Le nouvel enjeu en ce qui concerne les pompes \u00e0 chaleur, c\u2019est leur adaptation au chauffage collectif et tertiaire, en construction neuve, comme en r\u00e9habilitation. Ce sera le sujet de la matinale de la pac, organis\u00e9e \u00e0 Paris le 12 avril prochain par l\u2019AFPAC (Association Fran\u00e7aise pour les pompes \u00e0 chaleur), dont ne manquerons pas de vous proposer un compte-rendu. Mais, plusieurs solutions \u00e9taient en \u00e9vidence \u00e0 BePositive, dont une assez originale, mise en avant par Sinclair.<\/p>\n\n\n\n<figure class=\"wp-block-image size-large\"><img loading=\"lazy\" width=\"720\" height=\"540\" src=\"https:\/\/i2.wp.com\/batimedianews.com\/live\/wp-content\/uploads\/2023\/04\/02-Bepositive2023.jpg?resize=720%2C540\" alt=\"\" class=\"wp-image-28110\" srcset=\"https:\/\/i1.wp.com\/batimedianews.com\/live\/wp-content\/uploads\/2023\/04\/02-Bepositive2023-scaled.jpg?resize=1024%2C768 1024w, https:\/\/i1.wp.com\/batimedianews.com\/live\/wp-content\/uploads\/2023\/04\/02-Bepositive2023-scaled.jpg?resize=600%2C450 600w, https:\/\/i1.wp.com\/batimedianews.com\/live\/wp-content\/uploads\/2023\/04\/02-Bepositive2023-scaled.jpg?resize=768%2C576 768w, https:\/\/i1.wp.com\/batimedianews.com\/live\/wp-content\/uploads\/2023\/04\/02-Bepositive2023-scaled.jpg?resize=1536%2C1152 1536w, https:\/\/i1.wp.com\/batimedianews.com\/live\/wp-content\/uploads\/2023\/04\/02-Bepositive2023-scaled.jpg?resize=2048%2C1536 2048w, https:\/\/i1.wp.com\/batimedianews.com\/live\/wp-content\/uploads\/2023\/04\/02-Bepositive2023-scaled.jpg?resize=10%2C8 10w, https:\/\/i1.wp.com\/batimedianews.com\/live\/wp-content\/uploads\/2023\/04\/02-Bepositive2023-scaled.jpg?resize=432%2C324 432w, https:\/\/i1.wp.com\/batimedianews.com\/live\/wp-content\/uploads\/2023\/04\/02-Bepositive2023-scaled.jpg?resize=396%2C297 396w, https:\/\/i1.wp.com\/batimedianews.com\/live\/wp-content\/uploads\/2023\/04\/02-Bepositive2023-scaled.jpg?resize=1120%2C840 1120w, https:\/\/i1.wp.com\/batimedianews.com\/live\/wp-content\/uploads\/2023\/04\/02-Bepositive2023-scaled.jpg?resize=660%2C495 660w, https:\/\/i1.wp.com\/batimedianews.com\/live\/wp-content\/uploads\/2023\/04\/02-Bepositive2023-scaled.jpg?resize=293%2C220 293w, https:\/\/i1.wp.com\/batimedianews.com\/live\/wp-content\/uploads\/2023\/04\/02-Bepositive2023-scaled.jpg?w=1440 1440w, https:\/\/i1.wp.com\/batimedianews.com\/live\/wp-content\/uploads\/2023\/04\/02-Bepositive2023-scaled.jpg?w=2160 2160w\" sizes=\"(max-width: 600px) 91vw, (max-width: 900px) 600px, (max-width: 1060px) 50vw, (max-width: 1200px) 520px, (max-width: 1400px) 43vw, 600px\" data-recalc-dims=\"1\" \/><figcaption>Pascal Poggi pour Batim\u00e9dia<\/figcaption><\/figure>\n\n\n\n<p>Sinclair Solutions, un fabricant de climatiseurs et de pompes \u00e0 chaleur qui appartient \u00e0 Beijer Ref, un groupe mondial actif dans la distribution de mat\u00e9riels de froid commercial et industriel, de climatiseurs et de pompes \u00e0 chaleur, pr\u00e9sentait un climatiseur monobloc au R290. Compos\u00e9 d\u2019une seule unit\u00e9, install\u00e9e \u00e0 l\u2019int\u00e9rieur, le climatiseur ASM-12PI est reli\u00e9 \u00e0 l\u2019ext\u00e9rieur par deux courts conduits de 180 mm de diam\u00e8tre qui traversent le mur. L\u2019unit\u00e9 est r\u00e9versible, affiche une puissance froid de 3,5 kW \u2013 European Efficiency Ratio ou EER = 2,60, c\u2019est la mesure de l\u2019efficacit\u00e9 \u00e9nerg\u00e9tique en mode froid -, une puissance chauffage de 2,9 kW avec un COP (Coefficient de Performance) de 3,10. Ce qui lui donne des classes d\u2019efficacit\u00e9 \u00e9nerg\u00e9tique de A en froid et A+ en chauffage. Elle contient 290 g de R290. <\/p>\n\n\n\n<figure class=\"wp-block-image size-large\"><img loading=\"lazy\" width=\"720\" height=\"960\" src=\"https:\/\/i1.wp.com\/batimedianews.com\/live\/wp-content\/uploads\/2023\/04\/03-Bepositive2023.jpg?resize=720%2C960\" alt=\"\" class=\"wp-image-28111\" srcset=\"https:\/\/i1.wp.com\/batimedianews.com\/live\/wp-content\/uploads\/2023\/04\/03-Bepositive2023-scaled.jpg?resize=768%2C1024 768w, https:\/\/i1.wp.com\/batimedianews.com\/live\/wp-content\/uploads\/2023\/04\/03-Bepositive2023-scaled.jpg?resize=450%2C600 450w, https:\/\/i1.wp.com\/batimedianews.com\/live\/wp-content\/uploads\/2023\/04\/03-Bepositive2023-scaled.jpg?resize=1152%2C1536 1152w, https:\/\/i1.wp.com\/batimedianews.com\/live\/wp-content\/uploads\/2023\/04\/03-Bepositive2023-scaled.jpg?resize=1536%2C2048 1536w, https:\/\/i1.wp.com\/batimedianews.com\/live\/wp-content\/uploads\/2023\/04\/03-Bepositive2023-scaled.jpg?resize=8%2C10 8w, https:\/\/i1.wp.com\/batimedianews.com\/live\/wp-content\/uploads\/2023\/04\/03-Bepositive2023-scaled.jpg?resize=432%2C576 432w, https:\/\/i1.wp.com\/batimedianews.com\/live\/wp-content\/uploads\/2023\/04\/03-Bepositive2023-scaled.jpg?resize=396%2C528 396w, https:\/\/i1.wp.com\/batimedianews.com\/live\/wp-content\/uploads\/2023\/04\/03-Bepositive2023-scaled.jpg?resize=1120%2C1493 1120w, https:\/\/i1.wp.com\/batimedianews.com\/live\/wp-content\/uploads\/2023\/04\/03-Bepositive2023-scaled.jpg?resize=660%2C880 660w, https:\/\/i1.wp.com\/batimedianews.com\/live\/wp-content\/uploads\/2023\/04\/03-Bepositive2023-scaled.jpg?resize=165%2C220 165w, https:\/\/i1.wp.com\/batimedianews.com\/live\/wp-content\/uploads\/2023\/04\/03-Bepositive2023-scaled.jpg?w=1920 1920w, https:\/\/i1.wp.com\/batimedianews.com\/live\/wp-content\/uploads\/2023\/04\/03-Bepositive2023-scaled.jpg?w=1440 1440w\" sizes=\"(max-width: 600px) 91vw, (max-width: 900px) 600px, (max-width: 1060px) 50vw, (max-width: 1200px) 520px, (max-width: 1400px) 43vw, 600px\" data-recalc-dims=\"1\" \/><figcaption>Pascal Poggi pour Batim\u00e9dia<\/figcaption><\/figure>\n\n\n\n<p>Le chinois PHNX exposait \u00e0 BePositive. En France, il ne vend pas sous sa marque, mais fournit plusieurs industriels en OEM. En Chine, PHNX produit plus de 1 070\u00a0000 pompes \u00e0 chaleur par an, dans ses trois usines. Il pr\u00e9sentait sa nouvelle gamme GreenTherm Series de pompes \u00e0 chaleur monobloc ext\u00e9rieures au R290 \u00e0 puissance variable pilot\u00e9e par inverter, qui contient 5 mod\u00e8les r\u00e9versibles de 3,1 \u2013 8,9 kW \u00e0 8 \u2013 22 kW. <\/p>\n\n\n\n<p><strong>Le fran\u00e7ais Intuis exposait toute sa gamme<\/strong><\/p>\n\n\n\n<p>Intuis se pronon\u00e7ait auparavant Auer, Applimo, \u2026 Le groupe Muller a \u00e9t\u00e9 rachet\u00e9 par les irlandais Glenn Dimplex et rebaptis\u00e9 Intuis par sa nouvelle direction. Intuis est sp\u00e9cialis\u00e9 dans les pompes \u00e0 chaleur au R290 et d\u00e9voilait de nouveaux mod\u00e8les au salon BePositive, \u00e0 la fois en forte puissance pour le collectif et le tertiaire et pour la maison individuelle.<\/p>\n\n\n\n<figure class=\"wp-block-image size-large\"><img loading=\"lazy\" width=\"720\" height=\"960\" src=\"https:\/\/i2.wp.com\/batimedianews.com\/live\/wp-content\/uploads\/2023\/04\/04-Bepositive2023.jpg?resize=720%2C960\" alt=\"\" class=\"wp-image-28112\" srcset=\"https:\/\/i2.wp.com\/batimedianews.com\/live\/wp-content\/uploads\/2023\/04\/04-Bepositive2023-scaled.jpg?resize=768%2C1024 768w, https:\/\/i2.wp.com\/batimedianews.com\/live\/wp-content\/uploads\/2023\/04\/04-Bepositive2023-scaled.jpg?resize=450%2C600 450w, https:\/\/i2.wp.com\/batimedianews.com\/live\/wp-content\/uploads\/2023\/04\/04-Bepositive2023-scaled.jpg?resize=1152%2C1536 1152w, https:\/\/i2.wp.com\/batimedianews.com\/live\/wp-content\/uploads\/2023\/04\/04-Bepositive2023-scaled.jpg?resize=1536%2C2048 1536w, https:\/\/i2.wp.com\/batimedianews.com\/live\/wp-content\/uploads\/2023\/04\/04-Bepositive2023-scaled.jpg?resize=8%2C10 8w, https:\/\/i2.wp.com\/batimedianews.com\/live\/wp-content\/uploads\/2023\/04\/04-Bepositive2023-scaled.jpg?resize=432%2C576 432w, https:\/\/i2.wp.com\/batimedianews.com\/live\/wp-content\/uploads\/2023\/04\/04-Bepositive2023-scaled.jpg?resize=396%2C528 396w, https:\/\/i2.wp.com\/batimedianews.com\/live\/wp-content\/uploads\/2023\/04\/04-Bepositive2023-scaled.jpg?resize=1120%2C1493 1120w, https:\/\/i2.wp.com\/batimedianews.com\/live\/wp-content\/uploads\/2023\/04\/04-Bepositive2023-scaled.jpg?resize=660%2C880 660w, https:\/\/i2.wp.com\/batimedianews.com\/live\/wp-content\/uploads\/2023\/04\/04-Bepositive2023-scaled.jpg?resize=165%2C220 165w, https:\/\/i2.wp.com\/batimedianews.com\/live\/wp-content\/uploads\/2023\/04\/04-Bepositive2023-scaled.jpg?w=1920 1920w, https:\/\/i2.wp.com\/batimedianews.com\/live\/wp-content\/uploads\/2023\/04\/04-Bepositive2023-scaled.jpg?w=1440 1440w\" sizes=\"(max-width: 600px) 91vw, (max-width: 900px) 600px, (max-width: 1060px) 50vw, (max-width: 1200px) 520px, (max-width: 1400px) 43vw, 600px\" data-recalc-dims=\"1\" \/><figcaption>Pascal Poggi pour Batim\u00e9dia<\/figcaption><\/figure>\n\n\n\n<p>Voici l\u2019allure des nouvelles pompes \u00e0 chaleur de la gamme HRC70 d\u2019Intuis\u00a0: un seul ventilateur au lieu des deux ventilateurs du mod\u00e8le expos\u00e9 \u00e0 ISH et des puissances de 40, 60 et 80 kW. Destin\u00e9s \u00e0 \u00eatre install\u00e9s \u00e0 l\u2019ext\u00e9rieur, ces mod\u00e8les sont cascadables pour atteindre des puissances importantes jusqu\u2019\u00e0 1200 kW et contiennent de 1,65 kg (40 kW) \u00e0 2,5 kg (80 kg) de propane. Ils sont imm\u00e9diatement disponibles. <\/p>\n\n\n\n<figure class=\"wp-block-image size-large\"><img loading=\"lazy\" width=\"720\" height=\"540\" src=\"https:\/\/i2.wp.com\/batimedianews.com\/live\/wp-content\/uploads\/2023\/04\/05-Bepositive2023.jpg?resize=720%2C540\" alt=\"\" class=\"wp-image-28113\" srcset=\"https:\/\/i2.wp.com\/batimedianews.com\/live\/wp-content\/uploads\/2023\/04\/05-Bepositive2023-scaled.jpg?resize=1024%2C768 1024w, https:\/\/i2.wp.com\/batimedianews.com\/live\/wp-content\/uploads\/2023\/04\/05-Bepositive2023-scaled.jpg?resize=600%2C450 600w, https:\/\/i2.wp.com\/batimedianews.com\/live\/wp-content\/uploads\/2023\/04\/05-Bepositive2023-scaled.jpg?resize=768%2C576 768w, https:\/\/i2.wp.com\/batimedianews.com\/live\/wp-content\/uploads\/2023\/04\/05-Bepositive2023-scaled.jpg?resize=1536%2C1152 1536w, https:\/\/i2.wp.com\/batimedianews.com\/live\/wp-content\/uploads\/2023\/04\/05-Bepositive2023-scaled.jpg?resize=2048%2C1536 2048w, https:\/\/i2.wp.com\/batimedianews.com\/live\/wp-content\/uploads\/2023\/04\/05-Bepositive2023-scaled.jpg?resize=10%2C8 10w, https:\/\/i2.wp.com\/batimedianews.com\/live\/wp-content\/uploads\/2023\/04\/05-Bepositive2023-scaled.jpg?resize=432%2C324 432w, https:\/\/i2.wp.com\/batimedianews.com\/live\/wp-content\/uploads\/2023\/04\/05-Bepositive2023-scaled.jpg?resize=396%2C297 396w, https:\/\/i2.wp.com\/batimedianews.com\/live\/wp-content\/uploads\/2023\/04\/05-Bepositive2023-scaled.jpg?resize=1120%2C840 1120w, https:\/\/i2.wp.com\/batimedianews.com\/live\/wp-content\/uploads\/2023\/04\/05-Bepositive2023-scaled.jpg?resize=660%2C495 660w, https:\/\/i2.wp.com\/batimedianews.com\/live\/wp-content\/uploads\/2023\/04\/05-Bepositive2023-scaled.jpg?resize=293%2C220 293w, https:\/\/i2.wp.com\/batimedianews.com\/live\/wp-content\/uploads\/2023\/04\/05-Bepositive2023-scaled.jpg?w=1440 1440w, https:\/\/i2.wp.com\/batimedianews.com\/live\/wp-content\/uploads\/2023\/04\/05-Bepositive2023-scaled.jpg?w=2160 2160w\" sizes=\"(max-width: 600px) 91vw, (max-width: 900px) 600px, (max-width: 1060px) 50vw, (max-width: 1200px) 520px, (max-width: 1400px) 43vw, 600px\" data-recalc-dims=\"1\" \/><figcaption>Pascal Poggi pour Batim\u00e9dia<\/figcaption><\/figure>\n\n\n\n<p>Pour la maison individuelle, Intuis pr\u00e9sentait des pompes \u00e0 chaleur air\/eau monobloc ext\u00e9rieures, toujours au R290\u00a0: la gamme HTi de 6 kW, 8 kW, 11 kW et 14 kW. Le mod\u00e8le de 6 kW n\u2019est disponible qu\u2019en monophas\u00e9, les trois autres existent en mono et triphas\u00e9. Ces pac atteignent une temp\u00e9rature de d\u00e9part d\u2019eau de 70\u00b0C, offrent une modulation de 15 \u00e0 100 % de leur puissance nominale et fonctionnent sans secours par r\u00e9sistance \u00e9lectrique jusqu\u2019\u00e0 une temp\u00e9rature ext\u00e9rieure de -20\u00b0C. Elles sont curieusement cascadables jusqu\u2019\u00e0 96 kW. Ce qui est largement trop pour la maison individuelle et ouvre la possibilit\u00e9 de les utiliser en collectif, neuf ou existant, et en tertiaire.<\/p>\n\n\n\n<figure class=\"wp-block-image size-large\"><img loading=\"lazy\" width=\"720\" height=\"960\" src=\"https:\/\/i0.wp.com\/batimedianews.com\/live\/wp-content\/uploads\/2023\/04\/06-Bepositive2023.jpg?resize=720%2C960\" alt=\"\" class=\"wp-image-28114\" srcset=\"https:\/\/i0.wp.com\/batimedianews.com\/live\/wp-content\/uploads\/2023\/04\/06-Bepositive2023-scaled.jpg?resize=768%2C1024 768w, https:\/\/i0.wp.com\/batimedianews.com\/live\/wp-content\/uploads\/2023\/04\/06-Bepositive2023-scaled.jpg?resize=450%2C600 450w, https:\/\/i0.wp.com\/batimedianews.com\/live\/wp-content\/uploads\/2023\/04\/06-Bepositive2023-scaled.jpg?resize=1152%2C1536 1152w, https:\/\/i0.wp.com\/batimedianews.com\/live\/wp-content\/uploads\/2023\/04\/06-Bepositive2023-scaled.jpg?resize=1536%2C2048 1536w, https:\/\/i0.wp.com\/batimedianews.com\/live\/wp-content\/uploads\/2023\/04\/06-Bepositive2023-scaled.jpg?resize=8%2C10 8w, https:\/\/i0.wp.com\/batimedianews.com\/live\/wp-content\/uploads\/2023\/04\/06-Bepositive2023-scaled.jpg?resize=432%2C576 432w, https:\/\/i0.wp.com\/batimedianews.com\/live\/wp-content\/uploads\/2023\/04\/06-Bepositive2023-scaled.jpg?resize=396%2C528 396w, https:\/\/i0.wp.com\/batimedianews.com\/live\/wp-content\/uploads\/2023\/04\/06-Bepositive2023-scaled.jpg?resize=1120%2C1493 1120w, https:\/\/i0.wp.com\/batimedianews.com\/live\/wp-content\/uploads\/2023\/04\/06-Bepositive2023-scaled.jpg?resize=660%2C880 660w, https:\/\/i0.wp.com\/batimedianews.com\/live\/wp-content\/uploads\/2023\/04\/06-Bepositive2023-scaled.jpg?resize=165%2C220 165w, https:\/\/i0.wp.com\/batimedianews.com\/live\/wp-content\/uploads\/2023\/04\/06-Bepositive2023-scaled.jpg?w=1920 1920w, https:\/\/i0.wp.com\/batimedianews.com\/live\/wp-content\/uploads\/2023\/04\/06-Bepositive2023-scaled.jpg?w=1440 1440w\" sizes=\"(max-width: 600px) 91vw, (max-width: 900px) 600px, (max-width: 1060px) 50vw, (max-width: 1200px) 520px, (max-width: 1400px) 43vw, 600px\" data-recalc-dims=\"1\" \/><figcaption>Pascal Poggi pour Batim\u00e9dia<\/figcaption><\/figure>\n\n\n\n<p>Pour la production d\u2019eau chaude sanitaire collective, Intuis pr\u00e9sentait les pilotes multifonctions Z1 jusqu\u2019\u00e0 32 kW et le 4X jusqu\u2019\u00e0 1200 kW. Ces deux pilotes g\u00e8rent les pompes \u00e0 chaleur, le ballon pour la pr\u00e9paration d\u2019ECS collective, le bouclage de la distribution d\u2019ECS, le secours par r\u00e9sistance \u00e9lectrique et la cascade des M\u00e9gaPAC, 8 mod\u00e8les de pompes \u00e0 chaleur sp\u00e9cialis\u00e9es dans la production d\u2019ECS. Les M\u00e9gaPAC sont des pac air\/eau de 17 \u00e0 80 kW, en mono- ou triphas\u00e9.<\/p>\n\n\n\n<p><strong>Le groupe Nibe progresse sur le march\u00e9 fran\u00e7ais<\/strong><\/p>\n\n\n\n<p>Nibe, que nous avions rencontr\u00e9 \u00e0 ISH, estime bien progresser sur le march\u00e9 fran\u00e7ais et se focalise sur la pompe \u00e0 chaleur en r\u00e9novation. Gr\u00e2ce \u00e0 la marque allemande Alpha Innotec, devenue propri\u00e9t\u00e9 du groupe, Nibe poss\u00e8de un historique de 20 ans dans la fabrication de pompes \u00e0 chaleur au R290.<\/p>\n\n\n\n<p>Toutes les pac Nibe poss\u00e8de une connexion Wi-Fi int\u00e9gr\u00e9e et des possibilit\u00e9s de connectivit\u00e9 \u00e9tendues. Gr\u00e2ce \u00e0 l\u2019application Nibe myUplink pour la gestion et la surveillance \u00e0 distance, ainsi qu\u2019aux accessoires myUplink sans fil en option, comme les sondes CO2 et les sondes d\u2019humidit\u00e9 relative pour la ventilation \u00e0 la demande, les pac Nibe s\u2019int\u00e8grent parfaitement dans une strat\u00e9gie SmartHome.<\/p>\n\n\n\n<figure class=\"wp-block-image size-large\"><img loading=\"lazy\" width=\"720\" height=\"960\" src=\"https:\/\/i0.wp.com\/batimedianews.com\/live\/wp-content\/uploads\/2023\/04\/07-Bepositive2023.jpg?resize=720%2C960\" alt=\"\" class=\"wp-image-28115\" srcset=\"https:\/\/i2.wp.com\/batimedianews.com\/live\/wp-content\/uploads\/2023\/04\/07-Bepositive2023-scaled.jpg?resize=768%2C1024 768w, https:\/\/i2.wp.com\/batimedianews.com\/live\/wp-content\/uploads\/2023\/04\/07-Bepositive2023-scaled.jpg?resize=450%2C600 450w, https:\/\/i2.wp.com\/batimedianews.com\/live\/wp-content\/uploads\/2023\/04\/07-Bepositive2023-scaled.jpg?resize=1152%2C1536 1152w, https:\/\/i2.wp.com\/batimedianews.com\/live\/wp-content\/uploads\/2023\/04\/07-Bepositive2023-scaled.jpg?resize=1536%2C2048 1536w, https:\/\/i2.wp.com\/batimedianews.com\/live\/wp-content\/uploads\/2023\/04\/07-Bepositive2023-scaled.jpg?resize=8%2C10 8w, https:\/\/i2.wp.com\/batimedianews.com\/live\/wp-content\/uploads\/2023\/04\/07-Bepositive2023-scaled.jpg?resize=432%2C576 432w, https:\/\/i2.wp.com\/batimedianews.com\/live\/wp-content\/uploads\/2023\/04\/07-Bepositive2023-scaled.jpg?resize=396%2C528 396w, https:\/\/i2.wp.com\/batimedianews.com\/live\/wp-content\/uploads\/2023\/04\/07-Bepositive2023-scaled.jpg?resize=1120%2C1493 1120w, https:\/\/i2.wp.com\/batimedianews.com\/live\/wp-content\/uploads\/2023\/04\/07-Bepositive2023-scaled.jpg?resize=660%2C880 660w, https:\/\/i2.wp.com\/batimedianews.com\/live\/wp-content\/uploads\/2023\/04\/07-Bepositive2023-scaled.jpg?resize=165%2C220 165w, https:\/\/i2.wp.com\/batimedianews.com\/live\/wp-content\/uploads\/2023\/04\/07-Bepositive2023-scaled.jpg?w=1920 1920w, https:\/\/i2.wp.com\/batimedianews.com\/live\/wp-content\/uploads\/2023\/04\/07-Bepositive2023-scaled.jpg?w=1440 1440w\" sizes=\"(max-width: 600px) 91vw, (max-width: 900px) 600px, (max-width: 1060px) 50vw, (max-width: 1200px) 520px, (max-width: 1400px) 43vw, 600px\" data-recalc-dims=\"1\" \/><figcaption>Pascal Poggi pour Batim\u00e9dia<\/figcaption><\/figure>\n\n\n\n<p>En collectif neuf et en maison individuelle neuve, mais aussi en r\u00e9novation, Nibe compte beaucoup sur sa pompe \u00e0 chaleur monobloc int\u00e9rieure sur air extrait Nibe S735. Elle est \u00e9quip\u00e9e d\u2019un ballon d\u2019eau chaude int\u00e9gr\u00e9 en inox et assure un triple service : ventilation, chauffage et production de l\u2019eau chaude sanitaire. Elle est class\u00e9e A++ en chauffage avec d\u00e9part d\u2019eau \u00e0 55\u00b0C et A+ en production d\u2019ECS avec un profil de soutirage XL. Elle contient 0,00126 teqCO2 en charge de r\u00e9frig\u00e9rant R290. Gr\u00e2ce \u00e0 sa puissance variable de 1 \u00e0 6,4 kW, Nibe la recommande pour des logements jusqu\u2019\u00e0 240 m\u00b2. Cette pompe atteint une temp\u00e9rature de d\u00e9part d\u2019eau de 67 \u00e0 70\u00b0C. Ce qui permet de l\u2019utiliser avec des radiateurs en r\u00e9novation. Elle fait \u00e9galement office de groupe de ventilation simple flux. En r\u00e9novation, s\u2019il n\u2019y a pas de ventilation, il suffit de poser des entr\u00e9es d\u2019air p\u00e9riph\u00e9riques et une pac Nibe S735 pour disposer d\u2019une ventilation simple flux. <\/p>\n\n\n\n<figure class=\"wp-block-image size-large\"><img loading=\"lazy\" width=\"720\" height=\"540\" src=\"https:\/\/i1.wp.com\/batimedianews.com\/live\/wp-content\/uploads\/2023\/04\/09-Bepositive2023.jpg?resize=720%2C540\" alt=\"\" class=\"wp-image-28116\" srcset=\"https:\/\/i2.wp.com\/batimedianews.com\/live\/wp-content\/uploads\/2023\/04\/09-Bepositive2023-scaled.jpg?resize=1024%2C768 1024w, https:\/\/i2.wp.com\/batimedianews.com\/live\/wp-content\/uploads\/2023\/04\/09-Bepositive2023-scaled.jpg?resize=600%2C450 600w, https:\/\/i2.wp.com\/batimedianews.com\/live\/wp-content\/uploads\/2023\/04\/09-Bepositive2023-scaled.jpg?resize=768%2C576 768w, https:\/\/i2.wp.com\/batimedianews.com\/live\/wp-content\/uploads\/2023\/04\/09-Bepositive2023-scaled.jpg?resize=1536%2C1152 1536w, https:\/\/i2.wp.com\/batimedianews.com\/live\/wp-content\/uploads\/2023\/04\/09-Bepositive2023-scaled.jpg?resize=2048%2C1536 2048w, https:\/\/i2.wp.com\/batimedianews.com\/live\/wp-content\/uploads\/2023\/04\/09-Bepositive2023-scaled.jpg?resize=10%2C8 10w, https:\/\/i2.wp.com\/batimedianews.com\/live\/wp-content\/uploads\/2023\/04\/09-Bepositive2023-scaled.jpg?resize=432%2C324 432w, https:\/\/i2.wp.com\/batimedianews.com\/live\/wp-content\/uploads\/2023\/04\/09-Bepositive2023-scaled.jpg?resize=396%2C297 396w, https:\/\/i2.wp.com\/batimedianews.com\/live\/wp-content\/uploads\/2023\/04\/09-Bepositive2023-scaled.jpg?resize=1120%2C840 1120w, https:\/\/i2.wp.com\/batimedianews.com\/live\/wp-content\/uploads\/2023\/04\/09-Bepositive2023-scaled.jpg?resize=660%2C495 660w, https:\/\/i2.wp.com\/batimedianews.com\/live\/wp-content\/uploads\/2023\/04\/09-Bepositive2023-scaled.jpg?resize=293%2C220 293w, https:\/\/i2.wp.com\/batimedianews.com\/live\/wp-content\/uploads\/2023\/04\/09-Bepositive2023-scaled.jpg?w=1440 1440w, https:\/\/i2.wp.com\/batimedianews.com\/live\/wp-content\/uploads\/2023\/04\/09-Bepositive2023-scaled.jpg?w=2160 2160w\" sizes=\"(max-width: 600px) 91vw, (max-width: 900px) 600px, (max-width: 1060px) 50vw, (max-width: 1200px) 520px, (max-width: 1400px) 43vw, 600px\" data-recalc-dims=\"1\" \/><figcaption>Pascal Poggi pour Batim\u00e9dia<\/figcaption><\/figure>\n\n\n\n<p>En ce qui concerne ses pompes \u00e0 chaleur, Atlantic \u00e9tait l\u2019un des rares fabricants \u00e0 r\u00e9sister au R290. Il montrait bien s\u00fbr son ballon thermodynamique Eg\u00e9o connect\u00e9 au R290 \u00e0 BePositive, mais aussi sa pompe \u00e0 chaleur Ixtra M, fabriqu\u00e9e \u00e0 Merville et qui utilise le R452B. C\u2019est un m\u00e9lange de 67% de R32, de 7% de R125 et de 26% de HFO R-1234-yf. Il est class\u00e9 A2L et son GWP atteint 675. Le R452B est une solution de transition, dont la dur\u00e9e de vie sera sans doute tr\u00e8s courte. Ce fluide est en effet menac\u00e9 \u00e0 la fois par la r\u00e9vision du r\u00e8glement F-Gaz qui veut limiter le GWP des fluides dans les machines neuves \u00e0 150 en 2027 et par la r\u00e9vision du r\u00e8glement REACH\u00a0qui veut bannir les HFO. <\/p>\n\n\n\n<p>Haier pr\u00e9sentait lui aussi une pompe \u00e0 chaleur monobloc ext\u00e9rieure au R290. Mais ce fabricant chinois annon\u00e7ait pour la fin de l\u2019ann\u00e9e un trisplit (une unit\u00e9 ext\u00e9rieure et trois unit\u00e9s int\u00e9rieures) \u00e0 d\u00e9tente directe au R290. Nous verrons dans quelles conditions il pourra \u00eatre install\u00e9.<\/p>\n\n\n\n<p>Notre prochain article sur BePositive portera sur les chaudi\u00e8res bois et sur les pac hybrides.<\/p>\n","protected":false},"excerpt":{"rendered":"<p>Les chaudi\u00e8res gaz et fioul semblent avoir presque enti\u00e8rement disparu du paysage des salons europ\u00e9ens, au profit des chaudi\u00e8res bois et des pompes \u00e0 chaleur. Le salon BePositive \u00e0 Lyon n\u2019a pas d\u00e9rog\u00e9 \u00e0 la r\u00e8gle. Chaudi\u00e8res Perge propose des chaudi\u00e8res bois et des chaudi\u00e8res hybrides, fabriqu\u00e9es \u00e0 Portes-les-Valence. Le salon BePositive s\u2019est tenu du [&hellip;]<\/p>\n","protected":false},"author":352,"featured_media":28136,"comment_status":"open","ping_status":"open","sticky":false,"template":"","format":"standard","meta":{"spay_email":""},"categories":[2283,2314],"tags":[],"jetpack_featured_media_url":"https:\/\/i1.wp.com\/batimedianews.com\/live\/wp-content\/uploads\/2023\/04\/bepositive1.jpeg?fit=1200%2C1200","jetpack_sharing_enabled":true,"jetpack_likes_enabled":true,"jetpack-related-posts":[{"id":28629,"url":"http:\/\/batimedianews.com\/live\/index.php\/2023\/05\/12\/beaucoup-de-bois-energie-a-bepositive-2023-tres-peu-de-biofioul-et-encore-moins-de-pompes-a-chaleur-hybrides\/","url_meta":{"origin":28108,"position":0},"title":"Beaucoup, de bois-\u00e9nergie \u00e0 BePositive 2023, tr\u00e8s peu de Biofioul et encore moins de pompes \u00e0 chaleur hybrides","date":"12 mai 2023","format":false,"excerpt":"Pascal Poggi pour Batim\u00e9dia L\u2019industriel fran\u00e7ais Chaudi\u00e8res Morvan proposait notamment sa gamme de chaudi\u00e8res \u00e0 granul\u00e9s GM evo qui comporte 5 mod\u00e8les de 10 \u00e0 60 kW, ainsi que sa gamme de chaudi\u00e8res \u00e0 b\u00fbches SX evo avec trois mod\u00e8les de 18 \u00e0 40 kW. Doc. PP Face \u00e0 l\u2019interdiction\u2026","rel":"","context":"Dans &quot;Articles et analyses&quot;","img":{"alt_text":"","src":"https:\/\/i1.wp.com\/batimedianews.com\/live\/wp-content\/uploads\/2023\/05\/be-positive-chaudie\u0300re-.png?fit=1200%2C1200&resize=350%2C200","width":350,"height":200},"classes":[]},{"id":39539,"url":"http:\/\/batimedianews.com\/live\/index.php\/2024\/10\/28\/nouvelles-chaudieres-bois-buche-et-biomasse-hybride-bois-granule-une-solution-economique-et-performante\/","url_meta":{"origin":28108,"position":1},"title":"Nouvelles chaudi\u00e8res Bois B\u00fbche et Biomasse hybride Bois\/ Granul\u00e9 : une solution \u00e9conomique et performante","date":"28 octobre 2024","format":false,"excerpt":"Grant, fabriquant leader irlandais de solutions de chauffage \u00e0 \u00e9nergies renouvelables, est fier de d\u00e9voiler ses derni\u00e8res nouveaut\u00e9s au Salon Interclima 2024 du 30 septembre au 3 octobre 2024 \u00e0 Paris, Porte de Versailles : les chaudi\u00e8res Bois et hybride Bois \/ Granul\u00e9. Dans un contexte de hausse continue des\u2026","rel":"","context":"Dans &quot;Actualit\u00e9 Entreprises&quot;","img":{"alt_text":"","src":"https:\/\/i0.wp.com\/batimedianews.com\/live\/wp-content\/uploads\/2024\/09\/Grant-articles-.jpg?fit=825%2C825&resize=350%2C200","width":350,"height":200},"classes":[]},{"id":26553,"url":"http:\/\/batimedianews.com\/live\/index.php\/2023\/03\/02\/bepositive-awards-57-innovations-en-lice-pour-devenir-laureates-de-ledition-2023-du-concours\/","url_meta":{"origin":28108,"position":2},"title":"BePOSITIVE AWARDS : 57 innovations en lice pour devenir laur\u00e9ates de l\u2019\u00e9dition 2023 du concours !","date":"2 mars 2023","format":false,"excerpt":"Photo \u00a9Alexandre Moulard\u00a0 \u00a0BePOSITIVE \u2013 le salon national de la transition \u00e9nerg\u00e9tique \u2013 se tiendra du 21 au 23 mars 2023 \u00e0 Eurexpo Lyon. Parmi les temps forts du salon, les BEPOSITIVE AWARDS r\u00e9compenseront les nouveaut\u00e9s, les innovations et les \u00e9volutions technologiques pr\u00e9sent\u00e9es par les industriels et fabricants des fili\u00e8res\u2026","rel":"","context":"Dans &quot;Actualit\u00e9s salons&quot;","img":{"alt_text":"","src":"https:\/\/i1.wp.com\/batimedianews.com\/live\/wp-content\/uploads\/2023\/02\/BePositive-Article.jpg?fit=1080%2C1080&resize=350%2C200","width":350,"height":200},"classes":[]},{"id":28164,"url":"http:\/\/batimedianews.com\/live\/index.php\/2023\/04\/25\/une-dynamique-retrouvee-sur-cette-edition-2023\/","url_meta":{"origin":28108,"position":3},"title":"Une dynamique retrouv\u00e9e sur cette \u00e9dition 2023 !","date":"25 avril 2023","format":false,"excerpt":"\u00a0Photo \u00a9Nicolas Rodet\u00a0 \u00a0C\u2019est une \u00e9dition couronn\u00e9e de succ\u00e8s qui s\u2019est d\u00e9roul\u00e9e \u00e0 Eurexpo Lyon du 21 au 23 mars. L\u2019effervescence observ\u00e9e sur le salon signe son grand retour et d\u00e9montre l\u2019attachement des participants \u00e0 ce rendez-vous incontournable ainsi que leur engagement pour la transition \u00e9nerg\u00e9tique !\u00a0 Les nombreux temps\u2026","rel":"","context":"Dans &quot;Be positive 2023&quot;","img":{"alt_text":"","src":"https:\/\/i2.wp.com\/batimedianews.com\/live\/wp-content\/uploads\/2023\/04\/BePositive-Article.jpg?fit=1080%2C1080&resize=350%2C200","width":350,"height":200},"classes":[]},{"id":28977,"url":"http:\/\/batimedianews.com\/live\/index.php\/2023\/05\/27\/le-solaire-thermique-a-bepositive\/","url_meta":{"origin":28108,"position":4},"title":"Le solaire thermique \u00e0 BePositive","date":"27 mai 2023","format":false,"excerpt":"Le salon BePositive \u00e0 Lyon a attir\u00e9 les principaux acteurs fran\u00e7ais du solaire thermique et s\u2019inscrit dans une reprise du march\u00e9 solaire thermique en France. Pascal Poggi pour Batim\u00e9dia A BePositive, on trouvait aussi bien des fabricants de mat\u00e9riels que des distributeurs sp\u00e9cialis\u00e9s en solaire thermique et en stockage d\u2019\u00e9lectricit\u00e9.\u2026","rel":"","context":"Dans &quot;Articles et analyses&quot;","img":{"alt_text":"","src":"https:\/\/i2.wp.com\/batimedianews.com\/live\/wp-content\/uploads\/2023\/05\/Be-positive-4-thermique-.jpeg?fit=1200%2C1200&resize=350%2C200","width":350,"height":200},"classes":[]},{"id":29410,"url":"http:\/\/batimedianews.com\/live\/index.php\/2023\/06\/23\/de-dietrich-des-solutions-hybrides-pour-repondre-aux-enjeux-ecologiques\/","url_meta":{"origin":28108,"position":5},"title":"DE DIETRICH des solutions hybrides pour r\u00e9pondre aux enjeux \u00e9cologiques","date":"23 juin 2023","format":false,"excerpt":"Les solutions hybrides combinent dans un seul chauffage global deux g\u00e9n\u00e9rateurs de chaleur. Elles permettent de profiter de leurs avantages respectifs en fonction de la localisation et de la temp\u00e9rature ext\u00e9rieure, pour r\u00e9pondre de fa\u00e7on optimale aux enjeux \u00e9cologiques, \u00e9conomiques et au besoin de confort.\u00a0 Ainsi, De Dietrich propose de\u2026","rel":"","context":"Dans &quot;Actualit\u00e9 Entreprises&quot;","img":{"alt_text":"","src":"https:\/\/i0.wp.com\/batimedianews.com\/live\/wp-content\/uploads\/2023\/06\/De-Dietrich-Article.jpg?fit=1080%2C1080&resize=350%2C200","width":350,"height":200},"classes":[]}],"_links":{"self":[{"href":"http:\/\/batimedianews.com\/live\/index.php\/wp-json\/wp\/v2\/posts\/28108"}],"collection":[{"href":"http:\/\/batimedianews.com\/live\/index.php\/wp-json\/wp\/v2\/posts"}],"about":[{"href":"http:\/\/batimedianews.com\/live\/index.php\/wp-json\/wp\/v2\/types\/post"}],"author":[{"embeddable":true,"href":"http:\/\/batimedianews.com\/live\/index.php\/wp-json\/wp\/v2\/users\/352"}],"replies":[{"embeddable":true,"href":"http:\/\/batimedianews.com\/live\/index.php\/wp-json\/wp\/v2\/comments?post=28108"}],"version-history":[{"count":1,"href":"http:\/\/batimedianews.com\/live\/index.php\/wp-json\/wp\/v2\/posts\/28108\/revisions"}],"predecessor-version":[{"id":28137,"href":"http:\/\/batimedianews.com\/live\/index.php\/wp-json\/wp\/v2\/posts\/28108\/revisions\/28137"}],"wp:featuredmedia":[{"embeddable":true,"href":"http:\/\/batimedianews.com\/live\/index.php\/wp-json\/wp\/v2\/media\/28136"}],"wp:attachment":[{"href":"http:\/\/batimedianews.com\/live\/index.php\/wp-json\/wp\/v2\/media?parent=28108"}],"wp:term":[{"taxonomy":"category","embeddable":true,"href":"http:\/\/batimedianews.com\/live\/index.php\/wp-json\/wp\/v2\/categories?post=28108"},{"taxonomy":"post_tag","embeddable":true,"href":"http:\/\/batimedianews.com\/live\/index.php\/wp-json\/wp\/v2\/tags?post=28108"}],"curies":[{"name":"wp","href":"https:\/\/api.w.org\/{rel}","templated":true}]}}