{"id":28566,"date":"2023-05-11T10:00:31","date_gmt":"2023-05-11T08:00:31","guid":{"rendered":"http:\/\/batimedianews.com\/live\/?p=28566"},"modified":"2023-09-06T19:08:09","modified_gmt":"2023-09-06T17:08:09","slug":"la-tuile-level-rs-remporte-lif-design-award-2023","status":"publish","type":"post","link":"http:\/\/batimedianews.com\/live\/index.php\/2023\/05\/11\/la-tuile-level-rs-remporte-lif-design-award-2023\/","title":{"rendered":"La tuile Level RS\u00ae remporte l\u2019iF DESIGN AWARD 2023"},"content":{"rendered":"\n<p>Neufahrn, Mai 2023 \u2014 ERLUS a remport\u00e9 l\u2019iF DESIGN AWARD 2023 avec sa tuile Level RS\u00ae. Le fabricant allemand rejoint ainsi les nombreux laur\u00e9ats de ce label de design \u00e0 la renomm\u00e9e mondiale. La tuile en terre cuite a \u00e9t\u00e9 r\u00e9compens\u00e9e dans la discipline \u00ab Produit \u00bb en cat\u00e9gorie \u00ab Technologie de construction \u00bb. L\u2019iF DESIGN AWARD est d\u00e9cern\u00e9 une fois par an par la plus ancienne institution de design ind\u00e9pendante au monde, l\u2019iF International Forum Design GmbH.<\/p>\n\n\n\n<figure class=\"wp-block-image size-large\"><img loading=\"lazy\" width=\"720\" height=\"177\" src=\"https:\/\/i1.wp.com\/batimedianews.com\/live\/wp-content\/uploads\/2023\/05\/image-78.png?resize=720%2C177\" alt=\"\" class=\"wp-image-28567\" srcset=\"https:\/\/i1.wp.com\/batimedianews.com\/live\/wp-content\/uploads\/2023\/05\/image-78.png?resize=1024%2C252 1024w, https:\/\/i1.wp.com\/batimedianews.com\/live\/wp-content\/uploads\/2023\/05\/image-78.png?resize=600%2C148 600w, https:\/\/i1.wp.com\/batimedianews.com\/live\/wp-content\/uploads\/2023\/05\/image-78.png?resize=768%2C189 768w, https:\/\/i1.wp.com\/batimedianews.com\/live\/wp-content\/uploads\/2023\/05\/image-78.png?resize=10%2C2 10w, https:\/\/i1.wp.com\/batimedianews.com\/live\/wp-content\/uploads\/2023\/05\/image-78.png?resize=432%2C106 432w, https:\/\/i1.wp.com\/batimedianews.com\/live\/wp-content\/uploads\/2023\/05\/image-78.png?resize=396%2C98 396w, https:\/\/i1.wp.com\/batimedianews.com\/live\/wp-content\/uploads\/2023\/05\/image-78.png?resize=1120%2C276 1120w, https:\/\/i1.wp.com\/batimedianews.com\/live\/wp-content\/uploads\/2023\/05\/image-78.png?resize=660%2C163 660w, https:\/\/i1.wp.com\/batimedianews.com\/live\/wp-content\/uploads\/2023\/05\/image-78.png?resize=710%2C175 710w, https:\/\/i1.wp.com\/batimedianews.com\/live\/wp-content\/uploads\/2023\/05\/image-78.png?w=1242 1242w\" sizes=\"(max-width: 600px) 91vw, (max-width: 900px) 600px, (max-width: 1060px) 50vw, (max-width: 1200px) 520px, (max-width: 1400px) 43vw, 600px\" data-recalc-dims=\"1\" \/><\/figure>\n\n\n\n<p>Level RS\u00ae a convaincu le jury d\u2019experts internationaux ind\u00e9pendants, compos\u00e9 de 133 personnes. La tuile propose la combinaison innovante d\u2019un design anguleux et d\u2019une fonctionnalit\u00e9 \u00e9lev\u00e9e gr\u00e2ce \u00e0 un triple embo\u00eetement lat\u00e9ral et de t\u00eate. Elle garantit une s\u00e9curit\u00e9 particuli\u00e8re contre la pluie, m\u00eame pour des pentes de toit tr\u00e8s faibles \u00e0 partir de 10 degr\u00e9s. Les jur\u00e9s ont attribu\u00e9 le label de qualit\u00e9 tant convoit\u00e9 parmi pr\u00e8s de 11 000 dossiers issus de 56 pays.<\/p>\n\n\n\n<p>Pour plus d\u2019informations sur la tuile Level RS\u00ae, consultez la rubrique \u00ab All Winners \u00bb sur le site de l\u2019iF Design : https:\/\/ifdesign.com\/en\/winner-ranking\/project\/ergoldsbacherlevel-rs\/580526<\/p>\n\n\n\n<p class=\"has-small-font-size\"><strong>\u00c0 propos d\u2019ERLUS<\/strong><\/p>\n\n\n\n<p class=\"has-small-font-size\">ERLUS AG est l\u2019un des principaux fabricants de tuiles en terre cuite et de syst\u00e8mes de conduits de fum\u00e9e en Allemagne. Cette PME produit sur les sites de Neufahrn et Ergoldsbach (Basse-Bavi\u00e8re), ainsi qu\u2019\u00e0 Teistungen (Thuringe). Les tuiles en terre cuite d\u2019ERLUS se distinguent avant tout par leur qualit\u00e9 premium et leur design haut de gamme.<\/p>\n\n\n\n<p class=\"has-small-font-size\"><strong>\u00c0 propos de l\u2019iF DESIGN AWARD<\/strong><\/p>\n\n\n\n<p class=\"has-small-font-size\">Depuis 1954, l\u2019iF DESIGN AWARD est une marque reconnue dans le monde entier et le symbole de l\u2019excellence en mati\u00e8re de design. L\u2019iF DESIGN AWARD est l\u2019un des prix de design les plus importants au monde. Il r\u00e9compense les performances de conception de toutes les disciplines : design de produit, emballage, communication et service, architecture et architecture d\u2019int\u00e9rieur, ainsi que le concept professionnel, l\u2019exp\u00e9rience utilisateur (UX) et l\u2019interface utilisateur (UI).<\/p>\n\n\n\n<p><\/p>\n","protected":false},"excerpt":{"rendered":"<p>Neufahrn, Mai 2023 \u2014 ERLUS a remport\u00e9 l\u2019iF DESIGN AWARD 2023 avec sa tuile Level RS\u00ae. Le fabricant allemand rejoint ainsi les nombreux laur\u00e9ats de ce label de design \u00e0 la renomm\u00e9e mondiale. La tuile en terre cuite a \u00e9t\u00e9 r\u00e9compens\u00e9e dans la discipline \u00ab Produit \u00bb en cat\u00e9gorie \u00ab Technologie de construction \u00bb. L\u2019iF [&hellip;]<\/p>\n","protected":false},"author":41,"featured_media":28569,"comment_status":"open","ping_status":"open","sticky":false,"template":"","format":"standard","meta":{"spay_email":""},"categories":[4,868,130],"tags":[],"jetpack_featured_media_url":"https:\/\/i1.wp.com\/batimedianews.com\/live\/wp-content\/uploads\/2023\/05\/Erlus-Article.jpg?fit=1920%2C1080","jetpack_sharing_enabled":true,"jetpack_likes_enabled":true,"jetpack-related-posts":[{"id":18856,"url":"http:\/\/batimedianews.com\/live\/index.php\/2022\/04\/06\/des-tuiles-en-terre-cuite-resistantes-a-la-pluie-pour-des-toits-durables\/","url_meta":{"origin":28566,"position":0},"title":"Des tuiles en terre cuite r\u00e9sistantes \u00e0 la pluie pour des toits durables","date":"6 avril 2022","format":false,"excerpt":"Trois experts pour les toits \u00e0 tr\u00e8s faible pente Neufahrn, avril 2022 \u2014 Les tuiles en terre cuite r\u00e9sistent aux intemp\u00e9ries, aux rayons UV, au gel et \u00e0 la gr\u00eale. Elles am\u00e9liorent \u00e9galement le bilan \u00e9nerg\u00e9tique d\u2019une maison. Erlus propose des tuiles en terre cuite robustes et r\u00e9sistantes \u00e0 la\u2026","rel":"","context":"Dans &quot;Actualit\u00e9 Entreprises&quot;","img":{"alt_text":"","src":"https:\/\/i1.wp.com\/batimedianews.com\/live\/wp-content\/uploads\/2022\/04\/Erlus-Article.jpg?fit=512%2C512&resize=350%2C200","width":350,"height":200},"classes":[]},{"id":37532,"url":"http:\/\/batimedianews.com\/live\/index.php\/2024\/05\/28\/la-tuile-karat-rs-recompensee-par-le-prix-red-dot-best-of-the-best-dans-le-domaine-de-linnovation\/","url_meta":{"origin":28566,"position":1},"title":"La tuile Karat RS r\u00e9compens\u00e9e par le prix \u00ab Red Dot : Best of the Best \u00bb dans le domaine de l\u2018innovation","date":"28 mai 2024","format":false,"excerpt":"Neufahrn, le 21 mai 2024 - La tuile Karat RS d\u2018Erlus a remport\u00e9 le Red Dot Design Award 2024 et sa plus haute distinction \u00ab Red Dot : Best of the Best \u00bb. Cette tuile en terre cuite, destin\u00e9e aux toits \u00e0 faible pente, s\u2019av\u00e8re particuli\u00e8rement r\u00e9sistante aux conditions m\u00e9t\u00e9orologiques\u2026","rel":"","context":"Dans &quot;Innovations&quot;","img":{"alt_text":"","src":"https:\/\/i1.wp.com\/batimedianews.com\/live\/wp-content\/uploads\/2024\/05\/Erlus-articles-.jpg?fit=825%2C825&resize=350%2C200","width":350,"height":200},"classes":[]},{"id":35514,"url":"http:\/\/batimedianews.com\/live\/index.php\/2024\/02\/20\/karat-rs-un-nouveau-design-pour-la-tuile-incontestablement-la-plus-resistante-a-la-penetration-des-eaux-pluviales\/","url_meta":{"origin":28566,"position":2},"title":"Karat RS : un nouveau design pour la tuile incontestablement la plus r\u00e9sistante \u00e0 la p\u00e9n\u00e9tration des eaux pluviales","date":"20 f\u00e9vrier 2024","format":false,"excerpt":"Neufahrn, 19 f\u00e9vrier 2024 - Le fabricant de tuiles en terre cuite Erlus prouve que la tradition cohabite parfaitement avec l\u2019innovation. Cinquante ans apr\u00e8s son introduction sur le march\u00e9, Erlus a modernis\u00e9 la forme et les caract\u00e9ristiques techniques du mod\u00e8le Karat RS. Cette tuile, la plus r\u00e9sistante \u00e0 la p\u00e9n\u00e9tration\u2026","rel":"","context":"Dans &quot;Actualit\u00e9 Entreprises&quot;","img":{"alt_text":"","src":"https:\/\/i2.wp.com\/batimedianews.com\/live\/wp-content\/uploads\/2024\/02\/Erlus.jpg?fit=825%2C825&resize=350%2C200","width":350,"height":200},"classes":[]},{"id":40863,"url":"http:\/\/batimedianews.com\/live\/index.php\/2024\/10\/25\/des-toitures-naturelles-inspirees-par-nos-regions-la-terre-cuite-au-coeur-des-toits-regionaux\/","url_meta":{"origin":28566,"position":3},"title":"Des toitures naturelles inspir\u00e9es par nos r\u00e9gions &#8211; La terre cuite au c\u0153ur des toits r\u00e9gionaux","date":"25 octobre 2024","format":false,"excerpt":"\u00a0Neufahrn, le 22 octobre 2024 - Les toitures en terre cuite, qui couvrent aujourd'hui 80% des maisons en France, refl\u00e8tent la richesse des traditions r\u00e9gionales \u00e0 travers leurs couleurs, leurs textures, et leurs formes distinctives. Chaque r\u00e9gion poss\u00e8de son propre caract\u00e8re, fa\u00e7onn\u00e9 par son histoire et son environnement. Les architectes,\u2026","rel":"","context":"Dans &quot;Actualit\u00e9 Entreprises&quot;","img":{"alt_text":"","src":"https:\/\/i0.wp.com\/batimedianews.com\/live\/wp-content\/uploads\/2024\/10\/Erlus.jpg?fit=825%2C825&resize=350%2C200","width":350,"height":200},"classes":[]},{"id":20047,"url":"http:\/\/batimedianews.com\/live\/index.php\/2022\/05\/16\/hettich-obtient-deux-prix-au-concours-de-design-if-design-awards\/","url_meta":{"origin":28566,"position":4},"title":"Hettich obtient deux prix au concours de design \u00a0\u00bb iF Design Awards \u00ab\u00a0","date":"16 mai 2022","format":false,"excerpt":"AvanTech YOU avec signature lumineuse et Quadro Compact FE 20 pour les armoires \u00e0 vin r\u00e9frig\u00e9r\u00e9es ont remport\u00e9 des prix\u00a0 Pas moins de deux produits \u00e9labor\u00e9s par Hettich se voient attribuer, cette ann\u00e9e, le prix renomm\u00e9 IF Design Award : dans la cat\u00e9gorie \u00ab Meuble de salon \u00bb, le jury\u2026","rel":"","context":"Dans &quot;Actualit\u00e9 Entreprises&quot;","img":{"alt_text":"","src":"https:\/\/i2.wp.com\/batimedianews.com\/live\/wp-content\/uploads\/2022\/05\/Hettich-Article.jpg?fit=1080%2C1080&resize=350%2C200","width":350,"height":200},"classes":[]},{"id":12981,"url":"http:\/\/batimedianews.com\/live\/index.php\/2021\/10\/20\/des-tuiles-pour-les-generations-futures\/","url_meta":{"origin":28566,"position":5},"title":"Des tuiles pour les g\u00e9n\u00e9rations futures","date":"20 octobre 2021","format":false,"excerpt":"\u00a0ERLUS propose une garantie de disponibilit\u00e9 pendant 20 ans\u00a0 \u00a0Neufahrn, octobre 2021 \u2014 R\u00e9novation, agrandissement, ou extension du toit dans 5, 10 ou 20 ans ? Pas de probl\u00e8me ! ERLUS offre d\u00e9sormais une garantie de disponibilit\u00e9 pendant 20 ans \u00e0 compter de la date d\u2019achat. ERLUS AG, l\u2019un des\u2026","rel":"","context":"Dans &quot;Actualit\u00e9 Entreprises&quot;","img":{"alt_text":"","src":"https:\/\/i1.wp.com\/batimedianews.com\/live\/wp-content\/uploads\/2021\/10\/Erlus-Article.jpg?fit=512%2C512&resize=350%2C200","width":350,"height":200},"classes":[]}],"_links":{"self":[{"href":"http:\/\/batimedianews.com\/live\/index.php\/wp-json\/wp\/v2\/posts\/28566"}],"collection":[{"href":"http:\/\/batimedianews.com\/live\/index.php\/wp-json\/wp\/v2\/posts"}],"about":[{"href":"http:\/\/batimedianews.com\/live\/index.php\/wp-json\/wp\/v2\/types\/post"}],"author":[{"embeddable":true,"href":"http:\/\/batimedianews.com\/live\/index.php\/wp-json\/wp\/v2\/users\/41"}],"replies":[{"embeddable":true,"href":"http:\/\/batimedianews.com\/live\/index.php\/wp-json\/wp\/v2\/comments?post=28566"}],"version-history":[{"count":2,"href":"http:\/\/batimedianews.com\/live\/index.php\/wp-json\/wp\/v2\/posts\/28566\/revisions"}],"predecessor-version":[{"id":28575,"href":"http:\/\/batimedianews.com\/live\/index.php\/wp-json\/wp\/v2\/posts\/28566\/revisions\/28575"}],"wp:featuredmedia":[{"embeddable":true,"href":"http:\/\/batimedianews.com\/live\/index.php\/wp-json\/wp\/v2\/media\/28569"}],"wp:attachment":[{"href":"http:\/\/batimedianews.com\/live\/index.php\/wp-json\/wp\/v2\/media?parent=28566"}],"wp:term":[{"taxonomy":"category","embeddable":true,"href":"http:\/\/batimedianews.com\/live\/index.php\/wp-json\/wp\/v2\/categories?post=28566"},{"taxonomy":"post_tag","embeddable":true,"href":"http:\/\/batimedianews.com\/live\/index.php\/wp-json\/wp\/v2\/tags?post=28566"}],"curies":[{"name":"wp","href":"https:\/\/api.w.org\/{rel}","templated":true}]}}