{"id":28629,"date":"2023-05-12T14:19:54","date_gmt":"2023-05-12T12:19:54","guid":{"rendered":"http:\/\/batimedianews.com\/live\/?p=28629"},"modified":"2023-09-06T19:08:09","modified_gmt":"2023-09-06T17:08:09","slug":"beaucoup-de-bois-energie-a-bepositive-2023-tres-peu-de-biofioul-et-encore-moins-de-pompes-a-chaleur-hybrides","status":"publish","type":"post","link":"http:\/\/batimedianews.com\/live\/index.php\/2023\/05\/12\/beaucoup-de-bois-energie-a-bepositive-2023-tres-peu-de-biofioul-et-encore-moins-de-pompes-a-chaleur-hybrides\/","title":{"rendered":"Beaucoup, de bois-\u00e9nergie \u00e0 BePositive 2023, tr\u00e8s peu de Biofioul et encore moins de pompes \u00e0 chaleur hybrides"},"content":{"rendered":"\n<figure class=\"wp-block-image size-large\"><img loading=\"lazy\" width=\"720\" height=\"540\" src=\"https:\/\/i1.wp.com\/batimedianews.com\/live\/wp-content\/uploads\/2023\/05\/21-Bepositive2023.jpg?resize=720%2C540\" alt=\"\" class=\"wp-image-28630\" srcset=\"https:\/\/i0.wp.com\/batimedianews.com\/live\/wp-content\/uploads\/2023\/05\/21-Bepositive2023-scaled.jpg?resize=1024%2C768 1024w, https:\/\/i0.wp.com\/batimedianews.com\/live\/wp-content\/uploads\/2023\/05\/21-Bepositive2023-scaled.jpg?resize=600%2C450 600w, https:\/\/i0.wp.com\/batimedianews.com\/live\/wp-content\/uploads\/2023\/05\/21-Bepositive2023-scaled.jpg?resize=768%2C576 768w, https:\/\/i0.wp.com\/batimedianews.com\/live\/wp-content\/uploads\/2023\/05\/21-Bepositive2023-scaled.jpg?resize=1536%2C1152 1536w, https:\/\/i0.wp.com\/batimedianews.com\/live\/wp-content\/uploads\/2023\/05\/21-Bepositive2023-scaled.jpg?resize=2048%2C1536 2048w, https:\/\/i0.wp.com\/batimedianews.com\/live\/wp-content\/uploads\/2023\/05\/21-Bepositive2023-scaled.jpg?resize=10%2C8 10w, https:\/\/i0.wp.com\/batimedianews.com\/live\/wp-content\/uploads\/2023\/05\/21-Bepositive2023-scaled.jpg?resize=432%2C324 432w, https:\/\/i0.wp.com\/batimedianews.com\/live\/wp-content\/uploads\/2023\/05\/21-Bepositive2023-scaled.jpg?resize=396%2C297 396w, https:\/\/i0.wp.com\/batimedianews.com\/live\/wp-content\/uploads\/2023\/05\/21-Bepositive2023-scaled.jpg?resize=1120%2C840 1120w, https:\/\/i0.wp.com\/batimedianews.com\/live\/wp-content\/uploads\/2023\/05\/21-Bepositive2023-scaled.jpg?resize=660%2C495 660w, https:\/\/i0.wp.com\/batimedianews.com\/live\/wp-content\/uploads\/2023\/05\/21-Bepositive2023-scaled.jpg?resize=293%2C220 293w, https:\/\/i0.wp.com\/batimedianews.com\/live\/wp-content\/uploads\/2023\/05\/21-Bepositive2023-scaled.jpg?w=1440 1440w, https:\/\/i0.wp.com\/batimedianews.com\/live\/wp-content\/uploads\/2023\/05\/21-Bepositive2023-scaled.jpg?w=2160 2160w\" sizes=\"(max-width: 600px) 91vw, (max-width: 900px) 600px, (max-width: 1060px) 50vw, (max-width: 1200px) 520px, (max-width: 1400px) 43vw, 600px\" data-recalc-dims=\"1\" \/><figcaption>Pascal Poggi pour Batim\u00e9dia<\/figcaption><\/figure>\n\n\n\n<p>L\u2019industriel fran\u00e7ais Chaudi\u00e8res Morvan proposait notamment sa gamme de chaudi\u00e8res \u00e0 granul\u00e9s GM evo qui comporte 5 mod\u00e8les de 10 \u00e0 60 kW, ainsi que sa gamme de chaudi\u00e8res \u00e0 b\u00fbches SX evo avec trois mod\u00e8les de 18 \u00e0 40 kW. Doc. PP<\/p>\n\n\n\n<p>Face \u00e0 l\u2019interdiction de vente des chaudi\u00e8res fioul neuve et \u00e0 la forte volatilit\u00e9 des prix du fioul, le bois-\u00e9nergie, les pac hybrides et le biofioul constituent les principales solutions pour remplacer les chaudi\u00e8res fioul existantes. Les trois technologies \u00e9taient pr\u00e9sentes \u00e0 BePositive 2023.<\/p>\n\n\n\n<p>Petit rappel initial, depuis le 1<sup>er<\/sup> juillet 2022, les chaudi\u00e8res fioul neuves et les chaudi\u00e8res charbon neuves sont interdites \u00e0 la vente. Cela r\u00e9sulte du d\u00e9cret du 6 janvier 2022 qui, sans mentionner aucune \u00e9nergie, interdit l\u2019installation d\u2019appareils de chauffage et de production d\u2019eau chaude sanitaire \u00e9mettant plus de 300 g de CO2eq\/kWh PCI. PCI signifiant Pouvoir Calorifique Inf\u00e9rieur. Ce plafond \u00e9limine le charbon et le fioul.<\/p>\n\n\n\n<p>Ces dispositions ne signifient pas du tout que l\u2019on ne puisse plus utiliser du fioul dans des installations existantes, ni que l\u2019on ne puisse r\u00e9parer des chaudi\u00e8res et des appareils de production d\u2019ECS existants et fonctionnant au fioul. Seule la vente de g\u00e9n\u00e9rateurs neufs est interdite, sauf s\u2019il s\u2019agit de chaudi\u00e8res con\u00e7ues pour fonctionner au biofioul F30.<\/p>\n\n\n\n<p><strong>L\u2019augmentation du prix des granul\u00e9s de bois a coup\u00e9 leur croissance<\/strong><\/p>\n\n\n\n<p>La solution la plus simple pour remplacer une chaudi\u00e8re fioul existante en fin de vie \u00e9tait l\u2019installation d\u2019une chaudi\u00e8re bois \u00e0 chargement automatique, utilisant soit des granul\u00e9s de bois, soit des plaquettes d\u00e9chiquet\u00e9es. Pour l\u2019utilisateur final, leur fonctionnement ressemble \u00e0 celui d\u2019une chaudi\u00e8re fioul&nbsp;: il se fait livrer les granul\u00e9s de bois, dits aussi pellets, les stocke dans un silo, la chaudi\u00e8re se charge automatiquement en fonction des besoins, \u2026<\/p>\n\n\n\n<p>De plus, les chaudi\u00e8res \u00e0 chargement automatique utilisant des granul\u00e9s de bois pr\u00e9sentent les meilleurs rendements de toutes les chaudi\u00e8res bois-\u00e9nergie. Sur le site du Label Flamme verte, cr\u00e9\u00e9 en 2000 par l\u2019ADEME et par les industriels et distributeurs d\u2019appareils de chauffage au bois, les meilleures chaudi\u00e8res \u00e0 granul\u00e9s sont des chaudi\u00e8res \u00e0 condensation. Elles atteignent des rendements d\u00e9passant 100% sur PCI. Les deux meilleurs g\u00e9n\u00e9rateurs du point de vue du rendement sont les chaudi\u00e8res \u00d6KOFEN Condens 18 kW avec 107,3% de rendement, \u00d6KOFEN Condens 16 kW avec 106,9%, HERZ Pelletstar Condensation de 17,2 kW et de 32,4 kW avec 106,7% de rendement, suivie par la chaudi\u00e8re Froling PE1c de 16,3 kW avec un rendement 106,6%. La meilleure chaudi\u00e8re \u00e0 b\u00fbches, la FROLING&nbsp;Chaudi\u00e8re SP Dual Compact 15, atteint un rendement de 95% sur PCI. Ce qui est encore tr\u00e8s honorable, mais plus de 12 point inf\u00e9rieur \u00e0 la meilleure chaudi\u00e8re \u00e0 granul\u00e9s.<\/p>\n\n\n\n<p>Les chaudi\u00e8res \u00e0 granul\u00e9s pr\u00e9sentent \u00e9galement de meilleures hygi\u00e8nes de combustion avec, par exemple des \u00e9missions CO de 12\u00a0mg\/Nm3 \u00e0 10% d&rsquo;O2, des \u00e9missions COV de 1\u00a0mg\/Nm3 \u00e0 10% d&rsquo;O2 et des \u00e9missions de poussi\u00e8re de 18\u00a0mg\/Nm3\u00a0\u00e0 10% d&rsquo;O2 pour la \u00d6KOFEN Condens 18 kW. Au total, le site Flamme Verte recense 85 chaudi\u00e8res \u00e0 granul\u00e9s domestiques avec des \u00e9missions de poussi\u00e8re &lt; 10\u00a0mg\/Nm3\u00a0\u00e0 10% d&rsquo;O2. Alors qu\u2019il ne pr\u00e9sente que 8 chaudi\u00e8res \u00e0 b\u00fbches avec des \u00e9missions de poussi\u00e8re &lt; 10\u00a0mg\/Nm3.<\/p>\n\n\n\n<p>Bref, les chaudi\u00e8res bois \u00e0 chargement automatique sont simples \u00e0 utiliser, offrent une excellente hygi\u00e8ne de combustion, atteignent des rendements \u00e9lev\u00e9s et, pouss\u00e9es par le remplacement des chaudi\u00e8res fioul en fin de vie, leurs ventes croissaient all\u00e8grement et augmentaient de 124,9% entre 2019 et 2021 pour atteindre 31&nbsp;910 chaudi\u00e8res domestiques \u00e0 chargement automatique vendues en 2021 selon Obser\u2019VER http:\/\/www.energies-renouvelables.org\/observ-er\/etudes\/Observ-ER-Marche-2021-appareils-chauffage-bois20220519.pdf, l\u2019observatoire des \u00e9nergies renouvelables.<\/p>\n\n\n\n<p>Puis, selon le CEEB (Centre d\u2019Etude de l\u2019Economie du Bois) <a href=\"file:\/\/\/C:\/Users\/paspo\/Dropbox\/Mon%20PC%20(LAPTOP-EP9GE497)\/Downloads\/CEEB%20Enquete%20Producteurs%20Granules%20Bois%202%202023-02.pdf\">file:\/\/\/C:\/Users\/paspo\/Dropbox\/Mon%20PC%20(LAPTOP-EP9GE497)\/Downloads\/CEEB%20Enquete%20Producteurs%20Granules%20Bois%202%202023-02.pdf<\/a>, le prix des pellets a commenc\u00e9 \u00e0 augmenter rapidement d\u00e8s mai 2021.<\/p>\n\n\n\n<p>La rapide augmentation du prix des pellets depuis mai 2021 a brutalement donn\u00e9 un coup d\u2019arr\u00eat aux ventes de chaudi\u00e8res \u00e0 granul\u00e9s.<\/p>\n\n\n\n<figure class=\"wp-block-image size-large\"><img loading=\"lazy\" width=\"720\" height=\"960\" src=\"https:\/\/i0.wp.com\/batimedianews.com\/live\/wp-content\/uploads\/2023\/05\/23-Bepositive2023.jpg?resize=720%2C960\" alt=\"\" class=\"wp-image-28631\" srcset=\"https:\/\/i0.wp.com\/batimedianews.com\/live\/wp-content\/uploads\/2023\/05\/23-Bepositive2023-scaled.jpg?resize=768%2C1024 768w, https:\/\/i0.wp.com\/batimedianews.com\/live\/wp-content\/uploads\/2023\/05\/23-Bepositive2023-scaled.jpg?resize=450%2C600 450w, https:\/\/i0.wp.com\/batimedianews.com\/live\/wp-content\/uploads\/2023\/05\/23-Bepositive2023-scaled.jpg?resize=1152%2C1536 1152w, https:\/\/i0.wp.com\/batimedianews.com\/live\/wp-content\/uploads\/2023\/05\/23-Bepositive2023-scaled.jpg?resize=1536%2C2048 1536w, https:\/\/i0.wp.com\/batimedianews.com\/live\/wp-content\/uploads\/2023\/05\/23-Bepositive2023-scaled.jpg?resize=8%2C10 8w, https:\/\/i0.wp.com\/batimedianews.com\/live\/wp-content\/uploads\/2023\/05\/23-Bepositive2023-scaled.jpg?resize=432%2C576 432w, https:\/\/i0.wp.com\/batimedianews.com\/live\/wp-content\/uploads\/2023\/05\/23-Bepositive2023-scaled.jpg?resize=396%2C528 396w, https:\/\/i0.wp.com\/batimedianews.com\/live\/wp-content\/uploads\/2023\/05\/23-Bepositive2023-scaled.jpg?resize=1120%2C1493 1120w, https:\/\/i0.wp.com\/batimedianews.com\/live\/wp-content\/uploads\/2023\/05\/23-Bepositive2023-scaled.jpg?resize=660%2C880 660w, https:\/\/i0.wp.com\/batimedianews.com\/live\/wp-content\/uploads\/2023\/05\/23-Bepositive2023-scaled.jpg?resize=165%2C220 165w, https:\/\/i0.wp.com\/batimedianews.com\/live\/wp-content\/uploads\/2023\/05\/23-Bepositive2023-scaled.jpg?w=1920 1920w, https:\/\/i0.wp.com\/batimedianews.com\/live\/wp-content\/uploads\/2023\/05\/23-Bepositive2023-scaled.jpg?w=1440 1440w\" sizes=\"(max-width: 600px) 91vw, (max-width: 900px) 600px, (max-width: 1060px) 50vw, (max-width: 1200px) 520px, (max-width: 1400px) 43vw, 600px\" data-recalc-dims=\"1\" \/><figcaption>Pascal Poggi pour Batim\u00e9dia<\/figcaption><\/figure>\n\n\n\n<p>A partir d\u2019une base 100 en octobre 2016, l\u2019indice de prix des granul\u00e9s atteignait 102,8 (Vrac) et 106,6 (Sac de 15 kg) en Mai 2021, puis culminait \u00e0 252,7 (Vrac) et 240,9 (Sac) en novembre 2022. Soit, une multiplication par 2,46 en 19 mois. Depuis, le prix des pellets redescend et atteint 7,60 \u20ac TTC par sac de 15 kg, soit 0,50 \u20ac TTC\/kg et 450 \u20ac TTC\/tonne d\u00e9but avril 2023. Doc. PP<\/p>\n\n\n\n<p><strong>Une br\u00e8ve chutes des ventes de chaudi\u00e8res \u00e0 granul\u00e9s&nbsp;?<\/strong><\/p>\n\n\n\n<p>Les r\u00e9sultats des ventes 2022, donn\u00e9s par Obser\u2019VER, ne seront pas connus avant mai 2023. Mais le syndicat Uniclima indiquait en F\u00e9vrier 2023, une augmentation des ventes de chaudi\u00e8res biomasse de 24% pour atteindre 42&nbsp;000 ventes, en remarquant que les ventes de chaudi\u00e8res \u00e0 b\u00fbches repr\u00e9sentent 10% du total des ventes, contre 90% pour les chaudi\u00e8res \u00e0 chargement automatique. Uniclima indique que les ventes ont fortement ralenti au cours des trois derniers mois de 2022. Notant encore que la revalorisation pourtant incitative de pr\u00e8s de 2 000 euros de MaPrimeR\u00e9nov\u2019 et du \u00ab Boost coup de pouce \u00bb CEE pour la biomasse sont pratiquement rest\u00e9e sans effet.<\/p>\n\n\n\n<p>A BePositive, cependant, les exposants annon\u00e7aient une forte baisse des ventes de chaudi\u00e8res \u00e0 chargement automatique, pour partie au profit des chaudi\u00e8res \u00e0 b\u00fbches. Certains exposants mentionnaient tout de m\u00eame jusqu\u2019\u00e0 70% de baisse des ventes de chaudi\u00e8res biomasse \u00e0 chargement automatique en 2022 par rapport \u00e0 2021.<\/p>\n\n\n\n<figure class=\"wp-block-image size-large\"><img loading=\"lazy\" width=\"720\" height=\"540\" src=\"https:\/\/i0.wp.com\/batimedianews.com\/live\/wp-content\/uploads\/2023\/05\/18-Bepositive2023.jpg?resize=720%2C540\" alt=\"\" class=\"wp-image-28632\" srcset=\"https:\/\/i1.wp.com\/batimedianews.com\/live\/wp-content\/uploads\/2023\/05\/18-Bepositive2023-scaled.jpg?resize=1024%2C768 1024w, https:\/\/i1.wp.com\/batimedianews.com\/live\/wp-content\/uploads\/2023\/05\/18-Bepositive2023-scaled.jpg?resize=600%2C450 600w, https:\/\/i1.wp.com\/batimedianews.com\/live\/wp-content\/uploads\/2023\/05\/18-Bepositive2023-scaled.jpg?resize=768%2C576 768w, https:\/\/i1.wp.com\/batimedianews.com\/live\/wp-content\/uploads\/2023\/05\/18-Bepositive2023-scaled.jpg?resize=1536%2C1152 1536w, https:\/\/i1.wp.com\/batimedianews.com\/live\/wp-content\/uploads\/2023\/05\/18-Bepositive2023-scaled.jpg?resize=2048%2C1536 2048w, https:\/\/i1.wp.com\/batimedianews.com\/live\/wp-content\/uploads\/2023\/05\/18-Bepositive2023-scaled.jpg?resize=10%2C8 10w, https:\/\/i1.wp.com\/batimedianews.com\/live\/wp-content\/uploads\/2023\/05\/18-Bepositive2023-scaled.jpg?resize=432%2C324 432w, https:\/\/i1.wp.com\/batimedianews.com\/live\/wp-content\/uploads\/2023\/05\/18-Bepositive2023-scaled.jpg?resize=396%2C297 396w, https:\/\/i1.wp.com\/batimedianews.com\/live\/wp-content\/uploads\/2023\/05\/18-Bepositive2023-scaled.jpg?resize=1120%2C840 1120w, https:\/\/i1.wp.com\/batimedianews.com\/live\/wp-content\/uploads\/2023\/05\/18-Bepositive2023-scaled.jpg?resize=660%2C495 660w, https:\/\/i1.wp.com\/batimedianews.com\/live\/wp-content\/uploads\/2023\/05\/18-Bepositive2023-scaled.jpg?resize=293%2C220 293w, https:\/\/i1.wp.com\/batimedianews.com\/live\/wp-content\/uploads\/2023\/05\/18-Bepositive2023-scaled.jpg?w=1440 1440w, https:\/\/i1.wp.com\/batimedianews.com\/live\/wp-content\/uploads\/2023\/05\/18-Bepositive2023-scaled.jpg?w=2160 2160w\" sizes=\"(max-width: 600px) 91vw, (max-width: 900px) 600px, (max-width: 1060px) 50vw, (max-width: 1200px) 520px, (max-width: 1400px) 43vw, 600px\" data-recalc-dims=\"1\" \/><figcaption>Pascal Poggi pour Batim\u00e9dia<\/figcaption><\/figure>\n\n\n\n<p>Les chaudi\u00e8res \u00e0 granul\u00e9s de bois, ou pellets, offrent une meilleure hygi\u00e8ne de combustion, un rendement plus \u00e9lev\u00e9 que les chaudi\u00e8res \u00e0 b\u00fbches et un fonctionnement automatique. <\/p>\n\n\n\n<figure class=\"wp-block-image size-large\"><img loading=\"lazy\" width=\"720\" height=\"540\" src=\"https:\/\/i2.wp.com\/batimedianews.com\/live\/wp-content\/uploads\/2023\/05\/19-Bepositive2023.jpg?resize=720%2C540\" alt=\"\" class=\"wp-image-28633\" srcset=\"https:\/\/i0.wp.com\/batimedianews.com\/live\/wp-content\/uploads\/2023\/05\/19-Bepositive2023-scaled.jpg?resize=1024%2C768 1024w, https:\/\/i0.wp.com\/batimedianews.com\/live\/wp-content\/uploads\/2023\/05\/19-Bepositive2023-scaled.jpg?resize=600%2C450 600w, https:\/\/i0.wp.com\/batimedianews.com\/live\/wp-content\/uploads\/2023\/05\/19-Bepositive2023-scaled.jpg?resize=768%2C576 768w, https:\/\/i0.wp.com\/batimedianews.com\/live\/wp-content\/uploads\/2023\/05\/19-Bepositive2023-scaled.jpg?resize=1536%2C1152 1536w, https:\/\/i0.wp.com\/batimedianews.com\/live\/wp-content\/uploads\/2023\/05\/19-Bepositive2023-scaled.jpg?resize=2048%2C1536 2048w, https:\/\/i0.wp.com\/batimedianews.com\/live\/wp-content\/uploads\/2023\/05\/19-Bepositive2023-scaled.jpg?resize=10%2C8 10w, https:\/\/i0.wp.com\/batimedianews.com\/live\/wp-content\/uploads\/2023\/05\/19-Bepositive2023-scaled.jpg?resize=432%2C324 432w, https:\/\/i0.wp.com\/batimedianews.com\/live\/wp-content\/uploads\/2023\/05\/19-Bepositive2023-scaled.jpg?resize=396%2C297 396w, https:\/\/i0.wp.com\/batimedianews.com\/live\/wp-content\/uploads\/2023\/05\/19-Bepositive2023-scaled.jpg?resize=1120%2C840 1120w, https:\/\/i0.wp.com\/batimedianews.com\/live\/wp-content\/uploads\/2023\/05\/19-Bepositive2023-scaled.jpg?resize=660%2C495 660w, https:\/\/i0.wp.com\/batimedianews.com\/live\/wp-content\/uploads\/2023\/05\/19-Bepositive2023-scaled.jpg?resize=293%2C220 293w, https:\/\/i0.wp.com\/batimedianews.com\/live\/wp-content\/uploads\/2023\/05\/19-Bepositive2023-scaled.jpg?w=1440 1440w, https:\/\/i0.wp.com\/batimedianews.com\/live\/wp-content\/uploads\/2023\/05\/19-Bepositive2023-scaled.jpg?w=2160 2160w\" sizes=\"(max-width: 600px) 91vw, (max-width: 900px) 600px, (max-width: 1060px) 50vw, (max-width: 1200px) 520px, (max-width: 1400px) 43vw, 600px\" data-recalc-dims=\"1\" \/><figcaption>Pascal Poggi pour Batim\u00e9dia<\/figcaption><\/figure>\n\n\n\n<p>Fr\u00f6hling estimait \u00e0 BePositive qu\u2019apr\u00e8s une s\u00e9v\u00e8re baisse des ventes de chaudi\u00e8res \u00e0 granul\u00e9s domestique, les ventes repartaient dans le segment des chaudi\u00e8res \u00e0 granul\u00e9s de grosse puissance, notamment pour le remplacement de chaudi\u00e8res fioul en chaufferie. Les chaudi\u00e8res domestiques PE1e pellet sont propos\u00e9es, en prix public, entre 18\u00a0550 \u20ac HT pour 45 kW de puissance nominale et 20\u00a0326 \u20ac pour 60 kW. <\/p>\n\n\n\n<figure class=\"wp-block-image size-large\"><img loading=\"lazy\" width=\"720\" height=\"960\" src=\"https:\/\/i2.wp.com\/batimedianews.com\/live\/wp-content\/uploads\/2023\/05\/20-Bepositive2023.jpg?resize=720%2C960\" alt=\"\" class=\"wp-image-28634\" srcset=\"https:\/\/i1.wp.com\/batimedianews.com\/live\/wp-content\/uploads\/2023\/05\/20-Bepositive2023-scaled.jpg?resize=768%2C1024 768w, https:\/\/i1.wp.com\/batimedianews.com\/live\/wp-content\/uploads\/2023\/05\/20-Bepositive2023-scaled.jpg?resize=450%2C600 450w, https:\/\/i1.wp.com\/batimedianews.com\/live\/wp-content\/uploads\/2023\/05\/20-Bepositive2023-scaled.jpg?resize=1152%2C1536 1152w, https:\/\/i1.wp.com\/batimedianews.com\/live\/wp-content\/uploads\/2023\/05\/20-Bepositive2023-scaled.jpg?resize=1536%2C2048 1536w, https:\/\/i1.wp.com\/batimedianews.com\/live\/wp-content\/uploads\/2023\/05\/20-Bepositive2023-scaled.jpg?resize=8%2C10 8w, https:\/\/i1.wp.com\/batimedianews.com\/live\/wp-content\/uploads\/2023\/05\/20-Bepositive2023-scaled.jpg?resize=432%2C576 432w, https:\/\/i1.wp.com\/batimedianews.com\/live\/wp-content\/uploads\/2023\/05\/20-Bepositive2023-scaled.jpg?resize=396%2C528 396w, https:\/\/i1.wp.com\/batimedianews.com\/live\/wp-content\/uploads\/2023\/05\/20-Bepositive2023-scaled.jpg?resize=1120%2C1493 1120w, https:\/\/i1.wp.com\/batimedianews.com\/live\/wp-content\/uploads\/2023\/05\/20-Bepositive2023-scaled.jpg?resize=660%2C880 660w, https:\/\/i1.wp.com\/batimedianews.com\/live\/wp-content\/uploads\/2023\/05\/20-Bepositive2023-scaled.jpg?resize=165%2C220 165w, https:\/\/i1.wp.com\/batimedianews.com\/live\/wp-content\/uploads\/2023\/05\/20-Bepositive2023-scaled.jpg?w=1920 1920w, https:\/\/i1.wp.com\/batimedianews.com\/live\/wp-content\/uploads\/2023\/05\/20-Bepositive2023-scaled.jpg?w=1440 1440w\" sizes=\"(max-width: 600px) 91vw, (max-width: 900px) 600px, (max-width: 1060px) 50vw, (max-width: 1200px) 520px, (max-width: 1400px) 43vw, 600px\" data-recalc-dims=\"1\" \/><figcaption>Pascal Poggi pour Batim\u00e9dia<\/figcaption><\/figure>\n\n\n\n<p>Fr\u00f6hling estimait \u00e0 BePositive que ses chaudi\u00e8res T4e 20 \u2013 60 de 20 \u00e0 60 kW, \u00e0 fonctionnement automatique et utilisant soit des granul\u00e9s de bois, soit des plaquettes d\u00e9chiquet\u00e9es, dont les prix n\u2019ont pas subi d\u2019augmentation forte, voient leurs ventes cro\u00eetre face \u00e0 l\u2019augmentation du prix des pellets.<\/p>\n\n\n\n<figure class=\"wp-block-image size-large\"><img loading=\"lazy\" width=\"720\" height=\"960\" src=\"https:\/\/i0.wp.com\/batimedianews.com\/live\/wp-content\/uploads\/2023\/05\/22-Bepositive2023.jpg?resize=720%2C960\" alt=\"\" class=\"wp-image-28635\" srcset=\"https:\/\/i0.wp.com\/batimedianews.com\/live\/wp-content\/uploads\/2023\/05\/22-Bepositive2023-scaled.jpg?resize=768%2C1024 768w, https:\/\/i0.wp.com\/batimedianews.com\/live\/wp-content\/uploads\/2023\/05\/22-Bepositive2023-scaled.jpg?resize=450%2C600 450w, https:\/\/i0.wp.com\/batimedianews.com\/live\/wp-content\/uploads\/2023\/05\/22-Bepositive2023-scaled.jpg?resize=1152%2C1536 1152w, https:\/\/i0.wp.com\/batimedianews.com\/live\/wp-content\/uploads\/2023\/05\/22-Bepositive2023-scaled.jpg?resize=1536%2C2048 1536w, https:\/\/i0.wp.com\/batimedianews.com\/live\/wp-content\/uploads\/2023\/05\/22-Bepositive2023-scaled.jpg?resize=8%2C10 8w, https:\/\/i0.wp.com\/batimedianews.com\/live\/wp-content\/uploads\/2023\/05\/22-Bepositive2023-scaled.jpg?resize=432%2C576 432w, https:\/\/i0.wp.com\/batimedianews.com\/live\/wp-content\/uploads\/2023\/05\/22-Bepositive2023-scaled.jpg?resize=396%2C528 396w, https:\/\/i0.wp.com\/batimedianews.com\/live\/wp-content\/uploads\/2023\/05\/22-Bepositive2023-scaled.jpg?resize=1120%2C1493 1120w, https:\/\/i0.wp.com\/batimedianews.com\/live\/wp-content\/uploads\/2023\/05\/22-Bepositive2023-scaled.jpg?resize=660%2C880 660w, https:\/\/i0.wp.com\/batimedianews.com\/live\/wp-content\/uploads\/2023\/05\/22-Bepositive2023-scaled.jpg?resize=165%2C220 165w, https:\/\/i0.wp.com\/batimedianews.com\/live\/wp-content\/uploads\/2023\/05\/22-Bepositive2023-scaled.jpg?w=1920 1920w, https:\/\/i0.wp.com\/batimedianews.com\/live\/wp-content\/uploads\/2023\/05\/22-Bepositive2023-scaled.jpg?w=1440 1440w\" sizes=\"(max-width: 600px) 91vw, (max-width: 900px) 600px, (max-width: 1060px) 50vw, (max-width: 1200px) 520px, (max-width: 1400px) 43vw, 600px\" data-recalc-dims=\"1\" \/><figcaption>Pascal Poggi pour Batim\u00e9dia<\/figcaption><\/figure>\n\n\n\n<p>La chaudi\u00e8re \u00e0 granul\u00e9s de bois, Pellematic Home d\u2019\u00d6kofen est con\u00e7ue pour les maisons individuelles neuves et offre une puissance de 3 \u00e0 7 kW. Doc. PP<\/p>\n\n\n\n<figure class=\"wp-block-image size-large\"><img loading=\"lazy\" width=\"720\" height=\"960\" src=\"https:\/\/i0.wp.com\/batimedianews.com\/live\/wp-content\/uploads\/2023\/05\/24-Bepositive2023.jpg?resize=720%2C960\" alt=\"\" class=\"wp-image-28636\" srcset=\"https:\/\/i1.wp.com\/batimedianews.com\/live\/wp-content\/uploads\/2023\/05\/24-Bepositive2023-scaled.jpg?resize=768%2C1024 768w, https:\/\/i1.wp.com\/batimedianews.com\/live\/wp-content\/uploads\/2023\/05\/24-Bepositive2023-scaled.jpg?resize=450%2C600 450w, https:\/\/i1.wp.com\/batimedianews.com\/live\/wp-content\/uploads\/2023\/05\/24-Bepositive2023-scaled.jpg?resize=1152%2C1536 1152w, https:\/\/i1.wp.com\/batimedianews.com\/live\/wp-content\/uploads\/2023\/05\/24-Bepositive2023-scaled.jpg?resize=1536%2C2048 1536w, https:\/\/i1.wp.com\/batimedianews.com\/live\/wp-content\/uploads\/2023\/05\/24-Bepositive2023-scaled.jpg?resize=8%2C10 8w, https:\/\/i1.wp.com\/batimedianews.com\/live\/wp-content\/uploads\/2023\/05\/24-Bepositive2023-scaled.jpg?resize=432%2C576 432w, https:\/\/i1.wp.com\/batimedianews.com\/live\/wp-content\/uploads\/2023\/05\/24-Bepositive2023-scaled.jpg?resize=396%2C528 396w, https:\/\/i1.wp.com\/batimedianews.com\/live\/wp-content\/uploads\/2023\/05\/24-Bepositive2023-scaled.jpg?resize=1120%2C1493 1120w, https:\/\/i1.wp.com\/batimedianews.com\/live\/wp-content\/uploads\/2023\/05\/24-Bepositive2023-scaled.jpg?resize=660%2C880 660w, https:\/\/i1.wp.com\/batimedianews.com\/live\/wp-content\/uploads\/2023\/05\/24-Bepositive2023-scaled.jpg?resize=165%2C220 165w, https:\/\/i1.wp.com\/batimedianews.com\/live\/wp-content\/uploads\/2023\/05\/24-Bepositive2023-scaled.jpg?w=1920 1920w, https:\/\/i1.wp.com\/batimedianews.com\/live\/wp-content\/uploads\/2023\/05\/24-Bepositive2023-scaled.jpg?w=1440 1440w\" sizes=\"(max-width: 600px) 91vw, (max-width: 900px) 600px, (max-width: 1060px) 50vw, (max-width: 1200px) 520px, (max-width: 1400px) 43vw, 600px\" data-recalc-dims=\"1\" \/><figcaption>Pascal Poggi pour Batim\u00e9dia<\/figcaption><\/figure>\n\n\n\n<p>La chaudi\u00e8re \u00e0 granul\u00e9s Pellematic Compact constitue le c\u0153ur de gamme d\u2019\u00d6kofen et offre des puissances de 10 \u00e0 32 kW. \u00d6kofen mettait aussi en avant son nouveau g\u00e9n\u00e9rateur Pellematic Smart XS ZEROFLAME qui offre des puissances de 10 \u00e0 18 kW, un nettoyage, un d\u00e9cendrage et un ramonage automatiques. C\u2019est une chaudi\u00e8re \u00e0 condensation dont le rendement atteint 105%. Ses \u00e9missions de \u00e9missions de poussi\u00e8re varient de 2 \u00e0 3\u00a0mg\/Nm3\u00a0\u00e0 10% d&rsquo;O2, sans filtration. C\u2019est de loin le niveau le plus bas du march\u00e9. <\/p>\n\n\n\n<figure class=\"wp-block-image size-large\"><img loading=\"lazy\" width=\"720\" height=\"960\" src=\"https:\/\/i0.wp.com\/batimedianews.com\/live\/wp-content\/uploads\/2023\/05\/29-Bepositive2023.jpg?resize=720%2C960\" alt=\"\" class=\"wp-image-28637\" srcset=\"https:\/\/i0.wp.com\/batimedianews.com\/live\/wp-content\/uploads\/2023\/05\/29-Bepositive2023-scaled.jpg?resize=768%2C1024 768w, https:\/\/i0.wp.com\/batimedianews.com\/live\/wp-content\/uploads\/2023\/05\/29-Bepositive2023-scaled.jpg?resize=450%2C600 450w, https:\/\/i0.wp.com\/batimedianews.com\/live\/wp-content\/uploads\/2023\/05\/29-Bepositive2023-scaled.jpg?resize=1152%2C1536 1152w, https:\/\/i0.wp.com\/batimedianews.com\/live\/wp-content\/uploads\/2023\/05\/29-Bepositive2023-scaled.jpg?resize=1536%2C2048 1536w, https:\/\/i0.wp.com\/batimedianews.com\/live\/wp-content\/uploads\/2023\/05\/29-Bepositive2023-scaled.jpg?resize=8%2C10 8w, https:\/\/i0.wp.com\/batimedianews.com\/live\/wp-content\/uploads\/2023\/05\/29-Bepositive2023-scaled.jpg?resize=432%2C576 432w, https:\/\/i0.wp.com\/batimedianews.com\/live\/wp-content\/uploads\/2023\/05\/29-Bepositive2023-scaled.jpg?resize=396%2C528 396w, https:\/\/i0.wp.com\/batimedianews.com\/live\/wp-content\/uploads\/2023\/05\/29-Bepositive2023-scaled.jpg?resize=1120%2C1493 1120w, https:\/\/i0.wp.com\/batimedianews.com\/live\/wp-content\/uploads\/2023\/05\/29-Bepositive2023-scaled.jpg?resize=660%2C880 660w, https:\/\/i0.wp.com\/batimedianews.com\/live\/wp-content\/uploads\/2023\/05\/29-Bepositive2023-scaled.jpg?resize=165%2C220 165w, https:\/\/i0.wp.com\/batimedianews.com\/live\/wp-content\/uploads\/2023\/05\/29-Bepositive2023-scaled.jpg?w=1920 1920w, https:\/\/i0.wp.com\/batimedianews.com\/live\/wp-content\/uploads\/2023\/05\/29-Bepositive2023-scaled.jpg?w=1440 1440w\" sizes=\"(max-width: 600px) 91vw, (max-width: 900px) 600px, (max-width: 1060px) 50vw, (max-width: 1200px) 520px, (max-width: 1400px) 43vw, 600px\" data-recalc-dims=\"1\" \/><figcaption>Pascal Poggi pour Batim\u00e9dia<\/figcaption><\/figure>\n\n\n\n<p>Ariane Perge, Directrice Commerciale et Marketing de Chaudi\u00e8res Perge, souligne un ph\u00e9nom\u00e8ne tout \u00e0 fait nouveau&nbsp;: on leur ach\u00e8te des chaudi\u00e8res b\u00fbches en rel\u00e8ve de chaudi\u00e8res \u00e0 granul\u00e9s de bois. Chaudi\u00e8res Perge a m\u00eame d\u00e9velopp\u00e9 un kit de rel\u00e8ve \u2013 hydraulique + \u00e9lectronique et r\u00e9gulation \u2013 pour assurer le pilotage d\u2019une chaudi\u00e8re \u00e0 granul\u00e9s Perge OptiPellet et d\u2019une chaudi\u00e8re \u00e0 b\u00fbches Perge MC Classique. La chaudi\u00e8re \u00e0 bois MC Classique de Chaudi\u00e8res Perge est un mod\u00e8le d\u2019entr\u00e9e de gamme \u00e0 tirage naturel de 20 ou 40 kW, chauffage seul ou chauffage et ECS par ballon s\u00e9par\u00e9, qui peut fonctionner sans ballon tampon et revient environ \u00e0 4500 \u20ac au client final. Doc. PP<\/p>\n\n\n\n<p><strong>Et le biofioul&nbsp;?<\/strong><\/p>\n\n\n\n<p>Le biofioul constitue l\u2019une des solutions pour remplacer le fioul. Ariane Perge, Directrice Commerciale et Marketing de Chaudi\u00e8res Perge, explique d\u2019ailleurs que le fioul F30 est \u00e0 peine plus cher que le fioul classique. Par exemple, Bollor\u00e9 Energy vend Calorza, son biofioul F30, seulement 1 c\u20ac\/l plus cher que le fioul classique. Les chaudi\u00e8res adapt\u00e9es au fioul F30 co\u00fbtent tout de m\u00eame \u00e0 peu pr\u00e8s 15% de plus que les meilleures chaudi\u00e8res fioul. Du coup leurs ventes demeurent confidentielles. Chaudi\u00e8res Perge en propose d\u00e9j\u00e0 Chez Perge. La chaudi\u00e8re biofioul Perge Optitherm Connect+ fonctionne m\u00eame d\u00e9j\u00e0 avec du fioul F55 dans un centre de test.<\/p>\n\n\n\n<figure class=\"wp-block-image size-large\"><img loading=\"lazy\" width=\"720\" height=\"540\" src=\"https:\/\/i2.wp.com\/batimedianews.com\/live\/wp-content\/uploads\/2023\/05\/27-Bepositive2023.jpg?resize=720%2C540\" alt=\"\" class=\"wp-image-28638\" srcset=\"https:\/\/i2.wp.com\/batimedianews.com\/live\/wp-content\/uploads\/2023\/05\/27-Bepositive2023-scaled.jpg?resize=1024%2C768 1024w, https:\/\/i2.wp.com\/batimedianews.com\/live\/wp-content\/uploads\/2023\/05\/27-Bepositive2023-scaled.jpg?resize=600%2C450 600w, https:\/\/i2.wp.com\/batimedianews.com\/live\/wp-content\/uploads\/2023\/05\/27-Bepositive2023-scaled.jpg?resize=768%2C576 768w, https:\/\/i2.wp.com\/batimedianews.com\/live\/wp-content\/uploads\/2023\/05\/27-Bepositive2023-scaled.jpg?resize=1536%2C1152 1536w, https:\/\/i2.wp.com\/batimedianews.com\/live\/wp-content\/uploads\/2023\/05\/27-Bepositive2023-scaled.jpg?resize=2048%2C1536 2048w, https:\/\/i2.wp.com\/batimedianews.com\/live\/wp-content\/uploads\/2023\/05\/27-Bepositive2023-scaled.jpg?resize=10%2C8 10w, https:\/\/i2.wp.com\/batimedianews.com\/live\/wp-content\/uploads\/2023\/05\/27-Bepositive2023-scaled.jpg?resize=432%2C324 432w, https:\/\/i2.wp.com\/batimedianews.com\/live\/wp-content\/uploads\/2023\/05\/27-Bepositive2023-scaled.jpg?resize=396%2C297 396w, https:\/\/i2.wp.com\/batimedianews.com\/live\/wp-content\/uploads\/2023\/05\/27-Bepositive2023-scaled.jpg?resize=1120%2C840 1120w, https:\/\/i2.wp.com\/batimedianews.com\/live\/wp-content\/uploads\/2023\/05\/27-Bepositive2023-scaled.jpg?resize=660%2C495 660w, https:\/\/i2.wp.com\/batimedianews.com\/live\/wp-content\/uploads\/2023\/05\/27-Bepositive2023-scaled.jpg?resize=293%2C220 293w, https:\/\/i2.wp.com\/batimedianews.com\/live\/wp-content\/uploads\/2023\/05\/27-Bepositive2023-scaled.jpg?w=1440 1440w, https:\/\/i2.wp.com\/batimedianews.com\/live\/wp-content\/uploads\/2023\/05\/27-Bepositive2023-scaled.jpg?w=2160 2160w\" sizes=\"(max-width: 600px) 91vw, (max-width: 900px) 600px, (max-width: 1060px) 50vw, (max-width: 1200px) 520px, (max-width: 1400px) 43vw, 600px\" data-recalc-dims=\"1\" \/><figcaption>Pascal Poggi pour Batim\u00e9dia<\/figcaption><\/figure>\n\n\n\n<p>Chaudi\u00e8res Perge propose d\u00e9j\u00e0 deux gammes de chaudi\u00e8res compatibles avec le biofioul F30\u00a0: les chaudi\u00e8res \u00e0 condensation OptiCondens et les chaudi\u00e8res basse temp\u00e9rature Optitherm. Les deux gammes offrent des puissances de 24 ou de 32 kW, sont disponible en ventouse ou sur conduit de chemin\u00e9e, assurent le chauffage ou le chauffage et la pr\u00e9paration d\u2019ECS gr\u00e2ce \u00e0 un pr\u00e9parateur associ\u00e9.<\/p>\n\n\n\n<p><strong>Les pompes \u00e0 chaleur hybrides fonctionnent parfaitement, mais se vendent peu<\/strong><\/p>\n\n\n\n<p>Chaudi\u00e8res Perge propose \u00e9galement des pompes \u00e0 chaleur hybrides. Le march\u00e9 \u2013 tel qu\u2019il est avec moins de 3000 pi\u00e8ces en 2021 \u2013 se tourne plut\u00f4t vers les pac hybrides avec chaudi\u00e8re gaz. Chez Chaudi\u00e8res Perge, les pac hybrides sont plut\u00f4t associ\u00e9es \u00e0 une chaudi\u00e8re fioul.<\/p>\n\n\n\n<figure class=\"wp-block-image size-large\"><img loading=\"lazy\" width=\"720\" height=\"960\" src=\"https:\/\/i0.wp.com\/batimedianews.com\/live\/wp-content\/uploads\/2023\/05\/30-Bepositive2023.jpg?resize=720%2C960\" alt=\"\" class=\"wp-image-28639\" srcset=\"https:\/\/i0.wp.com\/batimedianews.com\/live\/wp-content\/uploads\/2023\/05\/30-Bepositive2023-scaled.jpg?resize=768%2C1024 768w, https:\/\/i0.wp.com\/batimedianews.com\/live\/wp-content\/uploads\/2023\/05\/30-Bepositive2023-scaled.jpg?resize=450%2C600 450w, https:\/\/i0.wp.com\/batimedianews.com\/live\/wp-content\/uploads\/2023\/05\/30-Bepositive2023-scaled.jpg?resize=1152%2C1536 1152w, https:\/\/i0.wp.com\/batimedianews.com\/live\/wp-content\/uploads\/2023\/05\/30-Bepositive2023-scaled.jpg?resize=1536%2C2048 1536w, https:\/\/i0.wp.com\/batimedianews.com\/live\/wp-content\/uploads\/2023\/05\/30-Bepositive2023-scaled.jpg?resize=8%2C10 8w, https:\/\/i0.wp.com\/batimedianews.com\/live\/wp-content\/uploads\/2023\/05\/30-Bepositive2023-scaled.jpg?resize=432%2C576 432w, https:\/\/i0.wp.com\/batimedianews.com\/live\/wp-content\/uploads\/2023\/05\/30-Bepositive2023-scaled.jpg?resize=396%2C528 396w, https:\/\/i0.wp.com\/batimedianews.com\/live\/wp-content\/uploads\/2023\/05\/30-Bepositive2023-scaled.jpg?resize=1120%2C1493 1120w, https:\/\/i0.wp.com\/batimedianews.com\/live\/wp-content\/uploads\/2023\/05\/30-Bepositive2023-scaled.jpg?resize=660%2C880 660w, https:\/\/i0.wp.com\/batimedianews.com\/live\/wp-content\/uploads\/2023\/05\/30-Bepositive2023-scaled.jpg?resize=165%2C220 165w, https:\/\/i0.wp.com\/batimedianews.com\/live\/wp-content\/uploads\/2023\/05\/30-Bepositive2023-scaled.jpg?w=1920 1920w, https:\/\/i0.wp.com\/batimedianews.com\/live\/wp-content\/uploads\/2023\/05\/30-Bepositive2023-scaled.jpg?w=1440 1440w\" sizes=\"(max-width: 600px) 91vw, (max-width: 900px) 600px, (max-width: 1060px) 50vw, (max-width: 1200px) 520px, (max-width: 1400px) 43vw, 600px\" data-recalc-dims=\"1\" \/><figcaption>Pascal Poggi pour Batim\u00e9dia<\/figcaption><\/figure>\n\n\n\n<p>La pac hybride OptiPac MR32 Hybride au R32 de Chaudi\u00e8res Perge est propos\u00e9e en trois versions&nbsp;:<\/p>\n\n\n\n<p>&#8211; L\u2019OptiPac MR32 sans module int\u00e9rieur est simple \u00e0 installer, mais requiert un d\u00e9bit d\u2019eau dans l&rsquo;installation toujours sup\u00e9rieur \u00e0 600 litres\/heure.<\/p>\n\n\n\n<p>&#8211; L\u2019OptiPac MR32 avec module int\u00e9rieur de d\u00e9couplage fonctionne quel que soit le d\u00e9bit de l\u2019installation. Le module int\u00e9rieur est livr\u00e9 mont\u00e9 et c\u00e2bl\u00e9 pour un seul circuit de chauffage. En option, un pr\u00e9parateur d\u2019ECS externe assure la production d\u2019eau chaude.<\/p>\n\n\n\n<p>&#8211; L\u2019OptiPac MR32 avec module int\u00e9rieur chauffage + ECS int\u00e9gr\u00e9e fonctionne quel que soit le d\u00e9bit d\u2019eau et ajoute un pr\u00e9parateur d\u2019ECS en acier inoxydable int\u00e9gr\u00e9. Doc. PP<\/p>\n\n\n\n<p>Notre prochain et dernier article sur BePositive portera sur le solaire thermique et photovolta\u00efque.<\/p>\n","protected":false},"excerpt":{"rendered":"<p>L\u2019industriel fran\u00e7ais Chaudi\u00e8res Morvan proposait notamment sa gamme de chaudi\u00e8res \u00e0 granul\u00e9s GM evo qui comporte 5 mod\u00e8les de 10 \u00e0 60 kW, ainsi que sa gamme de chaudi\u00e8res \u00e0 b\u00fbches SX evo avec trois mod\u00e8les de 18 \u00e0 40 kW. Doc. PP Face \u00e0 l\u2019interdiction de vente des chaudi\u00e8res fioul neuve et \u00e0 la [&hellip;]<\/p>\n","protected":false},"author":352,"featured_media":28640,"comment_status":"open","ping_status":"open","sticky":false,"template":"","format":"standard","meta":{"spay_email":""},"categories":[2283,2314],"tags":[],"jetpack_featured_media_url":"https:\/\/i1.wp.com\/batimedianews.com\/live\/wp-content\/uploads\/2023\/05\/be-positive-chaudie\u0300re-.png?fit=1200%2C1200","jetpack_sharing_enabled":true,"jetpack_likes_enabled":true,"jetpack-related-posts":[{"id":42909,"url":"http:\/\/batimedianews.com\/live\/index.php\/2025\/02\/14\/biofioul-en-chauffage-individuel-deconstruisons-les-prejuges-sur-le-marche-francais\/","url_meta":{"origin":28629,"position":0},"title":"Biofioul en chauffage individuel : d\u00e9construisons les pr\u00e9jug\u00e9s sur le march\u00e9 fran\u00e7ais","date":"14 f\u00e9vrier 2025","format":false,"excerpt":"Comment se positionne le biofioul sur le march\u00e9 du chauffage individuel en France ? Quel est l\u2019avenir de cette \u00e9nergie alternative au fioul ? Grant, fabricant leader irlandais de solutions de chauffage \u00e0 \u00e9nergies renouvelables, vous propose une analyse factuelle de ce biocarburant, pour en finir avec les a priori\u2026","rel":"","context":"Dans &quot;Actualit\u00e9 Entreprises&quot;","img":{"alt_text":"","src":"https:\/\/i0.wp.com\/batimedianews.com\/live\/wp-content\/uploads\/2025\/02\/Grant-articles-.jpg?fit=825%2C825&resize=350%2C200","width":350,"height":200},"classes":[]},{"id":29410,"url":"http:\/\/batimedianews.com\/live\/index.php\/2023\/06\/23\/de-dietrich-des-solutions-hybrides-pour-repondre-aux-enjeux-ecologiques\/","url_meta":{"origin":28629,"position":1},"title":"DE DIETRICH des solutions hybrides pour r\u00e9pondre aux enjeux \u00e9cologiques","date":"23 juin 2023","format":false,"excerpt":"Les solutions hybrides combinent dans un seul chauffage global deux g\u00e9n\u00e9rateurs de chaleur. Elles permettent de profiter de leurs avantages respectifs en fonction de la localisation et de la temp\u00e9rature ext\u00e9rieure, pour r\u00e9pondre de fa\u00e7on optimale aux enjeux \u00e9cologiques, \u00e9conomiques et au besoin de confort.\u00a0 Ainsi, De Dietrich propose de\u2026","rel":"","context":"Dans &quot;Actualit\u00e9 Entreprises&quot;","img":{"alt_text":"","src":"https:\/\/i0.wp.com\/batimedianews.com\/live\/wp-content\/uploads\/2023\/06\/De-Dietrich-Article.jpg?fit=1080%2C1080&resize=350%2C200","width":350,"height":200},"classes":[]},{"id":11279,"url":"http:\/\/batimedianews.com\/live\/index.php\/2021\/07\/27\/evolution-de-la-legislation-sur-les-chaudieres-au-fioul-les-materiels-biofioul-ready-sont-deja-disponibles\/","url_meta":{"origin":28629,"position":2},"title":"Evolution de la l\u00e9gislation sur les chaudi\u00e8res au fioul : Les mat\u00e9riels Biofioul Ready sont d\u00e9j\u00e0 disponibles","date":"27 juillet 2021","format":false,"excerpt":"Avec l\u2019entr\u00e9e en vigueur d\u2019une nouvelle l\u00e9gislation sur les chaudi\u00e8res fioul au 1er juillet 2022, les acteurs du march\u00e9 se pr\u00e9parent pour proposer aux consommateurs des mat\u00e9riels compatibles avec du biocombustible. Appel\u00e9es \u00ab Biofioul Ready \u00bb, ces chaudi\u00e8res au combustible liquide nouvelle g\u00e9n\u00e9ration sont d\u2019ores-et-d\u00e9j\u00e0 disponibles chez de nombreux fournisseurs\u2026","rel":"","context":"Dans &quot;Actualit\u00e9 Entreprises&quot;","img":{"alt_text":"","src":"https:\/\/i1.wp.com\/batimedianews.com\/live\/wp-content\/uploads\/2021\/07\/FF3C-Article.jpg?fit=512%2C512&resize=350%2C200","width":350,"height":200},"classes":[]},{"id":14756,"url":"http:\/\/batimedianews.com\/live\/index.php\/2022\/01\/12\/publication-du-decret-instituant-la-transition-du-fioul-domestique-vers-le-biofioul\/","url_meta":{"origin":28629,"position":3},"title":"Publication du d\u00e9cret instituant la transition du fioul domestique vers le biofioul :","date":"12 janvier 2022","format":false,"excerpt":"Les acteurs impliqu\u00e9s dans le d\u00e9veloppement du biofioul saluent un texte ambitieux sur le plan environnemental et qui m\u00e9nage le libre choix des consommateurs des territoires p\u00e9riurbains et ruraux.\u00a0 \u00a0EN BREF :\u00a0 Le D\u00e9cret r\u00e8glementant l\u2019installation d\u2019\u00e9quipements thermiques neufs dans les b\u00e2timents neufs et existants (r\u00e9sidentiel et tertiaire) a \u00e9t\u00e9\u2026","rel":"","context":"Dans &quot;Chauffage&quot;","img":{"alt_text":"","src":"https:\/\/i2.wp.com\/batimedianews.com\/live\/wp-content\/uploads\/2022\/01\/Uniclima-Article.jpg?fit=512%2C512&resize=350%2C200","width":350,"height":200},"classes":[]},{"id":28108,"url":"http:\/\/batimedianews.com\/live\/index.php\/2023\/04\/22\/au-salon-bepositive-le-chauffage-cest-bois-energie-ou-pompes-a-chaleur\/","url_meta":{"origin":28629,"position":4},"title":"Au salon BePositive, le chauffage, c\u2019est bois-\u00e9nergie ou pompes \u00e0 chaleur","date":"22 avril 2023","format":false,"excerpt":"Les chaudi\u00e8res gaz et fioul semblent avoir presque enti\u00e8rement disparu du paysage des salons europ\u00e9ens, au profit des chaudi\u00e8res bois et des pompes \u00e0 chaleur. Le salon BePositive \u00e0 Lyon n\u2019a pas d\u00e9rog\u00e9 \u00e0 la r\u00e8gle. Pascal Poggi pour Batim\u00e9dia Chaudi\u00e8res Perge propose des chaudi\u00e8res bois et des chaudi\u00e8res hybrides,\u2026","rel":"","context":"Dans &quot;Articles et analyses&quot;","img":{"alt_text":"","src":"https:\/\/i1.wp.com\/batimedianews.com\/live\/wp-content\/uploads\/2023\/04\/bepositive1.jpeg?fit=1200%2C1200&resize=350%2C200","width":350,"height":200},"classes":[]},{"id":10437,"url":"http:\/\/batimedianews.com\/live\/index.php\/2021\/06\/11\/interdiction-dinstallation-de-nouvelles-chaudieres-fioul-pres-d1-consommateur-sur-2-souhaite-rester-au-fioul\/","url_meta":{"origin":28629,"position":5},"title":"Interdiction d\u2019installation de nouvelles chaudi\u00e8res fioul : pr\u00e8s d\u20191 consommateur sur 2 souhaite rester au fioul","date":"11 juin 2021","format":false,"excerpt":"Initialement pr\u00e9vue le 1er janvier 2022 dans l\u2019ancien, l\u2019interdiction d\u2019installer des chaudi\u00e8res fioul neuves vient de b\u00e9n\u00e9ficier d\u2019un sursis : Barbara Pompili, ministre de la Transition \u00e9cologique, a annonc\u00e9 son report \u00e0 la \u201cmi-2022\u201d, lors d\u2019une audition \u00e0 l\u2019Assembl\u00e9e nationale le 3 juin. En France, 3,5 millions de foyers fran\u00e7ais\u2026","rel":"","context":"Dans &quot;Chantiers&quot;","img":{"alt_text":"","src":"https:\/\/i2.wp.com\/batimedianews.com\/live\/wp-content\/uploads\/2021\/06\/Hellio-Article.jpg?fit=512%2C512&resize=350%2C200","width":350,"height":200},"classes":[]}],"_links":{"self":[{"href":"http:\/\/batimedianews.com\/live\/index.php\/wp-json\/wp\/v2\/posts\/28629"}],"collection":[{"href":"http:\/\/batimedianews.com\/live\/index.php\/wp-json\/wp\/v2\/posts"}],"about":[{"href":"http:\/\/batimedianews.com\/live\/index.php\/wp-json\/wp\/v2\/types\/post"}],"author":[{"embeddable":true,"href":"http:\/\/batimedianews.com\/live\/index.php\/wp-json\/wp\/v2\/users\/352"}],"replies":[{"embeddable":true,"href":"http:\/\/batimedianews.com\/live\/index.php\/wp-json\/wp\/v2\/comments?post=28629"}],"version-history":[{"count":1,"href":"http:\/\/batimedianews.com\/live\/index.php\/wp-json\/wp\/v2\/posts\/28629\/revisions"}],"predecessor-version":[{"id":28641,"href":"http:\/\/batimedianews.com\/live\/index.php\/wp-json\/wp\/v2\/posts\/28629\/revisions\/28641"}],"wp:featuredmedia":[{"embeddable":true,"href":"http:\/\/batimedianews.com\/live\/index.php\/wp-json\/wp\/v2\/media\/28640"}],"wp:attachment":[{"href":"http:\/\/batimedianews.com\/live\/index.php\/wp-json\/wp\/v2\/media?parent=28629"}],"wp:term":[{"taxonomy":"category","embeddable":true,"href":"http:\/\/batimedianews.com\/live\/index.php\/wp-json\/wp\/v2\/categories?post=28629"},{"taxonomy":"post_tag","embeddable":true,"href":"http:\/\/batimedianews.com\/live\/index.php\/wp-json\/wp\/v2\/tags?post=28629"}],"curies":[{"name":"wp","href":"https:\/\/api.w.org\/{rel}","templated":true}]}}