{"id":28642,"date":"2023-05-15T09:23:00","date_gmt":"2023-05-15T07:23:00","guid":{"rendered":"http:\/\/batimedianews.com\/live\/?p=28642"},"modified":"2023-09-06T19:07:52","modified_gmt":"2023-09-06T17:07:52","slug":"le-solaire-photovoltaique-a-bepositive","status":"publish","type":"post","link":"http:\/\/batimedianews.com\/live\/index.php\/2023\/05\/15\/le-solaire-photovoltaique-a-bepositive\/","title":{"rendered":"Le solaire photovolta\u00efque \u00e0 BePositive"},"content":{"rendered":"\n<p>BePositive \u00e0 Lyon devient l\u2019un des premiers salons fran\u00e7ais pour le photovolta\u00efque. On y trouve des distributeurs, des panneaux photovolta\u00efques, des kits de montage en toiture et en fa\u00e7ade, du stockage d\u2019\u00e9lectricit\u00e9 physique et virtuel.<\/p>\n\n\n\n<figure class=\"wp-block-image size-large\"><img loading=\"lazy\" width=\"720\" height=\"540\" src=\"https:\/\/i0.wp.com\/batimedianews.com\/live\/wp-content\/uploads\/2023\/05\/24-BePositiveSolaire.jpg?resize=720%2C540\" alt=\"A BePositive, enphase montrait deux nouveaut\u00e9s sur plusieurs stands : d\u2019une part, les IQ8 Series Microinverters, tr\u00e8s puissants et pr\u00eats pour le r\u00e9seau intelligent, con\u00e7us pour s\u2019adapter \u00e0 la derni\u00e8re g\u00e9n\u00e9ration de modules PV \u00e0 haut rendement ; d\u2019autre part sa batterie de stockage modulaire IQ Batteries de 3,5 ou de 10 kWh. Doc. PP\" class=\"wp-image-28643\" srcset=\"https:\/\/i2.wp.com\/batimedianews.com\/live\/wp-content\/uploads\/2023\/05\/24-BePositiveSolaire-scaled.jpg?resize=1024%2C768 1024w, https:\/\/i2.wp.com\/batimedianews.com\/live\/wp-content\/uploads\/2023\/05\/24-BePositiveSolaire-scaled.jpg?resize=600%2C450 600w, https:\/\/i2.wp.com\/batimedianews.com\/live\/wp-content\/uploads\/2023\/05\/24-BePositiveSolaire-scaled.jpg?resize=768%2C576 768w, https:\/\/i2.wp.com\/batimedianews.com\/live\/wp-content\/uploads\/2023\/05\/24-BePositiveSolaire-scaled.jpg?resize=1536%2C1152 1536w, https:\/\/i2.wp.com\/batimedianews.com\/live\/wp-content\/uploads\/2023\/05\/24-BePositiveSolaire-scaled.jpg?resize=2048%2C1536 2048w, https:\/\/i2.wp.com\/batimedianews.com\/live\/wp-content\/uploads\/2023\/05\/24-BePositiveSolaire-scaled.jpg?resize=10%2C8 10w, https:\/\/i2.wp.com\/batimedianews.com\/live\/wp-content\/uploads\/2023\/05\/24-BePositiveSolaire-scaled.jpg?resize=432%2C324 432w, https:\/\/i2.wp.com\/batimedianews.com\/live\/wp-content\/uploads\/2023\/05\/24-BePositiveSolaire-scaled.jpg?resize=396%2C297 396w, https:\/\/i2.wp.com\/batimedianews.com\/live\/wp-content\/uploads\/2023\/05\/24-BePositiveSolaire-scaled.jpg?resize=1120%2C840 1120w, https:\/\/i2.wp.com\/batimedianews.com\/live\/wp-content\/uploads\/2023\/05\/24-BePositiveSolaire-scaled.jpg?resize=660%2C495 660w, https:\/\/i2.wp.com\/batimedianews.com\/live\/wp-content\/uploads\/2023\/05\/24-BePositiveSolaire-scaled.jpg?resize=293%2C220 293w, https:\/\/i2.wp.com\/batimedianews.com\/live\/wp-content\/uploads\/2023\/05\/24-BePositiveSolaire-scaled.jpg?w=1440 1440w, https:\/\/i2.wp.com\/batimedianews.com\/live\/wp-content\/uploads\/2023\/05\/24-BePositiveSolaire-scaled.jpg?w=2160 2160w\" sizes=\"(max-width: 600px) 91vw, (max-width: 900px) 600px, (max-width: 1060px) 50vw, (max-width: 1200px) 520px, (max-width: 1400px) 43vw, 600px\" data-recalc-dims=\"1\" \/><figcaption>Pascal Poggi pour Batim\u00e9dia<\/figcaption><\/figure>\n\n\n\n<p>A BePositive, enphase montrait deux nouveaut\u00e9s sur plusieurs stands&nbsp;: d\u2019une part, les IQ8 Series Microinverters, tr\u00e8s puissants et pr\u00eats pour le r\u00e9seau intelligent, con\u00e7us pour s\u2019adapter \u00e0 la derni\u00e8re g\u00e9n\u00e9ration de modules PV \u00e0 haut rendement&nbsp;; d\u2019autre part sa batterie de stockage modulaire IQ Batteries de 3,5 ou de 10 kWh. Doc. PP<\/p>\n\n\n\n<p>Apr\u00e8s le solaire thermique et le PVT (thermique + photovolta\u00efque), voici le photovolta\u00efque au salon BePositive qui s\u2019est tenu \u00e0 Lyon du 21 au 23 Mars dernier. Nous commen\u00e7ons tout de suite par un exposant que nous ne connaissions pas du tout&nbsp;: Ultra\u00e7ade Industries.<\/p>\n\n\n\n<p><strong>Le photovolta\u00efque en fa\u00e7ade<\/strong><\/p>\n\n\n\n<p>Ultra\u00e7ade Industries est membre du groupe Fimavi, qui, depuis 1986, fournit de la t\u00f4lerie pour le b\u00e2timent. L\u2019id\u00e9e de Jean-Charles Battu, responsable de cette activit\u00e9, est que pour installer du photovolta\u00efque sur les b\u00e2timents tertiaires, l\u2019espace de toiture ne suffit pas et qu\u2019il faut. investir les fa\u00e7ades. Ultra\u00e7ade Industries <a href=\"https:\/\/www.ultracade.industries\/\">https:\/\/www.ultracade.industries\/<\/a> a d\u00e9velopp\u00e9 donc une offre unique de fa\u00e7ades 3D actives et positives, int\u00e9grant des panneaux solaires photovolta\u00efques. Le syst\u00e8me se compose de seulement 13 pi\u00e8ces diff\u00e9rentes \u00e0 imbriquer pour cr\u00e9er les cassettes en aluminium composite (aluminium, mati\u00e8re de synth\u00e8se et laine min\u00e9rale pour l\u2019isolation thermique). Les tests sismiques et les essais en soufflerie ont d\u00e9j\u00e0 \u00e9t\u00e9 r\u00e9alis\u00e9s. Les essais au feu sont en cours pour aboutir \u00e0 un ATEC, dont le processus est d\u00e9j\u00e0 entam\u00e9, d\u2019ici quelques mois.<\/p>\n\n\n\n<figure class=\"wp-block-image size-large\"><img loading=\"lazy\" width=\"720\" height=\"960\" src=\"https:\/\/i0.wp.com\/batimedianews.com\/live\/wp-content\/uploads\/2023\/05\/16-BePositiveSolaire.jpg?resize=720%2C960\" alt=\"Ultra\u00e7ade Industries est membre du groupe Fimavi, qui, depuis 1986, fournit de la t\u00f4lerie pour le b\u00e2timent. L\u2019id\u00e9e de Jean-Charles Battu, responsable de cette activit\u00e9, est que pour installer du photovolta\u00efque sur les b\u00e2timents tertiaires, l\u2019espace de toiture ne suffit pas et qu\u2019il faut. investir les fa\u00e7ades.\" class=\"wp-image-28644\" srcset=\"https:\/\/i1.wp.com\/batimedianews.com\/live\/wp-content\/uploads\/2023\/05\/16-BePositiveSolaire-scaled.jpg?resize=768%2C1024 768w, https:\/\/i1.wp.com\/batimedianews.com\/live\/wp-content\/uploads\/2023\/05\/16-BePositiveSolaire-scaled.jpg?resize=450%2C600 450w, https:\/\/i1.wp.com\/batimedianews.com\/live\/wp-content\/uploads\/2023\/05\/16-BePositiveSolaire-scaled.jpg?resize=1152%2C1536 1152w, https:\/\/i1.wp.com\/batimedianews.com\/live\/wp-content\/uploads\/2023\/05\/16-BePositiveSolaire-scaled.jpg?resize=1536%2C2048 1536w, https:\/\/i1.wp.com\/batimedianews.com\/live\/wp-content\/uploads\/2023\/05\/16-BePositiveSolaire-scaled.jpg?resize=8%2C10 8w, https:\/\/i1.wp.com\/batimedianews.com\/live\/wp-content\/uploads\/2023\/05\/16-BePositiveSolaire-scaled.jpg?resize=432%2C576 432w, https:\/\/i1.wp.com\/batimedianews.com\/live\/wp-content\/uploads\/2023\/05\/16-BePositiveSolaire-scaled.jpg?resize=396%2C528 396w, https:\/\/i1.wp.com\/batimedianews.com\/live\/wp-content\/uploads\/2023\/05\/16-BePositiveSolaire-scaled.jpg?resize=1120%2C1493 1120w, https:\/\/i1.wp.com\/batimedianews.com\/live\/wp-content\/uploads\/2023\/05\/16-BePositiveSolaire-scaled.jpg?resize=660%2C880 660w, https:\/\/i1.wp.com\/batimedianews.com\/live\/wp-content\/uploads\/2023\/05\/16-BePositiveSolaire-scaled.jpg?resize=165%2C220 165w, https:\/\/i1.wp.com\/batimedianews.com\/live\/wp-content\/uploads\/2023\/05\/16-BePositiveSolaire-scaled.jpg?w=1920 1920w, https:\/\/i1.wp.com\/batimedianews.com\/live\/wp-content\/uploads\/2023\/05\/16-BePositiveSolaire-scaled.jpg?w=1440 1440w\" sizes=\"(max-width: 600px) 91vw, (max-width: 900px) 600px, (max-width: 1060px) 50vw, (max-width: 1200px) 520px, (max-width: 1400px) 43vw, 600px\" data-recalc-dims=\"1\" \/><figcaption>Pascal Poggi pour Batim\u00e9dia<\/figcaption><\/figure>\n\n\n\n<p>Selon Jean-Charles Battu, Directeur G\u00e9n\u00e9ral de l\u2019activit\u00e9 Ultra\u00e7ade Industries, le co\u00fbt du syst\u00e8me, sans les onduleurs, revient \u00e0 350\u20ac\/m\u00b2. Plusieurs couleurs de panneaux sont disponibles, les panneaux photovolta\u00efques Vertex S de Trina Solar offrent jusqu\u2019\u00e0 410 Wc de puissance nominale et sont notamment fournis sur le march\u00e9 fran\u00e7ais par le distributeur PowerConnect. La solution sera commercialis\u00e9e d\u00e8s la fin du mois d\u2019avril en France. <\/p>\n\n\n\n<figure class=\"wp-block-image size-large\"><img loading=\"lazy\" width=\"720\" height=\"540\" src=\"https:\/\/i2.wp.com\/batimedianews.com\/live\/wp-content\/uploads\/2023\/05\/19-BePositiveSolaire.jpg?resize=720%2C540\" alt=\"\" class=\"wp-image-28645\" srcset=\"https:\/\/i0.wp.com\/batimedianews.com\/live\/wp-content\/uploads\/2023\/05\/19-BePositiveSolaire-scaled.jpg?resize=1024%2C768 1024w, https:\/\/i0.wp.com\/batimedianews.com\/live\/wp-content\/uploads\/2023\/05\/19-BePositiveSolaire-scaled.jpg?resize=600%2C450 600w, https:\/\/i0.wp.com\/batimedianews.com\/live\/wp-content\/uploads\/2023\/05\/19-BePositiveSolaire-scaled.jpg?resize=768%2C576 768w, https:\/\/i0.wp.com\/batimedianews.com\/live\/wp-content\/uploads\/2023\/05\/19-BePositiveSolaire-scaled.jpg?resize=1536%2C1152 1536w, https:\/\/i0.wp.com\/batimedianews.com\/live\/wp-content\/uploads\/2023\/05\/19-BePositiveSolaire-scaled.jpg?resize=2048%2C1536 2048w, https:\/\/i0.wp.com\/batimedianews.com\/live\/wp-content\/uploads\/2023\/05\/19-BePositiveSolaire-scaled.jpg?resize=10%2C8 10w, https:\/\/i0.wp.com\/batimedianews.com\/live\/wp-content\/uploads\/2023\/05\/19-BePositiveSolaire-scaled.jpg?resize=432%2C324 432w, https:\/\/i0.wp.com\/batimedianews.com\/live\/wp-content\/uploads\/2023\/05\/19-BePositiveSolaire-scaled.jpg?resize=396%2C297 396w, https:\/\/i0.wp.com\/batimedianews.com\/live\/wp-content\/uploads\/2023\/05\/19-BePositiveSolaire-scaled.jpg?resize=1120%2C840 1120w, https:\/\/i0.wp.com\/batimedianews.com\/live\/wp-content\/uploads\/2023\/05\/19-BePositiveSolaire-scaled.jpg?resize=660%2C495 660w, https:\/\/i0.wp.com\/batimedianews.com\/live\/wp-content\/uploads\/2023\/05\/19-BePositiveSolaire-scaled.jpg?resize=293%2C220 293w, https:\/\/i0.wp.com\/batimedianews.com\/live\/wp-content\/uploads\/2023\/05\/19-BePositiveSolaire-scaled.jpg?w=1440 1440w, https:\/\/i0.wp.com\/batimedianews.com\/live\/wp-content\/uploads\/2023\/05\/19-BePositiveSolaire-scaled.jpg?w=2160 2160w\" sizes=\"(max-width: 600px) 91vw, (max-width: 900px) 600px, (max-width: 1060px) 50vw, (max-width: 1200px) 520px, (max-width: 1400px) 43vw, 600px\" data-recalc-dims=\"1\" \/><figcaption>Pascal Poggi pour Batim\u00e9dia<\/figcaption><\/figure>\n\n\n\n<p>La fa\u00e7ade3D de Ultra\u00e7ade Industries m\u00e9nage des emplacements pour passer les c\u00e2bles de raccordement et installer les micro-onduleurs.<\/p>\n\n\n\n<figure class=\"wp-block-image size-large\"><img loading=\"lazy\" width=\"720\" height=\"540\" src=\"https:\/\/i2.wp.com\/batimedianews.com\/live\/wp-content\/uploads\/2023\/05\/17-BePositiveSolaire.jpg?resize=720%2C540\" alt=\"\" class=\"wp-image-28646\" srcset=\"https:\/\/i0.wp.com\/batimedianews.com\/live\/wp-content\/uploads\/2023\/05\/17-BePositiveSolaire-scaled.jpg?resize=1024%2C768 1024w, https:\/\/i0.wp.com\/batimedianews.com\/live\/wp-content\/uploads\/2023\/05\/17-BePositiveSolaire-scaled.jpg?resize=600%2C450 600w, https:\/\/i0.wp.com\/batimedianews.com\/live\/wp-content\/uploads\/2023\/05\/17-BePositiveSolaire-scaled.jpg?resize=768%2C576 768w, https:\/\/i0.wp.com\/batimedianews.com\/live\/wp-content\/uploads\/2023\/05\/17-BePositiveSolaire-scaled.jpg?resize=1536%2C1152 1536w, https:\/\/i0.wp.com\/batimedianews.com\/live\/wp-content\/uploads\/2023\/05\/17-BePositiveSolaire-scaled.jpg?resize=2048%2C1536 2048w, https:\/\/i0.wp.com\/batimedianews.com\/live\/wp-content\/uploads\/2023\/05\/17-BePositiveSolaire-scaled.jpg?resize=10%2C8 10w, https:\/\/i0.wp.com\/batimedianews.com\/live\/wp-content\/uploads\/2023\/05\/17-BePositiveSolaire-scaled.jpg?resize=432%2C324 432w, https:\/\/i0.wp.com\/batimedianews.com\/live\/wp-content\/uploads\/2023\/05\/17-BePositiveSolaire-scaled.jpg?resize=396%2C297 396w, https:\/\/i0.wp.com\/batimedianews.com\/live\/wp-content\/uploads\/2023\/05\/17-BePositiveSolaire-scaled.jpg?resize=1120%2C840 1120w, https:\/\/i0.wp.com\/batimedianews.com\/live\/wp-content\/uploads\/2023\/05\/17-BePositiveSolaire-scaled.jpg?resize=660%2C495 660w, https:\/\/i0.wp.com\/batimedianews.com\/live\/wp-content\/uploads\/2023\/05\/17-BePositiveSolaire-scaled.jpg?resize=293%2C220 293w, https:\/\/i0.wp.com\/batimedianews.com\/live\/wp-content\/uploads\/2023\/05\/17-BePositiveSolaire-scaled.jpg?w=1440 1440w, https:\/\/i0.wp.com\/batimedianews.com\/live\/wp-content\/uploads\/2023\/05\/17-BePositiveSolaire-scaled.jpg?w=2160 2160w\" sizes=\"(max-width: 600px) 91vw, (max-width: 900px) 600px, (max-width: 1060px) 50vw, (max-width: 1200px) 520px, (max-width: 1400px) 43vw, 600px\" data-recalc-dims=\"1\" \/><figcaption>Pascal Poggi pour Batim\u00e9dia<\/figcaption><\/figure>\n\n\n\n<p>Ultra\u00e7ade Industries pr\u00e9sentait notamment \u00e0 BePositive, deux kits 3D standardis\u00e9s de pour poser 3,6 ou 6 kWc photovolta\u00efques en fa\u00e7ade de b\u00e2timents tertiaires. Toute l\u2019offre de Ultra\u00e7ade Industries est fabriqu\u00e9e \u00e0 Cebazat, pr\u00e8s de Clermont-Ferrand. <\/p>\n\n\n\n<figure class=\"wp-block-image size-large\"><img loading=\"lazy\" width=\"720\" height=\"324\" src=\"https:\/\/i2.wp.com\/batimedianews.com\/live\/wp-content\/uploads\/2023\/05\/18-BePositiveSolaire.jpg?resize=720%2C324\" alt=\"\" class=\"wp-image-28647\" srcset=\"https:\/\/i0.wp.com\/batimedianews.com\/live\/wp-content\/uploads\/2023\/05\/18-BePositiveSolaire-scaled.jpg?resize=1024%2C461 1024w, https:\/\/i0.wp.com\/batimedianews.com\/live\/wp-content\/uploads\/2023\/05\/18-BePositiveSolaire-scaled.jpg?resize=600%2C270 600w, https:\/\/i0.wp.com\/batimedianews.com\/live\/wp-content\/uploads\/2023\/05\/18-BePositiveSolaire-scaled.jpg?resize=768%2C346 768w, https:\/\/i0.wp.com\/batimedianews.com\/live\/wp-content\/uploads\/2023\/05\/18-BePositiveSolaire-scaled.jpg?resize=1536%2C691 1536w, https:\/\/i0.wp.com\/batimedianews.com\/live\/wp-content\/uploads\/2023\/05\/18-BePositiveSolaire-scaled.jpg?resize=2048%2C922 2048w, https:\/\/i0.wp.com\/batimedianews.com\/live\/wp-content\/uploads\/2023\/05\/18-BePositiveSolaire-scaled.jpg?resize=10%2C5 10w, https:\/\/i0.wp.com\/batimedianews.com\/live\/wp-content\/uploads\/2023\/05\/18-BePositiveSolaire-scaled.jpg?resize=432%2C194 432w, https:\/\/i0.wp.com\/batimedianews.com\/live\/wp-content\/uploads\/2023\/05\/18-BePositiveSolaire-scaled.jpg?resize=396%2C178 396w, https:\/\/i0.wp.com\/batimedianews.com\/live\/wp-content\/uploads\/2023\/05\/18-BePositiveSolaire-scaled.jpg?resize=1120%2C504 1120w, https:\/\/i0.wp.com\/batimedianews.com\/live\/wp-content\/uploads\/2023\/05\/18-BePositiveSolaire-scaled.jpg?resize=660%2C297 660w, https:\/\/i0.wp.com\/batimedianews.com\/live\/wp-content\/uploads\/2023\/05\/18-BePositiveSolaire-scaled.jpg?resize=489%2C220 489w, https:\/\/i0.wp.com\/batimedianews.com\/live\/wp-content\/uploads\/2023\/05\/18-BePositiveSolaire-scaled.jpg?w=1440 1440w, https:\/\/i0.wp.com\/batimedianews.com\/live\/wp-content\/uploads\/2023\/05\/18-BePositiveSolaire-scaled.jpg?w=2160 2160w\" sizes=\"(max-width: 600px) 91vw, (max-width: 900px) 600px, (max-width: 1060px) 50vw, (max-width: 1200px) 520px, (max-width: 1400px) 43vw, 600px\" data-recalc-dims=\"1\" \/><figcaption>Pascal Poggi pour Batim\u00e9dia<\/figcaption><\/figure>\n\n\n\n<p>Ultra\u00e7ade Industries dispose de plusieurs autres syst\u00e8mes&nbsp;: ULTRA Ground des fixations lest\u00e9es pour la pose de PV au sol&nbsp;; ULTRA Flat, des cassettes ultra-plates pour la pose de PV sur toiture terrasse&nbsp;; ULTRA Roof, un syst\u00e8me de lestage photovolta\u00efque pour toiture terrasse et ULTRA Watt, un kit complet Plug&amp;Play pr\u00eat \u00e0 poser au sol, d\u2019une puissance unitaire de 830 Wc que l\u2019on peut monter en cascade deux \u00e0 deux&nbsp;: 1660 Wc. ULTRA Watt se connecte \u00e0 une seule prise \u00e9lectrique de la maison, \u00e0 l\u2019aide d\u2019une fiche WiFi connect\u00e9e fournie par Tuya. Une application Tuya aussi permet de piloter l\u2019installation et de suivre la production PV de l\u2019installation. <\/p>\n\n\n\n<p><strong>Standardisation des puissances des panneaux photovolta\u00efques par usage<\/strong><\/p>\n\n\n\n<p>Il \u00e9tait frappant de constater \u00e0 BePositive, que trois standards de puissance des panneaux photovolta\u00efques sont apparus, en fonction des emplois. Le panneau PV pour toiture en pente offre des puissances entre 375 et 450 Wc. Leur puissance est limit\u00e9e par le poids des panneaux. Pour une installation en toiture en pente, ils doivent pouvoir \u00eatre manutentionn\u00e9s par une ou deux personnes. Ce qui limite leur poids entre 20 \u00e0 30 kg, donc contraint leur surface et leur puissance.<\/p>\n\n\n\n<figure class=\"wp-block-image size-large\"><img loading=\"lazy\" width=\"720\" height=\"960\" src=\"https:\/\/i2.wp.com\/batimedianews.com\/live\/wp-content\/uploads\/2023\/05\/20-BePositiveSolaire.jpg?resize=720%2C960\" alt=\"\" class=\"wp-image-28648\" srcset=\"https:\/\/i0.wp.com\/batimedianews.com\/live\/wp-content\/uploads\/2023\/05\/20-BePositiveSolaire-scaled.jpg?resize=768%2C1024 768w, https:\/\/i0.wp.com\/batimedianews.com\/live\/wp-content\/uploads\/2023\/05\/20-BePositiveSolaire-scaled.jpg?resize=450%2C600 450w, https:\/\/i0.wp.com\/batimedianews.com\/live\/wp-content\/uploads\/2023\/05\/20-BePositiveSolaire-scaled.jpg?resize=1152%2C1536 1152w, https:\/\/i0.wp.com\/batimedianews.com\/live\/wp-content\/uploads\/2023\/05\/20-BePositiveSolaire-scaled.jpg?resize=1536%2C2048 1536w, https:\/\/i0.wp.com\/batimedianews.com\/live\/wp-content\/uploads\/2023\/05\/20-BePositiveSolaire-scaled.jpg?resize=8%2C10 8w, https:\/\/i0.wp.com\/batimedianews.com\/live\/wp-content\/uploads\/2023\/05\/20-BePositiveSolaire-scaled.jpg?resize=432%2C576 432w, https:\/\/i0.wp.com\/batimedianews.com\/live\/wp-content\/uploads\/2023\/05\/20-BePositiveSolaire-scaled.jpg?resize=396%2C528 396w, https:\/\/i0.wp.com\/batimedianews.com\/live\/wp-content\/uploads\/2023\/05\/20-BePositiveSolaire-scaled.jpg?resize=1120%2C1493 1120w, https:\/\/i0.wp.com\/batimedianews.com\/live\/wp-content\/uploads\/2023\/05\/20-BePositiveSolaire-scaled.jpg?resize=660%2C880 660w, https:\/\/i0.wp.com\/batimedianews.com\/live\/wp-content\/uploads\/2023\/05\/20-BePositiveSolaire-scaled.jpg?resize=165%2C220 165w, https:\/\/i0.wp.com\/batimedianews.com\/live\/wp-content\/uploads\/2023\/05\/20-BePositiveSolaire-scaled.jpg?w=1920 1920w, https:\/\/i0.wp.com\/batimedianews.com\/live\/wp-content\/uploads\/2023\/05\/20-BePositiveSolaire-scaled.jpg?w=1440 1440w\" sizes=\"(max-width: 600px) 91vw, (max-width: 900px) 600px, (max-width: 1060px) 50vw, (max-width: 1200px) 520px, (max-width: 1400px) 43vw, 600px\" data-recalc-dims=\"1\" \/><figcaption>Pascal Poggi pour Batim\u00e9dia<\/figcaption><\/figure>\n\n\n\n<p>Longi exposait son panneau Ho-MO5, typique des offres de panneaux PV pour les toitures en pente&nbsp;: 410 Wc de puissance, un poids de 20,8 kg et un rendement de 21%. La totalit\u00e9 des panneaux PV aper\u00e7us \u00e0 BePositive affichait un rendement \u2265 20%. <\/p>\n\n\n\n<figure class=\"wp-block-image size-large\"><img loading=\"lazy\" width=\"720\" height=\"960\" src=\"https:\/\/i1.wp.com\/batimedianews.com\/live\/wp-content\/uploads\/2023\/05\/21-BePositiveSolaire.jpg?resize=720%2C960\" alt=\"\" class=\"wp-image-28649\" srcset=\"https:\/\/i1.wp.com\/batimedianews.com\/live\/wp-content\/uploads\/2023\/05\/21-BePositiveSolaire-scaled.jpg?resize=768%2C1024 768w, https:\/\/i1.wp.com\/batimedianews.com\/live\/wp-content\/uploads\/2023\/05\/21-BePositiveSolaire-scaled.jpg?resize=450%2C600 450w, https:\/\/i1.wp.com\/batimedianews.com\/live\/wp-content\/uploads\/2023\/05\/21-BePositiveSolaire-scaled.jpg?resize=1152%2C1536 1152w, https:\/\/i1.wp.com\/batimedianews.com\/live\/wp-content\/uploads\/2023\/05\/21-BePositiveSolaire-scaled.jpg?resize=1536%2C2048 1536w, https:\/\/i1.wp.com\/batimedianews.com\/live\/wp-content\/uploads\/2023\/05\/21-BePositiveSolaire-scaled.jpg?resize=8%2C10 8w, https:\/\/i1.wp.com\/batimedianews.com\/live\/wp-content\/uploads\/2023\/05\/21-BePositiveSolaire-scaled.jpg?resize=432%2C576 432w, https:\/\/i1.wp.com\/batimedianews.com\/live\/wp-content\/uploads\/2023\/05\/21-BePositiveSolaire-scaled.jpg?resize=396%2C528 396w, https:\/\/i1.wp.com\/batimedianews.com\/live\/wp-content\/uploads\/2023\/05\/21-BePositiveSolaire-scaled.jpg?resize=1120%2C1493 1120w, https:\/\/i1.wp.com\/batimedianews.com\/live\/wp-content\/uploads\/2023\/05\/21-BePositiveSolaire-scaled.jpg?resize=660%2C880 660w, https:\/\/i1.wp.com\/batimedianews.com\/live\/wp-content\/uploads\/2023\/05\/21-BePositiveSolaire-scaled.jpg?resize=165%2C220 165w, https:\/\/i1.wp.com\/batimedianews.com\/live\/wp-content\/uploads\/2023\/05\/21-BePositiveSolaire-scaled.jpg?w=1920 1920w, https:\/\/i1.wp.com\/batimedianews.com\/live\/wp-content\/uploads\/2023\/05\/21-BePositiveSolaire-scaled.jpg?w=1440 1440w\" sizes=\"(max-width: 600px) 91vw, (max-width: 900px) 600px, (max-width: 1060px) 50vw, (max-width: 1200px) 520px, (max-width: 1400px) 43vw, 600px\" data-recalc-dims=\"1\" \/><figcaption>Pascal Poggi pour Batim\u00e9dia<\/figcaption><\/figure>\n\n\n\n<p>Distribu\u00e9 par Domos, le panneau DUONERGY DN-BT120HJT-A propose 375 Wc de puissance nominale et un rendement de 20,6%. C\u2019est un panneau biverre et bifacial, dont on peut maximiser le rendement en utilisant la production de ses deux faces simultan\u00e9ment&nbsp;: pose sur une toiture terrasse blanche, par exemple, pour b\u00e9n\u00e9ficier de la r\u00e9verb\u00e9ration de la lumi\u00e8re qui illumine la face inf\u00e9rieure. Doc. PP<\/p>\n\n\n\n<p>Pour les toitures terrasses, le plus souvent en \u00e9tage \u00e9lev\u00e9, les entreprises disposent d\u2019engin de levage pour la manutention des panneaux. Leur poids est moins un probl\u00e8me. Leur puissance nominale se situe entre 450 et 550 Wc. Pour ce march\u00e9 des toitures terrasses, les panneaux biverre bifaciaux se d\u00e9veloppent. Pour le segment des fermes solaires au sol, enfin, les panneaux affichent des puissances nominales entre 600 et 750 Wc.<\/p>\n\n\n\n<figure class=\"wp-block-image size-large\"><img loading=\"lazy\" width=\"720\" height=\"960\" src=\"https:\/\/i0.wp.com\/batimedianews.com\/live\/wp-content\/uploads\/2023\/05\/22-BePositiveSolaire.jpg?resize=720%2C960\" alt=\"\" class=\"wp-image-28650\" srcset=\"https:\/\/i0.wp.com\/batimedianews.com\/live\/wp-content\/uploads\/2023\/05\/22-BePositiveSolaire-scaled.jpg?resize=768%2C1024 768w, https:\/\/i0.wp.com\/batimedianews.com\/live\/wp-content\/uploads\/2023\/05\/22-BePositiveSolaire-scaled.jpg?resize=450%2C600 450w, https:\/\/i0.wp.com\/batimedianews.com\/live\/wp-content\/uploads\/2023\/05\/22-BePositiveSolaire-scaled.jpg?resize=1152%2C1536 1152w, https:\/\/i0.wp.com\/batimedianews.com\/live\/wp-content\/uploads\/2023\/05\/22-BePositiveSolaire-scaled.jpg?resize=1536%2C2048 1536w, https:\/\/i0.wp.com\/batimedianews.com\/live\/wp-content\/uploads\/2023\/05\/22-BePositiveSolaire-scaled.jpg?resize=8%2C10 8w, https:\/\/i0.wp.com\/batimedianews.com\/live\/wp-content\/uploads\/2023\/05\/22-BePositiveSolaire-scaled.jpg?resize=432%2C576 432w, https:\/\/i0.wp.com\/batimedianews.com\/live\/wp-content\/uploads\/2023\/05\/22-BePositiveSolaire-scaled.jpg?resize=396%2C528 396w, https:\/\/i0.wp.com\/batimedianews.com\/live\/wp-content\/uploads\/2023\/05\/22-BePositiveSolaire-scaled.jpg?resize=1120%2C1493 1120w, https:\/\/i0.wp.com\/batimedianews.com\/live\/wp-content\/uploads\/2023\/05\/22-BePositiveSolaire-scaled.jpg?resize=660%2C880 660w, https:\/\/i0.wp.com\/batimedianews.com\/live\/wp-content\/uploads\/2023\/05\/22-BePositiveSolaire-scaled.jpg?resize=165%2C220 165w, https:\/\/i0.wp.com\/batimedianews.com\/live\/wp-content\/uploads\/2023\/05\/22-BePositiveSolaire-scaled.jpg?w=1920 1920w, https:\/\/i0.wp.com\/batimedianews.com\/live\/wp-content\/uploads\/2023\/05\/22-BePositiveSolaire-scaled.jpg?w=1440 1440w\" sizes=\"(max-width: 600px) 91vw, (max-width: 900px) 600px, (max-width: 1060px) 50vw, (max-width: 1200px) 520px, (max-width: 1400px) 43vw, 600px\" data-recalc-dims=\"1\" \/><figcaption>Pascal Poggi pour Batim\u00e9dia<\/figcaption><\/figure>\n\n\n\n<p>SOLARWATT, sp\u00e9cialiste du photovolta\u00efque depuis 30 ans, syst\u00e9matise l\u2019emploi de panneaux biverre bifaciaux pour les toitures terrasse. Sa gamme biverre SOLARWATT Panel vision AM va de 365 Wc (1755 x 1038 mm, 129 demi-cellules PERC M6, 24 kg) pour le mod\u00e8le 3.0 black \u00e0 405 Wc (1722 x 1134 mm, 108 demi-cellules PERC M10, 25,4 kg) pour le mod\u00e8le 4.0 pure.<\/p>\n\n\n\n<figure class=\"wp-block-image size-large\"><img loading=\"lazy\" width=\"720\" height=\"960\" src=\"https:\/\/i1.wp.com\/batimedianews.com\/live\/wp-content\/uploads\/2023\/05\/23-BePositiveSolaire.jpg?resize=720%2C960\" alt=\"\" class=\"wp-image-28651\" srcset=\"https:\/\/i1.wp.com\/batimedianews.com\/live\/wp-content\/uploads\/2023\/05\/23-BePositiveSolaire-scaled.jpg?resize=768%2C1024 768w, https:\/\/i1.wp.com\/batimedianews.com\/live\/wp-content\/uploads\/2023\/05\/23-BePositiveSolaire-scaled.jpg?resize=450%2C600 450w, https:\/\/i1.wp.com\/batimedianews.com\/live\/wp-content\/uploads\/2023\/05\/23-BePositiveSolaire-scaled.jpg?resize=1152%2C1536 1152w, https:\/\/i1.wp.com\/batimedianews.com\/live\/wp-content\/uploads\/2023\/05\/23-BePositiveSolaire-scaled.jpg?resize=1536%2C2048 1536w, https:\/\/i1.wp.com\/batimedianews.com\/live\/wp-content\/uploads\/2023\/05\/23-BePositiveSolaire-scaled.jpg?resize=8%2C10 8w, https:\/\/i1.wp.com\/batimedianews.com\/live\/wp-content\/uploads\/2023\/05\/23-BePositiveSolaire-scaled.jpg?resize=432%2C576 432w, https:\/\/i1.wp.com\/batimedianews.com\/live\/wp-content\/uploads\/2023\/05\/23-BePositiveSolaire-scaled.jpg?resize=396%2C528 396w, https:\/\/i1.wp.com\/batimedianews.com\/live\/wp-content\/uploads\/2023\/05\/23-BePositiveSolaire-scaled.jpg?resize=1120%2C1493 1120w, https:\/\/i1.wp.com\/batimedianews.com\/live\/wp-content\/uploads\/2023\/05\/23-BePositiveSolaire-scaled.jpg?resize=660%2C880 660w, https:\/\/i1.wp.com\/batimedianews.com\/live\/wp-content\/uploads\/2023\/05\/23-BePositiveSolaire-scaled.jpg?resize=165%2C220 165w, https:\/\/i1.wp.com\/batimedianews.com\/live\/wp-content\/uploads\/2023\/05\/23-BePositiveSolaire-scaled.jpg?w=1920 1920w, https:\/\/i1.wp.com\/batimedianews.com\/live\/wp-content\/uploads\/2023\/05\/23-BePositiveSolaire-scaled.jpg?w=1440 1440w\" sizes=\"(max-width: 600px) 91vw, (max-width: 900px) 600px, (max-width: 1060px) 50vw, (max-width: 1200px) 520px, (max-width: 1400px) 43vw, 600px\" data-recalc-dims=\"1\" \/><\/figure>\n\n\n\n<p><strong>Le micro-onduleur s\u2019impose sur les petites installations<\/strong><\/p>\n\n\n\n<p>C\u00f4t\u00e9 onduleur, il est clair que l\u2019architecture en micro-onduleurs \u2013 un par panneau PV \u2013 a pour l\u2019instant gagn\u00e9 la partie dans les petites installations, essentiellement sur des toitures domestiques. Elle comporte plusieurs avantages. Pour commencer, comme les panneaux ne sont pas mont\u00e9s en cha\u00eene (cascade pour les thermiciens), si un panneau fonctionne mal (d\u00e9faut, ombre port\u00e9e, \u2026), il est le seul affect\u00e9 et non tous les panneaux de la cha\u00eene \u00e0 laquelle il est raccord\u00e9. Deuxi\u00e8mement, ce qui sort du micro-onduleur, ce n\u2019est pas du courant continu, mais du courant alternatif que tous les \u00e9lectriciens ma\u00eetrisent parfaitement et qui facilite l\u2019architecture des raccordements, leurs protections \u00e9lectriques, \u2026 Si les micro-onduleurs sont connect\u00e9s, ce qui est de plus en plus souvent le cas, on peut parfaitement suivre la production du champ de panneaux PV, panneau par panneau, et d\u00e9couvrir rapidement si un panneau donne des signes de faiblesse. Enfin, si le client final veut augmenter son installation, remplacer un panneau vieillissant, c\u2019est nettement plus simple avec des micro-onduleurs. Il n\u2019est pas n\u00e9cessaire de remplacer l\u2019onduleur centralis\u00e9, dont la puissance serait insuffisante, puisqu\u2019il n\u2019y en a pas, par exemple.<\/p>\n\n\n\n<p>Le roi du micro-onduleur sur le march\u00e9 fran\u00e7ais est l\u2019am\u00e9ricain Enphase Energy. Ses concurrents, comme Huawei et APsystems n\u2019ont pas encore vraiment entam\u00e9 sa domination. Il pr\u00e9sentait son nouveau micro-onduleur connect\u00e9 iQ8 Series qui prend en charge toutes les puissances de modules PV et les architectures de cellules courantes.<\/p>\n\n\n\n<p>Ces nouveaux micro-onduleurs iQ8 prennent place au sein de l\u2019offre Enphase Energy System, avec le nouveau stockage d\u2019\u00e9lectricit\u00e9 IQ Battery, l\u2019IQ Gateway qui connecte l\u2019installation \u00e0 internet ou \u00e0 une GTB et avec le logiciel de surveillance et d\u2019analyse Enphase App pour suivre le fonctionnement de l\u2019installation.<\/p>\n\n\n\n<figure class=\"wp-block-image size-large\"><img loading=\"lazy\" width=\"720\" height=\"540\" src=\"https:\/\/i0.wp.com\/batimedianews.com\/live\/wp-content\/uploads\/2023\/05\/25-BePositiveSolaire.jpg?resize=720%2C540\" alt=\"Si l\u2019architecture en micro-onduleurs s\u2019impose, elle demeure largement domin\u00e9e par Enphase Energy. Ses concurrents, comme APsystems ne parviennent pas encore \u00e0 menacer sa part de march\u00e9. \" class=\"wp-image-28652\" srcset=\"https:\/\/i1.wp.com\/batimedianews.com\/live\/wp-content\/uploads\/2023\/05\/25-BePositiveSolaire-scaled.jpg?resize=1024%2C768 1024w, https:\/\/i1.wp.com\/batimedianews.com\/live\/wp-content\/uploads\/2023\/05\/25-BePositiveSolaire-scaled.jpg?resize=600%2C450 600w, https:\/\/i1.wp.com\/batimedianews.com\/live\/wp-content\/uploads\/2023\/05\/25-BePositiveSolaire-scaled.jpg?resize=768%2C576 768w, https:\/\/i1.wp.com\/batimedianews.com\/live\/wp-content\/uploads\/2023\/05\/25-BePositiveSolaire-scaled.jpg?resize=1536%2C1152 1536w, https:\/\/i1.wp.com\/batimedianews.com\/live\/wp-content\/uploads\/2023\/05\/25-BePositiveSolaire-scaled.jpg?resize=2048%2C1536 2048w, https:\/\/i1.wp.com\/batimedianews.com\/live\/wp-content\/uploads\/2023\/05\/25-BePositiveSolaire-scaled.jpg?resize=10%2C8 10w, https:\/\/i1.wp.com\/batimedianews.com\/live\/wp-content\/uploads\/2023\/05\/25-BePositiveSolaire-scaled.jpg?resize=432%2C324 432w, https:\/\/i1.wp.com\/batimedianews.com\/live\/wp-content\/uploads\/2023\/05\/25-BePositiveSolaire-scaled.jpg?resize=396%2C297 396w, https:\/\/i1.wp.com\/batimedianews.com\/live\/wp-content\/uploads\/2023\/05\/25-BePositiveSolaire-scaled.jpg?resize=1120%2C840 1120w, https:\/\/i1.wp.com\/batimedianews.com\/live\/wp-content\/uploads\/2023\/05\/25-BePositiveSolaire-scaled.jpg?resize=660%2C495 660w, https:\/\/i1.wp.com\/batimedianews.com\/live\/wp-content\/uploads\/2023\/05\/25-BePositiveSolaire-scaled.jpg?resize=293%2C220 293w, https:\/\/i1.wp.com\/batimedianews.com\/live\/wp-content\/uploads\/2023\/05\/25-BePositiveSolaire-scaled.jpg?w=1440 1440w, https:\/\/i1.wp.com\/batimedianews.com\/live\/wp-content\/uploads\/2023\/05\/25-BePositiveSolaire-scaled.jpg?w=2160 2160w\" sizes=\"(max-width: 600px) 91vw, (max-width: 900px) 600px, (max-width: 1060px) 50vw, (max-width: 1200px) 520px, (max-width: 1400px) 43vw, 600px\" data-recalc-dims=\"1\" \/><figcaption>Pascal Poggi pour Batim\u00e9dia<\/figcaption><\/figure>\n\n\n\n<p>Si l\u2019architecture en micro-onduleurs s\u2019impose, elle demeure largement domin\u00e9e par Enphase Energy. Ses concurrents, comme APsystems ne parviennent pas encore \u00e0 menacer sa part de march\u00e9.<\/p>\n\n\n\n<p><strong>Le stockage d\u2019\u00e9lectricit\u00e9, virtuel et r\u00e9el<\/strong><\/p>\n\n\n\n<p>On voyait aussi \u00e0 BePositive plusieurs solutions de stockage d\u2019\u00e9nergie en batteries&nbsp;: celle de Technideal, celle d\u2019Enphase Energy, celle de Growatt, celles distribu\u00e9es par Rexel, \u2026 Le co\u00fbt du stockage d\u2019\u00e9lectricit\u00e9 en batteries tend \u00e0 baisser lui aussi. Ce n\u2019est qu\u2019un d\u00e9but, puisque le projet de r\u00e9vision de la Directive Europ\u00e9enne sur l\u2019Efficacit\u00e9 Energ\u00e9tique des B\u00e2timents, qui devrait \u00eatre finalis\u00e9e \u00e0 la fin de l\u2019ann\u00e9e, r\u00e9clame du solaire sur tous les b\u00e2timents neufs et \u00e0 chaque r\u00e9novation de b\u00e2timent, ainsi que le d\u00e9veloppement du stockage d\u2019\u00e9lectricit\u00e9 dans les b\u00e2timents. Il est \u00e0 peu pr\u00e8s certain, qu\u2019\u00e0 travers l\u2019Europe, la solution photovolta\u00efque et stockage d\u2019\u00e9lectricit\u00e9 s\u2019imposera pour construire des b\u00e2timents \u00e0 \u00e9nergie positive ou \u00ab&nbsp;neutres en carbone&nbsp;\u00bb comme le dit la Directive europ\u00e9enne.<\/p>\n\n\n\n<p>En attendant, \u00e0 BePositive, d\u2019Enphase Energy montrait sa iQ Battery, un stockage d\u2019\u00e9lectricit\u00e9 modulaire dans des batteries Lithium-Fer-Phosphate, de 3,5 kWh de capacit\u00e9 pour une puissance de 1,28 kVA ou de 10,5 kWh pour 3,84 kVA.<\/p>\n\n\n\n<figure class=\"wp-block-image size-large\"><img loading=\"lazy\" width=\"720\" height=\"324\" src=\"https:\/\/i2.wp.com\/batimedianews.com\/live\/wp-content\/uploads\/2023\/05\/29-BePositiveSolaire.jpg?resize=720%2C324\" alt=\"Growatt avait commenc\u00e9 avec des batteries de stockage, il y a une petite dizaine d\u2019ann\u00e9es. L\u2019industriels chinois a maintenant \u00e9largi son offre : batteries monobloc de 2,5 jusqu\u2019\u00e0 125 kWh, batteries modulaires, onduleur, automate de gestion pour d\u00e9cider quand stocker, d\u00e9stocker, faire appel au r\u00e9seau en fonction des besoins du b\u00e2timent, chargeurs de v\u00e9hicules \u00e9lectriques, etc. \" class=\"wp-image-28653\" srcset=\"https:\/\/i1.wp.com\/batimedianews.com\/live\/wp-content\/uploads\/2023\/05\/29-BePositiveSolaire-scaled.jpg?resize=1024%2C461 1024w, https:\/\/i1.wp.com\/batimedianews.com\/live\/wp-content\/uploads\/2023\/05\/29-BePositiveSolaire-scaled.jpg?resize=600%2C270 600w, https:\/\/i1.wp.com\/batimedianews.com\/live\/wp-content\/uploads\/2023\/05\/29-BePositiveSolaire-scaled.jpg?resize=768%2C346 768w, https:\/\/i1.wp.com\/batimedianews.com\/live\/wp-content\/uploads\/2023\/05\/29-BePositiveSolaire-scaled.jpg?resize=1536%2C691 1536w, https:\/\/i1.wp.com\/batimedianews.com\/live\/wp-content\/uploads\/2023\/05\/29-BePositiveSolaire-scaled.jpg?resize=2048%2C922 2048w, https:\/\/i1.wp.com\/batimedianews.com\/live\/wp-content\/uploads\/2023\/05\/29-BePositiveSolaire-scaled.jpg?resize=10%2C5 10w, https:\/\/i1.wp.com\/batimedianews.com\/live\/wp-content\/uploads\/2023\/05\/29-BePositiveSolaire-scaled.jpg?resize=432%2C194 432w, https:\/\/i1.wp.com\/batimedianews.com\/live\/wp-content\/uploads\/2023\/05\/29-BePositiveSolaire-scaled.jpg?resize=396%2C178 396w, https:\/\/i1.wp.com\/batimedianews.com\/live\/wp-content\/uploads\/2023\/05\/29-BePositiveSolaire-scaled.jpg?resize=1120%2C504 1120w, https:\/\/i1.wp.com\/batimedianews.com\/live\/wp-content\/uploads\/2023\/05\/29-BePositiveSolaire-scaled.jpg?resize=660%2C297 660w, https:\/\/i1.wp.com\/batimedianews.com\/live\/wp-content\/uploads\/2023\/05\/29-BePositiveSolaire-scaled.jpg?resize=489%2C220 489w, https:\/\/i1.wp.com\/batimedianews.com\/live\/wp-content\/uploads\/2023\/05\/29-BePositiveSolaire-scaled.jpg?w=1440 1440w, https:\/\/i1.wp.com\/batimedianews.com\/live\/wp-content\/uploads\/2023\/05\/29-BePositiveSolaire-scaled.jpg?w=2160 2160w\" sizes=\"(max-width: 600px) 91vw, (max-width: 900px) 600px, (max-width: 1060px) 50vw, (max-width: 1200px) 520px, (max-width: 1400px) 43vw, 600px\" data-recalc-dims=\"1\" \/><figcaption>Pascal Poggi pour Batim\u00e9dia<\/figcaption><\/figure>\n\n\n\n<p>Growatt avait commenc\u00e9 avec des batteries de stockage, il y a une petite dizaine d\u2019ann\u00e9es. L\u2019industriels chinois a maintenant \u00e9largi son offre&nbsp;: batteries monobloc de 2,5 jusqu\u2019\u00e0 125 kWh, batteries modulaires, onduleur, automate de gestion pour d\u00e9cider quand stocker, d\u00e9stocker, faire appel au r\u00e9seau en fonction des besoins du b\u00e2timent, chargeurs de v\u00e9hicules \u00e9lectriques, etc. <\/p>\n\n\n\n<figure class=\"wp-block-image size-large\"><img loading=\"lazy\" width=\"461\" height=\"1024\" src=\"https:\/\/i0.wp.com\/batimedianews.com\/live\/wp-content\/uploads\/2023\/05\/30.jpg?resize=461%2C1024\" alt=\"A BePositive, les onduleurs et syst\u00e8mes de gestion victron energy \u00e9taient associ\u00e9s aux stockages d\u2019\u00e9nergie Pylontech. \" class=\"wp-image-28654\" srcset=\"https:\/\/i2.wp.com\/batimedianews.com\/live\/wp-content\/uploads\/2023\/05\/30-scaled.jpg?resize=461%2C1024 461w, https:\/\/i2.wp.com\/batimedianews.com\/live\/wp-content\/uploads\/2023\/05\/30-scaled.jpg?resize=270%2C600 270w, https:\/\/i2.wp.com\/batimedianews.com\/live\/wp-content\/uploads\/2023\/05\/30-scaled.jpg?resize=768%2C1707 768w, https:\/\/i2.wp.com\/batimedianews.com\/live\/wp-content\/uploads\/2023\/05\/30-scaled.jpg?resize=691%2C1536 691w, https:\/\/i2.wp.com\/batimedianews.com\/live\/wp-content\/uploads\/2023\/05\/30-scaled.jpg?resize=922%2C2048 922w, https:\/\/i2.wp.com\/batimedianews.com\/live\/wp-content\/uploads\/2023\/05\/30-scaled.jpg?resize=5%2C10 5w, https:\/\/i2.wp.com\/batimedianews.com\/live\/wp-content\/uploads\/2023\/05\/30-scaled.jpg?resize=432%2C960 432w, https:\/\/i2.wp.com\/batimedianews.com\/live\/wp-content\/uploads\/2023\/05\/30-scaled.jpg?resize=396%2C880 396w, https:\/\/i2.wp.com\/batimedianews.com\/live\/wp-content\/uploads\/2023\/05\/30-scaled.jpg?resize=1120%2C2489 1120w, https:\/\/i2.wp.com\/batimedianews.com\/live\/wp-content\/uploads\/2023\/05\/30-scaled.jpg?resize=660%2C1467 660w, https:\/\/i2.wp.com\/batimedianews.com\/live\/wp-content\/uploads\/2023\/05\/30-scaled.jpg?resize=99%2C220 99w, https:\/\/i2.wp.com\/batimedianews.com\/live\/wp-content\/uploads\/2023\/05\/30-scaled.jpg?w=1152 1152w\" sizes=\"(max-width: 600px) 91vw, (max-width: 900px) 600px, (max-width: 1060px) 50vw, (max-width: 1200px) 520px, (max-width: 1400px) 43vw, 600px\" data-recalc-dims=\"1\" \/><figcaption>Pascal Poggi pour Batim\u00e9dia<\/figcaption><\/figure>\n\n\n\n<p>A BePositive, les onduleurs et syst\u00e8mes de gestion victron energy \u00e9taient associ\u00e9s aux stockages d\u2019\u00e9nergie Pylontech. <\/p>\n\n\n\n<p><strong>Le stockage virtuel d\u2019\u00e9nergie de MyLight Systems<\/strong><\/p>\n\n\n\n<p>MyLight Systems pilote les installations photovolta\u00efques domestiques depuis 2014 pour maximiser l\u2019autoconsommation. L\u2019entreprise pr\u00e9sentait plusieurs nouveaut\u00e9s \u00e0 BePositive&nbsp;: un nouveau panneau PV, une borne de recharge et Mysmart PPA.<\/p>\n\n\n\n<p>Innovation de l\u2019ann\u00e9e, Mysmart PPA a \u00e9t\u00e9 rendue possible par le fait que MyLight Systems est devenu distributeur d\u2019\u00e9lectricit\u00e9. C\u2019est une solution d\u2019autoconsommation optimis\u00e9e pour les entreprises. Mysmart PPA \u2013 MSPPA, comme ils disent &#8211; s\u00e9curise une partie de leur consommation \u00e0 un prix fixe. MSPPA permet aux entreprises \u00e9quip\u00e9es en installations PV de vendre leur surplus aux particuliers par des contrats de longue dur\u00e9e, \u00e0 prix bonifi\u00e9 et index\u00e9 sur le TRV. Avec un contrat MSPPA, MyLight installe chez un industriel ou un client tertiaire, une centrale solaire de production PV durable avec panneaux bi-verre bifaciaux garantis 30 ans, un coffret de gestion d\u2019\u00e9nergie connectant les \u00e9quipement consommateurs locaux (chauffage, climatisation, borne de recharge, eau chaude, process\u2026)&nbsp;\u00e0 la production photovolta\u00efque pour optimiser l\u2019autoconsommation, un outil de communication de la d\u00e9marche environnementale du client et un contrat d\u2019achat du surplus durant 20 ans \u00e0 10c\u20ac\/kWh, prix index\u00e9 au tarif r\u00e9glement\u00e9 de la CRE.<\/p>\n\n\n\n<figure class=\"wp-block-image size-large\"><img loading=\"lazy\" width=\"720\" height=\"960\" src=\"https:\/\/i0.wp.com\/batimedianews.com\/live\/wp-content\/uploads\/2023\/05\/14-BePositiveSolaire.jpg?resize=720%2C960\" alt=\"Le nouveau panneau bi-verre PV de 425 Wc de MyLight Systems, baptis\u00e9 Quartz Bifacial p\u00e8se 24,5 kg, offre 425 Wc de puissance nominale. Il est constitu\u00e9 de mi-cellules Type-N, et affiche une baisse de puissance lin\u00e9aire pour atteindre 87,4% de la puissance nominale au bout de sa 30\u00e8me ann\u00e9e de garantie. \" class=\"wp-image-28655\" srcset=\"https:\/\/i1.wp.com\/batimedianews.com\/live\/wp-content\/uploads\/2023\/05\/14-BePositiveSolaire-scaled.jpg?resize=768%2C1024 768w, https:\/\/i1.wp.com\/batimedianews.com\/live\/wp-content\/uploads\/2023\/05\/14-BePositiveSolaire-scaled.jpg?resize=450%2C600 450w, https:\/\/i1.wp.com\/batimedianews.com\/live\/wp-content\/uploads\/2023\/05\/14-BePositiveSolaire-scaled.jpg?resize=1152%2C1536 1152w, https:\/\/i1.wp.com\/batimedianews.com\/live\/wp-content\/uploads\/2023\/05\/14-BePositiveSolaire-scaled.jpg?resize=1536%2C2048 1536w, https:\/\/i1.wp.com\/batimedianews.com\/live\/wp-content\/uploads\/2023\/05\/14-BePositiveSolaire-scaled.jpg?resize=8%2C10 8w, https:\/\/i1.wp.com\/batimedianews.com\/live\/wp-content\/uploads\/2023\/05\/14-BePositiveSolaire-scaled.jpg?resize=432%2C576 432w, https:\/\/i1.wp.com\/batimedianews.com\/live\/wp-content\/uploads\/2023\/05\/14-BePositiveSolaire-scaled.jpg?resize=396%2C528 396w, https:\/\/i1.wp.com\/batimedianews.com\/live\/wp-content\/uploads\/2023\/05\/14-BePositiveSolaire-scaled.jpg?resize=1120%2C1493 1120w, https:\/\/i1.wp.com\/batimedianews.com\/live\/wp-content\/uploads\/2023\/05\/14-BePositiveSolaire-scaled.jpg?resize=660%2C880 660w, https:\/\/i1.wp.com\/batimedianews.com\/live\/wp-content\/uploads\/2023\/05\/14-BePositiveSolaire-scaled.jpg?resize=165%2C220 165w, https:\/\/i1.wp.com\/batimedianews.com\/live\/wp-content\/uploads\/2023\/05\/14-BePositiveSolaire-scaled.jpg?w=1920 1920w, https:\/\/i1.wp.com\/batimedianews.com\/live\/wp-content\/uploads\/2023\/05\/14-BePositiveSolaire-scaled.jpg?w=1440 1440w\" sizes=\"(max-width: 600px) 91vw, (max-width: 900px) 600px, (max-width: 1060px) 50vw, (max-width: 1200px) 520px, (max-width: 1400px) 43vw, 600px\" data-recalc-dims=\"1\" \/><figcaption>Pascal Poggi pour Batim\u00e9dia<\/figcaption><\/figure>\n\n\n\n<p>Le nouveau panneau bi-verre PV de 425 Wc de MyLight Systems, baptis\u00e9 Quartz Bifacial p\u00e8se 24,5 kg, offre 425 Wc de puissance nominale. Il est constitu\u00e9 de mi-cellules Type-N, et affiche une baisse de puissance lin\u00e9aire pour atteindre 87,4% de la puissance nominale au bout de sa 30\u00e8me ann\u00e9e de garantie. <\/p>\n\n\n\n<p><\/p>\n\n\n\n<figure class=\"wp-block-image size-large\"><img loading=\"lazy\" width=\"720\" height=\"960\" src=\"https:\/\/i2.wp.com\/batimedianews.com\/live\/wp-content\/uploads\/2023\/05\/13-BePositiveSolaire.jpg?resize=720%2C960\" alt=\"Ondine Suavet, DG et co-fondatrice de MyLight Systems, pr\u00e9sentait MyLight EV Charger, une borne de recharge intelligente, int\u00e9gr\u00e9e dans l\u2019\u00e9cosyst\u00e8me MyLight pour maximiser l\u2019autoconsommation PV.\" class=\"wp-image-28656\" srcset=\"https:\/\/i2.wp.com\/batimedianews.com\/live\/wp-content\/uploads\/2023\/05\/13-BePositiveSolaire-scaled.jpg?resize=768%2C1024 768w, https:\/\/i2.wp.com\/batimedianews.com\/live\/wp-content\/uploads\/2023\/05\/13-BePositiveSolaire-scaled.jpg?resize=450%2C600 450w, https:\/\/i2.wp.com\/batimedianews.com\/live\/wp-content\/uploads\/2023\/05\/13-BePositiveSolaire-scaled.jpg?resize=1152%2C1536 1152w, https:\/\/i2.wp.com\/batimedianews.com\/live\/wp-content\/uploads\/2023\/05\/13-BePositiveSolaire-scaled.jpg?resize=1536%2C2048 1536w, https:\/\/i2.wp.com\/batimedianews.com\/live\/wp-content\/uploads\/2023\/05\/13-BePositiveSolaire-scaled.jpg?resize=8%2C10 8w, https:\/\/i2.wp.com\/batimedianews.com\/live\/wp-content\/uploads\/2023\/05\/13-BePositiveSolaire-scaled.jpg?resize=432%2C576 432w, https:\/\/i2.wp.com\/batimedianews.com\/live\/wp-content\/uploads\/2023\/05\/13-BePositiveSolaire-scaled.jpg?resize=396%2C528 396w, https:\/\/i2.wp.com\/batimedianews.com\/live\/wp-content\/uploads\/2023\/05\/13-BePositiveSolaire-scaled.jpg?resize=1120%2C1493 1120w, https:\/\/i2.wp.com\/batimedianews.com\/live\/wp-content\/uploads\/2023\/05\/13-BePositiveSolaire-scaled.jpg?resize=660%2C880 660w, https:\/\/i2.wp.com\/batimedianews.com\/live\/wp-content\/uploads\/2023\/05\/13-BePositiveSolaire-scaled.jpg?resize=165%2C220 165w, https:\/\/i2.wp.com\/batimedianews.com\/live\/wp-content\/uploads\/2023\/05\/13-BePositiveSolaire-scaled.jpg?w=1920 1920w, https:\/\/i2.wp.com\/batimedianews.com\/live\/wp-content\/uploads\/2023\/05\/13-BePositiveSolaire-scaled.jpg?w=1440 1440w\" sizes=\"(max-width: 600px) 91vw, (max-width: 900px) 600px, (max-width: 1060px) 50vw, (max-width: 1200px) 520px, (max-width: 1400px) 43vw, 600px\" data-recalc-dims=\"1\" \/><figcaption>Pascal Poggi pour Batim\u00e9dia<\/figcaption><\/figure>\n\n\n\n<p>Ondine Suavet, DG et co-fondatrice de MyLight Systems, pr\u00e9sentait MyLight EV Charger, une borne de recharge intelligente, int\u00e9gr\u00e9e dans l\u2019\u00e9cosyst\u00e8me MyLight pour maximiser l\u2019autoconsommation PV. L\u2019automate embarqu\u00e9 de la borne, lui permet de g\u00e9rer de mani\u00e8re autonome le meilleur moment pour recharger le v\u00e9hicule, en fonction des objectifs de ses utilisateurs. MyLight EV Charger est disponible en monophas\u00e9 et en triphas\u00e9. Elle fonctionne selon 3 modes de recharge&nbsp;: le mode rapide associe r\u00e9seau et PV pour recharger le plus vite possible, la charge optimis\u00e9e est organis\u00e9e par le chargeur en fonction de l\u2019\u00e9nergie disponible, le mode solaire limite la recharge du v\u00e9hicule uniquement \u00e0 l\u2019\u00e9nergie solaire non-utilis\u00e9e dans la maison. <\/p>\n\n\n\n<p>Voil\u00e0, nous allons revoir de nombreuses solutions photovolta\u00efques, sans doute diff\u00e9rentes, au salon BAU \u00e0 Munich \u00e0 partir du 17 avril, puis au salon Intersolar, \u00e0 nouveau \u00e0 Munich en juin. Intersolar est le plus grand salon europ\u00e9en consacr\u00e9 \u00e0 toutes les choses solaires.<\/p>\n","protected":false},"excerpt":{"rendered":"<p>BePositive \u00e0 Lyon devient l\u2019un des premiers salons fran\u00e7ais pour le photovolta\u00efque. On y trouve des distributeurs, des panneaux photovolta\u00efques, des kits de montage en toiture et en fa\u00e7ade, du stockage d\u2019\u00e9lectricit\u00e9 physique et virtuel. A BePositive, enphase montrait deux nouveaut\u00e9s sur plusieurs stands&nbsp;: d\u2019une part, les IQ8 Series Microinverters, tr\u00e8s puissants et pr\u00eats pour [&hellip;]<\/p>\n","protected":false},"author":352,"featured_media":28662,"comment_status":"open","ping_status":"open","sticky":false,"template":"","format":"standard","meta":{"spay_email":""},"categories":[2283,2314,2322],"tags":[],"jetpack_featured_media_url":"https:\/\/i0.wp.com\/batimedianews.com\/live\/wp-content\/uploads\/2023\/05\/solaire.png?fit=1200%2C1200","jetpack_sharing_enabled":true,"jetpack_likes_enabled":true,"jetpack-related-posts":[{"id":28977,"url":"http:\/\/batimedianews.com\/live\/index.php\/2023\/05\/27\/le-solaire-thermique-a-bepositive\/","url_meta":{"origin":28642,"position":0},"title":"Le solaire thermique \u00e0 BePositive","date":"27 mai 2023","format":false,"excerpt":"Le salon BePositive \u00e0 Lyon a attir\u00e9 les principaux acteurs fran\u00e7ais du solaire thermique et s\u2019inscrit dans une reprise du march\u00e9 solaire thermique en France. Pascal Poggi pour Batim\u00e9dia A BePositive, on trouvait aussi bien des fabricants de mat\u00e9riels que des distributeurs sp\u00e9cialis\u00e9s en solaire thermique et en stockage d\u2019\u00e9lectricit\u00e9.\u2026","rel":"","context":"Dans &quot;Articles et analyses&quot;","img":{"alt_text":"","src":"https:\/\/i2.wp.com\/batimedianews.com\/live\/wp-content\/uploads\/2023\/05\/Be-positive-4-thermique-.jpeg?fit=1200%2C1200&resize=350%2C200","width":350,"height":200},"classes":[]},{"id":28164,"url":"http:\/\/batimedianews.com\/live\/index.php\/2023\/04\/25\/une-dynamique-retrouvee-sur-cette-edition-2023\/","url_meta":{"origin":28642,"position":1},"title":"Une dynamique retrouv\u00e9e sur cette \u00e9dition 2023 !","date":"25 avril 2023","format":false,"excerpt":"\u00a0Photo \u00a9Nicolas Rodet\u00a0 \u00a0C\u2019est une \u00e9dition couronn\u00e9e de succ\u00e8s qui s\u2019est d\u00e9roul\u00e9e \u00e0 Eurexpo Lyon du 21 au 23 mars. L\u2019effervescence observ\u00e9e sur le salon signe son grand retour et d\u00e9montre l\u2019attachement des participants \u00e0 ce rendez-vous incontournable ainsi que leur engagement pour la transition \u00e9nerg\u00e9tique !\u00a0 Les nombreux temps\u2026","rel":"","context":"Dans &quot;Be positive 2023&quot;","img":{"alt_text":"","src":"https:\/\/i2.wp.com\/batimedianews.com\/live\/wp-content\/uploads\/2023\/04\/BePositive-Article.jpg?fit=1080%2C1080&resize=350%2C200","width":350,"height":200},"classes":[]},{"id":25956,"url":"http:\/\/batimedianews.com\/live\/index.php\/2023\/02\/03\/bepositive-place-lemploi-et-la-formation-au-coeur-de-ledition-2023\/","url_meta":{"origin":28642,"position":2},"title":"BePOSITIVE place l\u2019emploi et la formation au coeur de l\u2019\u00e9dition 2023 !","date":"3 f\u00e9vrier 2023","format":false,"excerpt":"\u00a0Des enjeux forts port\u00e9s par le 1e Campus BePOSITIVE\u00a0 Photo \u00a9Alexandre Moulard\u00a0 \u00a0La Transition Energ\u00e9tique est en marche ! Boost\u00e9e par les engagements europ\u00e9ens et les r\u00e9glementations environnementales, elle est plus que jamais au coeur de l\u2019actualit\u00e9 et des enjeux des fili\u00e8res de l\u2019\u00e9nergie et du b\u00e2timent. Elles vivent aujourd\u2019hui\u2026","rel":"","context":"Dans &quot;Actualit\u00e9 Entreprises&quot;","img":{"alt_text":"","src":"https:\/\/i0.wp.com\/batimedianews.com\/live\/wp-content\/uploads\/2023\/01\/BePositive_GL-events-Article.jpg?fit=1080%2C1080&resize=350%2C200","width":350,"height":200},"classes":[]},{"id":34806,"url":"http:\/\/batimedianews.com\/live\/index.php\/2024\/01\/29\/un-nouveau-segment-du-marche-photovoltaique-grandit-en-2024-les-solutions-photovoltaiques-en-kit\/","url_meta":{"origin":28642,"position":3},"title":"Un nouveau segment du march\u00e9 photovolta\u00efque grandit en 2024 : les solutions photovolta\u00efques en kit","date":"29 janvier 2024","format":false,"excerpt":"Pascal Poggi pour batim\u00e9dia Nous avons observ\u00e9 plusieurs tendances au salon Open Energies 2024, dont la premi\u00e8re \u00e9dition s\u2019est tenue \u00e0 Eurexpo Lyon, les 23 et 24 janvier 2024. La plus frappante \u00e9tait certainement le rapide d\u00e9veloppement des offres de solutions photovolta\u00efques en kit. Un grand pas en avant pour\u2026","rel":"","context":"Dans &quot;Articles et analyses&quot;","img":{"alt_text":"","src":"https:\/\/i2.wp.com\/batimedianews.com\/live\/wp-content\/uploads\/2024\/01\/image-open-energies-scaled.jpeg?fit=1200%2C1200&resize=350%2C200","width":350,"height":200},"classes":[]},{"id":31421,"url":"http:\/\/batimedianews.com\/live\/index.php\/2023\/09\/18\/nouveau-salon-open-energies-le-nouveau-rendez-vous-dedie-a-la-production-photovoltaique-a-lautoconsommation-et-au-pilotage-des-systemes-energetiques\/","url_meta":{"origin":28642,"position":4},"title":"NOUVEAU SALON : Open Energies : le nouveau rendez-vous d\u00e9di\u00e9 \u00e0 la production photovolta\u00efque, \u00e0 l\u2019autoconsommation et au pilotage des syst\u00e8mes \u00e9nerg\u00e9tiques","date":"18 septembre 2023","format":false,"excerpt":"\u00a0La premi\u00e8re \u00e9dition aura lieu les 23 et 24 janvier 2024 \u00e0 Eurexpo Lyon France\u00a0 https:\/\/www.youtube.com\/watch?v=2umJ4BWJ7fs \u00a0Le monde de l'\u00e9nergie est en pleine mutation. Une r\u00e9volution qui red\u00e9finit les normes du secteur. Les \u00e9nergies renouvelables, d\u00e9carbon\u00e9es et d\u00e9centralis\u00e9es occupent d\u00e9sormais une place centrale dans notre soci\u00e9t\u00e9. Les syst\u00e8mes \u00e9lectriques intelligents\u2026","rel":"","context":"Dans &quot;Actualit\u00e9s salons&quot;","img":{"alt_text":"","src":"https:\/\/i2.wp.com\/batimedianews.com\/live\/wp-content\/uploads\/2023\/09\/OpenEnergies-articles.jpg?fit=825%2C825&resize=350%2C200","width":350,"height":200},"classes":[]},{"id":28108,"url":"http:\/\/batimedianews.com\/live\/index.php\/2023\/04\/22\/au-salon-bepositive-le-chauffage-cest-bois-energie-ou-pompes-a-chaleur\/","url_meta":{"origin":28642,"position":5},"title":"Au salon BePositive, le chauffage, c\u2019est bois-\u00e9nergie ou pompes \u00e0 chaleur","date":"22 avril 2023","format":false,"excerpt":"Les chaudi\u00e8res gaz et fioul semblent avoir presque enti\u00e8rement disparu du paysage des salons europ\u00e9ens, au profit des chaudi\u00e8res bois et des pompes \u00e0 chaleur. Le salon BePositive \u00e0 Lyon n\u2019a pas d\u00e9rog\u00e9 \u00e0 la r\u00e8gle. Pascal Poggi pour Batim\u00e9dia Chaudi\u00e8res Perge propose des chaudi\u00e8res bois et des chaudi\u00e8res hybrides,\u2026","rel":"","context":"Dans &quot;Articles et analyses&quot;","img":{"alt_text":"","src":"https:\/\/i1.wp.com\/batimedianews.com\/live\/wp-content\/uploads\/2023\/04\/bepositive1.jpeg?fit=1200%2C1200&resize=350%2C200","width":350,"height":200},"classes":[]}],"_links":{"self":[{"href":"http:\/\/batimedianews.com\/live\/index.php\/wp-json\/wp\/v2\/posts\/28642"}],"collection":[{"href":"http:\/\/batimedianews.com\/live\/index.php\/wp-json\/wp\/v2\/posts"}],"about":[{"href":"http:\/\/batimedianews.com\/live\/index.php\/wp-json\/wp\/v2\/types\/post"}],"author":[{"embeddable":true,"href":"http:\/\/batimedianews.com\/live\/index.php\/wp-json\/wp\/v2\/users\/352"}],"replies":[{"embeddable":true,"href":"http:\/\/batimedianews.com\/live\/index.php\/wp-json\/wp\/v2\/comments?post=28642"}],"version-history":[{"count":2,"href":"http:\/\/batimedianews.com\/live\/index.php\/wp-json\/wp\/v2\/posts\/28642\/revisions"}],"predecessor-version":[{"id":28689,"href":"http:\/\/batimedianews.com\/live\/index.php\/wp-json\/wp\/v2\/posts\/28642\/revisions\/28689"}],"wp:featuredmedia":[{"embeddable":true,"href":"http:\/\/batimedianews.com\/live\/index.php\/wp-json\/wp\/v2\/media\/28662"}],"wp:attachment":[{"href":"http:\/\/batimedianews.com\/live\/index.php\/wp-json\/wp\/v2\/media?parent=28642"}],"wp:term":[{"taxonomy":"category","embeddable":true,"href":"http:\/\/batimedianews.com\/live\/index.php\/wp-json\/wp\/v2\/categories?post=28642"},{"taxonomy":"post_tag","embeddable":true,"href":"http:\/\/batimedianews.com\/live\/index.php\/wp-json\/wp\/v2\/tags?post=28642"}],"curies":[{"name":"wp","href":"https:\/\/api.w.org\/{rel}","templated":true}]}}