{"id":28690,"date":"2023-05-15T14:52:03","date_gmt":"2023-05-15T12:52:03","guid":{"rendered":"http:\/\/batimedianews.com\/live\/?p=28690"},"modified":"2023-09-06T19:07:52","modified_gmt":"2023-09-06T17:07:52","slug":"le-recyclage-devient-un-argument-cle-pour-passer-aux-panneaux-photovoltaiques","status":"publish","type":"post","link":"http:\/\/batimedianews.com\/live\/index.php\/2023\/05\/15\/le-recyclage-devient-un-argument-cle-pour-passer-aux-panneaux-photovoltaiques\/","title":{"rendered":"Le recyclage devient un argument cl\u00e9 pour passer aux panneaux photovolta\u00efques"},"content":{"rendered":"\n<figure class=\"wp-block-image size-large\"><img loading=\"lazy\" width=\"720\" height=\"207\" src=\"https:\/\/i1.wp.com\/batimedianews.com\/live\/wp-content\/uploads\/2023\/05\/image-112.png?resize=720%2C207\" alt=\"\" class=\"wp-image-28691\" srcset=\"https:\/\/i1.wp.com\/batimedianews.com\/live\/wp-content\/uploads\/2023\/05\/image-112.png?resize=1024%2C294 1024w, https:\/\/i1.wp.com\/batimedianews.com\/live\/wp-content\/uploads\/2023\/05\/image-112.png?resize=600%2C172 600w, https:\/\/i1.wp.com\/batimedianews.com\/live\/wp-content\/uploads\/2023\/05\/image-112.png?resize=768%2C221 768w, https:\/\/i1.wp.com\/batimedianews.com\/live\/wp-content\/uploads\/2023\/05\/image-112.png?resize=10%2C3 10w, https:\/\/i1.wp.com\/batimedianews.com\/live\/wp-content\/uploads\/2023\/05\/image-112.png?resize=432%2C124 432w, https:\/\/i1.wp.com\/batimedianews.com\/live\/wp-content\/uploads\/2023\/05\/image-112.png?resize=396%2C114 396w, https:\/\/i1.wp.com\/batimedianews.com\/live\/wp-content\/uploads\/2023\/05\/image-112.png?resize=1120%2C322 1120w, https:\/\/i1.wp.com\/batimedianews.com\/live\/wp-content\/uploads\/2023\/05\/image-112.png?resize=660%2C190 660w, https:\/\/i1.wp.com\/batimedianews.com\/live\/wp-content\/uploads\/2023\/05\/image-112.png?resize=710%2C204 710w, https:\/\/i1.wp.com\/batimedianews.com\/live\/wp-content\/uploads\/2023\/05\/image-112.png?w=1260 1260w\" sizes=\"(max-width: 600px) 91vw, (max-width: 900px) 600px, (max-width: 1060px) 50vw, (max-width: 1200px) 520px, (max-width: 1400px) 43vw, 600px\" data-recalc-dims=\"1\" \/><\/figure>\n\n\n\n<p class=\"has-medium-font-size\"><strong>Soren, l\u2019\u00e9co-organisme de la collecte et du traitement des panneaux photovolta\u00efques usag\u00e9s en France, consulte r\u00e9guli\u00e8rement les Fran\u00e7ais sur leurs connaissances de la fili\u00e8re. \u00c0 l\u2019occasion de la Journ\u00e9e Mondiale du Recyclage, Soren a relanc\u00e9 son barom\u00e8tre pour 2023(1).<\/strong><\/p>\n\n\n\n<p class=\"has-text-color has-medium-font-size\" style=\"color:#5572ba\"><strong>L\u2019\u00e9nergie solaire attire de plus en plus : + 11 % en 1 an.<\/strong><\/p>\n\n\n\n<p>Ils \u00e9taient 20 % en 2022, ils sont d\u00e9sormais <strong>31 % de Fran\u00e7ais \u00e0 envisager l\u2019installation de panneaux photovolta\u00efques (21 %) ou \u00e0 \u00eatre d\u00e9j\u00e0 \u00e9quip\u00e9s (11 %)(1).<\/strong> Parmi ceux qui envisagent cette solution dans les temps \u00e0 venir, les jeunes de moins de 35 ans sont les plus nombreux (28 %). En effet, l\u2019\u00e9nergie solaire est v\u00e9ritablement per\u00e7ue comme une solution d\u2019avenir et un \u00e9l\u00e9ment de r\u00e9ponse aux d\u00e9fis climatiques. La crise \u00e9nerg\u00e9tique que l\u2019Europe traverse depuis des mois y est pour quelque chose. Au-del\u00e0 de la conscience \u00e9cologique croissante, les Fran\u00e7ais envisagent et repensent leur propre \u00ab mix \u00bb \u00e9nerg\u00e9tique. Avec ses co\u00fbts de production en baisse, son installation facile et sa flexibilit\u00e9, le solaire est le grand gagnant de la transition \u00e9nerg\u00e9tique.<\/p>\n\n\n\n<p class=\"has-text-color has-medium-font-size\" style=\"color:#5572ba\"><strong>Le recyclage des panneaux photovolta\u00efques : un \u00e9l\u00e9ment central pour passer le cap<\/strong><\/p>\n\n\n\n<p>La d\u00e9cision de s\u2019\u00e9quiper en panneaux solaires est confront\u00e9e au cycle de vie de ces panneaux. En effet, pour <strong>71 % des Fran\u00e7ais, installer des panneaux photovolta\u00efques chez soi n\u2019a de sens que si ceux-ci peuvent \u00eatre recycl\u00e9s(1).<\/strong> Cela a m\u00eame \u00e9t\u00e9 un frein pour pr\u00e8s d\u20191\/3 d\u2019entre eux pensant que ce n\u2019\u00e9tait pas le cas (27 %). Une id\u00e9e re\u00e7ue puisque l\u2019\u00e9co-organisme Soren estime que gr\u00e2ce \u00e0 la qualit\u00e9 de son proc\u00e9d\u00e9 de traitement, le taux de recyclage se situe entre 90 % et 94 % en fonction des proc\u00e9d\u00e9s de traitement.<\/p>\n\n\n\n<figure class=\"wp-block-image size-large\"><img loading=\"lazy\" width=\"720\" height=\"165\" src=\"https:\/\/i0.wp.com\/batimedianews.com\/live\/wp-content\/uploads\/2023\/05\/image-113.png?resize=720%2C165\" alt=\"\" class=\"wp-image-28692\" srcset=\"https:\/\/i0.wp.com\/batimedianews.com\/live\/wp-content\/uploads\/2023\/05\/image-113.png?resize=1024%2C235 1024w, https:\/\/i0.wp.com\/batimedianews.com\/live\/wp-content\/uploads\/2023\/05\/image-113.png?resize=600%2C138 600w, https:\/\/i0.wp.com\/batimedianews.com\/live\/wp-content\/uploads\/2023\/05\/image-113.png?resize=768%2C176 768w, https:\/\/i0.wp.com\/batimedianews.com\/live\/wp-content\/uploads\/2023\/05\/image-113.png?resize=1536%2C353 1536w, https:\/\/i0.wp.com\/batimedianews.com\/live\/wp-content\/uploads\/2023\/05\/image-113.png?resize=10%2C2 10w, https:\/\/i0.wp.com\/batimedianews.com\/live\/wp-content\/uploads\/2023\/05\/image-113.png?resize=432%2C99 432w, https:\/\/i0.wp.com\/batimedianews.com\/live\/wp-content\/uploads\/2023\/05\/image-113.png?resize=396%2C91 396w, https:\/\/i0.wp.com\/batimedianews.com\/live\/wp-content\/uploads\/2023\/05\/image-113.png?resize=1120%2C257 1120w, https:\/\/i0.wp.com\/batimedianews.com\/live\/wp-content\/uploads\/2023\/05\/image-113.png?resize=660%2C152 660w, https:\/\/i0.wp.com\/batimedianews.com\/live\/wp-content\/uploads\/2023\/05\/image-113.png?resize=710%2C163 710w, https:\/\/i0.wp.com\/batimedianews.com\/live\/wp-content\/uploads\/2023\/05\/image-113.png?w=1838 1838w, https:\/\/i0.wp.com\/batimedianews.com\/live\/wp-content\/uploads\/2023\/05\/image-113.png?w=1440 1440w\" sizes=\"(max-width: 600px) 91vw, (max-width: 900px) 600px, (max-width: 1060px) 50vw, (max-width: 1200px) 520px, (max-width: 1400px) 43vw, 600px\" data-recalc-dims=\"1\" \/><\/figure>\n\n\n\n<div class=\"wp-block-group has-sm-light-primary-color has-text-color has-background\" style=\"background-color:#f6c304\"><div class=\"wp-block-group__inner-container\">\n<p><em>\u00ab Il est essentiel pour nous de conna\u00eetre les attentes des Fran\u00e7ais. Leur message est clair : ils sont pr\u00eats \u00e0 installer des panneaux photovolta\u00efques mais en connaissant les tenants et les aboutissants. On ne peut que les comprendre, la fili\u00e8re peut para\u00eetre complexe. Il est de notre r\u00f4le de les sensibiliser et de rendre accessible les informations en mati\u00e8re de recyclage. \u00bb<\/em><\/p>\n\n\n\n<p class=\"has-medium-font-size\"><strong>Nicolas Defrenne, Directeur G\u00e9n\u00e9ral de Soren.<\/strong><\/p>\n<\/div><\/div>\n\n\n\n<p class=\"has-text-color has-medium-font-size\" style=\"color:#5572ba\"><strong>Un fort int\u00e9r\u00eat de la part des Fran\u00e7ais pour la fili\u00e8re mais un besoin accru d\u2019informations<\/strong><\/p>\n\n\n\n<p>Les Fran\u00e7ais ont une bonne connaissance de la fili\u00e8re, ils sont par exemple 73 % \u00e0 r\u00e9pondre qu\u2019il est possible de recycler les mat\u00e9riaux composant les panneaux photovolta\u00efques. Un chiffre \u00e9quivalent \u00e0 l\u2019ann\u00e9e pr\u00e9c\u00e9dente. C\u00f4t\u00e9 \u00e9conomie, ils sont \u00e9galement sensibilis\u00e9s \u00e0 la cr\u00e9ation de valeur \u00e9conomique de la fili\u00e8re (68 %, +10 % vs 2022) et \u00e0 la cr\u00e9ation d\u2019emplois g\u00e9n\u00e9r\u00e9s (69 %, +10 % vs 2022).<\/p>\n\n\n\n<p>Pourtant, 83 % estiment manquer d\u2019informations concernant le recyclage des panneaux photovolta\u00efques. Cela est partag\u00e9 par toutes les cat\u00e9gories de la population, et en particulier par les Fran\u00e7ais ayant l\u2019intention de s\u2019\u00e9quiper (88 %). Ils sont encore 43 % \u00e0 penser que les panneaux photovolta\u00efques ne se recyclent pas en France.<strong> Une m\u00e9connaissance de la fili\u00e8re fran\u00e7aise que Soren compte bien pallier<\/strong>, particuli\u00e8rement \u00e0 l\u2019heure o\u00f9 le volume des panneaux en fin de vie va cro\u00eetre. En effet, 150 000 tonnes arriveront en fin de vie en 2040.<\/p>\n\n\n\n<p class=\"has-text-color has-medium-font-size\" style=\"color:#5572ba\">\u00c0 propos de Soren<\/p>\n\n\n\n<p class=\"has-small-font-size\">Soren est l\u2019\u00e9co-organisme agr\u00e9\u00e9 par les pouvoirs publics pour la collecte et le traitement des panneaux photovolta\u00efques usag\u00e9s en France. Son expertise en fait un acteur majeur d\u2019une coordination efficace et durable entre toutes les parties prenantes de la fili\u00e8re photovolta\u00efque en France : d\u00e9tenteurs, metteurs sur le march\u00e9, institutionnels, collectivit\u00e9s, acteurs et op\u00e9rateurs de l\u2019\u00e9conomie circulaire, dans une d\u00e9marche collective, solidaire et de proximit\u00e9. Avec une approche globale associant performances techniques, environnementales, \u00e9conomiques et sociales, il oeuvre \u00e0 la structuration d\u2019une fili\u00e8re photovolta\u00efque toujours plus circulaire.<\/p>\n\n\n\n<p class=\"has-small-font-size\">(1) Source : Opinion Way &#8211; mars 2023 &#8211; Sondage effectu\u00e9 aupr\u00e8s d\u2019un \u00e9chantillon de 1008 personnes repr\u00e9sentatives de la population<\/p>\n","protected":false},"excerpt":{"rendered":"<p>Soren, l\u2019\u00e9co-organisme de la collecte et du traitement des panneaux photovolta\u00efques usag\u00e9s en France, consulte r\u00e9guli\u00e8rement les Fran\u00e7ais sur leurs connaissances de la fili\u00e8re. \u00c0 l\u2019occasion de la Journ\u00e9e Mondiale du Recyclage, Soren a relanc\u00e9 son barom\u00e8tre pour 2023(1). L\u2019\u00e9nergie solaire attire de plus en plus : + 11 % en 1 an. Ils \u00e9taient [&hellip;]<\/p>\n","protected":false},"author":41,"featured_media":28693,"comment_status":"open","ping_status":"open","sticky":false,"template":"","format":"standard","meta":{"spay_email":""},"categories":[4,2322,109],"tags":[],"jetpack_featured_media_url":"https:\/\/i1.wp.com\/batimedianews.com\/live\/wp-content\/uploads\/2023\/05\/Soren-Article.jpg?fit=1920%2C1080","jetpack_sharing_enabled":true,"jetpack_likes_enabled":true,"jetpack-related-posts":[{"id":28807,"url":"http:\/\/batimedianews.com\/live\/index.php\/2023\/05\/22\/photovoltaique-multiplication-des-offres-techniques-et-financieres\/","url_meta":{"origin":28690,"position":0},"title":"Photovolta\u00efque : multiplication des offres techniques et financi\u00e8res","date":"22 mai 2023","format":false,"excerpt":"Gr\u00e2ce \u00e0 l\u2019augmentation rapide du co\u00fbt de l\u2019\u00e9lectricit\u00e9, m\u00eame en tenant compte du bouclier tarifaire, la production photovolta\u00efque sur site et l\u2019autoconsommation deviennent rentables. Pascal Poggi pour batim\u00e9dia Production sur site, financement des installations, \u00e9valuation du gisement, solutions de stockage d\u2019\u00e9lectricit\u00e9 en batteries, \u2026 toutes les briques d\u2019une installation photovolta\u00efque\u2026","rel":"","context":"Dans &quot;Articles et analyses&quot;","img":{"alt_text":"","src":"https:\/\/i0.wp.com\/batimedianews.com\/live\/wp-content\/uploads\/2023\/05\/photo-image-.png?fit=1200%2C1200&resize=350%2C200","width":350,"height":200},"classes":[]},{"id":33860,"url":"http:\/\/batimedianews.com\/live\/index.php\/2023\/12\/13\/dualsun-et-stile-deux-fabricants-francais-au-forum-energaia-a-montpellier\/","url_meta":{"origin":28690,"position":1},"title":"DualSun et S\u2019TILE, deux fabricants fran\u00e7ais au Forum Energa\u00efa \u00e0 Montpellier","date":"13 d\u00e9cembre 2023","format":false,"excerpt":"Pascal poggi pour Batim\u00e9dia Le Forum Energa\u00efa \u00e0 Montpellier a ouvert ce matin, 13 d\u00e9cembre 2023. Seul salon fran\u00e7ais qui traite de toutes les \u00e9nergies renouvelables, EnerGa\u00efa se tient les 13 et 14 d\u00e9cembre au Parc des Expositions de Montpellier. Doc. PP Port\u00e9 par la R\u00e9gion Occitanie \/ Pyr\u00e9n\u00e9es-M\u00e9diterran\u00e9e, le\u2026","rel":"","context":"Dans &quot;Articles et analyses&quot;","img":{"alt_text":"","src":"https:\/\/i0.wp.com\/batimedianews.com\/live\/wp-content\/uploads\/2023\/12\/01-energaia-image-scaled.jpeg?fit=1200%2C1200&resize=350%2C200","width":350,"height":200},"classes":[]},{"id":40400,"url":"http:\/\/batimedianews.com\/live\/index.php\/2024\/10\/16\/des-solutions-de-montage-pour-panneaux-photovoltaiques-specifiquement-concues-pour-le-marche-francais\/","url_meta":{"origin":28690,"position":2},"title":"Des solutions de montage pour panneaux photovolta\u00efques, sp\u00e9cifiquement con\u00e7ues pour le march\u00e9 fran\u00e7ais","date":"16 octobre 2024","format":false,"excerpt":"Leader mondial des syst\u00e8mes de fixations r\u00e9pondant aux besoins des professionnels et des bricoleurs, fischer conforte sa position de r\u00e9f\u00e9rent du march\u00e9 des fixations en offrant \u00e0 ses clients une solution compl\u00e8te de fixation pour panneaux photovolta\u00efques : Solar Systems. La marque poursuit ainsi son d\u00e9veloppement sur un march\u00e9 en\u2026","rel":"","context":"Dans &quot;Actualit\u00e9 Entreprises&quot;","img":{"alt_text":"","src":"https:\/\/i0.wp.com\/batimedianews.com\/live\/wp-content\/uploads\/2024\/10\/fischer-articles-1-4.jpg?fit=825%2C825&resize=350%2C200","width":350,"height":200},"classes":[]},{"id":31733,"url":"http:\/\/batimedianews.com\/live\/index.php\/2023\/09\/25\/beaucoup-de-mouvement-dans-le-photovoltaique-en-france\/","url_meta":{"origin":28690,"position":3},"title":"Beaucoup de mouvement dans le photovolta\u00efque en France","date":"25 septembre 2023","format":false,"excerpt":"Pascal Poggi Pour Batim\u00e9dia Le CNRS vient de publier \u00ab\u00a0Le solaire photovolta\u00efque en France : r\u00e9alit\u00e9, potentiel et d\u00e9fis\u00a0\u00bb, 72 pages pour le point sur le photovolta\u00efque en France et, au passage, dissiper bien des id\u00e9es re\u00e7ues et des contes conspirationnistes. Dans le m\u00eame temps, Soprasolar poursuit ses efforts pour\u2026","rel":"","context":"Dans &quot;Articles et analyses&quot;","img":{"alt_text":"","src":"https:\/\/i2.wp.com\/batimedianews.com\/live\/wp-content\/uploads\/2023\/09\/photovoltaique-.jpeg?fit=1200%2C1200&resize=350%2C200","width":350,"height":200},"classes":[]},{"id":28045,"url":"http:\/\/batimedianews.com\/live\/index.php\/2023\/04\/19\/le-photovoltaique-a-bau2023-cest-du-bipv\/","url_meta":{"origin":28690,"position":4},"title":"Le photovolta\u00efque \u00e0 BAU2023, c\u2019est du BIPV","date":"19 avril 2023","format":false,"excerpt":"Nous n\u2019avons pas encore parcouru tous les 18 halls du salon BAU2023, mais nous avons d\u00e9j\u00e0 crois\u00e9 une douzaine d\u2019offres de BIPV ou Building Integrated Photovolta\u00efcs, dont celle du fran\u00e7ais ASCA et celle du suisse Megasol. Pascal Poggi pour Batim\u00e9dia Plusieurs solutions diff\u00e9rentes de BIPV sont mises en avant \u00e0\u2026","rel":"","context":"Dans &quot;Articles et analyses&quot;","img":{"alt_text":"","src":"https:\/\/i2.wp.com\/batimedianews.com\/live\/wp-content\/uploads\/2023\/04\/bau4-image-.jpeg?fit=1200%2C1200&resize=350%2C200","width":350,"height":200},"classes":[]},{"id":30816,"url":"http:\/\/batimedianews.com\/live\/index.php\/2023\/09\/01\/ifa-2023-fort-developpement-des-solutions-photovoltaiques-et-des-stockages-delectricite-portatifs\/","url_meta":{"origin":28690,"position":5},"title":"IFA 2023 : fort d\u00e9veloppement des solutions photovolta\u00efques et des stockages d\u2019\u00e9lectricit\u00e9 portatifs","date":"1 septembre 2023","format":false,"excerpt":"Les panneaux photovolta\u00efques pliables et le stockage d\u2019\u00e9lectricit\u00e9 portatif ou \u00e0 roulettes pour les professionnels se multiplient \u00e0 IFA 2023. Ils ouvrent de nouvelles possibilit\u00e9s pour alimenter les outils \u00e9lectriques et l\u2019\u00e9clairage sur les chantiers. Un nouveau march\u00e9 appara\u00eet aussi\u00a0: le photovolta\u00efque de balcon. Pascal Poggi pour batimedia IFA 2023,\u2026","rel":"","context":"Dans &quot;IFA Berlin 2023&quot;","img":{"alt_text":"","src":"https:\/\/i1.wp.com\/batimedianews.com\/live\/wp-content\/uploads\/2023\/09\/IFA1_image.jpeg?fit=675%2C675&resize=350%2C200","width":350,"height":200},"classes":[]}],"_links":{"self":[{"href":"http:\/\/batimedianews.com\/live\/index.php\/wp-json\/wp\/v2\/posts\/28690"}],"collection":[{"href":"http:\/\/batimedianews.com\/live\/index.php\/wp-json\/wp\/v2\/posts"}],"about":[{"href":"http:\/\/batimedianews.com\/live\/index.php\/wp-json\/wp\/v2\/types\/post"}],"author":[{"embeddable":true,"href":"http:\/\/batimedianews.com\/live\/index.php\/wp-json\/wp\/v2\/users\/41"}],"replies":[{"embeddable":true,"href":"http:\/\/batimedianews.com\/live\/index.php\/wp-json\/wp\/v2\/comments?post=28690"}],"version-history":[{"count":3,"href":"http:\/\/batimedianews.com\/live\/index.php\/wp-json\/wp\/v2\/posts\/28690\/revisions"}],"predecessor-version":[{"id":28698,"href":"http:\/\/batimedianews.com\/live\/index.php\/wp-json\/wp\/v2\/posts\/28690\/revisions\/28698"}],"wp:featuredmedia":[{"embeddable":true,"href":"http:\/\/batimedianews.com\/live\/index.php\/wp-json\/wp\/v2\/media\/28693"}],"wp:attachment":[{"href":"http:\/\/batimedianews.com\/live\/index.php\/wp-json\/wp\/v2\/media?parent=28690"}],"wp:term":[{"taxonomy":"category","embeddable":true,"href":"http:\/\/batimedianews.com\/live\/index.php\/wp-json\/wp\/v2\/categories?post=28690"},{"taxonomy":"post_tag","embeddable":true,"href":"http:\/\/batimedianews.com\/live\/index.php\/wp-json\/wp\/v2\/tags?post=28690"}],"curies":[{"name":"wp","href":"https:\/\/api.w.org\/{rel}","templated":true}]}}