{"id":3125,"date":"2019-10-07T15:51:08","date_gmt":"2019-10-07T13:51:08","guid":{"rendered":"http:\/\/batimedianews.com\/live\/?p=3125"},"modified":"2021-10-21T12:40:19","modified_gmt":"2021-10-21T10:40:19","slug":"le-confort-thermique-au-coeur-des-ambitions-de-somfy","status":"publish","type":"post","link":"http:\/\/batimedianews.com\/live\/index.php\/2019\/10\/07\/le-confort-thermique-au-coeur-des-ambitions-de-somfy\/","title":{"rendered":"Le confort thermique au coeur des ambitions de Somfy"},"content":{"rendered":"\n<ul><li><em>Selon une \u00e9tude, 87 % des Fran\u00e7ais d\u00e9c<\/em><em>larent \u00ab<\/em>&nbsp;<em>Adorer \u00eatre chez eux<\/em>&nbsp;<em>\u00bb (<\/em><em>Source<\/em>&nbsp;<em>:&nbsp;<\/em><em>Promotelec<\/em><em>, 2017<\/em><em>)<\/em><\/li><li><em>Un chiffre en constante augmentation depuis 10 ans<\/em><\/li><li><em>Le chauffage repr\u00e9sente 67% des d\u00e9p<\/em><em>enses \u00e9nerg\u00e9tiques du foyer (<\/em><em>Source :&nbsp;<\/em><em>Ademe<\/em><em>)<\/em><\/li><li><em>R\u00e9guler et programmer son chauffage permettrait de r\u00e9duire la facture jusqu<\/em><em>&lsquo;<\/em><em>\u00e0 25% (Source&nbsp;<\/em><em>Ademe<\/em><em>)<\/em><\/li><\/ul>\n\n\n\n<p style=\"text-align:justify\">A l&rsquo;heure o\u00f9 les&nbsp;Fran\u00e7ais d\u00e9clarent aimer de plus en plus \u00eatre chez&nbsp;eux, am\u00e9liorer le confort thermique du foyer et r\u00e9duire la facture \u00e9nerg\u00e9tique est devenu une&nbsp;pr\u00e9occupation&nbsp;g\u00e9n\u00e9rale.&nbsp;Avec l&rsquo;arriv\u00e9e de l&rsquo;automne,&nbsp;Somfy&nbsp;sensibilise les consommateurs en qu\u00eate d&rsquo;\u00e9conomie d&rsquo;\u00e9nergie&nbsp;gr\u00e2ce \u00e0&nbsp;sa gamme de solutions de gestion de chauffage connect\u00e9es, intelligentes et performantes pour r\u00e9duire sa facture sans changer ses habitudes&nbsp;!<\/p>\n\n\n\n<h2><strong>Vers plus de performances \u00e9nerg\u00e9tiques ensemble<\/strong><\/h2>\n\n\n\n<p style=\"text-align:justify\">Somfy est associ\u00e9 depuis pr\u00e8s de 10 ans aux plus grands acteurs du confort thermique &#8211; qui regroupe le chauffage, la ventilation et la climatisation &#8211; pour proposer des solutions coupl\u00e9es \u00e0 la Smart Home. La marque a d\u00e9velopp\u00e9 des solutions de chauffage connect\u00e9&nbsp;pour offrir plus de confort et la perspective&nbsp;d&rsquo;am\u00e9liorer&nbsp;les performances \u00e9nerg\u00e9tiques.<\/p>\n\n\n\n<p style=\"text-align:justify\">Plusieurs solutions Somfy existent en fonction de la surface du logement et du mode de pilotage souhait\u00e9\u00a0: en central, pi\u00e8ce par pi\u00e8ce ou en combin\u00e9 avec d&rsquo;autres \u00e9quipements depuis la box domotique TaHoma.<\/p>\n\n\n\n<h2><strong>Les solutions de chauffage connect\u00e9 avec Somfy<\/strong><\/h2>\n\n\n\n<p><strong>1) Le thermostat connect\u00e9 pour un confort personnalis\u00e9<\/strong><\/p>\n\n\n\n<figure class=\"wp-block-image\"><img loading=\"lazy\" width=\"720\" height=\"720\" src=\"https:\/\/i1.wp.com\/batimedianews.com\/live\/wp-content\/uploads\/2019\/10\/C-TNsqFQ-1024x1024.png?resize=720%2C720&#038;ssl=1\" alt=\"\" class=\"wp-image-3132\" srcset=\"https:\/\/i1.wp.com\/batimedianews.com\/live\/wp-content\/uploads\/2019\/10\/C-TNsqFQ.png?resize=1024%2C1024 1024w, https:\/\/i1.wp.com\/batimedianews.com\/live\/wp-content\/uploads\/2019\/10\/C-TNsqFQ.png?resize=150%2C150 150w, https:\/\/i1.wp.com\/batimedianews.com\/live\/wp-content\/uploads\/2019\/10\/C-TNsqFQ.png?resize=300%2C300 300w, https:\/\/i1.wp.com\/batimedianews.com\/live\/wp-content\/uploads\/2019\/10\/C-TNsqFQ.png?resize=768%2C768 768w, https:\/\/i1.wp.com\/batimedianews.com\/live\/wp-content\/uploads\/2019\/10\/C-TNsqFQ.png?resize=10%2C10 10w, https:\/\/i1.wp.com\/batimedianews.com\/live\/wp-content\/uploads\/2019\/10\/C-TNsqFQ.png?resize=432%2C432 432w, https:\/\/i1.wp.com\/batimedianews.com\/live\/wp-content\/uploads\/2019\/10\/C-TNsqFQ.png?resize=396%2C396 396w, https:\/\/i1.wp.com\/batimedianews.com\/live\/wp-content\/uploads\/2019\/10\/C-TNsqFQ.png?resize=1120%2C1120 1120w, https:\/\/i1.wp.com\/batimedianews.com\/live\/wp-content\/uploads\/2019\/10\/C-TNsqFQ.png?resize=660%2C660 660w, https:\/\/i1.wp.com\/batimedianews.com\/live\/wp-content\/uploads\/2019\/10\/C-TNsqFQ.png?resize=220%2C220 220w, https:\/\/i1.wp.com\/batimedianews.com\/live\/wp-content\/uploads\/2019\/10\/C-TNsqFQ.png?w=1536 1536w, https:\/\/i1.wp.com\/batimedianews.com\/live\/wp-content\/uploads\/2019\/10\/C-TNsqFQ.png?w=1440 1440w\" sizes=\"(max-width: 600px) 91vw, (max-width: 900px) 600px, (max-width: 1060px) 50vw, (max-width: 1200px) 520px, (max-width: 1400px) 43vw, 600px\" data-recalc-dims=\"1\" \/><\/figure>\n\n\n\n<p style=\"text-align:justify\">Parce que tout le monde n&rsquo;a pas la m\u00eame conception du confort, Somfy a imagin\u00e9 un thermostat connect\u00e9 personnalisable en fonction de l&rsquo;habitat et du mode de vie de chacun. Il est d&rsquo;ailleurs compatible avec la majorit\u00e9 des solutions de chauffage (chaudi\u00e8re bois, fioul, gaz, installations \u00e9lectriques, pompe \u00e0 chaleur et climatisation).<\/p>\n\n\n\n<p style=\"text-align:justify\">Le pilotage \u00e0 la carte peut se faire directement depuis le produit, avec l&rsquo;application d\u00e9di\u00e9e via Smartphone ou encore avec les assistants vocaux. Intuitive, l&rsquo;interface permet de suivre en temps r\u00e9el le bilan \u00e9nerg\u00e9tique du logement pour optimiser sa consommation et offre la possibilit\u00e9 d&rsquo;utiliser la fonction g\u00e9olocalisation. Id\u00e9al quand on rentre du travail ou apr\u00e8s quelques jours de vacances\u00a0: \u00e0 distance on peut activer le chauffage ou augmenter de quelques degr\u00e9s pour une temp\u00e9rature optimale \u00e0\u00a0son arriv\u00e9e.<\/p>\n\n\n\n<p><strong>2)&nbsp;<\/strong><strong>La<\/strong><strong>&nbsp;t\u00eate thermostatique&nbsp;<\/strong><strong>io<\/strong><strong>&nbsp;pour une gestion des pi\u00e8ces au degr\u00e9 pr\u00e8s<\/strong><\/p>\n\n\n\n<figure class=\"wp-block-image\"><img loading=\"lazy\" width=\"720\" height=\"753\" src=\"https:\/\/i1.wp.com\/batimedianews.com\/live\/wp-content\/uploads\/2019\/10\/zuPN5seA-1.png?resize=720%2C753&#038;ssl=1\" alt=\"\" class=\"wp-image-3134\" srcset=\"https:\/\/i1.wp.com\/batimedianews.com\/live\/wp-content\/uploads\/2019\/10\/zuPN5seA-1.png?w=764 764w, https:\/\/i1.wp.com\/batimedianews.com\/live\/wp-content\/uploads\/2019\/10\/zuPN5seA-1.png?resize=287%2C300 287w, https:\/\/i1.wp.com\/batimedianews.com\/live\/wp-content\/uploads\/2019\/10\/zuPN5seA-1.png?resize=10%2C10 10w, https:\/\/i1.wp.com\/batimedianews.com\/live\/wp-content\/uploads\/2019\/10\/zuPN5seA-1.png?resize=432%2C452 432w, https:\/\/i1.wp.com\/batimedianews.com\/live\/wp-content\/uploads\/2019\/10\/zuPN5seA-1.png?resize=396%2C414 396w, https:\/\/i1.wp.com\/batimedianews.com\/live\/wp-content\/uploads\/2019\/10\/zuPN5seA-1.png?resize=660%2C690 660w, https:\/\/i1.wp.com\/batimedianews.com\/live\/wp-content\/uploads\/2019\/10\/zuPN5seA-1.png?resize=210%2C220 210w\" sizes=\"(max-width: 600px) 91vw, (max-width: 900px) 600px, (max-width: 1060px) 50vw, (max-width: 1200px) 520px, (max-width: 1400px) 43vw, 600px\" data-recalc-dims=\"1\" \/><\/figure>\n\n\n\n<p style=\"text-align:justify\">La t\u00eate thermostatique\u00a0io, nouveaut\u00e9 Somfy, permet de commander de fa\u00e7on ind\u00e9pendante le radiateur \u00e0 eau chaude de chaque pi\u00e8ce. La temp\u00e9rature peut \u00eatre modifi\u00e9e manuellement comme une t\u00eate traditionnelle, mais aussi depuis l&rsquo;interface TaHoma ou encore gr\u00e2ce aux assistants vocaux.\u00a0Connecter une ou plusieurs t\u00eates thermostatiques\u00a0\u00e0 la\u00a0box domotique TaHoma garantit une performance \u00e9nerg\u00e9tique in\u00e9gal\u00e9e dans chaque pi\u00e8ce de la maison, en fonction de l&rsquo;utilisation au quotidien. Petit plus, la t\u00eate thermostatique est silencieuse afin de ne pas perturber le sommeil de chacun.<\/p>\n\n\n\n<h3><strong>3) Un chauffage connect\u00e9 combin\u00e9 aux \u00e9quipements de l&rsquo;habitat<\/strong><\/h3>\n\n\n\n<figure class=\"wp-block-image\"><img loading=\"lazy\" width=\"720\" height=\"521\" src=\"https:\/\/i1.wp.com\/batimedianews.com\/live\/wp-content\/uploads\/2019\/10\/jvpmOKhw-1024x741.png?resize=720%2C521&#038;ssl=1\" alt=\"\" class=\"wp-image-3135\" srcset=\"https:\/\/i1.wp.com\/batimedianews.com\/live\/wp-content\/uploads\/2019\/10\/jvpmOKhw.png?resize=1024%2C741 1024w, https:\/\/i1.wp.com\/batimedianews.com\/live\/wp-content\/uploads\/2019\/10\/jvpmOKhw.png?resize=300%2C217 300w, https:\/\/i1.wp.com\/batimedianews.com\/live\/wp-content\/uploads\/2019\/10\/jvpmOKhw.png?resize=768%2C556 768w, https:\/\/i1.wp.com\/batimedianews.com\/live\/wp-content\/uploads\/2019\/10\/jvpmOKhw.png?resize=10%2C7 10w, https:\/\/i1.wp.com\/batimedianews.com\/live\/wp-content\/uploads\/2019\/10\/jvpmOKhw.png?resize=432%2C313 432w, https:\/\/i1.wp.com\/batimedianews.com\/live\/wp-content\/uploads\/2019\/10\/jvpmOKhw.png?resize=396%2C287 396w, https:\/\/i1.wp.com\/batimedianews.com\/live\/wp-content\/uploads\/2019\/10\/jvpmOKhw.png?resize=1120%2C811 1120w, https:\/\/i1.wp.com\/batimedianews.com\/live\/wp-content\/uploads\/2019\/10\/jvpmOKhw.png?resize=660%2C478 660w, https:\/\/i1.wp.com\/batimedianews.com\/live\/wp-content\/uploads\/2019\/10\/jvpmOKhw.png?resize=304%2C220 304w, https:\/\/i1.wp.com\/batimedianews.com\/live\/wp-content\/uploads\/2019\/10\/jvpmOKhw.png?w=1440 1440w, https:\/\/i1.wp.com\/batimedianews.com\/live\/wp-content\/uploads\/2019\/10\/jvpmOKhw.png?w=2160 2160w\" sizes=\"(max-width: 600px) 91vw, (max-width: 900px) 600px, (max-width: 1060px) 50vw, (max-width: 1200px) 520px, (max-width: 1400px) 43vw, 600px\" data-recalc-dims=\"1\" \/><\/figure>\n\n\n\n<p style=\"text-align:justify\">Pour aller plus loin dans la d\u00e9marche et r\u00e9duire sa facture \u00e9nerg\u00e9tique, rien de mieux que de coupler le thermostat connect\u00e9 ou les t\u00eates thermostatiques \u00e0 une box domotique Somfy.En associant les t\u00eates thermostatiques&nbsp;&nbsp;\n\n\u00e0 un capteur de soleil et \u00e0 des volets roulants, d\u00e8s que la temp\u00e9rature&nbsp;ext\u00e9rieure augmente, les volets s&rsquo;ouvrent pour laisser le soleil chauffer la pi\u00e8ce pendant que les t\u00eates thermostatiques basculent en mode \u00e9co. Tandis qu&rsquo;\u00e0 la tomb\u00e9e du jour, avec la fra\u00eecheur, TaHoma ferme automatiquement rideaux et volets pour mieux conserver la chaleur.<\/p>\n\n\n\n<p style=\"text-align:justify\">Le thermostat passe en mode confort et augmente la temp\u00e9rature dans les pi\u00e8ces choisies. Les possibilit\u00e9s de sc\u00e9narios sont infinies&nbsp;et permettent de r\u00e9aliser de vraies \u00e9conomies.<\/p>\n\n\n\n<p style=\"text-align:justify\">Somfy a mis au point plusieurs solutions qui s&rsquo;adaptent au rythme de vie, aux habitudes et besoins de chacun avec la possibilit\u00e9 de r\u00e9gler les \u00e9quipements de chauffage connect\u00e9 au degr\u00e9 pr\u00e8s. Le pilotage des \u00e9quipements de la marque et produits partenaires compatibles se fait facilement gr\u00e2ce \u00e0 la box domotique et \u00e0 l&rsquo;interface d\u00e9di\u00e9e qui permet de g\u00e9rer tous les \u00e9quipements sur place ou \u00e0 distance. Des produits ouverts, \u00e9volutifs et une box compatible avec les assistants vocaux pour un meilleur confort thermique.<\/p>\n\n\n\n<p><strong>4)\u00a0Somfy signataire de la charte FAIRE !<\/strong><\/p>\n\n\n\n<figure class=\"wp-block-image\"><img loading=\"lazy\" width=\"402\" height=\"170\" src=\"https:\/\/i2.wp.com\/batimedianews.com\/live\/wp-content\/uploads\/2019\/10\/somfy4.jpg?resize=402%2C170&#038;ssl=1\" alt=\"\" class=\"wp-image-3129\" srcset=\"https:\/\/i2.wp.com\/batimedianews.com\/live\/wp-content\/uploads\/2019\/10\/somfy4.jpg?w=402 402w, https:\/\/i2.wp.com\/batimedianews.com\/live\/wp-content\/uploads\/2019\/10\/somfy4.jpg?resize=300%2C127 300w, https:\/\/i2.wp.com\/batimedianews.com\/live\/wp-content\/uploads\/2019\/10\/somfy4.jpg?resize=10%2C4 10w, https:\/\/i2.wp.com\/batimedianews.com\/live\/wp-content\/uploads\/2019\/10\/somfy4.jpg?resize=396%2C167 396w\" sizes=\"(max-width: 600px) 91vw, (max-width: 900px) 600px, (max-width: 1060px) 50vw, (max-width: 1200px) 520px, (max-width: 1400px) 43vw, 600px\" data-recalc-dims=\"1\" \/><\/figure>\n\n\n\n<p style=\"text-align:justify\"> Parce que le secteur du b\u00e2timent repr\u00e9sente 45% de l&rsquo;\u00e9nergie finale consomm\u00e9e par les b\u00e2timents et 27% des \u00e9missions de gaz \u00e0 effet de serre, le gouvernement fran\u00e7ais a lanc\u00e9 un plan national de r\u00e9novation \u00e9nerg\u00e9tique des b\u00e2timents. L&rsquo;objectif\u00a0? Diminuer la consommation \u00e9nerg\u00e9tique  et lutter contre la pr\u00e9carit\u00e9 \u00e9nerg\u00e9tique. Somfy, qui proposait d\u00e9j\u00e0 des solutions visant \u00e0 r\u00e9aliser d&rsquo;importantes \u00e9conomies d&rsquo;\u00e9nergie,\u00a0a souhait\u00e9 aller plus loin dans son engagement. L&rsquo;entreprise a rejoint l&rsquo;aventure en devenant signataire de la charte\u00a0\u00ab\u00a0ENGAG\u00c9\u00a0POUR\u00a0FAIRE\u00a0\u00bb\u00a0laquelle vise \u00e0\u00a0mobiliser l&rsquo;ensemble des acteurs autour de la massification de la r\u00e9novation \u00e9nerg\u00e9tique des b\u00e2timents.<\/p>\n","protected":false},"excerpt":{"rendered":"<p>Selon une \u00e9tude, 87 % des Fran\u00e7ais d\u00e9clarent \u00ab&nbsp;Adorer \u00eatre chez eux&nbsp;\u00bb (Source&nbsp;:&nbsp;Promotelec, 2017) Un chiffre en constante augmentation depuis 10 ans Le chauffage repr\u00e9sente 67% des d\u00e9penses \u00e9nerg\u00e9tiques du foyer (Source :&nbsp;Ademe) R\u00e9guler et programmer son chauffage permettrait de r\u00e9duire la facture jusqu&lsquo;\u00e0 25% (Source&nbsp;Ademe) A l&rsquo;heure o\u00f9 les&nbsp;Fran\u00e7ais d\u00e9clarent aimer de plus en [&hellip;]<\/p>\n","protected":false},"author":1,"featured_media":3130,"comment_status":"open","ping_status":"open","sticky":false,"template":"","format":"standard","meta":{"spay_email":""},"categories":[4,18],"tags":[],"jetpack_featured_media_url":"https:\/\/i2.wp.com\/batimedianews.com\/live\/wp-content\/uploads\/2019\/10\/somfy5.jpg?fit=1072%2C535","jetpack_sharing_enabled":true,"jetpack_likes_enabled":true,"jetpack-related-posts":[{"id":35528,"url":"http:\/\/batimedianews.com\/live\/index.php\/2024\/02\/21\/somfy-annonce-le-lancement-de-somfy-climate-une-gamme-de-solutions-visant-a-optimiser-lefficacite-energetique\/","url_meta":{"origin":3125,"position":0},"title":"Somfy annonce le lancement de Somfy climate, une gamme de solutions visant \u00e0 optimiser l\u2019efficacit\u00e9 \u00e9nerg\u00e9tique","date":"21 f\u00e9vrier 2024","format":false,"excerpt":"A l\u2019heure o\u00f9 la gestion du confort thermique de son habitat devient cruciale avec l\u2019augmentation des \u00e9pisodes de canicules et l\u2019augmentation des tarifs de l\u2019\u00e9lectricit\u00e9 et du gaz, les particuliers recherchent des solutions pour rentrer dans une d\u00e9marche d\u2019efficacit\u00e9 \u00e9nerg\u00e9tique.\u00a0 Dans ce contexte, Somfy, leader mondial de l\u2019automatisation des ouvertures\u2026","rel":"","context":"Dans &quot;Actualit\u00e9 Entreprises&quot;","img":{"alt_text":"","src":"https:\/\/i2.wp.com\/batimedianews.com\/live\/wp-content\/uploads\/2024\/02\/Somfy.jpg?fit=825%2C825&resize=350%2C200","width":350,"height":200},"classes":[]},{"id":26311,"url":"http:\/\/batimedianews.com\/live\/index.php\/2023\/02\/20\/angelique-longeray-directrice-generale-de-somfy-france-est-elue-vice-presidente-dignes\/","url_meta":{"origin":3125,"position":1},"title":"Ang\u00e9lique Longeray, Directrice G\u00e9n\u00e9rale de Somfy France, est \u00e9lue Vice-Pr\u00e9sidente d\u2019IGNES","date":"20 f\u00e9vrier 2023","format":false,"excerpt":"Le Comit\u00e9 de Direction d\u2019IGNES - l\u2019Alliance des industriels des solutions \u00e9lectriques et num\u00e9riques du b\u00e2timent - a \u00e9lu Ang\u00e9lique Longeray, Directrice G\u00e9n\u00e9rale de Somfy France, en qualit\u00e9 de Vice-Pr\u00e9sidente, faisant suite au d\u00e9part en retraite de Pascal Le Roux (Vice-pr\u00e9sident chez CDVI). Ang\u00e9lique Longeray fait ainsi son entr\u00e9e au\u2026","rel":"","context":"Dans &quot;Actualit\u00e9 Entreprises&quot;","img":{"alt_text":"","src":"https:\/\/i0.wp.com\/batimedianews.com\/live\/wp-content\/uploads\/2023\/02\/Somfy_IGNES-Article.jpg?fit=1080%2C1080&resize=350%2C200","width":350,"height":200},"classes":[]},{"id":1438,"url":"http:\/\/batimedianews.com\/live\/index.php\/2019\/07\/26\/et-si-vos-radiateurs-connectes-vous-permettaient-de-realiser-plus-deconomies-denergie\/","url_meta":{"origin":3125,"position":2},"title":"Et si vos radiateurs connect\u00e9s vous permettaient de r\u00e9aliser plus d&rsquo;\u00e9conomies d&rsquo;\u00e9nergie ?","date":"26 juillet 2019","format":false,"excerpt":"Gr\u00e2ce aux radiateurs connect\u00e9s Thermor et \u00e0 leurs fonctions intelligentes, il est possible\u00a0de r\u00e9aliser jusqu\u2019\u00e0 20% d\u2019\u00e9conomies sur sa facture d\u2019\u00e9lectricit\u00e9 (1). Il est loin le temps des appareils chauffant\u00a0trop fort tout ce qui se trouve autour ou\u00a0ass\u00e9chant l\u2019air ambiant. D\u00e9sormais, avec\u00a0Thermor, les radiateurs offrent un confort sur\u00a0mesure, contr\u00f4l\u00e9 et\u2026","rel":"","context":"Dans &quot;Actualit\u00e9 Entreprises&quot;","img":{"alt_text":"","src":"https:\/\/i0.wp.com\/batimedianews.com\/live\/wp-content\/uploads\/2019\/08\/thermor1.jpg?fit=1015%2C658&resize=350%2C200","width":350,"height":200},"classes":[]},{"id":47962,"url":"http:\/\/batimedianews.com\/live\/index.php\/2025\/11\/28\/etat-des-lieux-du-marche-de-la-pompe-a-chaleur-en-france-un-produit-apprecie-mais-mal-connu-2\/","url_meta":{"origin":3125,"position":3},"title":"Etat des lieux du march\u00e9 de la pompe \u00e0 chaleur en France : un produit appr\u00e9ci\u00e9 mais mal connu","date":"28 novembre 2025","format":false,"excerpt":"\u00c9tude exclusive BVA Xsight pour Vaillant Group La pompe \u00e0 chaleur est la 3e installation de chauffage en France*Plus de la moiti\u00e9 des Fran\u00e7ais (54 %*) estime que la pompe \u00e0 chaleur permet de r\u00e9duire les factures \u00e9nerg\u00e9tiques93 % des possesseurs de pompes \u00e0 chaleur s\u2019en d\u00e9clarent satisfaits Fontenay-sous-Bois, le\u2026","rel":"","context":"Dans &quot;Actualit\u00e9 Entreprises&quot;","img":{"alt_text":"","src":"https:\/\/i2.wp.com\/batimedianews.com\/live\/wp-content\/uploads\/2025\/11\/VaillantGroup.jpg?fit=825%2C825&resize=350%2C200","width":350,"height":200},"classes":[]},{"id":45982,"url":"http:\/\/batimedianews.com\/live\/index.php\/2025\/07\/28\/etat-des-lieux-du-marche-de-la-pompe-a-chaleur-en-france-un-produit-apprecie-mais-mal-connu\/","url_meta":{"origin":3125,"position":4},"title":"Etat des lieux du march\u00e9 de la pompe \u00e0 chaleur en France : un produit appr\u00e9ci\u00e9 mais mal connu","date":"28 juillet 2025","format":false,"excerpt":"\u00c9tude exclusive BVA Xsight pour Vaillant Group La pompe \u00e0 chaleur est la 3e installation de chauffage en France*Plus de la moiti\u00e9 des Fran\u00e7ais (54 %*) estime que la pompe \u00e0 chaleur permet de r\u00e9duire les factures \u00e9nerg\u00e9tiques93 % des possesseurs de pompes \u00e0 chaleur s\u2019en d\u00e9clarent satisfaits Fontenay-sous-Bois, le\u2026","rel":"","context":"Dans &quot;Actualit\u00e9 Entreprises&quot;","img":{"alt_text":"","src":"https:\/\/i1.wp.com\/batimedianews.com\/live\/wp-content\/uploads\/2025\/07\/VaillantGroup.jpg?fit=825%2C825&resize=350%2C200","width":350,"height":200},"classes":[]},{"id":48587,"url":"http:\/\/batimedianews.com\/live\/index.php\/2025\/12\/18\/barometre-sur-la-consommation-energetique-des-batiments-tertiaires\/","url_meta":{"origin":3125,"position":5},"title":"Barom\u00e8tre sur la consommation \u00e9nerg\u00e9tique des b\u00e2timents tertiaires","date":"18 d\u00e9cembre 2025","format":false,"excerpt":"Pour la 1\u00e8re \u00e9dition de ce barom\u00e8tre, Mitsubishi Electric d\u00e9voile des chiffres in\u00e9dits sur la consommation \u00e9nerg\u00e9tique de bureaux, d\u2019h\u00f4tels et d\u2019\u00e9tablissements bancaires, repr\u00e9sentant 34 800 m\u00b2 et 1 600 dispositifs de chauffage\/climatisation (syst\u00e8mes de pompes \u00e0 chaleur), r\u00e9partis sur tout le territoire fran\u00e7ais. Ces donn\u00e9es pr\u00e9cises ont pu \u00eatre\u2026","rel":"","context":"Dans &quot;Actualit\u00e9 Entreprises&quot;","img":{"alt_text":"","src":"https:\/\/i2.wp.com\/batimedianews.com\/live\/wp-content\/uploads\/2025\/12\/barometre-MEL.png?fit=1169%2C638&resize=350%2C200","width":350,"height":200},"classes":[]}],"_links":{"self":[{"href":"http:\/\/batimedianews.com\/live\/index.php\/wp-json\/wp\/v2\/posts\/3125"}],"collection":[{"href":"http:\/\/batimedianews.com\/live\/index.php\/wp-json\/wp\/v2\/posts"}],"about":[{"href":"http:\/\/batimedianews.com\/live\/index.php\/wp-json\/wp\/v2\/types\/post"}],"author":[{"embeddable":true,"href":"http:\/\/batimedianews.com\/live\/index.php\/wp-json\/wp\/v2\/users\/1"}],"replies":[{"embeddable":true,"href":"http:\/\/batimedianews.com\/live\/index.php\/wp-json\/wp\/v2\/comments?post=3125"}],"version-history":[{"count":2,"href":"http:\/\/batimedianews.com\/live\/index.php\/wp-json\/wp\/v2\/posts\/3125\/revisions"}],"predecessor-version":[{"id":3136,"href":"http:\/\/batimedianews.com\/live\/index.php\/wp-json\/wp\/v2\/posts\/3125\/revisions\/3136"}],"wp:featuredmedia":[{"embeddable":true,"href":"http:\/\/batimedianews.com\/live\/index.php\/wp-json\/wp\/v2\/media\/3130"}],"wp:attachment":[{"href":"http:\/\/batimedianews.com\/live\/index.php\/wp-json\/wp\/v2\/media?parent=3125"}],"wp:term":[{"taxonomy":"category","embeddable":true,"href":"http:\/\/batimedianews.com\/live\/index.php\/wp-json\/wp\/v2\/categories?post=3125"},{"taxonomy":"post_tag","embeddable":true,"href":"http:\/\/batimedianews.com\/live\/index.php\/wp-json\/wp\/v2\/tags?post=3125"}],"curies":[{"name":"wp","href":"https:\/\/api.w.org\/{rel}","templated":true}]}}