{"id":3137,"date":"2019-10-08T10:22:43","date_gmt":"2019-10-08T08:22:43","guid":{"rendered":"http:\/\/batimedianews.com\/live\/?p=3137"},"modified":"2021-10-21T12:40:11","modified_gmt":"2021-10-21T10:40:11","slug":"renson-lance-le-fixscreen-solar-le-store-ideal-pour-la-renovation-qui-fonctionne-a-lenergie-solaire","status":"publish","type":"post","link":"http:\/\/batimedianews.com\/live\/index.php\/2019\/10\/08\/renson-lance-le-fixscreen-solar-le-store-ideal-pour-la-renovation-qui-fonctionne-a-lenergie-solaire\/","title":{"rendered":"Renson lance le Fixscreen Solar :  Le store id\u00e9al pour la r\u00e9novation, qui fonctionne \u00e0 l\u2019\u00e9nergie solaire"},"content":{"rendered":"\n<figure class=\"wp-block-image\"><img loading=\"lazy\" width=\"720\" height=\"173\" src=\"https:\/\/i1.wp.com\/batimedianews.com\/live\/wp-content\/uploads\/2019\/10\/filactumondialvertical.jpg?resize=720%2C173\" alt=\"\" class=\"wp-image-3123\" srcset=\"https:\/\/i1.wp.com\/batimedianews.com\/live\/wp-content\/uploads\/2019\/10\/filactumondialvertical.jpg?w=784 784w, https:\/\/i1.wp.com\/batimedianews.com\/live\/wp-content\/uploads\/2019\/10\/filactumondialvertical.jpg?resize=300%2C72 300w, https:\/\/i1.wp.com\/batimedianews.com\/live\/wp-content\/uploads\/2019\/10\/filactumondialvertical.jpg?resize=768%2C184 768w, https:\/\/i1.wp.com\/batimedianews.com\/live\/wp-content\/uploads\/2019\/10\/filactumondialvertical.jpg?resize=10%2C2 10w, https:\/\/i1.wp.com\/batimedianews.com\/live\/wp-content\/uploads\/2019\/10\/filactumondialvertical.jpg?resize=432%2C104 432w, https:\/\/i1.wp.com\/batimedianews.com\/live\/wp-content\/uploads\/2019\/10\/filactumondialvertical.jpg?resize=396%2C95 396w, https:\/\/i1.wp.com\/batimedianews.com\/live\/wp-content\/uploads\/2019\/10\/filactumondialvertical.jpg?resize=660%2C158 660w, https:\/\/i1.wp.com\/batimedianews.com\/live\/wp-content\/uploads\/2019\/10\/filactumondialvertical.jpg?resize=710%2C170 710w\" sizes=\"(max-width: 600px) 91vw, (max-width: 900px) 600px, (max-width: 1060px) 50vw, (max-width: 1200px) 520px, (max-width: 1400px) 43vw, 600px\" data-recalc-dims=\"1\" \/><\/figure>\n\n\n\n<p style=\"text-align:justify\">Les grandes fen\u00eatres permettent de laisser\np\u00e9n\u00e9trer beaucoup de lumi\u00e8re naturelle \u00e0 l\u2019int\u00e9rieur. Bien que cette lumi\u00e8re\nest indispensable pour notre bien-\u00eatre, cet \u00e9t\u00e9 a d\u00e9montr\u00e9 que cette derni\u00e8re avait\nun revers de la m\u00e9daille. La surchauffe nous&nbsp;\nguette de plus en plus si nous ne prenons pas des mesures pour \u00e9viter\nque les rayons du soleil n\u2019atteignent nos vitrages. Ceci est possible gr\u00e2ce au\nFixscreen Solar que vous pouvez installer tr\u00e8s facilement sur des fen\u00eatres\nexistantes, sans travaux sur les ch\u00e2ssis ou la fa\u00e7ade et sans installation\n\u00e9lectrique. <\/p>\n\n\n\n<figure class=\"wp-block-image\"><img loading=\"lazy\" width=\"720\" height=\"482\" src=\"https:\/\/i0.wp.com\/batimedianews.com\/live\/wp-content\/uploads\/2019\/10\/renson_fix1-1024x685.jpg?resize=720%2C482&#038;ssl=1\" alt=\"\" class=\"wp-image-3138\" srcset=\"https:\/\/i0.wp.com\/batimedianews.com\/live\/wp-content\/uploads\/2019\/10\/renson_fix1.jpg?resize=1024%2C685 1024w, https:\/\/i0.wp.com\/batimedianews.com\/live\/wp-content\/uploads\/2019\/10\/renson_fix1.jpg?resize=300%2C201 300w, https:\/\/i0.wp.com\/batimedianews.com\/live\/wp-content\/uploads\/2019\/10\/renson_fix1.jpg?resize=768%2C514 768w, https:\/\/i0.wp.com\/batimedianews.com\/live\/wp-content\/uploads\/2019\/10\/renson_fix1.jpg?resize=10%2C7 10w, https:\/\/i0.wp.com\/batimedianews.com\/live\/wp-content\/uploads\/2019\/10\/renson_fix1.jpg?resize=432%2C289 432w, https:\/\/i0.wp.com\/batimedianews.com\/live\/wp-content\/uploads\/2019\/10\/renson_fix1.jpg?resize=396%2C265 396w, https:\/\/i0.wp.com\/batimedianews.com\/live\/wp-content\/uploads\/2019\/10\/renson_fix1.jpg?resize=1120%2C749 1120w, https:\/\/i0.wp.com\/batimedianews.com\/live\/wp-content\/uploads\/2019\/10\/renson_fix1.jpg?resize=660%2C441 660w, https:\/\/i0.wp.com\/batimedianews.com\/live\/wp-content\/uploads\/2019\/10\/renson_fix1.jpg?resize=329%2C220 329w, https:\/\/i0.wp.com\/batimedianews.com\/live\/wp-content\/uploads\/2019\/10\/renson_fix1.jpg?w=1280 1280w\" sizes=\"(max-width: 600px) 91vw, (max-width: 900px) 600px, (max-width: 1060px) 50vw, (max-width: 1200px) 520px, (max-width: 1400px) 43vw, 600px\" data-recalc-dims=\"1\" \/><\/figure>\n\n\n\n<p style=\"text-align:justify\">Le Fixscreen Solar est un store r\u00e9sistant au\nvent, pos\u00e9 devant le ch\u00e2ssis. Il fonctionne \u00e0 l\u2019\u00e9nergie solaire &#8211; gr\u00e2ce \u00e0 une\ncellule solaire plac\u00e9e \u00e0 l\u2019avant du caisson &#8211; sans besoin&nbsp; de branchement \u00e9lectrique. Ceci signifie\nqu\u2019il peut \u00eatre mont\u00e9 facilement sans travaux importants sur toute fen\u00eatre\njusqu\u2019\u00e0 un maximum de 10,8 m\u00b2. Le Fixscreen Solar est donc la solution parfaite\npour la r\u00e9novation ou l\u2019installation dans une maison existante, pour \u00e9viter la\nsurchauffe \u00e0 l\u2019int\u00e9rieur.<\/p>\n\n\n\n<figure class=\"wp-block-image\"><img loading=\"lazy\" width=\"720\" height=\"480\" src=\"https:\/\/i2.wp.com\/batimedianews.com\/live\/wp-content\/uploads\/2019\/10\/renson_fix2-1024x682.jpg?resize=720%2C480&#038;ssl=1\" alt=\"\" class=\"wp-image-3139\" srcset=\"https:\/\/i0.wp.com\/batimedianews.com\/live\/wp-content\/uploads\/2019\/10\/renson_fix2.jpg?resize=1024%2C682 1024w, https:\/\/i0.wp.com\/batimedianews.com\/live\/wp-content\/uploads\/2019\/10\/renson_fix2.jpg?resize=300%2C200 300w, https:\/\/i0.wp.com\/batimedianews.com\/live\/wp-content\/uploads\/2019\/10\/renson_fix2.jpg?resize=768%2C511 768w, https:\/\/i0.wp.com\/batimedianews.com\/live\/wp-content\/uploads\/2019\/10\/renson_fix2.jpg?resize=10%2C7 10w, https:\/\/i0.wp.com\/batimedianews.com\/live\/wp-content\/uploads\/2019\/10\/renson_fix2.jpg?resize=432%2C288 432w, https:\/\/i0.wp.com\/batimedianews.com\/live\/wp-content\/uploads\/2019\/10\/renson_fix2.jpg?resize=396%2C264 396w, https:\/\/i0.wp.com\/batimedianews.com\/live\/wp-content\/uploads\/2019\/10\/renson_fix2.jpg?resize=1120%2C746 1120w, https:\/\/i0.wp.com\/batimedianews.com\/live\/wp-content\/uploads\/2019\/10\/renson_fix2.jpg?resize=660%2C439 660w, https:\/\/i0.wp.com\/batimedianews.com\/live\/wp-content\/uploads\/2019\/10\/renson_fix2.jpg?resize=330%2C220 330w, https:\/\/i0.wp.com\/batimedianews.com\/live\/wp-content\/uploads\/2019\/10\/renson_fix2.jpg?w=1281 1281w\" sizes=\"(max-width: 600px) 91vw, (max-width: 900px) 600px, (max-width: 1060px) 50vw, (max-width: 1200px) 520px, (max-width: 1400px) 43vw, 600px\" data-recalc-dims=\"1\" \/><\/figure>\n\n\n\n<p style=\"text-align:justify\">Ce store de protection solaire dynamique\npermet non seulement de maintenir les temp\u00e9ratures int\u00e9rieures agr\u00e9ables en\n\u00e9t\u00e9, mais permet \u00e9galement une \u00e9conomie de frais de chauffage en hiver en\nlaissant p\u00e9n\u00e9trer la chaleur bienfaisante du soleil.&nbsp; <\/p>\n\n\n\n<p style=\"text-align:justify\">La cellule photovoltaique compacte peut \u00eatre install\u00e9e au\nchoix \u00e0 gauche ou \u00e0 droite du caisson.&nbsp;\nLe store est fourni en standard avec un moteur radio-command\u00e9 et la batterie\nse trouve dans un profil situ\u00e9 sous le caisson. La batterie comme le moteur\nsont faciles \u00e0 atteindre pour la maintenance. <\/p>\n\n\n\n<p style=\"text-align:justify\">Robuste, utile, polyvalent : les stores verticaux Renson sont constitu\u00e9s de profil\u00e9s en aluminium extrud\u00e9 et d&rsquo;aluminium moul\u00e9 et sont \u00e9quip\u00e9s de la technologie Fixscreen. Ils sont disponibles dans toutes les couleurs RAL jusqu&rsquo;\u00e0 une largeur maximale de 4m et une hauteur maximale de 3 m 1\/2 avec des tissus en fibre de verre et polyester, des tissus sans PVC ou des tissus occultants dans de nombreuses structures et couleurs. Avec les stores ext\u00e9rieurs, les rayons solaires sont arr\u00eat\u00e9s avant m\u00eame qu&rsquo;ils n&rsquo;atteignent le verre. Les stores verticaux, \u00e0 l&rsquo;\u00e9tat ferm\u00e9, offrent \u00e9galement une protection contre les insectes.<\/p>\n","protected":false},"excerpt":{"rendered":"<p>Les grandes fen\u00eatres permettent de laisser p\u00e9n\u00e9trer beaucoup de lumi\u00e8re naturelle \u00e0 l\u2019int\u00e9rieur. Bien que cette lumi\u00e8re est indispensable pour notre bien-\u00eatre, cet \u00e9t\u00e9 a d\u00e9montr\u00e9 que cette derni\u00e8re avait un revers de la m\u00e9daille. La surchauffe nous&nbsp; guette de plus en plus si nous ne prenons pas des mesures pour \u00e9viter que les rayons [&hellip;]<\/p>\n","protected":false},"author":1,"featured_media":3140,"comment_status":"open","ping_status":"open","sticky":false,"template":"","format":"standard","meta":{"spay_email":""},"categories":[4,140,17,56,57,531,66,77,84],"tags":[],"jetpack_featured_media_url":"https:\/\/i0.wp.com\/batimedianews.com\/live\/wp-content\/uploads\/2019\/10\/renson_fix3image.jpg?fit=1564%2C1043","jetpack_sharing_enabled":true,"jetpack_likes_enabled":true,"jetpack-related-posts":[{"id":9664,"url":"http:\/\/batimedianews.com\/live\/index.php\/2021\/05\/10\/lecosysteme-somfy-senrichit-dune-nouvelle-offre-solaire-avec-oximo-solar-io\/","url_meta":{"origin":3137,"position":0},"title":"L\u2019\u00e9cosyst\u00e8me Somfy s&rsquo;enrichit d\u2019une nouvelle offre solaire avec Oximo\u00ae Solar io","date":"10 mai 2021","format":false,"excerpt":"Une solution compl\u00e8te, naturellement performante et\u00a0\u00e9co-con\u00e7ue pour volet roulant Introduction Pr\u00e9curseur sur le march\u00e9 des volets roulants depuis plus de 50 ans, Somfy a rapidement fait de la motorisation de volets roulants une solution du quotidien essentielle \u00e0 l\u2019am\u00e9lioration du cadre de vie. En 2006, les utilisateurs ont pu b\u00e9n\u00e9ficier\u2026","rel":"","context":"Dans &quot;Actualit\u00e9 Entreprises&quot;","img":{"alt_text":"","src":"https:\/\/i2.wp.com\/batimedianews.com\/live\/wp-content\/uploads\/2021\/05\/SomfyArticle.jpg?fit=512%2C512&resize=350%2C200","width":350,"height":200},"classes":[]},{"id":21212,"url":"http:\/\/batimedianews.com\/live\/index.php\/2022\/06\/22\/lancement-de-solar-by-namr-loffre-innovante-de-namr-pour-liberer-le-potentiel-solaire-en-france\/","url_meta":{"origin":3137,"position":1},"title":"Lancement de solaR by namR, l\u2019offre innovante de namR pour lib\u00e9rer le potentiel solaire en France","date":"22 juin 2022","format":false,"excerpt":"Paris (France), le 15 juin 2022 \u2013 namR (code ISIN : FR0014003J32, code mn\u00e9monique : ALNMR) annonce aujourd\u2019hui le lancement de solaR by namR, le module de la plateforme asknamR d\u00e9di\u00e9 \u00e0 l\u2019analyse du potentiel solaire des b\u00e2timents en France.\u00a0 Une r\u00e9ponse innovante \u00e0 des enjeux fondamentaux\u00a0 Face \u00e0 l\u2019urgence\u2026","rel":"","context":"Dans &quot;Actualit\u00e9 Entreprises&quot;","img":{"alt_text":"","src":"https:\/\/i0.wp.com\/batimedianews.com\/live\/wp-content\/uploads\/2022\/06\/namR-Article.jpg?fit=1080%2C1080&resize=350%2C200","width":350,"height":200},"classes":[]},{"id":13494,"url":"http:\/\/batimedianews.com\/live\/index.php\/2021\/11\/02\/le-vitrage-dynamique-sageglass-decroche-le-label-solar-impulse-efficient-solution\/","url_meta":{"origin":3137,"position":2},"title":"Le Vitrage dynamique SageGlass d\u00e9croche le label \u00ab\u00a0Solar Impulse Efficient Solution\u00a0\u00bb","date":"2 novembre 2021","format":false,"excerpt":"Le vitrage dynamique de protection solaire SageGlass (Groupe Saint-Gobain) vient d'obtenir le label de qualit\u00e9 \"Solar Impulse Efficient Solution*\", qui distingue les solutions durables et ayant un impact positif sur la qualit\u00e9 de vie. Il a \u00e9t\u00e9 remis \u00e0 la suite d'une \u00e9valuation r\u00e9alis\u00e9e par les experts ind\u00e9pendants, et fond\u00e9e\u2026","rel":"","context":"Dans &quot;Actualit\u00e9 Entreprises&quot;","img":{"alt_text":"","src":"https:\/\/i0.wp.com\/batimedianews.com\/live\/wp-content\/uploads\/2021\/10\/SageGlass-Article.jpg?fit=512%2C512&resize=350%2C200","width":350,"height":200},"classes":[]},{"id":41913,"url":"http:\/\/batimedianews.com\/live\/index.php\/2024\/12\/16\/iko-excel-solar-la-solution-photovoltaique-de-demain\/","url_meta":{"origin":3137,"position":3},"title":"IKO EXCEL\u00ae SOLAR, la solution photovolta\u00efque de demain","date":"16 d\u00e9cembre 2024","format":false,"excerpt":"\u00c9DITO \u00ab Chez IKO, nous croyons fermement que l\u2019innovation et la durabilit\u00e9 sont les piliers d\u2019un avenir responsable. Depuis toujours, notre mission est de prot\u00e9ger les b\u00e2timents tout en r\u00e9pondant aux d\u00e9fis de demain. Aujourd\u2019hui, gr\u00e2ce \u00e0 nos solutions comme IKO EXCEL\u00ae SOLAR, nous faisons bien plus : nous transformons\u2026","rel":"","context":"Dans &quot;Actualit\u00e9 Entreprises&quot;","img":{"alt_text":"","src":"https:\/\/i2.wp.com\/batimedianews.com\/live\/wp-content\/uploads\/2024\/12\/IKO-Enertherm.jpg?fit=825%2C825&resize=350%2C200","width":350,"height":200},"classes":[]},{"id":22427,"url":"http:\/\/batimedianews.com\/live\/index.php\/2022\/08\/17\/lutte-contre-le-rechauffement-climatique-et-economies-denergie-solar-paint-a-la-conquete-des-toits-de-france\/","url_meta":{"origin":3137,"position":4},"title":"Lutte contre le r\u00e9chauffement climatique et \u00e9conomies d\u2019\u00e9nergie &#8211; SOLAR-PAINT \u00e0 la conqu\u00eate des toits de France","date":"17 ao\u00fbt 2022","format":false,"excerpt":"Alors que la France fait face \u00e0 des records de chaleur depuis le d\u00e9but de l\u2019\u00e9t\u00e9, la soci\u00e9t\u00e9 SOLAR-PAINT annonce le succ\u00e8s du d\u00e9ploiement de sa peinture r\u00e9flective SOLARCOAT\u00ae pour les b\u00e2timents industriels, commerciaux et publics, quelques mois apr\u00e8s sa mise sur le march\u00e9. Avec l\u2019acc\u00e9l\u00e9ration de la demande des\u2026","rel":"","context":"Dans &quot;Actualit\u00e9 Entreprises&quot;","img":{"alt_text":"","src":"https:\/\/i2.wp.com\/batimedianews.com\/live\/wp-content\/uploads\/2022\/08\/SolarPaint-Article.jpg?fit=1080%2C1080&resize=350%2C200","width":350,"height":200},"classes":[]},{"id":21979,"url":"http:\/\/batimedianews.com\/live\/index.php\/2022\/07\/12\/edilians-etend-sa-gamme-de-produits-photovoltaiques\/","url_meta":{"origin":3137,"position":5},"title":"EDILIANS \u2002\u00e9tend sa gamme de produits photovolta\u00efques et dispose aujourd\u2019hui d\u2019une offre compl\u00e8te pour r\u00e9pondre \u00e0 toutes les configurations et tous les styles architecturaux","date":"12 juillet 2022","format":false,"excerpt":"MONDIAL DU BATIMENT - HALL 1 STAND P54 M\u00eame si l\u2019installation de panneaux photovolta\u00efques s\u2019est impos\u00e9e ces derni\u00e8res ann\u00e9es en construction neuve, la production d\u2019\u00e9nergie solaire doit s\u2019acc\u00e9l\u00e9rer afin d\u2019atteindre l\u2019objectif de la loi Climat & R\u00e9silience qui vise la neutralit\u00e9 carbone \u00e0 l\u2019horizon 2050. Pour r\u00e9pondre au d\u00e9fi de\u2026","rel":"","context":"Dans &quot;Actualit\u00e9 Entreprises&quot;","img":{"alt_text":"","src":"https:\/\/i2.wp.com\/batimedianews.com\/live\/wp-content\/uploads\/2022\/07\/EDILIANS-Article.jpg?fit=1080%2C1080&resize=350%2C200","width":350,"height":200},"classes":[]}],"_links":{"self":[{"href":"http:\/\/batimedianews.com\/live\/index.php\/wp-json\/wp\/v2\/posts\/3137"}],"collection":[{"href":"http:\/\/batimedianews.com\/live\/index.php\/wp-json\/wp\/v2\/posts"}],"about":[{"href":"http:\/\/batimedianews.com\/live\/index.php\/wp-json\/wp\/v2\/types\/post"}],"author":[{"embeddable":true,"href":"http:\/\/batimedianews.com\/live\/index.php\/wp-json\/wp\/v2\/users\/1"}],"replies":[{"embeddable":true,"href":"http:\/\/batimedianews.com\/live\/index.php\/wp-json\/wp\/v2\/comments?post=3137"}],"version-history":[{"count":1,"href":"http:\/\/batimedianews.com\/live\/index.php\/wp-json\/wp\/v2\/posts\/3137\/revisions"}],"predecessor-version":[{"id":3141,"href":"http:\/\/batimedianews.com\/live\/index.php\/wp-json\/wp\/v2\/posts\/3137\/revisions\/3141"}],"wp:featuredmedia":[{"embeddable":true,"href":"http:\/\/batimedianews.com\/live\/index.php\/wp-json\/wp\/v2\/media\/3140"}],"wp:attachment":[{"href":"http:\/\/batimedianews.com\/live\/index.php\/wp-json\/wp\/v2\/media?parent=3137"}],"wp:term":[{"taxonomy":"category","embeddable":true,"href":"http:\/\/batimedianews.com\/live\/index.php\/wp-json\/wp\/v2\/categories?post=3137"},{"taxonomy":"post_tag","embeddable":true,"href":"http:\/\/batimedianews.com\/live\/index.php\/wp-json\/wp\/v2\/tags?post=3137"}],"curies":[{"name":"wp","href":"https:\/\/api.w.org\/{rel}","templated":true}]}}