{"id":32204,"date":"2023-10-10T09:17:58","date_gmt":"2023-10-10T07:17:58","guid":{"rendered":"http:\/\/batimedianews.com\/live\/?p=32204"},"modified":"2023-12-07T11:50:06","modified_gmt":"2023-12-07T10:50:06","slug":"artibat-signe-un-deuxieme-opus-nowaste-en-partenariat-avec-jerome-boissiere","status":"publish","type":"post","link":"http:\/\/batimedianews.com\/live\/index.php\/2023\/10\/10\/artibat-signe-un-deuxieme-opus-nowaste-en-partenariat-avec-jerome-boissiere\/","title":{"rendered":"ARTIBAT signe un deuxi\u00e8me opus \u201cNoWaste\u201d en partenariat avec J\u00e9r\u00f4me Boissi\u00e8re"},"content":{"rendered":"\n<p>&nbsp;\u00c0 5 mois de l\u2019ouverture des portes du salon, le 18 octobre prochain, au parc des Expositions de Rennes, Artibat, salon de r\u00e9f\u00e9rences du BTP, pr\u00e9sente un second chapitre de son initiative en faveur du NoWaste. <em>( cf. communiqu\u00e9 NoWaste Chapitre 1 )<\/em><\/p>\n\n\n\n<p>Apr\u00e8s les premi\u00e8res r\u00e9alisations sign\u00e9es de la quarantaine d\u2019\u00e9tudiants de l\u2018Ecole de Design de Nantes-Atlantique ayant donn\u00e9 libre cours \u00e0 leur cr\u00e9ativit\u00e9 pour concevoir 7 projets \u00e0 partir de mat\u00e9riaux non r\u00e9utilisables pour la construction et offerts par les partenaires m\u00e9c\u00e8nes*, Artibat a en effet souhait\u00e9 poursuivre et renforcer son initiative en faveur de la r\u00e9cup\u00e9ration, du recyclage et du r\u00e9emploi.<\/p>\n\n\n\n<p>Certains mat\u00e9riaux n\u2019ayant pas eu l\u2019opportunit\u00e9 d\u2019\u00eatre exploit\u00e9s dans les conceptions men\u00e9es par les \u00e9tudiants, Artibat a souhait\u00e9, pour ce second opus, solliciter la cr\u00e9ativit\u00e9 d\u2019un designer professionnel pour relever ce nouveau challenge.<\/p>\n\n\n\n<p>Inspir\u00e9e notamment par son travail sur la ville de demain, ville r\u00e9siliente, durable et perm\u00e9able ainsi que par la cr\u00e9ativit\u00e9 de J\u00e9r\u00f4me Boissi\u00e8re, la direction du salon Artibat lui a ainsi soumis le challenge de la conception d\u2019une seconde vie pour les mat\u00e9riaux laiss\u00e9s pour compte par la construction ( sur-stocks, d\u00e9chets non-r\u00e9utilisables, comme du bois, des rev\u00eatements de sols, du verre, des tuyaux pvc, ou encore des tissus de protection solaire\u2026 ). Un challenge qu\u2019il a relev\u00e9 avec enthousiasme !<\/p>\n\n\n\n<p>Apr\u00e8s l\u2019inventaire sp\u00e9cifique des mat\u00e9riaux restants \u00e0 exploiter pour le deuxi\u00e8me chapitre NoWaste d\u2019ARTIBAT (petites grilles m\u00e9talliques, grilles fa\u00e7ades, bordures angles, bordures droites, divers tubes, plaques de contreplaqu\u00e9, de plexiglas, un \u00e9vier inox, \u2026), J\u00e9r\u00f4me Boissi\u00e8re a pu d\u00e9marrer en mai la phase de recherche, de mod\u00e9lisation 3D et de validation avant d\u2019entamer, d\u00e8s juin, la phase de fabrication \u00e0 proprement parler.&nbsp;<\/p>\n\n\n\n<p>&nbsp;Ces r\u00e9alisations \u00e0 l\u2019\u00e9chelle 1, qu\u2019il pr\u00e9voit de finaliser en septembre, seront bien entendu, comme les cr\u00e9ations des \u00e9tudiants, pr\u00e9sent\u00e9es lors du salon Artibat en octobre prochain. Pour n\u2019en d\u00e9voiler qu\u2019une en avant-premi\u00e8re : citons une lampe r\u00e9alis\u00e9e \u00e0 partir d\u2019un \u00e9vier inox et pi\u00e9tement en tube cuivre et bois.<\/p>\n\n\n\n<p>Originaire de Nantes, J\u00e9r\u00f4me Boissi\u00e8re, dipl\u00f4m\u00e9 de l\u2019\u00c9cole de design de Nantes-Atlantique dirige son propre studio de design bas\u00e9 \u00e0 Aix en Provence. Cette entit\u00e9 se sp\u00e9cialise depuis quelques ann\u00e9es dans la conception d\u2019am\u00e9nagement urbains et la r\u00e9alisation de projets li\u00e9s \u00e0 l\u2019environnement avec, en point d\u2019orgue, une expertise pluri-disciplinaire lui permettant d\u2019assurer toutes les phases du projet ( du cahier des charges \u00e0 une fabrication en passant par une visualisation 3D puis une maquette 3D ).&nbsp;<\/p>\n\n\n\n<p>Industriels, startups et collectivit\u00e9s ne s\u2019y trompent pas et font r\u00e9guli\u00e8rement appel aux services du studio de J\u00e9r\u00f4me Boissi\u00e8re pour la cr\u00e9ation de mobiliers de jardin, d\u2019am\u00e9nagement v\u00e9g\u00e9tal et d\u2019espaces urbains ou encore d\u2019infrastructures de s\u00e9curit\u00e9 d\u00e9di\u00e9es \u00e0 la mobilit\u00e9 douce\u2026&nbsp;<\/p>\n\n\n\n<p>C\u2019est pour cela que les organisateurs du Salon Artibat lui ont donn\u00e9 carte blanche pour imaginer des projets impuls\u00e9s par cette expertise.<\/p>\n\n\n\n<figure class=\"wp-block-image size-large\"><img loading=\"lazy\" width=\"720\" height=\"367\" src=\"https:\/\/i2.wp.com\/batimedianews.com\/live\/wp-content\/uploads\/2023\/10\/image-59.png?resize=720%2C367\" alt=\"\" class=\"wp-image-32205\" srcset=\"https:\/\/i2.wp.com\/batimedianews.com\/live\/wp-content\/uploads\/2023\/10\/image-59.png?w=972 972w, https:\/\/i2.wp.com\/batimedianews.com\/live\/wp-content\/uploads\/2023\/10\/image-59.png?resize=600%2C306 600w, https:\/\/i2.wp.com\/batimedianews.com\/live\/wp-content\/uploads\/2023\/10\/image-59.png?resize=768%2C392 768w, https:\/\/i2.wp.com\/batimedianews.com\/live\/wp-content\/uploads\/2023\/10\/image-59.png?resize=10%2C5 10w, https:\/\/i2.wp.com\/batimedianews.com\/live\/wp-content\/uploads\/2023\/10\/image-59.png?resize=432%2C220 432w, https:\/\/i2.wp.com\/batimedianews.com\/live\/wp-content\/uploads\/2023\/10\/image-59.png?resize=396%2C202 396w, https:\/\/i2.wp.com\/batimedianews.com\/live\/wp-content\/uploads\/2023\/10\/image-59.png?resize=660%2C337 660w, https:\/\/i2.wp.com\/batimedianews.com\/live\/wp-content\/uploads\/2023\/10\/image-59.png?resize=431%2C220 431w\" sizes=\"(max-width: 600px) 91vw, (max-width: 900px) 600px, (max-width: 1060px) 50vw, (max-width: 1200px) 520px, (max-width: 1400px) 43vw, 600px\" data-recalc-dims=\"1\" \/><\/figure>\n\n\n\n<p class=\"has-small-font-size\">&nbsp;(*) distributeurs, industriels entrepreneurs : Atelier Lacour, Atlantem, Articonnex, Bigmat, Bugal, CAPEB Maine et Loire, Cedeo, Eurocom Stores, Gedimat Lesimple, Point P, Saint-Gobain Glass, Th\u00e9odore maison de peinture<\/p>\n\n\n\n<figure class=\"wp-block-image size-large\"><img loading=\"lazy\" width=\"720\" height=\"399\" src=\"https:\/\/i2.wp.com\/batimedianews.com\/live\/wp-content\/uploads\/2023\/10\/image-60.png?resize=720%2C399\" alt=\"\" class=\"wp-image-32206\" srcset=\"https:\/\/i2.wp.com\/batimedianews.com\/live\/wp-content\/uploads\/2023\/10\/image-60.png?resize=1024%2C567 1024w, https:\/\/i2.wp.com\/batimedianews.com\/live\/wp-content\/uploads\/2023\/10\/image-60.png?resize=600%2C332 600w, https:\/\/i2.wp.com\/batimedianews.com\/live\/wp-content\/uploads\/2023\/10\/image-60.png?resize=768%2C425 768w, https:\/\/i2.wp.com\/batimedianews.com\/live\/wp-content\/uploads\/2023\/10\/image-60.png?resize=1536%2C850 1536w, https:\/\/i2.wp.com\/batimedianews.com\/live\/wp-content\/uploads\/2023\/10\/image-60.png?resize=10%2C6 10w, https:\/\/i2.wp.com\/batimedianews.com\/live\/wp-content\/uploads\/2023\/10\/image-60.png?resize=432%2C239 432w, https:\/\/i2.wp.com\/batimedianews.com\/live\/wp-content\/uploads\/2023\/10\/image-60.png?resize=396%2C219 396w, https:\/\/i2.wp.com\/batimedianews.com\/live\/wp-content\/uploads\/2023\/10\/image-60.png?resize=1120%2C620 1120w, https:\/\/i2.wp.com\/batimedianews.com\/live\/wp-content\/uploads\/2023\/10\/image-60.png?resize=660%2C365 660w, https:\/\/i2.wp.com\/batimedianews.com\/live\/wp-content\/uploads\/2023\/10\/image-60.png?resize=398%2C220 398w, https:\/\/i2.wp.com\/batimedianews.com\/live\/wp-content\/uploads\/2023\/10\/image-60.png?w=1572 1572w, https:\/\/i2.wp.com\/batimedianews.com\/live\/wp-content\/uploads\/2023\/10\/image-60.png?w=1440 1440w\" sizes=\"(max-width: 600px) 91vw, (max-width: 900px) 600px, (max-width: 1060px) 50vw, (max-width: 1200px) 520px, (max-width: 1400px) 43vw, 600px\" data-recalc-dims=\"1\" \/><\/figure>\n\n\n\n<p>Depuis sa tendre enfance, J\u00e9r\u00f4me Boissi\u00e8re est anim\u00e9 par la fibre No Waste comme il aime \u00e0 le rappeler : \u00ab J\u2019ai fait mes armes depuis petit en bricolant avec ce qui tra\u00eenait dans le garage, en transformant des bo\u00eetes \u00e0 vin en nichoirs, des meubles de cuisine en voli\u00e8res, etc&#8230;&nbsp;<\/p>\n\n\n\n<p>Depuis quelques ann\u00e9es je peins sur des vinyles, je fais des tableaux avec des cadres et des toiles que je chine&#8230; Cette th\u00e9matique No Waste est vraiment une d\u00e9marche que j\u2019ai toujours faite, je prends donc ce projet d\u2019avenir \u00e0 coeur \u00bb.<\/p>\n\n\n\n<figure class=\"wp-block-image size-large\"><img loading=\"lazy\" width=\"720\" height=\"420\" src=\"https:\/\/i0.wp.com\/batimedianews.com\/live\/wp-content\/uploads\/2023\/10\/image-61.png?resize=720%2C420\" alt=\"\" class=\"wp-image-32207\" srcset=\"https:\/\/i0.wp.com\/batimedianews.com\/live\/wp-content\/uploads\/2023\/10\/image-61.png?resize=1024%2C598 1024w, https:\/\/i0.wp.com\/batimedianews.com\/live\/wp-content\/uploads\/2023\/10\/image-61.png?resize=600%2C350 600w, https:\/\/i0.wp.com\/batimedianews.com\/live\/wp-content\/uploads\/2023\/10\/image-61.png?resize=768%2C448 768w, https:\/\/i0.wp.com\/batimedianews.com\/live\/wp-content\/uploads\/2023\/10\/image-61.png?resize=1536%2C897 1536w, https:\/\/i0.wp.com\/batimedianews.com\/live\/wp-content\/uploads\/2023\/10\/image-61.png?resize=10%2C6 10w, https:\/\/i0.wp.com\/batimedianews.com\/live\/wp-content\/uploads\/2023\/10\/image-61.png?resize=432%2C252 432w, https:\/\/i0.wp.com\/batimedianews.com\/live\/wp-content\/uploads\/2023\/10\/image-61.png?resize=396%2C231 396w, https:\/\/i0.wp.com\/batimedianews.com\/live\/wp-content\/uploads\/2023\/10\/image-61.png?resize=1120%2C654 1120w, https:\/\/i0.wp.com\/batimedianews.com\/live\/wp-content\/uploads\/2023\/10\/image-61.png?resize=660%2C385 660w, https:\/\/i0.wp.com\/batimedianews.com\/live\/wp-content\/uploads\/2023\/10\/image-61.png?resize=377%2C220 377w, https:\/\/i0.wp.com\/batimedianews.com\/live\/wp-content\/uploads\/2023\/10\/image-61.png?w=1572 1572w, https:\/\/i0.wp.com\/batimedianews.com\/live\/wp-content\/uploads\/2023\/10\/image-61.png?w=1440 1440w\" sizes=\"(max-width: 600px) 91vw, (max-width: 900px) 600px, (max-width: 1060px) 50vw, (max-width: 1200px) 520px, (max-width: 1400px) 43vw, 600px\" data-recalc-dims=\"1\" \/><\/figure>\n","protected":false},"excerpt":{"rendered":"<p>&nbsp;\u00c0 5 mois de l\u2019ouverture des portes du salon, le 18 octobre prochain, au parc des Expositions de Rennes, Artibat, salon de r\u00e9f\u00e9rences du BTP, pr\u00e9sente un second chapitre de son initiative en faveur du NoWaste. ( cf. communiqu\u00e9 NoWaste Chapitre 1 ) Apr\u00e8s les premi\u00e8res r\u00e9alisations sign\u00e9es de la quarantaine d\u2019\u00e9tudiants de l\u2018Ecole de [&hellip;]<\/p>\n","protected":false},"author":41,"featured_media":32208,"comment_status":"open","ping_status":"open","sticky":false,"template":"","format":"standard","meta":{"spay_email":""},"categories":[5,8],"tags":[2419,2420],"jetpack_featured_media_url":"https:\/\/i1.wp.com\/batimedianews.com\/live\/wp-content\/uploads\/2023\/10\/artibat_Boissiere-Article-scaled.jpg?fit=2560%2C1280","jetpack_sharing_enabled":true,"jetpack_likes_enabled":true,"jetpack-related-posts":[{"id":31930,"url":"http:\/\/batimedianews.com\/live\/index.php\/2023\/10\/02\/a-artibat-2023-france-materiaux-part-a-la-conquete-de-louest\/","url_meta":{"origin":32204,"position":0},"title":"A Artibat 2023, FRANCE MAT\u00c9RIAUX part \u00e0 la conqu\u00eate de l\u2019ouest","date":"2 octobre 2023","format":false,"excerpt":"FRANCE MAT\u00c9RIAUX, groupement de n\u00e9goces en mat\u00e9riaux ind\u00e9pendants, sera pr\u00e9sent, pour la premi\u00e8re fois, au salon ARTIBAT, rendez-vous incontournable des professionnels du BTP du grand ouest.\u00a0 Du 18 au 20 octobre 2023, l\u2019\u00e9quipe de FRANCE MAT\u00c9RIAUX sera heureuse de promouvoir le groupement et les services propos\u00e9s aupr\u00e8s des diff\u00e9rents acteurs\u2026","rel":"","context":"Dans &quot;Actualit\u00e9 Entreprises&quot;","img":{"alt_text":"","src":"https:\/\/i2.wp.com\/batimedianews.com\/live\/wp-content\/uploads\/2023\/09\/France-Materiaux-articles.jpg?fit=825%2C825&resize=350%2C200","width":350,"height":200},"classes":[]},{"id":11670,"url":"http:\/\/batimedianews.com\/live\/index.php\/2021\/09\/01\/la-filiere-btp-se-donne-rendez-vous-sur-artibat-en-octobre\/","url_meta":{"origin":32204,"position":1},"title":"La fili\u00e8re BTP se donne rendez-vous sur ARTIBAT en octobre","date":"1 septembre 2021","format":false,"excerpt":"\u00a0Ev\u00e9nement majeur de la rentr\u00e9e pour tous les acteurs de la fili\u00e8re BTP, la 17\u00e8me \u00e9dition du Salon ARTIBAT, qui se tiendra \u00e0 Rennes les 13, 14 et 15 octobre prochains, s\u2019annonce d\u2019ores et d\u00e9j\u00e0 exceptionnelle. Synonyme de rencontres et d\u2019affaires, ARTIBAT, le salon des territoires, s\u2019impose \u00e9galement comme une\u2026","rel":"","context":"Dans &quot;Actualit\u00e9 Entreprises&quot;","img":{"alt_text":"","src":"https:\/\/i2.wp.com\/batimedianews.com\/live\/wp-content\/uploads\/2021\/09\/1-ARTIBAT-2021_Nouveautes.jpg?fit=849%2C567&resize=350%2C200","width":350,"height":200},"classes":[]},{"id":6007,"url":"http:\/\/batimedianews.com\/live\/index.php\/2020\/09\/24\/artibat-les-exposants-ont-repondu-presents-pour-ledition-2021\/","url_meta":{"origin":32204,"position":2},"title":"ARTIBAT : les exposants ont r\u00e9pondu pr\u00e9sents pour l\u2019\u00e9dition 2021","date":"24 septembre 2020","format":false,"excerpt":"Salon d\u2019affaires et des territoires par essence, ARTIBAT peut compter sur la fid\u00e9lit\u00e9 de ses exposants et le renouvellement de leur confiance suite au report du salon, initialement pr\u00e9vu en 2020, reprogramm\u00e9 aux 13, 14 et 15 octobre 2021. ARTIBAT, identifi\u00e9 comme une marque de confiance forte pour les industriels\u2026","rel":"","context":"Dans &quot;accessibilit\u00e9 Universelle&quot;","img":{"alt_text":"","src":"https:\/\/i2.wp.com\/batimedianews.com\/live\/wp-content\/uploads\/2020\/09\/artibat6.jpg?fit=937%2C937&resize=350%2C200","width":350,"height":200},"classes":[]},{"id":157,"url":"http:\/\/batimedianews.com\/live\/index.php\/2018\/09\/28\/toute-lexpertise-de-xella-en-matiere-de-solutions-constructives-saines-et-durables-a-decouvrir-sur-le-salon-artibat\/","url_meta":{"origin":32204,"position":3},"title":"TOUTE L\u2019EXPERTISE DE XELLA EN MATI\u00c8RE DE SOLUTIONS CONSTRUCTIVES SAINES ET DURABLES A D\u00c9COUVRIR SUR LE SALON ARTIBAT !","date":"28 septembre 2018","format":false,"excerpt":"Retrouvez Xella au salon Artibat, du 24 au 26 octobre \u00e0 Rennes. Nos experts seront sur place et vous accueilleront dans un espace enti\u00e8rement d\u00e9di\u00e9 aux solutions b\u00e9ton cellulaire Ytong : construction gros oeuvre, isolation thermique par l\u2019ext\u00e9rieur, cloison et am\u00e9nagement int\u00e9rieur, mur coupe-feu... Vous pourrez d\u00e9couvrir la solution constructive\u2026","rel":"","context":"Dans &quot;Artibat 2018&quot;","img":{"alt_text":"","src":"https:\/\/i0.wp.com\/batimedianews.com\/live\/wp-content\/uploads\/2018\/09\/xella_image.jpg?fit=1035%2C664&resize=350%2C200","width":350,"height":200},"classes":[]},{"id":469,"url":"http:\/\/batimedianews.com\/live\/index.php\/2018\/10\/24\/nouveaux-produits-isover-a-decouvrirsur-la-salon-artibat\/","url_meta":{"origin":32204,"position":4},"title":"Nouveaux produits Isover \u00e0 d\u00e9couvrir sur la salon Artibat","date":"24 octobre 2018","format":false,"excerpt":"ISOVER lance la nouvelle suspente Int\u00e9gra2\u00a0GP, qui permet d\u2019isoler facilement et rapidement de grandes surfaces de plafonds dans les b\u00e2timents collectifs, tertiaires et maisons individuelles, sans avoir \u00e0 embrocher l\u2019isolant et en assurant la gestion de la vapeur d\u2019eau et l\u2019\u00e9tanch\u00e9it\u00e9 \u00e0 l\u2019air des plafonds en plaque de pl\u00e2tre ou\u2026","rel":"","context":"Dans &quot;Artibat 2018&quot;","img":{"alt_text":"","src":"https:\/\/i0.wp.com\/batimedianews.com\/live\/wp-content\/uploads\/2018\/10\/iso1_image.jpg?fit=527%2C527&resize=350%2C200","width":350,"height":200},"classes":[]},{"id":47301,"url":"http:\/\/batimedianews.com\/live\/index.php\/2025\/10\/09\/heidelberg-materials-expose-au-salon-artibat-2025-des-solutions-innovantes-pour-une-construction-plus-durable\/","url_meta":{"origin":32204,"position":5},"title":"Heidelberg Materials expose au Salon Artibat 2025 : des solutions innovantes pour une construction plus durable","date":"9 octobre 2025","format":false,"excerpt":"Heidelberg Materials participera au Salon Artibat 2025, qui se tiendra \u00e0 Rennes du 22 au 24 octobre prochains. Sur son espace situ\u00e9 Hall 10 A, Stand D41, l\u2019industriel pr\u00e9sentera trois offres phares incarnant son engagement pour une construction durable :la gamme evoBuild, regroupant des solutions \u00e0 faible empreinte carbone et\/ou\u2026","rel":"","context":"Dans &quot;Actualit\u00e9 Entreprises&quot;","img":{"alt_text":"","src":"https:\/\/i0.wp.com\/batimedianews.com\/live\/wp-content\/uploads\/2025\/10\/heidelberg.jpg?fit=825%2C825&resize=350%2C200","width":350,"height":200},"classes":[]}],"_links":{"self":[{"href":"http:\/\/batimedianews.com\/live\/index.php\/wp-json\/wp\/v2\/posts\/32204"}],"collection":[{"href":"http:\/\/batimedianews.com\/live\/index.php\/wp-json\/wp\/v2\/posts"}],"about":[{"href":"http:\/\/batimedianews.com\/live\/index.php\/wp-json\/wp\/v2\/types\/post"}],"author":[{"embeddable":true,"href":"http:\/\/batimedianews.com\/live\/index.php\/wp-json\/wp\/v2\/users\/41"}],"replies":[{"embeddable":true,"href":"http:\/\/batimedianews.com\/live\/index.php\/wp-json\/wp\/v2\/comments?post=32204"}],"version-history":[{"count":2,"href":"http:\/\/batimedianews.com\/live\/index.php\/wp-json\/wp\/v2\/posts\/32204\/revisions"}],"predecessor-version":[{"id":32213,"href":"http:\/\/batimedianews.com\/live\/index.php\/wp-json\/wp\/v2\/posts\/32204\/revisions\/32213"}],"wp:featuredmedia":[{"embeddable":true,"href":"http:\/\/batimedianews.com\/live\/index.php\/wp-json\/wp\/v2\/media\/32208"}],"wp:attachment":[{"href":"http:\/\/batimedianews.com\/live\/index.php\/wp-json\/wp\/v2\/media?parent=32204"}],"wp:term":[{"taxonomy":"category","embeddable":true,"href":"http:\/\/batimedianews.com\/live\/index.php\/wp-json\/wp\/v2\/categories?post=32204"},{"taxonomy":"post_tag","embeddable":true,"href":"http:\/\/batimedianews.com\/live\/index.php\/wp-json\/wp\/v2\/tags?post=32204"}],"curies":[{"name":"wp","href":"https:\/\/api.w.org\/{rel}","templated":true}]}}