{"id":32690,"date":"2023-11-08T11:44:16","date_gmt":"2023-11-08T10:44:16","guid":{"rendered":"http:\/\/batimedianews.com\/live\/?p=32690"},"modified":"2024-06-04T14:08:23","modified_gmt":"2024-06-04T12:08:23","slug":"incarner-lesprit-du-lieu-entre-canal-de-lourcq-et-grands-moulins","status":"publish","type":"post","link":"http:\/\/batimedianews.com\/live\/index.php\/2023\/11\/08\/incarner-lesprit-du-lieu-entre-canal-de-lourcq-et-grands-moulins\/","title":{"rendered":"Incarner l&rsquo;esprit du lieu, entre canal de l\u2019Ourcq et grands moulins"},"content":{"rendered":"\n<p><strong>Pour imaginer ces 3 b\u00e2timents destin\u00e9s \u00e0 l&rsquo;accession \u00e0 la propri\u00e9t\u00e9, l&rsquo;architecte Christelle Avenier a \u00e9l\u00e9gamment r\u00e9pondu au patrimoine industriel du lieu et aux attentes actuelles.<\/strong><\/p>\n\n\n\n<div class=\"wp-block-image\"><figure class=\"alignright size-large is-resized\"><img loading=\"lazy\" src=\"https:\/\/i0.wp.com\/batimedianews.com\/live\/wp-content\/uploads\/2023\/10\/image-198.png?resize=242%2C261\" alt=\"\" class=\"wp-image-32691\" width=\"242\" height=\"261\" srcset=\"https:\/\/i0.wp.com\/batimedianews.com\/live\/wp-content\/uploads\/2023\/10\/image-198.png?w=640 640w, https:\/\/i0.wp.com\/batimedianews.com\/live\/wp-content\/uploads\/2023\/10\/image-198.png?resize=557%2C600 557w, https:\/\/i0.wp.com\/batimedianews.com\/live\/wp-content\/uploads\/2023\/10\/image-198.png?resize=10%2C10 10w, https:\/\/i0.wp.com\/batimedianews.com\/live\/wp-content\/uploads\/2023\/10\/image-198.png?resize=432%2C466 432w, https:\/\/i0.wp.com\/batimedianews.com\/live\/wp-content\/uploads\/2023\/10\/image-198.png?resize=396%2C427 396w, https:\/\/i0.wp.com\/batimedianews.com\/live\/wp-content\/uploads\/2023\/10\/image-198.png?resize=204%2C220 204w\" sizes=\"(max-width: 600px) 91vw, (max-width: 900px) 600px, (max-width: 1060px) 50vw, (max-width: 1200px) 520px, (max-width: 1400px) 43vw, 600px\" data-recalc-dims=\"1\" \/><figcaption>\u00a9 Simon Schnepp, Morgane Renou, Charlotte Toscan, Simone Bossi, AvenierCornejo<\/figcaption><\/figure><\/div>\n\n\n\n<p class=\"has-sm-color-tertiary-color has-text-color has-medium-font-size\">&nbsp;<strong>Un projet o\u00f9 la brique en terre cuite s&rsquo;impose naturellement<\/strong><\/p>\n\n\n\n<p>C&rsquo;est en remportant le concours lanc\u00e9 par une ma\u00eetrise d&rsquo;ouvrage r\u00e9unissant un promoteur priv\u00e9 et la soci\u00e9t\u00e9 d&rsquo;\u00e9conomie mixte de Pantin que l&rsquo;agence Avenier Cornejoa pu mettre en \u0153uvre leur vision du projet. Pour Christelle Avenier, l&rsquo;important pour ces 88 logements r\u00e9partis en 3 b\u00e2timents consistait \u00e0 \u00abr\u00e9pondre<em> \u00e0 l&rsquo;environnement de laZAC de Pantin avec la brique des Grands Moulinscr\u00e9\u00e9s en 1884 et class\u00e9s monument historique, et se fondre dans ce site bord\u00e9 par le canal de l&rsquo;Ourcq<\/em>\u00bb.<\/p>\n\n\n\n<div class=\"wp-block-image\"><figure class=\"alignright size-large is-resized\"><img loading=\"lazy\" src=\"https:\/\/i2.wp.com\/batimedianews.com\/live\/wp-content\/uploads\/2023\/10\/image-200.png?resize=260%2C199\" alt=\"\" class=\"wp-image-32693\" width=\"260\" height=\"199\" srcset=\"https:\/\/i2.wp.com\/batimedianews.com\/live\/wp-content\/uploads\/2023\/10\/image-200.png?w=638 638w, https:\/\/i2.wp.com\/batimedianews.com\/live\/wp-content\/uploads\/2023\/10\/image-200.png?resize=600%2C459 600w, https:\/\/i2.wp.com\/batimedianews.com\/live\/wp-content\/uploads\/2023\/10\/image-200.png?resize=10%2C8 10w, https:\/\/i2.wp.com\/batimedianews.com\/live\/wp-content\/uploads\/2023\/10\/image-200.png?resize=432%2C330 432w, https:\/\/i2.wp.com\/batimedianews.com\/live\/wp-content\/uploads\/2023\/10\/image-200.png?resize=396%2C303 396w, https:\/\/i2.wp.com\/batimedianews.com\/live\/wp-content\/uploads\/2023\/10\/image-200.png?resize=288%2C220 288w\" sizes=\"(max-width: 600px) 91vw, (max-width: 900px) 600px, (max-width: 1060px) 50vw, (max-width: 1200px) 520px, (max-width: 1400px) 43vw, 600px\" data-recalc-dims=\"1\" \/><figcaption>\u00a9 Simon Schnepp, Morgane Renou, Charlotte Toscan, Simone Bossi, AvenierCornejo<\/figcaption><\/figure><\/div>\n\n\n\n<p>\u00a0Si la brique a imm\u00e9diatement \u00e9t\u00e9 privil\u00e9gi\u00e9e, l&rsquo;agence a souhait\u00e9 faire vibrer les architectures avec des teintes \u00e0 la fois diff\u00e9rentes pour chaque b\u00e2timent et porteuses d&rsquo;une touche de modernit\u00e9. \u00ab\u00a0Il<em> fallait donner une identit\u00e9 \u00e0 chacun, avec une forme sp\u00e9cifique, et allier les trois teintes de brique et de menuiserie<\/em>\u00bb poursuit l&rsquo;architecte responsable du projet. Ajoutons que la forme particuli\u00e8re de chaque b\u00e2timent \u00e9vite toute uniformit\u00e9, et que l&rsquo;ensemble est con\u00e7u pour offrir une perspective depuis la placette jusqu&rsquo;au jardin de l&rsquo;\u00eelot central. Les ornementations r\u00e9alis\u00e9es avec la brique alternent parties pleines et mod\u00e9natures plus a\u00e9r\u00e9es.<\/p>\n\n\n\n<p>&nbsp;\u00ab <em>Nous aimons construire avec la brique car elle vient de la terre et nous pouvons l&rsquo;utiliser de diff\u00e9rentes mani\u00e8res, dans diff\u00e9rentes ornementations et diff\u00e9rentes couleurs.<\/em><\/p>\n\n\n\n<p><em>Il y a aussi la durabilit\u00e9; quand on a un b\u00e2timent en brique, on sait que \u00e7a va durer longtemps. Il y avait une \u00e9vidence pour nous de travailler avec la brique en raison du chemin industriel de la r\u00e9gion. Il existe de nombreux b\u00e2timents industriels dans la ville de Pantin, notamment les Grands Moulins de Pantin. La mat\u00e9rialit\u00e9 \u00e9tait donc importante pour cr\u00e9er ce lien avec l\u2019histoire de la ville.\u00bb<\/em><\/p>\n\n\n\n<p><em>\u00abEt chaque b\u00e2timent a une couleur de brique et une couleur de m\u00e9tal unique. Nous avons utilis\u00e9 d&rsquo;autres mat\u00e9riaux dans le projet comme les fen\u00eatres en aluminium et les mains courantes en acier mais la brique reste le mat\u00e9riau principal du projet, dont la polyvalence nous permet de cr\u00e9er de nombreuses formes, de nombreux ornements. C\u2019est aussi un mat\u00e9riau naturel qui capte la lumi\u00e8re de mani\u00e8re int\u00e9ressante. \u00bb <\/em>continuent Christelle Avenier et Miguel Cornejo, Avenier Cornejo Architectes(France).<\/p>\n\n\n\n<p class=\"has-sm-color-tertiary-color has-text-color has-medium-font-size\"><strong>Choisir les teintes avec soin<\/strong><\/p>\n\n\n\n<p>Familiaris\u00e9e avec les briques de fa\u00e7ade Terca depuis quelques ann\u00e9es, c&rsquo;est sur le site de l&rsquo;usine de Flines-Lez-Raches, pr\u00e8s de Lille, que Christelle Avenier est all\u00e9e choisir ses r\u00e9f\u00e9rences. \u00ab<em>On se d\u00e9place toujours pour s\u00e9lectionner les teintes, il faut voir les jeux de lumi\u00e8re sur le produit<\/em>\u00bb.\u00a0<\/p>\n\n\n\n<p>Le choix s&rsquo;est port\u00e9 sur le gris titane, gris argent\u00e9 et le rouge blauwrood, tous porteurs d&rsquo;une vibration selon l&rsquo;intensit\u00e9 lumineuse. \u00ab<em>Le gris titane par exemple passe du gris clair teint\u00e9 \u00e0 violet au coucher du soleil \u00e0 un gris plus sombre sous la pluie. Les impressions changent selon la m\u00e9t\u00e9o<\/em>\u00bb note l&rsquo;architecte.<\/p>\n\n\n\n<p>Ajoutons que ces briques moul\u00e9es main aux ar\u00eates irr\u00e9guli\u00e8res, l\u00e9g\u00e8rement nuanc\u00e9es, apportent un aspect intemporel aux fa\u00e7ades. De plus, les mod\u00e9natures sp\u00e9cifiques \u00e0 ce projet apportent un aspect esth\u00e9tique suppl\u00e9mentaire et ont exig\u00e9 un r\u00e9el savoir-faire du poseur. <em>\u00abLa pose de chaque brique est r\u00e9fl\u00e9chie, et on a fait appel \u00e0 un bon fa\u00e7adier \u00bb.\u00a0<\/em><\/p>\n\n\n\n<figure class=\"wp-block-image size-large is-resized\"><img loading=\"lazy\" src=\"https:\/\/i0.wp.com\/batimedianews.com\/live\/wp-content\/uploads\/2023\/10\/image-201.png?resize=684%2C388\" alt=\"\" class=\"wp-image-32694\" width=\"684\" height=\"388\" srcset=\"https:\/\/i0.wp.com\/batimedianews.com\/live\/wp-content\/uploads\/2023\/10\/image-201.png?resize=1024%2C581 1024w, https:\/\/i0.wp.com\/batimedianews.com\/live\/wp-content\/uploads\/2023\/10\/image-201.png?resize=600%2C340 600w, https:\/\/i0.wp.com\/batimedianews.com\/live\/wp-content\/uploads\/2023\/10\/image-201.png?resize=768%2C436 768w, https:\/\/i0.wp.com\/batimedianews.com\/live\/wp-content\/uploads\/2023\/10\/image-201.png?resize=10%2C6 10w, https:\/\/i0.wp.com\/batimedianews.com\/live\/wp-content\/uploads\/2023\/10\/image-201.png?resize=432%2C245 432w, https:\/\/i0.wp.com\/batimedianews.com\/live\/wp-content\/uploads\/2023\/10\/image-201.png?resize=396%2C225 396w, https:\/\/i0.wp.com\/batimedianews.com\/live\/wp-content\/uploads\/2023\/10\/image-201.png?resize=1120%2C635 1120w, https:\/\/i0.wp.com\/batimedianews.com\/live\/wp-content\/uploads\/2023\/10\/image-201.png?resize=660%2C374 660w, https:\/\/i0.wp.com\/batimedianews.com\/live\/wp-content\/uploads\/2023\/10\/image-201.png?resize=388%2C220 388w, https:\/\/i0.wp.com\/batimedianews.com\/live\/wp-content\/uploads\/2023\/10\/image-201.png?w=1488 1488w\" sizes=\"(max-width: 600px) 91vw, (max-width: 900px) 600px, (max-width: 1060px) 50vw, (max-width: 1200px) 520px, (max-width: 1400px) 43vw, 600px\" data-recalc-dims=\"1\" \/><\/figure>\n\n\n\n<div class=\"wp-block-media-text alignwide has-media-on-the-right is-stacked-on-mobile\" style=\"grid-template-columns:auto 22%\"><figure class=\"wp-block-media-text__media\"><img loading=\"lazy\" width=\"628\" height=\"890\" src=\"https:\/\/i0.wp.com\/batimedianews.com\/live\/wp-content\/uploads\/2023\/10\/image-203.png?resize=628%2C890\" alt=\"\" class=\"wp-image-32696 size-full\" srcset=\"https:\/\/i0.wp.com\/batimedianews.com\/live\/wp-content\/uploads\/2023\/10\/image-203.png?w=628 628w, https:\/\/i0.wp.com\/batimedianews.com\/live\/wp-content\/uploads\/2023\/10\/image-203.png?resize=423%2C600 423w, https:\/\/i0.wp.com\/batimedianews.com\/live\/wp-content\/uploads\/2023\/10\/image-203.png?resize=7%2C10 7w, https:\/\/i0.wp.com\/batimedianews.com\/live\/wp-content\/uploads\/2023\/10\/image-203.png?resize=432%2C612 432w, https:\/\/i0.wp.com\/batimedianews.com\/live\/wp-content\/uploads\/2023\/10\/image-203.png?resize=396%2C561 396w, https:\/\/i0.wp.com\/batimedianews.com\/live\/wp-content\/uploads\/2023\/10\/image-203.png?resize=155%2C220 155w\" sizes=\"(max-width: 600px) 91vw, (max-width: 900px) 600px, (max-width: 1060px) 50vw, (max-width: 1200px) 520px, (max-width: 1400px) 43vw, 600px\" data-recalc-dims=\"1\" \/><\/figure><div class=\"wp-block-media-text__content\">\n<p class=\"has-sm-color-tertiary-color has-text-color has-medium-font-size\"><strong>Une p\u00e9rennit\u00e9 appr\u00e9ciable dans ce type de projets<\/strong><\/p>\n\n\n\n<p>Dans le logement social, m\u00eame dans le cadre d&rsquo;une accession \u00e0 la propri\u00e9t\u00e9 comme dans cet ensemble de Pantin, la logique \u00e9conomique et la p\u00e9rennit\u00e9 priment. Et dans cette optique, Christelle Avenier appr\u00e9cie particuli\u00e8rement l&rsquo;aspect durable de la brique en terre cuite et de son \u00abbon vieillissement\u00bb dans le temps, sans entretien particulier.\u00a0<\/p>\n\n\n\n<p>Cette enveloppe qui alterne fa\u00e7ades pleines avec des joints discrets et l&rsquo;aspect\u00abornement\u00bbdes mod\u00e9natures, prendra au fil des ans, une patine propre au mat\u00e9riau terre cuite, en harmonie avec les b\u00e2timents du patrimoine industriel tout proches.<\/p>\n<\/div><\/div>\n\n\n\n<p class=\"has-sm-color-tertiary-color has-text-color\"><strong>Zoom chantier\u2026<\/strong><\/p>\n\n\n\n<p><strong>Ma\u00eetrise d\u2019ouvrage : <\/strong>Groupe Emerige R\u00e9sidentiel et SEMIP<\/p>\n\n\n\n<p><strong>Architectes : <\/strong>Avenier Cornejo architectes(C. Cortade, P. Bourgeois, P.-N. Georgeton)<\/p>\n\n\n\n<p><strong>Entreprise de pose : <\/strong>Delta Sud \u2013 Paris<\/p>\n\n\n\n<p><strong>Produits mis en oeuvre : <\/strong>Terca brique Wienerberger Agora gris titane,Agora gris argent\u00e9 et rouge blauwrood<\/p>\n\n\n\n<p><strong>Photographes : <\/strong>Simon Schnepp, Morgane Renou, Charlotte Toscan, Simone Bossi, Avenier Cornejo<\/p>\n\n\n\n<p class=\"has-sm-light-primary-color has-text-color has-background has-small-font-size\" style=\"background-color:#b8b1b1\">Fond\u00e9 \u00e0 Vienne en 1819, Wienerberger est aujourd\u2019hui leader mondial des solutions en terre cuite. Pr\u00e9sent dans 28 pays, ses 216 usines emploient plus de 19 000 personnes \u00e0 travers le monde. En France, 755 collaborateurs travaillent dans les 8 usines de tuiles et de briques d\u00e9tenues par le Groupe. Le chiffre d\u2019affaires France 2022 atteint 233 millions d\u2019euros avec 6 marques reconnues: Al\u00e9onard (solutions toiture), Argeton (solutions fa\u00e7ade), Climamur (solution \u00e0 isolation r\u00e9partie), Koramic (solutions toiture et fa\u00e7ade), Porotherm (solutions mur) et Terca (solutions fa\u00e7ade). La terre cuite, mat\u00e9riau sain, \u00e9conomique et \u00e9cologique, r\u00e9pond id\u00e9alement aux projets de construction \u00e0 haute performance \u00e9nerg\u00e9tique. Mat\u00e9riaux \u00e9coresponsables, les briques et les tuiles terres cuites ont une dur\u00e9e de vie minimum de 100 ans.<\/p>\n","protected":false},"excerpt":{"rendered":"<p>Pour imaginer ces 3 b\u00e2timents destin\u00e9s \u00e0 l&rsquo;accession \u00e0 la propri\u00e9t\u00e9, l&rsquo;architecte Christelle Avenier a \u00e9l\u00e9gamment r\u00e9pondu au patrimoine industriel du lieu et aux attentes actuelles. &nbsp;Un projet o\u00f9 la brique en terre cuite s&rsquo;impose naturellement C&rsquo;est en remportant le concours lanc\u00e9 par une ma\u00eetrise d&rsquo;ouvrage r\u00e9unissant un promoteur priv\u00e9 et la soci\u00e9t\u00e9 d&rsquo;\u00e9conomie mixte [&hellip;]<\/p>\n","protected":false},"author":41,"featured_media":32698,"comment_status":"open","ping_status":"open","sticky":false,"template":"","format":"standard","meta":{"spay_email":""},"categories":[4,29,586],"tags":[],"jetpack_featured_media_url":"https:\/\/i1.wp.com\/batimedianews.com\/live\/wp-content\/uploads\/2023\/10\/Wienerberger-Image-articles-.jpg?fit=1513%2C825","jetpack_sharing_enabled":true,"jetpack_likes_enabled":true,"jetpack-related-posts":[{"id":11499,"url":"http:\/\/batimedianews.com\/live\/index.php\/2021\/08\/27\/economie-circulaire-terreal-et-lensal-sengagent-dans-letude-de-la-valorisation-des-terres-de-chantiers\/","url_meta":{"origin":32690,"position":0},"title":"Economie circulaire : TERREAL et l\u2019ENSAL s\u2019engagent dans l\u2019\u00e9tude de la valorisation des terres de chantiers","date":"27 ao\u00fbt 2021","format":false,"excerpt":"TERREAL, acteur fran\u00e7ais des mat\u00e9riaux en terre cuite pour l\u2019enveloppe du b\u00e2timent, a propos\u00e9 \u00e0 l\u2019Ecole Nationale Sup\u00e9rieure d\u2019Architecture de Lyon (ENSAL) un partenariat d\u2019\u00e9tude dans le cadre du cursus de ses \u00e9tudiants, baptis\u00e9 \u00ab Terres de chantier \u00bb. L\u2019objectif est de r\u00e9duire l\u2019impact environnemental des chantiers par la r\u00e9utilisation\u2026","rel":"","context":"Dans &quot;Actualit\u00e9 Entreprises&quot;","img":{"alt_text":"","src":"https:\/\/i2.wp.com\/batimedianews.com\/live\/wp-content\/uploads\/2021\/08\/Terreal-Article.jpg?fit=512%2C512&resize=350%2C200","width":350,"height":200},"classes":[]},{"id":17945,"url":"http:\/\/batimedianews.com\/live\/index.php\/2022\/04\/05\/la-filiere-terre-cuite-poursuit-son-partenariat-avec-la-fondation-abbe-pierre-et-soutient-un-programme-de-20-logements-a-montreuil\/","url_meta":{"origin":32690,"position":1},"title":"La fili\u00e8re Terre Cuite poursuit son partenariat avec la fondation Abb\u00e9 Pierre et soutient un programme de 20 logements \u00e0 Montreuil","date":"5 avril 2022","format":false,"excerpt":"Dans le cadre du programme \"Toits d\u2019abord\" de la Fondation Abb\u00e9 Pierre, la FFTB soutient un programme de construction 20 logements en PLAI et PLAI adapt\u00e9\u2002\u00e0 Montreuil (93), port\u00e9 par Freha, bailleur social associatif et membre du mouvement Emma\u00fcs. La premi\u00e8re brique a \u00e9t\u00e9 pos\u00e9e le 10 mars en pr\u00e9sence\u2026","rel":"","context":"Dans &quot;Actualit\u00e9 Entreprises&quot;","img":{"alt_text":"","src":"https:\/\/i0.wp.com\/batimedianews.com\/live\/wp-content\/uploads\/2022\/03\/FFTB-Article.jpg?fit=512%2C512&resize=350%2C200","width":350,"height":200},"classes":[]},{"id":26750,"url":"http:\/\/batimedianews.com\/live\/index.php\/2023\/03\/07\/les-produits-de-rairies-montrieux-mis-a-lhonneur-aux-galeries-lafayette-paris-haussmann\/","url_meta":{"origin":32690,"position":2},"title":"Les produits de Rairies Montrieux mis \u00e0 l&rsquo;honneur aux Galeries Lafayette Paris Haussmann","date":"7 mars 2023","format":false,"excerpt":"La soci\u00e9t\u00e9 Rairies Montrieux est situ\u00e9e en Maine-et-Loire et reconnue comme l\u2019un des plus anciens sites producteurs de terre cuite en France, elle d\u00e9veloppe son savoir-faire depuis cinq g\u00e9n\u00e9rations. Elle est sp\u00e9cialis\u00e9e dans la conception de carreaux, de plaquettes de parement et de briques pour tous projets architecturaux. C\u2019est avec\u2026","rel":"","context":"Dans &quot;Actualit\u00e9 Entreprises&quot;","img":{"alt_text":"","src":"https:\/\/i2.wp.com\/batimedianews.com\/live\/wp-content\/uploads\/2023\/03\/RairesMontrieux-Article.jpg?fit=1080%2C1080&resize=350%2C200","width":350,"height":200},"classes":[]},{"id":3615,"url":"http:\/\/batimedianews.com\/live\/index.php\/2019\/12\/13\/nouvelle-gamme-de-bardage-piterak-xs-terreal\/","url_meta":{"origin":32690,"position":3},"title":"Nouvelle gamme de bardage Piterak XS -Terreal","date":"13 d\u00e9cembre 2019","format":false,"excerpt":"TERREAL, acteur majeur de la couverture en France, d\u00e9voile le Piterak XS, un bardage en terre cuite plus fin et l\u00e9ger venant compl\u00e9ter la gamme Piterak. Apr\u00e8s avoir fait ses preuves \u00e0 l\u2019\u00e9tranger et notamment aux Etats-Unis sur de nombreuses r\u00e9alisations \u2013 dont le si\u00e8ge de ProMedica (Toledo, Ohio, USA)\u2026","rel":"","context":"Dans &quot;Actualit\u00e9 Entreprises&quot;","img":{"alt_text":"","src":"https:\/\/i0.wp.com\/batimedianews.com\/live\/wp-content\/uploads\/2019\/12\/terreal1image.jpg?fit=1011%2C1011&resize=350%2C200","width":350,"height":200},"classes":[]},{"id":33245,"url":"http:\/\/batimedianews.com\/live\/index.php\/2023\/11\/22\/renovation-dune-toiture-avec-les-tuiles-en-terre-cuite-derlus\/","url_meta":{"origin":32690,"position":4},"title":"R\u00e9novation d\u2019une toiture avec les tuiles en terre cuite d\u2019Erlus","date":"22 novembre 2023","format":false,"excerpt":"\u00a0Le choix de la durabilit\u00e9 et de l\u2019esth\u00e9tisme pour une maison individuelle pr\u00e8s de Lyon\u00a0 Neufahrn, novembre 2023 - Une r\u00e9novation de toiture remarquable a \u00e9t\u00e9 achev\u00e9e \u00e0 Charly (69) au sud de Lyon. L\u2019entreprise de couverture Antoniali P\u00e8re & Fils, reconnue pour son expertise dans la r\u00e9gion, a parfaitement\u2026","rel":"","context":"Dans &quot;Actualit\u00e9 Entreprises&quot;","img":{"alt_text":"","src":"https:\/\/i0.wp.com\/batimedianews.com\/live\/wp-content\/uploads\/2023\/11\/Erlus-Image-articles-.jpg?fit=825%2C825&resize=350%2C200","width":350,"height":200},"classes":[]},{"id":12320,"url":"http:\/\/batimedianews.com\/live\/index.php\/2021\/10\/04\/brique-de-terre-cuite-la-pose-par-mortier-de-joint-mince-desormais-couverte-par-la-certification-nf\/","url_meta":{"origin":32690,"position":5},"title":"Brique de terre cuite : la pose par mortier de joint mince d\u00e9sormais couverte par la certification NF","date":"4 octobre 2021","format":false,"excerpt":"Depuis 2007, la brique de terre cuite s'impose comme le produit de ma\u00e7onnerie de petits \u00e9l\u00e9ments le plus utilis\u00e9 sur le segment du logement collectif. Sa pose par mortier de colle de joint mince est d\u00e9sormais certifi\u00e9e par AFNOR Certification, \u00e0 travers la marque NF 554, afin d' apporter visibilit\u00e9\u2026","rel":"","context":"Dans &quot;Actualit\u00e9 Entreprises&quot;","img":{"alt_text":"","src":"https:\/\/i1.wp.com\/batimedianews.com\/live\/wp-content\/uploads\/2021\/09\/afnor-Article.jpg?fit=512%2C512&resize=350%2C200","width":350,"height":200},"classes":[]}],"_links":{"self":[{"href":"http:\/\/batimedianews.com\/live\/index.php\/wp-json\/wp\/v2\/posts\/32690"}],"collection":[{"href":"http:\/\/batimedianews.com\/live\/index.php\/wp-json\/wp\/v2\/posts"}],"about":[{"href":"http:\/\/batimedianews.com\/live\/index.php\/wp-json\/wp\/v2\/types\/post"}],"author":[{"embeddable":true,"href":"http:\/\/batimedianews.com\/live\/index.php\/wp-json\/wp\/v2\/users\/41"}],"replies":[{"embeddable":true,"href":"http:\/\/batimedianews.com\/live\/index.php\/wp-json\/wp\/v2\/comments?post=32690"}],"version-history":[{"count":3,"href":"http:\/\/batimedianews.com\/live\/index.php\/wp-json\/wp\/v2\/posts\/32690\/revisions"}],"predecessor-version":[{"id":32829,"href":"http:\/\/batimedianews.com\/live\/index.php\/wp-json\/wp\/v2\/posts\/32690\/revisions\/32829"}],"wp:featuredmedia":[{"embeddable":true,"href":"http:\/\/batimedianews.com\/live\/index.php\/wp-json\/wp\/v2\/media\/32698"}],"wp:attachment":[{"href":"http:\/\/batimedianews.com\/live\/index.php\/wp-json\/wp\/v2\/media?parent=32690"}],"wp:term":[{"taxonomy":"category","embeddable":true,"href":"http:\/\/batimedianews.com\/live\/index.php\/wp-json\/wp\/v2\/categories?post=32690"},{"taxonomy":"post_tag","embeddable":true,"href":"http:\/\/batimedianews.com\/live\/index.php\/wp-json\/wp\/v2\/tags?post=32690"}],"curies":[{"name":"wp","href":"https:\/\/api.w.org\/{rel}","templated":true}]}}