{"id":3276,"date":"2019-10-24T16:42:38","date_gmt":"2019-10-24T14:42:38","guid":{"rendered":"http:\/\/batimedianews.com\/live\/?p=3276"},"modified":"2021-10-20T12:57:45","modified_gmt":"2021-10-20T10:57:45","slug":"aeg-vous-invite-a-decouvrir-ses-nouveautes-2020-sur-batimat","status":"publish","type":"post","link":"http:\/\/batimedianews.com\/live\/index.php\/2019\/10\/24\/aeg-vous-invite-a-decouvrir-ses-nouveautes-2020-sur-batimat\/","title":{"rendered":"AEG vous invite \u00e0 d\u00e9couvrir ses nouveaut\u00e9s 2020 sur BATIMAT"},"content":{"rendered":"\n<p> Un rendez-vous incontournable pour d\u00e9couvrir et tester sur  le stand,\u00a0<strong>les gammes sans fil PRO18V et PRO12V ainsi que les gammes filaires.<\/strong><br>Vous d\u00e9couvrirez \u00e9galement\u00a0<strong>EN AVANT PREMI\u00c8RE, 2 innovations majeures 2020.<\/strong><br><\/p>\n\n\n\n<figure class=\"wp-block-image\"><img loading=\"lazy\" width=\"302\" height=\"222\" src=\"https:\/\/i1.wp.com\/batimedianews.com\/live\/wp-content\/uploads\/2019\/10\/aeg2.jpg?resize=302%2C222\" alt=\"\" class=\"wp-image-3278\" srcset=\"https:\/\/i1.wp.com\/batimedianews.com\/live\/wp-content\/uploads\/2019\/10\/aeg2.jpg?w=302 302w, https:\/\/i1.wp.com\/batimedianews.com\/live\/wp-content\/uploads\/2019\/10\/aeg2.jpg?resize=300%2C221 300w, https:\/\/i1.wp.com\/batimedianews.com\/live\/wp-content\/uploads\/2019\/10\/aeg2.jpg?resize=10%2C7 10w, https:\/\/i1.wp.com\/batimedianews.com\/live\/wp-content\/uploads\/2019\/10\/aeg2.jpg?resize=299%2C220 299w\" sizes=\"(max-width: 600px) 91vw, (max-width: 900px) 600px, (max-width: 1060px) 50vw, (max-width: 1200px) 520px, (max-width: 1400px) 43vw, 600px\" data-recalc-dims=\"1\" \/><\/figure>\n","protected":false},"excerpt":{"rendered":"<p>Un rendez-vous incontournable pour d\u00e9couvrir et tester sur le stand,\u00a0les gammes sans fil PRO18V et PRO12V ainsi que les gammes filaires.Vous d\u00e9couvrirez \u00e9galement\u00a0EN AVANT PREMI\u00c8RE, 2 innovations majeures 2020.<\/p>\n","protected":false},"author":1,"featured_media":3277,"comment_status":"open","ping_status":"open","sticky":false,"template":"","format":"standard","meta":{"spay_email":""},"categories":[4,140,84,89],"tags":[],"jetpack_featured_media_url":"https:\/\/i2.wp.com\/batimedianews.com\/live\/wp-content\/uploads\/2019\/10\/aeg1.jpg?fit=1755%2C718","jetpack_sharing_enabled":true,"jetpack_likes_enabled":true,"jetpack-related-posts":[{"id":3215,"url":"http:\/\/batimedianews.com\/live\/index.php\/2019\/10\/16\/a-batimat-kiloutou-demontrera-une-nouvelle-fois-sa-proximite-avec-les-artisans\/","url_meta":{"origin":3276,"position":0},"title":"A Batimat, Kiloutou d\u00e9montrera une nouvelle fois  sa proximit\u00e9 avec les artisans","date":"16 octobre 2019","format":false,"excerpt":"\u00c0 l\u2019occasion du salon Batimat 2019, qui se tiendra du 4 au 8 novembre prochain au Parc des Expositions de Paris Nord Villepinte, KILOUTOU affirmera de fa\u00e7on concr\u00e8te son positionnement de loueur engag\u00e9, responsable, innovant et proche des professionnels du b\u00e2timent. Sur un stand \u00e0 vocation durable, l\u2019enseigne de location\u2026","rel":"","context":"Dans &quot;Actualit\u00e9 Entreprises&quot;","img":{"alt_text":"","src":"","width":0,"height":0},"classes":[]},{"id":38882,"url":"http:\/\/batimedianews.com\/live\/index.php\/2024\/07\/12\/nous-serons-la-et-vous\/","url_meta":{"origin":3276,"position":1},"title":"Nous serons l\u00e0, et vous ?","date":"12 juillet 2024","format":false,"excerpt":"\u00a0Glass Systems de retour au Salon International du B\u00e2timent !\u00a0 Nous sommes ravis d\u2019annoncer que l\u2019\u00e9quipe de Glass Systems participera au salon BATIMAT en septembre prochain. Lors de cet \u00e9v\u00e9nement, nous mettrons en avant notre gamme innovante de garde-corps, r\u00e9pondant \u00e0 la demande croissante des professionnels de la menuiserie et\u2026","rel":"","context":"Dans &quot;Actualit\u00e9 Entreprises&quot;","img":{"alt_text":"","src":"https:\/\/i2.wp.com\/batimedianews.com\/live\/wp-content\/uploads\/2024\/07\/GlassSystem-articles-.jpg?fit=825%2C825&resize=350%2C200","width":350,"height":200},"classes":[]},{"id":20278,"url":"http:\/\/batimedianews.com\/live\/index.php\/2022\/05\/24\/pour-promouvoir-les-solutions-emergentes-de-la-decarbonisation-batimat-cree-lespace-our-low-carbon-construction\/","url_meta":{"origin":3276,"position":2},"title":"Pour promouvoir les solutions \u00e9mergentes de la d\u00e9carbonisation , BATIMAT  cr\u00e9e l&rsquo;espace OUR LOW CARBON CONSTRUCTION","date":"24 mai 2022","format":false,"excerpt":"L\u2019\u00e9dition 2022 de BATIMAT, organis\u00e9e par RX France, mettra pour la premi\u00e8re fois en vedette les solutions \u00e9mergentes pour la d\u00e9carbonation des b\u00e2timents, sur le tout nouvel Espace Low Carbon Construction. Con\u00e7u en partenariat avec Construction 21, cet espace de 600 m2 permettra de d\u00e9couvrir toute la richesse de l\u2019offre\u2026","rel":"","context":"Dans &quot;Bas carbone&quot;","img":{"alt_text":"","src":"https:\/\/i2.wp.com\/batimedianews.com\/live\/wp-content\/uploads\/2022\/05\/Batimat-Article.jpg?fit=1080%2C1080&resize=350%2C200","width":350,"height":200},"classes":[]},{"id":39193,"url":"http:\/\/batimedianews.com\/live\/index.php\/2024\/08\/01\/kline-presente-ses-nouveautes-au-sein-dun-pavillon-lumiere-innovant-et-immersif\/","url_meta":{"origin":3276,"position":3},"title":"K\u2022LINE pr\u00e9sente ses nouveaut\u00e9s au sein d\u2019un \u00ab pavillon lumi\u00e8re \u00bb innovant et immersif","date":"1 ao\u00fbt 2024","format":false,"excerpt":"BATIMAT 2024 Du 30 septembre au 3 octobre | Paris, Porte de Versailles Hall 4 stand G058 \u00c0 l\u2019occasion de Batimat, K\u2022LINE pr\u00e9sentera ses nouveaut\u00e9s 2024 \/ 2025 au sein d\u2019un \u00ab Pavillon Lumi\u00e8re \u00bb con\u00e7u par l\u2019agence d\u2019architecture nantaise Studio T\u00e9r\u00e9. Un \u00ab Pavillon Lumi\u00e8re \u00bb con\u00e7u pour offrir\u2026","rel":"","context":"Dans &quot;Actualit\u00e9 Entreprises&quot;","img":{"alt_text":"","src":"https:\/\/i2.wp.com\/batimedianews.com\/live\/wp-content\/uploads\/2024\/07\/KLine-articles-.jpg?fit=825%2C825&resize=350%2C200","width":350,"height":200},"classes":[]},{"id":38641,"url":"http:\/\/batimedianews.com\/live\/index.php\/2024\/07\/09\/veka-aluconnect-un-concept-de-menuiserie-aluminium-et-pvc-signe-veka-a-decouvrir-au-salon-equipbaie-metalexpo-by-batimat\/","url_meta":{"origin":3276,"position":4},"title":"VEKA AluConnect, un concept de menuiserie aluminium et PVC sign\u00e9 VEKA \u00e0 d\u00e9couvrir au Salon Equipbaie-MetalExpo by Batimat","date":"9 juillet 2024","format":false,"excerpt":"VEKA d\u00e9voilera pour la premi\u00e8re fois en France sur le salon Equipbaie du Mondial du B\u00e2timent 2024 (Hall 6 - stand E014), VEKA AluConnect, un concept in\u00e9dit de menuiserie alliant le meilleur de deux mat\u00e9riaux, l\u2019aluminium et le PVC. Un mariage heureux donc qui conjugue toute l\u2019\u00e9l\u00e9gance des fen\u00eatres aluminium\u2026","rel":"","context":"Dans &quot;Actualit\u00e9 Entreprises&quot;","img":{"alt_text":"","src":"https:\/\/i1.wp.com\/batimedianews.com\/live\/wp-content\/uploads\/2024\/07\/Veka-articles-.jpg?fit=825%2C825&resize=350%2C200","width":350,"height":200},"classes":[]},{"id":39707,"url":"http:\/\/batimedianews.com\/live\/index.php\/2024\/09\/16\/batimat-2024-le-salon-qui-promeut-la-decarbonation-et-les-energies-renouvelables\/","url_meta":{"origin":3276,"position":5},"title":"BATIMAT 2024 : Le salon qui promeut la d\u00e9carbonation et les \u00e9nergies renouvelables","date":"16 septembre 2024","format":false,"excerpt":"L\u2019\u00e9dition 2024 de BATIMAT (30 septembre au 3 octobre 2024 - Paris Expo Porte de Versailles), organis\u00e9e par RX France, mettra en lumi\u00e8re les solutions \u00e9mergentes pour la d\u00e9carbonation des b\u00e2timents, la pr\u00e9servation du climat et de l\u2019environnement. Au coeur du Pavillon 1, les espaces Low Carbon Construction et Photovolta\u00efque\u2026","rel":"","context":"Dans &quot;Actualit\u00e9s salons&quot;","img":{"alt_text":"","src":"https:\/\/i2.wp.com\/batimedianews.com\/live\/wp-content\/uploads\/2024\/09\/Batimat-.jpg?fit=825%2C825&resize=350%2C200","width":350,"height":200},"classes":[]}],"_links":{"self":[{"href":"http:\/\/batimedianews.com\/live\/index.php\/wp-json\/wp\/v2\/posts\/3276"}],"collection":[{"href":"http:\/\/batimedianews.com\/live\/index.php\/wp-json\/wp\/v2\/posts"}],"about":[{"href":"http:\/\/batimedianews.com\/live\/index.php\/wp-json\/wp\/v2\/types\/post"}],"author":[{"embeddable":true,"href":"http:\/\/batimedianews.com\/live\/index.php\/wp-json\/wp\/v2\/users\/1"}],"replies":[{"embeddable":true,"href":"http:\/\/batimedianews.com\/live\/index.php\/wp-json\/wp\/v2\/comments?post=3276"}],"version-history":[{"count":1,"href":"http:\/\/batimedianews.com\/live\/index.php\/wp-json\/wp\/v2\/posts\/3276\/revisions"}],"predecessor-version":[{"id":3279,"href":"http:\/\/batimedianews.com\/live\/index.php\/wp-json\/wp\/v2\/posts\/3276\/revisions\/3279"}],"wp:featuredmedia":[{"embeddable":true,"href":"http:\/\/batimedianews.com\/live\/index.php\/wp-json\/wp\/v2\/media\/3277"}],"wp:attachment":[{"href":"http:\/\/batimedianews.com\/live\/index.php\/wp-json\/wp\/v2\/media?parent=3276"}],"wp:term":[{"taxonomy":"category","embeddable":true,"href":"http:\/\/batimedianews.com\/live\/index.php\/wp-json\/wp\/v2\/categories?post=3276"},{"taxonomy":"post_tag","embeddable":true,"href":"http:\/\/batimedianews.com\/live\/index.php\/wp-json\/wp\/v2\/tags?post=3276"}],"curies":[{"name":"wp","href":"https:\/\/api.w.org\/{rel}","templated":true}]}}