{"id":33127,"date":"2023-11-21T13:38:27","date_gmt":"2023-11-21T12:38:27","guid":{"rendered":"http:\/\/batimedianews.com\/live\/?p=33127"},"modified":"2024-06-04T14:07:26","modified_gmt":"2024-06-04T12:07:26","slug":"la-societe-rairies-montrieux-annonce-son-partenariat-avec-vandersanden","status":"publish","type":"post","link":"http:\/\/batimedianews.com\/live\/index.php\/2023\/11\/21\/la-societe-rairies-montrieux-annonce-son-partenariat-avec-vandersanden\/","title":{"rendered":"La soci\u00e9t\u00e9 Rairies Montrieux annonce son partenariat avec Vandersanden"},"content":{"rendered":"\n<p class=\"has-text-align-center has-text-color has-medium-font-size\" style=\"color:#737779\"><strong>Rairies Montrieux devient revendeur exclusif des briques et&nbsp;<\/strong> <strong>plaquettes moul\u00e9es-mains Vandersanden en France&nbsp;(hors d\u00e9partements 02,08,51,59,60,62,80)<\/strong><\/p>\n\n\n\n<figure class=\"wp-block-image size-large is-resized\"><img loading=\"lazy\" src=\"https:\/\/i1.wp.com\/batimedianews.com\/live\/wp-content\/uploads\/2023\/11\/image-152.png?resize=273%2C83\" alt=\"\" class=\"wp-image-33134\" width=\"273\" height=\"83\" srcset=\"https:\/\/i1.wp.com\/batimedianews.com\/live\/wp-content\/uploads\/2023\/11\/image-152.png?w=556 556w, https:\/\/i1.wp.com\/batimedianews.com\/live\/wp-content\/uploads\/2023\/11\/image-152.png?resize=10%2C3 10w, https:\/\/i1.wp.com\/batimedianews.com\/live\/wp-content\/uploads\/2023\/11\/image-152.png?resize=432%2C132 432w, https:\/\/i1.wp.com\/batimedianews.com\/live\/wp-content\/uploads\/2023\/11\/image-152.png?resize=396%2C121 396w\" sizes=\"(max-width: 600px) 91vw, (max-width: 900px) 600px, (max-width: 1060px) 50vw, (max-width: 1200px) 520px, (max-width: 1400px) 43vw, 600px\" data-recalc-dims=\"1\" \/><\/figure>\n\n\n\n<p>La soci\u00e9t\u00e9 Rairies Montrieux, fabricant de mat\u00e9riaux de construction en terre cuite pour la fa\u00e7ade et l\u2019habitat est aujourd\u2019hui reconnue comme l\u2019un des plus anciens sites producteurs en France. Elle d\u00e9veloppe son savoir-faire depuis 5 g\u00e9n\u00e9rations, avec une gamme de carreaux, briques et plaquettes de parement, ou encore de pavage.&nbsp;<\/p>\n\n\n\n<p>L\u2019entreprise annonce aujourd\u2019hui son partenariat exclusif avec la briqueterie internationale Vandersanden, dont le si\u00e8ge est \u00e9tabli en Belgique. Vandersanden, briqueterie familiale la plus importante d&rsquo;Europe, produit des briques de parement, des pav\u00e9s en terre cuite pour jardins et chauss\u00e9es, des ECO-plaquettes de parement et des solutions de fa\u00e7ade isolantes.&nbsp;<\/p>\n\n\n\n<p>L\u2019objectif premier de ce partenariat \u00e9tant de r\u00e9pondre au mieux \u00e0 la client\u00e8le de Rairies Montrieux, en proposant une gamme de produits moul\u00e9s-mains.&nbsp;<\/p>\n\n\n\n<p>Ce partenariat viendra compl\u00e9ter l\u2019ensemble de leur offre et sera effectif \u00e0 partir du seize novembre 2023.&nbsp;<\/p>\n\n\n\n<div class=\"wp-block-media-text alignwide is-stacked-on-mobile\" style=\"grid-template-columns:23% auto\"><figure class=\"wp-block-media-text__media\"><img loading=\"lazy\" width=\"408\" height=\"616\" src=\"https:\/\/i1.wp.com\/batimedianews.com\/live\/wp-content\/uploads\/2023\/11\/image-149.png?resize=408%2C616\" alt=\"\" class=\"wp-image-33128 size-full\" srcset=\"https:\/\/i1.wp.com\/batimedianews.com\/live\/wp-content\/uploads\/2023\/11\/image-149.png?w=408 408w, https:\/\/i1.wp.com\/batimedianews.com\/live\/wp-content\/uploads\/2023\/11\/image-149.png?resize=397%2C600 397w, https:\/\/i1.wp.com\/batimedianews.com\/live\/wp-content\/uploads\/2023\/11\/image-149.png?resize=7%2C10 7w, https:\/\/i1.wp.com\/batimedianews.com\/live\/wp-content\/uploads\/2023\/11\/image-149.png?resize=396%2C598 396w, https:\/\/i1.wp.com\/batimedianews.com\/live\/wp-content\/uploads\/2023\/11\/image-149.png?resize=146%2C220 146w\" sizes=\"(max-width: 600px) 91vw, (max-width: 900px) 600px, (max-width: 1060px) 50vw, (max-width: 1200px) 520px, (max-width: 1400px) 43vw, 600px\" data-recalc-dims=\"1\" \/><\/figure><div class=\"wp-block-media-text__content\">\n<p>\u00ab <em>Notre offre de produits est aujourd\u2019hui tr\u00e8s compl\u00e8te en terme de textures, de formes et de couleurs. N\u00e9anmoins, il nous manquait des produits fabriqu\u00e9s dans le Nord de l\u2019Europe, la brique et la plaquette moul\u00e9es-mains.&nbsp;<\/em><\/p>\n\n\n\n<p><em>Nos clients sont tr\u00e8s demandeurs de ce type de produits. Ainsi, pour r\u00e9pondre encore mieux \u00e0 leur demande, nous avons choisi un produit issu d\u2019une des plus grandes usines d\u2019Europe. <\/em>\u00bb affirme R\u00e9my Montrieux, PDG actuel de la soci\u00e9t\u00e9.&nbsp;<\/p>\n\n\n\n<p class=\"has-text-align-center\"><em>\u00ab Le march\u00e9 de la moul\u00e9e-main est tr\u00e8s porteur, et il est diff\u00e9rent de celui de la fa\u00e7ade d\u00e9corative \u00bb <\/em>ajoute Mr Montrieux&nbsp;<\/p>\n<\/div><\/div>\n\n\n\n<p>Ce partenariat apportera \u00e0 Rairies Montrieux une meilleure visibilit\u00e9 sur le march\u00e9 de la terre cuite. En effet, gr\u00e2ce \u00e0 cette nouvelle typologie de produits, la soci\u00e9t\u00e9 pourra atteindre beaucoup plus d\u2019acteurs du m\u00e9tiers.&nbsp;<\/p>\n\n\n\n<p>La soci\u00e9t\u00e9 Vandersanden est la briqueterie familiale la plus importante d\u2019Europe, et poss\u00e8de une tr\u00e8s belle image de marque.<\/p>\n\n\n\n<p>Aussi, Rairies Montrieux est aujourd\u2019hui un acteur majeur sur le march\u00e9 du b\u00e2timent. Ainsi, cette nouvelle r\u00e9f\u00e9rence vient confirmer la solide r\u00e9putation de l\u2019entreprise et lui apporte une notori\u00e9t\u00e9 suppl\u00e9mentaire.<\/p>\n\n\n\n<p>Autre aspect important de ce partenariat : l\u2019\u00e9change commercial et technique. En effet, Rairies Montrieux \u00e9volue chaque ann\u00e9e dans son domaine. De fait, sa collaboration avec un acteur qui partage les m\u00eames valeurs familiales permettra \u00e0 l\u2019entreprise de se structurer en s\u2019inspirant de son partenaire au quotidien.&nbsp;<\/p>\n\n\n\n<div class=\"wp-block-media-text alignwide has-media-on-the-right is-stacked-on-mobile\" style=\"grid-template-columns:auto 26%\"><figure class=\"wp-block-media-text__media\"><img loading=\"lazy\" width=\"490\" height=\"686\" src=\"https:\/\/i2.wp.com\/batimedianews.com\/live\/wp-content\/uploads\/2023\/11\/image-150.png?resize=490%2C686\" alt=\"\" class=\"wp-image-33129 size-full\" srcset=\"https:\/\/i2.wp.com\/batimedianews.com\/live\/wp-content\/uploads\/2023\/11\/image-150.png?w=490 490w, https:\/\/i2.wp.com\/batimedianews.com\/live\/wp-content\/uploads\/2023\/11\/image-150.png?resize=429%2C600 429w, https:\/\/i2.wp.com\/batimedianews.com\/live\/wp-content\/uploads\/2023\/11\/image-150.png?resize=7%2C10 7w, https:\/\/i2.wp.com\/batimedianews.com\/live\/wp-content\/uploads\/2023\/11\/image-150.png?resize=432%2C605 432w, https:\/\/i2.wp.com\/batimedianews.com\/live\/wp-content\/uploads\/2023\/11\/image-150.png?resize=396%2C554 396w, https:\/\/i2.wp.com\/batimedianews.com\/live\/wp-content\/uploads\/2023\/11\/image-150.png?resize=157%2C220 157w\" sizes=\"(max-width: 600px) 91vw, (max-width: 900px) 600px, (max-width: 1060px) 50vw, (max-width: 1200px) 520px, (max-width: 1400px) 43vw, 600px\" data-recalc-dims=\"1\" \/><\/figure><div class=\"wp-block-media-text__content\">\n<p class=\"has-text-align-center has-normal-font-size\"><em>\u00ab La coop\u00e9ration avec Rairies Montrieux est une nouvelle \u00e9tape dans notre croissance sur le march\u00e9 fran\u00e7ais, et renforce notre strat\u00e9gie \u00e0 long terme. Les valeurs familiales partag\u00e9es par les deux entreprises garantissent un service de premier rang, qui nous permet d&rsquo;\u00eatre encore plus proches de nos clients. Toutes deux sont synonymes de contact personnalis\u00e9 et de conseils sur-mesure, ce qui nous permet d&rsquo;aider les prescripteurs et les professionnels de mani\u00e8re cibl\u00e9e et efficace. \u00bb<\/em><\/p>\n<\/div><\/div>\n\n\n\n<p>Les deux entreprises attendent de ce partenariat une \u00e9volution mutuelle sur le march\u00e9 fran\u00e7ais.<\/p>\n\n\n\n<p>La soci\u00e9t\u00e9 du Maine-et-Loire est un acteur tr\u00e8s implant\u00e9 sur ce march\u00e9. De ce fait, elle incarneun partenaire id\u00e9al pour Vandersanden afin d\u2019accroitre son rayonnement et son int\u00e9gration sur lemarch\u00e9 fran\u00e7ais.&nbsp;<\/p>\n\n\n\n<p>Du c\u00f4t\u00e9 de l\u2019entreprise angevine, travailler et \u00e9voluer aux c\u00f4t\u00e9s d\u2019une structure de cette envergure permettra \u00e0 la soci\u00e9t\u00e9 de passer un cap structurel et productif.<\/p>\n\n\n\n<figure class=\"wp-block-gallery columns-2 is-cropped\"><ul class=\"blocks-gallery-grid\"><li class=\"blocks-gallery-item\"><figure><img loading=\"lazy\" width=\"720\" height=\"446\" src=\"https:\/\/i0.wp.com\/batimedianews.com\/live\/wp-content\/uploads\/2023\/11\/RairiesMontrieuxPhoto3.jpg?resize=720%2C446\" alt=\"\" data-id=\"33130\" data-full-url=\"https:\/\/i0.wp.com\/batimedianews.com\/live\/wp-content\/uploads\/2023\/11\/RairiesMontrieuxPhoto3.jpg?resize=720%2C446\" data-link=\"http:\/\/batimedianews.com\/live\/?attachment_id=33130\" class=\"wp-image-33130\" srcset=\"https:\/\/i0.wp.com\/batimedianews.com\/live\/wp-content\/uploads\/2023\/11\/RairiesMontrieuxPhoto3.jpg?w=730 730w, https:\/\/i0.wp.com\/batimedianews.com\/live\/wp-content\/uploads\/2023\/11\/RairiesMontrieuxPhoto3.jpg?resize=600%2C372 600w, https:\/\/i0.wp.com\/batimedianews.com\/live\/wp-content\/uploads\/2023\/11\/RairiesMontrieuxPhoto3.jpg?resize=10%2C6 10w, https:\/\/i0.wp.com\/batimedianews.com\/live\/wp-content\/uploads\/2023\/11\/RairiesMontrieuxPhoto3.jpg?resize=432%2C267 432w, https:\/\/i0.wp.com\/batimedianews.com\/live\/wp-content\/uploads\/2023\/11\/RairiesMontrieuxPhoto3.jpg?resize=396%2C245 396w, https:\/\/i0.wp.com\/batimedianews.com\/live\/wp-content\/uploads\/2023\/11\/RairiesMontrieuxPhoto3.jpg?resize=660%2C409 660w, https:\/\/i0.wp.com\/batimedianews.com\/live\/wp-content\/uploads\/2023\/11\/RairiesMontrieuxPhoto3.jpg?resize=355%2C220 355w\" sizes=\"(max-width: 600px) 91vw, (max-width: 900px) 600px, (max-width: 1060px) 50vw, (max-width: 1200px) 520px, (max-width: 1400px) 43vw, 600px\" data-recalc-dims=\"1\" \/><figcaption class=\"blocks-gallery-item__caption\"><br><br><br><br><br><br><br><br><br><br><br><br><br><br><br><br><br><br><br><br><br><br><br><br><br><br>Salle d\u2019exposition Vandersanden<\/figcaption><\/figure><\/li><li class=\"blocks-gallery-item\"><figure><img loading=\"lazy\" width=\"720\" height=\"444\" src=\"https:\/\/i0.wp.com\/batimedianews.com\/live\/wp-content\/uploads\/2023\/11\/RairiesMontrieuxPhoto4.jpg?resize=720%2C444\" alt=\"\" data-id=\"33131\" data-full-url=\"https:\/\/i0.wp.com\/batimedianews.com\/live\/wp-content\/uploads\/2023\/11\/RairiesMontrieuxPhoto4.jpg?resize=720%2C444\" data-link=\"http:\/\/batimedianews.com\/live\/?attachment_id=33131\" class=\"wp-image-33131\" srcset=\"https:\/\/i0.wp.com\/batimedianews.com\/live\/wp-content\/uploads\/2023\/11\/RairiesMontrieuxPhoto4.jpg?w=724 724w, https:\/\/i0.wp.com\/batimedianews.com\/live\/wp-content\/uploads\/2023\/11\/RairiesMontrieuxPhoto4.jpg?resize=600%2C370 600w, https:\/\/i0.wp.com\/batimedianews.com\/live\/wp-content\/uploads\/2023\/11\/RairiesMontrieuxPhoto4.jpg?resize=10%2C6 10w, https:\/\/i0.wp.com\/batimedianews.com\/live\/wp-content\/uploads\/2023\/11\/RairiesMontrieuxPhoto4.jpg?resize=432%2C266 432w, https:\/\/i0.wp.com\/batimedianews.com\/live\/wp-content\/uploads\/2023\/11\/RairiesMontrieuxPhoto4.jpg?resize=396%2C244 396w, https:\/\/i0.wp.com\/batimedianews.com\/live\/wp-content\/uploads\/2023\/11\/RairiesMontrieuxPhoto4.jpg?resize=660%2C407 660w, https:\/\/i0.wp.com\/batimedianews.com\/live\/wp-content\/uploads\/2023\/11\/RairiesMontrieuxPhoto4.jpg?resize=357%2C220 357w\" sizes=\"(max-width: 600px) 91vw, (max-width: 900px) 600px, (max-width: 1060px) 50vw, (max-width: 1200px) 520px, (max-width: 1400px) 43vw, 600px\" data-recalc-dims=\"1\" \/><figcaption class=\"blocks-gallery-item__caption\"><br><br><br><br><br><br><br><br><br><br><br><br><br><br><br><br><br><br><br><br><br><br><br><br><br><br>Si\u00e8ge social de la soci\u00e9t\u00e9 Rairies Montrieux,&nbsp;<br>Les Rairies, Maine-et-Loire<\/figcaption><\/figure><\/li><\/ul><\/figure>\n\n\n\n<p class=\"has-medium-font-size\"><strong>La Brique moul\u00e9e main<\/strong><\/p>\n\n\n\n<p>La brique de parement moul\u00e9e-main pr\u00e9sente une surface rugueuse et nervur\u00e9e.&nbsp;<\/p>\n\n\n\n<p>Elle est intemporelle et pleine de caract\u00e8re.&nbsp;<\/p>\n\n\n\n<p>Le nom de cette brique de parement trahit la fa\u00e7on dont elle \u00e9tait autrefois fabriqu\u00e9e : \u00e0 la main. Un artisan roulait une boule d&rsquo;argile dans une couche de sable.&nbsp;<\/p>\n\n\n\n<p>Il projetait ensuite la boule sabl\u00e9e dans un moule. Puis, il enlevait l&rsquo;exc\u00e8s d&rsquo;argile, retournait le moule et extrayait la brique non cuite.&nbsp;<\/p>\n\n\n\n<p>La projection de la boule sabl\u00e9e donne \u00e0 la brique moul\u00e9e-main sa structure typique.&nbsp;<\/p>\n\n\n\n<p>Aujourd&rsquo;hui, les machines font le plus gros du travail et le processus de production des briques de parement moul\u00e9es-main s&rsquo;est consid\u00e9rablement acc\u00e9l\u00e9r\u00e9.&nbsp;<\/p>\n\n\n\n<figure class=\"wp-block-image size-large\"><img loading=\"lazy\" width=\"720\" height=\"103\" src=\"https:\/\/i0.wp.com\/batimedianews.com\/live\/wp-content\/uploads\/2023\/11\/image-151.png?resize=720%2C103\" alt=\"\" class=\"wp-image-33132\" srcset=\"https:\/\/i0.wp.com\/batimedianews.com\/live\/wp-content\/uploads\/2023\/11\/image-151.png?resize=1024%2C146 1024w, https:\/\/i0.wp.com\/batimedianews.com\/live\/wp-content\/uploads\/2023\/11\/image-151.png?resize=600%2C86 600w, https:\/\/i0.wp.com\/batimedianews.com\/live\/wp-content\/uploads\/2023\/11\/image-151.png?resize=768%2C110 768w, https:\/\/i0.wp.com\/batimedianews.com\/live\/wp-content\/uploads\/2023\/11\/image-151.png?resize=10%2C1 10w, https:\/\/i0.wp.com\/batimedianews.com\/live\/wp-content\/uploads\/2023\/11\/image-151.png?resize=432%2C62 432w, https:\/\/i0.wp.com\/batimedianews.com\/live\/wp-content\/uploads\/2023\/11\/image-151.png?resize=396%2C57 396w, https:\/\/i0.wp.com\/batimedianews.com\/live\/wp-content\/uploads\/2023\/11\/image-151.png?resize=1120%2C160 1120w, https:\/\/i0.wp.com\/batimedianews.com\/live\/wp-content\/uploads\/2023\/11\/image-151.png?resize=660%2C94 660w, https:\/\/i0.wp.com\/batimedianews.com\/live\/wp-content\/uploads\/2023\/11\/image-151.png?resize=710%2C102 710w, https:\/\/i0.wp.com\/batimedianews.com\/live\/wp-content\/uploads\/2023\/11\/image-151.png?w=1524 1524w, https:\/\/i0.wp.com\/batimedianews.com\/live\/wp-content\/uploads\/2023\/11\/image-151.png?w=1440 1440w\" sizes=\"(max-width: 600px) 91vw, (max-width: 900px) 600px, (max-width: 1060px) 50vw, (max-width: 1200px) 520px, (max-width: 1400px) 43vw, 600px\" data-recalc-dims=\"1\" \/><\/figure>\n\n\n\n<p class=\"has-text-color\" style=\"color:#bbb2ad\">\u00c0 PROPOS DE VANDERSANDEN<\/p>\n\n\n\n<p style=\"font-size:15px\">La briqueterie internationale, dont le si\u00e8ge est \u00e9tabli \u00e0 Bilzen (Belgique), est le plus grand producteur familial europ\u00e9ende briques, de pav\u00e9s en terre cuite, d\u2019\u00e9co-plaquettes de parement et de syst\u00e8mes de fa\u00e7ades isolants. Vandersanden propose des solutions totalement int\u00e9gr\u00e9es, telles que RoboBrick et Drainflow en vue de relever les d\u00e9fis qui se posent actuellement au secteur de la construction. Avec le programme de d\u00e9veloppement durable Together to Zero qui a pour but d\u2019assurer des op\u00e9rations et une production totalement neutres en carbone d&rsquo;ici 2050, la briqueterie tend la main \u00e0 toutes les parties prenantes afin d\u2019atteindre avec elles une production sans carbone. Pour renforcer cette promesse, Vandersanden a lanc\u00e9 la premi\u00e8re brique de parement n\u00e9gative en carbone, Pirrouet\u00ae, en 2023.&nbsp;<\/p>\n\n\n\n<p style=\"font-size:15px\">Le Groupe Vandersanden, qui f\u00eatera bient\u00f4t son si\u00e8cle d\u2019existence, mise pleinement sur l\u2019innovation, le d\u00e9veloppement durable et la technicit\u00e9. L\u2019entreprise familiale emploie quelques 850 collaborateurs en Belgique, auxPays-Bas, en France, en Allemagne et en Grande-Bretagne, sur neuf sites de production. Ensemble, les sites du Groupe Vandersanden produisent annuellement plus de 600 millions de briques pour le march\u00e9 europ\u00e9en et bien au-del\u00e0.<\/p>\n\n\n\n<p class=\"has-text-color\" style=\"color:#bbb2ad\">\u00c0 PROPOS DE RAIRIES MONTRIEUX<\/p>\n\n\n\n<p style=\"font-size:15px\">Situ\u00e9e en Maine-et-Loire, et reconnue comme l\u2019un des plus anciens sites producteurs de terre cuite en France, labriqueterie Rairies Montrieux d\u00e9veloppe son savoir-faire depuis 5 g\u00e9n\u00e9rations.<\/p>\n\n\n\n<p style=\"font-size:15px\">La mati\u00e8re de base, l\u2019argile crue, est extraite de carri\u00e8res \u00e0 ciel ouvert, pour fa\u00e7onner les carreaux, plaquettes et briques de la soci\u00e9t\u00e9 Rairies Montrieux qui s\u00e9duisent aujourd\u2019hui les architectes et concepteurs du monde entier.&nbsp;<\/p>\n\n\n\n<p style=\"font-size:15px\">Rairies Montrieux b\u00e9n\u00e9ficie du label Entreprise du Patrimoine Vivant (EPV) qui est une marque de reconnaissance del\u2019Etat, mise en place pour distinguer des entreprises fran\u00e7aises aux savoir-faire ancestraux et des industrielsd\u2019excellence. Rairies Montrieux s\u2019est \u00e9galement vu attribuer le label \u201cProduit en Anjou\u201d en 2020.&nbsp;<\/p>\n\n\n\n<p style=\"font-size:15px\">Fort de ses 110 collaborateurs, Rairies Montrieux a r\u00e9alis\u00e9 un chiffre d\u2019affaire de 12 millions d\u2019euros en 2022.&nbsp;<\/p>\n\n\n\n<p style=\"font-size:15px\">Les briques et plaquettes de parement Rairies Montrieux sont disponibles sur commande et expos\u00e9es dans les 2 showrooms du fabricant, situ\u00e9s au Viaduc des Arts \u00e0 Paris (75) et sur son site de production du Maine-et-Loire (49).&nbsp;<\/p>\n","protected":false},"excerpt":{"rendered":"<p>Rairies Montrieux devient revendeur exclusif des briques et&nbsp; plaquettes moul\u00e9es-mains Vandersanden en France&nbsp;(hors d\u00e9partements 02,08,51,59,60,62,80) La soci\u00e9t\u00e9 Rairies Montrieux, fabricant de mat\u00e9riaux de construction en terre cuite pour la fa\u00e7ade et l\u2019habitat est aujourd\u2019hui reconnue comme l\u2019un des plus anciens sites producteurs en France. Elle d\u00e9veloppe son savoir-faire depuis 5 g\u00e9n\u00e9rations, avec une gamme de [&hellip;]<\/p>\n","protected":false},"author":41,"featured_media":33135,"comment_status":"open","ping_status":"open","sticky":false,"template":"","format":"standard","meta":{"spay_email":""},"categories":[4,64,586],"tags":[1745],"jetpack_featured_media_url":"https:\/\/i2.wp.com\/batimedianews.com\/live\/wp-content\/uploads\/2023\/11\/Rairies-MontrieuxImage-articles-.jpg?fit=1513%2C825","jetpack_sharing_enabled":true,"jetpack_likes_enabled":true,"jetpack-related-posts":[{"id":21119,"url":"http:\/\/batimedianews.com\/live\/index.php\/2022\/06\/23\/nouveaute-formes-et-couleurs-chez-rairies-montrieux\/","url_meta":{"origin":33127,"position":0},"title":"Nouveaut\u00e9 formes et couleurs chez  RAIRIES MONTRIEUX","date":"23 juin 2022","format":false,"excerpt":"Rairies Montrieux pr\u00e9sente ses innovations pour 2022 : Nouvelles teintes pastel pour la gamme engob\u00e9 et Nouveaut\u00e9s briques et plaquettes de formes ! La soci\u00e9t\u00e9 Rairies Montrieux, est reconnue comme l\u2019un des plus anciens sites producteurs de terre cuite en France depuis 5 g\u00e9n\u00e9rations, elle est sp\u00e9cialiste de la fabrication\u2026","rel":"","context":"Dans &quot;Actualit\u00e9 Entreprises&quot;","img":{"alt_text":"","src":"https:\/\/i1.wp.com\/batimedianews.com\/live\/wp-content\/uploads\/2022\/06\/RairiesMontrieux-Article.jpg?fit=1080%2C1080&resize=350%2C200","width":350,"height":200},"classes":[]},{"id":26750,"url":"http:\/\/batimedianews.com\/live\/index.php\/2023\/03\/07\/les-produits-de-rairies-montrieux-mis-a-lhonneur-aux-galeries-lafayette-paris-haussmann\/","url_meta":{"origin":33127,"position":1},"title":"Les produits de Rairies Montrieux mis \u00e0 l&rsquo;honneur aux Galeries Lafayette Paris Haussmann","date":"7 mars 2023","format":false,"excerpt":"La soci\u00e9t\u00e9 Rairies Montrieux est situ\u00e9e en Maine-et-Loire et reconnue comme l\u2019un des plus anciens sites producteurs de terre cuite en France, elle d\u00e9veloppe son savoir-faire depuis cinq g\u00e9n\u00e9rations. Elle est sp\u00e9cialis\u00e9e dans la conception de carreaux, de plaquettes de parement et de briques pour tous projets architecturaux. C\u2019est avec\u2026","rel":"","context":"Dans &quot;Actualit\u00e9 Entreprises&quot;","img":{"alt_text":"","src":"https:\/\/i2.wp.com\/batimedianews.com\/live\/wp-content\/uploads\/2023\/03\/RairesMontrieux-Article.jpg?fit=1080%2C1080&resize=350%2C200","width":350,"height":200},"classes":[]},{"id":35589,"url":"http:\/\/batimedianews.com\/live\/index.php\/2024\/02\/27\/rairies-montrieux-devoile-ses-dernieres-innovations-produits\/","url_meta":{"origin":33127,"position":2},"title":"Rairies Montrieux d\u00e9voile ses derni\u00e8res innovations produits","date":"27 f\u00e9vrier 2024","format":false,"excerpt":"Tendance 2024 : D\u00e9couverte de la gamme Les Mod\u00e9natures avec les plaquettes \"Pour de Vrai et les briques \"Reverso\" Dans une d\u00e9marche r\u00e9solument contemporaine, Rairies Montrieux d\u00e9voile une collection aux produits authentiquement innovants. Inspir\u00e9e par les derni\u00e8res tendances en mati\u00e8re d'architecture contemporaine, la nouvelle gamme \"Les Mod\u00e9natures\" de Rairies Montrieux\u2026","rel":"","context":"Dans &quot;Actualit\u00e9 Entreprises&quot;","img":{"alt_text":"","src":"https:\/\/i1.wp.com\/batimedianews.com\/live\/wp-content\/uploads\/2024\/02\/RairiesMontrieux.jpg?fit=825%2C825&resize=350%2C200","width":350,"height":200},"classes":[]},{"id":31141,"url":"http:\/\/batimedianews.com\/live\/index.php\/2023\/09\/11\/la-societe-rairies-montrieux-presente-au-salon-hexpo\/","url_meta":{"origin":33127,"position":3},"title":"La soci\u00e9t\u00e9 Rairies Montrieux pr\u00e9sente au salon H&rsquo;Expo","date":"11 septembre 2023","format":false,"excerpt":"LA SOCI\u00c9T\u00c9 RAIRIES MONTRIEUX sera pr\u00e9sente au salon H'Expo,\u00a0qui se tiendra du 3 au 5 octobre au parc des Expositions de la Beaujoire\u00a0\u00e0 Nantes.\u00a0 Le salon H\u2019Expo est aujourd\u2019hui l\u2019\u00e9v\u00e8nement national incontournable d\u00e9di\u00e9 aux professionnels de l\u2019habitat social, il s\u2019inscrit dans un \u00e9v\u00e8nement global qui est le Congr\u00e8s de l\u2019Union\u2026","rel":"","context":"Dans &quot;Actualit\u00e9 Entreprises&quot;","img":{"alt_text":"","src":"https:\/\/i1.wp.com\/batimedianews.com\/live\/wp-content\/uploads\/2023\/09\/Rairies-Montrieux-articles.jpg?fit=825%2C825&resize=350%2C200","width":350,"height":200},"classes":[]},{"id":22258,"url":"http:\/\/batimedianews.com\/live\/index.php\/2022\/08\/02\/la-societe-rairies-montrieux-presente-au-salon-batimat-en-octobre-prochain\/","url_meta":{"origin":33127,"position":4},"title":"LA SOCI\u00c9T\u00c9 RAIRIES MONTRIEUX pr\u00e9sente au salon BATIMAT en octobre prochain","date":"2 ao\u00fbt 2022","format":false,"excerpt":"C\u2019est une nouvelle qui r\u00e9jouit les professionnels de la construction et de l\u2019architecture : le retour de la soci\u00e9t\u00e9 Rairies Montrieux \u00e0 l\u2019\u00e9dition 2022 du salon Batimat PAV.1-R036. Batimat est depuis 60 ans le rendez-vous des professionnels du b\u00e2timent. V\u00e9ritable lieu d\u2019\u00e9change et de rencontres, le salon Batimat est un\u2026","rel":"","context":"Dans &quot;Actualit\u00e9 Entreprises&quot;","img":{"alt_text":"","src":"https:\/\/i1.wp.com\/batimedianews.com\/live\/wp-content\/uploads\/2022\/07\/Rairies-Article.jpg?fit=1080%2C1080&resize=350%2C200","width":350,"height":200},"classes":[]},{"id":27260,"url":"http:\/\/batimedianews.com\/live\/index.php\/2023\/03\/24\/la-societe-rairies-montrieux-presente-au-salon-bau-a-munich\/","url_meta":{"origin":33127,"position":5},"title":"La soci\u00e9t\u00e9  RAIRIES MONTRIEUX pr\u00e9sente au salon  BAU \u00e0 Munich","date":"24 mars 2023","format":false,"excerpt":"LA SOCI\u00c9T\u00c9 RAIRIES MONTRIEUX sera pr\u00e9sente au salon Bau \u00e0 Munich, qui se tiendra du 17 au 22 avril. BAU, le salon leader mondial de l\u2019architecture des mat\u00e9riaux et des syst\u00e8mes est l\u2019\u00e9v\u00e9nement le plus important du secteur. Unique au monde et tr\u00e8s appr\u00e9ci\u00e9 des professionnels du b\u00e2timent, il r\u00e9unit\u2026","rel":"","context":"Dans &quot;Actualit\u00e9 Entreprises&quot;","img":{"alt_text":"","src":"https:\/\/i0.wp.com\/batimedianews.com\/live\/wp-content\/uploads\/2023\/03\/Rairies-Montrieux-Article.jpg?fit=1080%2C1080&resize=350%2C200","width":350,"height":200},"classes":[]}],"_links":{"self":[{"href":"http:\/\/batimedianews.com\/live\/index.php\/wp-json\/wp\/v2\/posts\/33127"}],"collection":[{"href":"http:\/\/batimedianews.com\/live\/index.php\/wp-json\/wp\/v2\/posts"}],"about":[{"href":"http:\/\/batimedianews.com\/live\/index.php\/wp-json\/wp\/v2\/types\/post"}],"author":[{"embeddable":true,"href":"http:\/\/batimedianews.com\/live\/index.php\/wp-json\/wp\/v2\/users\/41"}],"replies":[{"embeddable":true,"href":"http:\/\/batimedianews.com\/live\/index.php\/wp-json\/wp\/v2\/comments?post=33127"}],"version-history":[{"count":3,"href":"http:\/\/batimedianews.com\/live\/index.php\/wp-json\/wp\/v2\/posts\/33127\/revisions"}],"predecessor-version":[{"id":33225,"href":"http:\/\/batimedianews.com\/live\/index.php\/wp-json\/wp\/v2\/posts\/33127\/revisions\/33225"}],"wp:featuredmedia":[{"embeddable":true,"href":"http:\/\/batimedianews.com\/live\/index.php\/wp-json\/wp\/v2\/media\/33135"}],"wp:attachment":[{"href":"http:\/\/batimedianews.com\/live\/index.php\/wp-json\/wp\/v2\/media?parent=33127"}],"wp:term":[{"taxonomy":"category","embeddable":true,"href":"http:\/\/batimedianews.com\/live\/index.php\/wp-json\/wp\/v2\/categories?post=33127"},{"taxonomy":"post_tag","embeddable":true,"href":"http:\/\/batimedianews.com\/live\/index.php\/wp-json\/wp\/v2\/tags?post=33127"}],"curies":[{"name":"wp","href":"https:\/\/api.w.org\/{rel}","templated":true}]}}