{"id":33417,"date":"2023-11-29T09:56:17","date_gmt":"2023-11-29T08:56:17","guid":{"rendered":"http:\/\/batimedianews.com\/live\/?p=33417"},"modified":"2024-06-04T14:07:03","modified_gmt":"2024-06-04T12:07:03","slug":"unite-va-lancer-la-construction-de-127-mwc-de-volieres-photovoltaiques","status":"publish","type":"post","link":"http:\/\/batimedianews.com\/live\/index.php\/2023\/11\/29\/unite-va-lancer-la-construction-de-127-mwc-de-volieres-photovoltaiques\/","title":{"rendered":"UNITe va lancer la construction de 127 MWc de voli\u00e8res photovolta\u00efques"},"content":{"rendered":"\n<figure class=\"wp-block-image size-large\"><img loading=\"lazy\" width=\"720\" height=\"530\" src=\"https:\/\/i0.wp.com\/batimedianews.com\/live\/wp-content\/uploads\/2023\/11\/image-238.png?resize=720%2C530\" alt=\"\" class=\"wp-image-33418\" srcset=\"https:\/\/i0.wp.com\/batimedianews.com\/live\/wp-content\/uploads\/2023\/11\/image-238.png?resize=1024%2C754 1024w, https:\/\/i0.wp.com\/batimedianews.com\/live\/wp-content\/uploads\/2023\/11\/image-238.png?resize=600%2C442 600w, https:\/\/i0.wp.com\/batimedianews.com\/live\/wp-content\/uploads\/2023\/11\/image-238.png?resize=768%2C566 768w, https:\/\/i0.wp.com\/batimedianews.com\/live\/wp-content\/uploads\/2023\/11\/image-238.png?resize=10%2C7 10w, https:\/\/i0.wp.com\/batimedianews.com\/live\/wp-content\/uploads\/2023\/11\/image-238.png?resize=432%2C318 432w, https:\/\/i0.wp.com\/batimedianews.com\/live\/wp-content\/uploads\/2023\/11\/image-238.png?resize=396%2C292 396w, https:\/\/i0.wp.com\/batimedianews.com\/live\/wp-content\/uploads\/2023\/11\/image-238.png?resize=1120%2C825 1120w, https:\/\/i0.wp.com\/batimedianews.com\/live\/wp-content\/uploads\/2023\/11\/image-238.png?resize=660%2C486 660w, https:\/\/i0.wp.com\/batimedianews.com\/live\/wp-content\/uploads\/2023\/11\/image-238.png?resize=299%2C220 299w, https:\/\/i0.wp.com\/batimedianews.com\/live\/wp-content\/uploads\/2023\/11\/image-238.png?w=1396 1396w\" sizes=\"(max-width: 600px) 91vw, (max-width: 900px) 600px, (max-width: 1060px) 50vw, (max-width: 1200px) 520px, (max-width: 1400px) 43vw, 600px\" data-recalc-dims=\"1\" \/><\/figure>\n\n\n\n<p>&nbsp;<strong>Lyon le 23 novembre 2023 \u2013 Depuis plus de 37 ans, UNITe d\u00e9veloppe, construit et exploite \u00e0 long terme des centrales hydro\u00e9lectriques, \u00e9oliennes et photovolta\u00efques. Dans le cadre de ses projets, UNITe r\u00e9pond de fa\u00e7on r\u00e9guli\u00e8re aux diff\u00e9rents appels d\u2019offres de la Commission de R\u00e9gulation de l\u2019Energie (CRE), ces derniers s\u2019inscrivant dans une politique dynamique visant \u00e0 acc\u00e9l\u00e9rer la production d\u2019ENR en France. UNITe a ainsi r\u00e9cemment remport\u00e9 10 projets photovolta\u00efques pour une puissance totale cumul\u00e9e de 127 MWc et pr\u00e9pare d\u00e9sormais les chantiers qui se d\u00e9rouleront en deux vagues : au printemps 2024 et en janvier 2025&nbsp;<\/strong><\/p>\n\n\n\n<p><strong>UNITe acc\u00e9l\u00e8re la construction de centrales photovolta\u00efques en France&nbsp;<\/strong><\/p>\n\n\n\n<p>Le dernier appel d\u2019offres de la CRE, qui appelait 800 MWc, portait sur la r\u00e9alisation et l\u2019exploitation d\u2019Installations de production d\u2019\u00e9lectricit\u00e9 \u00e0 partir de l\u2019\u00e9nergie solaire \u00ab Centrales sur b\u00e2timents, serres agricoles, hangars, notamment de type ombri\u00e8res \u00bb.&nbsp;<\/p>\n\n\n\n<div class=\"wp-block-media-text alignwide is-stacked-on-mobile\" style=\"grid-template-columns:25% auto\"><figure class=\"wp-block-media-text__media\"><img loading=\"lazy\" width=\"442\" height=\"366\" src=\"https:\/\/i0.wp.com\/batimedianews.com\/live\/wp-content\/uploads\/2023\/11\/image-239.png?resize=442%2C366\" alt=\"\" class=\"wp-image-33419 size-full\" srcset=\"https:\/\/i0.wp.com\/batimedianews.com\/live\/wp-content\/uploads\/2023\/11\/image-239.png?w=442 442w, https:\/\/i0.wp.com\/batimedianews.com\/live\/wp-content\/uploads\/2023\/11\/image-239.png?resize=10%2C8 10w, https:\/\/i0.wp.com\/batimedianews.com\/live\/wp-content\/uploads\/2023\/11\/image-239.png?resize=432%2C358 432w, https:\/\/i0.wp.com\/batimedianews.com\/live\/wp-content\/uploads\/2023\/11\/image-239.png?resize=396%2C328 396w, https:\/\/i0.wp.com\/batimedianews.com\/live\/wp-content\/uploads\/2023\/11\/image-239.png?resize=266%2C220 266w\" sizes=\"(max-width: 600px) 91vw, (max-width: 900px) 600px, (max-width: 1060px) 50vw, (max-width: 1200px) 520px, (max-width: 1400px) 43vw, 600px\" data-recalc-dims=\"1\" \/><\/figure><div class=\"wp-block-media-text__content\">\n<p class=\"has-normal-font-size\"><em>\u00ab Nous co-construisons chaque projet avec nos \u00e9leveurs partenaires, afin de les adapter aux contraintes sp\u00e9cifiques du site et de leur \u00e9levage. Cette notion de collaboration est pour nous primordiale, tout comme le fait d\u2019emporter l\u2019adh\u00e9sion de l\u2019ensemble des parties prenantes du projet : le fort soutien des \u00e9lus ainsi que les avis favorables donn\u00e9s par les CDPENAF prouve d\u2019ailleurs que notre approche est la bonne. Nous sommes particuli\u00e8rement de participer activement \u00e0 la volont\u00e9 fran\u00e7aise d\u2019acc\u00e9l\u00e9ration des \u00e9nergie renouvelables. \u00bb <\/em>d\u00e9clare <strong>Xavier Permingeat, Directeur d\u2019activit\u00e9 Photovolta\u00efque chez UNITe<\/strong>.&nbsp;<\/p>\n<\/div><\/div>\n\n\n\n<p><strong>Des projets qui concilient production d\u2019\u00e9nergie et production agricole&nbsp;<\/strong><\/p>\n\n\n\n<p>Ces projets consisteront \u00e0 construire des voli\u00e8res photovolta\u00efques adapt\u00e9es pour des \u00e9levages de volailles. L\u2019objectif est de produire de l\u2019\u00e9lectricit\u00e9 renouvelable tout en am\u00e9liorant le bien-\u00eatre animal par la cr\u00e9ation de zones ombrag\u00e9es tout en augmentant le volume de vol disponible pour les animaux. Pour ce faire, des structures et des filets emp\u00eachant l\u2019intrusion d\u2019oiseaux migrateurs susceptibles de transmettre des maladies \u00e0 l\u2019\u00e9levage, notamment la grippe aviaire, sont d\u00e9ploy\u00e9s.\u00a0<\/p>\n\n\n\n<p>Force est de constater que ce type d\u2019installation, qui marie activit\u00e9 d\u2019\u00e9levage et production d\u2019\u00e9lectricit\u00e9 renouvelable, donne une grande satisfaction aux agriculteurs et aux \u00e9lus locaux qui soutiennent fortement ces projets.&nbsp;<\/p>\n\n\n\n<p>Lorsque la CDPENAF (commissions de pr\u00e9servation des espaces naturels, agricoles et forestiers) dont la mission est de luter contre l\u2019artificialisation excessive des terres naturelles, agricoles et foresti\u00e8res, a \u00e9t\u00e9 consult\u00e9e, les installations d\u2019UNITe ont d\u2019ailleurs syst\u00e9matiquement re\u00e7u un avis favorable, actant ainsi le bien-fond\u00e9 de projets qui ne nuisent pas \u00e0 l\u2019activit\u00e9 agricole.&nbsp;<\/p>\n\n\n\n<p>Pour UNITe, l\u2019objectif est d\u00e9sormais de mettre en service les centrales au plus t\u00f4t : les premiers coups de pioche sont pr\u00e9vus au printemps 2024 pour quatre d\u2019entre eux.&nbsp;<\/p>\n\n\n\n<p><em>Dans le cadre de son d\u00e9veloppement soutenu, UNITe recrute des collaborateurs motiv\u00e9 par le d\u00e9veloppement de la production d\u2019une \u00e9lectricit\u00e9 locale, durable et comp\u00e9titive :&nbsp;<\/em><\/p>\n\n\n\n<figure class=\"wp-block-embed is-type-wp-embed is-provider-unite wp-block-embed-unite\"><div class=\"wp-block-embed__wrapper\">\n<blockquote class=\"wp-embedded-content\" data-secret=\"DBnAg0I4zr\"><a href=\"https:\/\/unit-e.fr\/carriere\/\">Carri\u00e8re<\/a><\/blockquote><iframe class=\"wp-embedded-content\" sandbox=\"allow-scripts\" security=\"restricted\" style=\"position: absolute; clip: rect(1px, 1px, 1px, 1px);\" title=\"\u00ab\u00a0Carri\u00e8re\u00a0\u00bb &#8212; UNITe\" src=\"https:\/\/unit-e.fr\/carriere\/embed\/#?secret=ruAPMp2L2p#?secret=DBnAg0I4zr\" data-secret=\"DBnAg0I4zr\" width=\"600\" height=\"338\" frameborder=\"0\" marginwidth=\"0\" marginheight=\"0\" scrolling=\"no\"><\/iframe>\n<\/div><\/figure>\n\n\n\n<div class=\"wp-block-group\"><div class=\"wp-block-group__inner-container\">\n<p class=\"has-small-font-size\"><strong><em>\u00c0 propos de UNITe&nbsp;<\/em><\/strong><\/p>\n\n\n\n<p class=\"has-small-font-size\"><em>Fond\u00e9 en 1985, le groupe UNITe \u2013 Hydrowatt d\u00e9veloppe, construit et exploite des centrales de production d\u2019\u00e9lectricit\u00e9 locale et durable : des centrales hydro\u00e9lectriques, des parcs \u00e9oliens et des installations photovolta\u00efques. Le groupe s\u2019att\u00e8le depuis plus de 35 ans \u00e0 unir besoin d\u2019\u00e9nergie et respect de l\u2019environnement, et s\u2019impose aujourd\u2019hui comme l\u2019un des principaux producteurs ind\u00e9pendants d\u2019\u00e9lectricit\u00e9 d\u00e9carbon\u00e9e, locale, durable et comp\u00e9titive en France, avec plus de 60 sites de production et 120 en d\u00e9veloppement, totalisant 1,6GW. Avec sa filiale GREEN-ACCESS, le groupe occupe \u00e9galement une position de leader sur la valorisation de l\u2019\u00e9nergie via notamment la vente de Garanties d\u2019Origine.&nbsp;<\/em><\/p>\n\n\n\n<p class=\"has-small-font-size\"><em>UNITe est un groupe ind\u00e9pendant, agile, financi\u00e8rement solide, ancr\u00e9 dans les territoires, avec des comp\u00e9tences reconnues dans le secteur des \u00e9nergies renouvelables. Dirig\u00e9 par Alexandre ALBANEL et St\u00e9phane MAUREAU, le groupe conduit aujourd\u2019hui une phase de croissance tr\u00e8s soutenue. Actuellement, en France, l\u2019entreprise loue de nombreux terrains, sur le tr\u00e8s long terme (35 ans et plus) pour y d\u00e9ployer des installations photovolta\u00efques au sol, souvent en synergie avec une activit\u00e9 agricole&#8230;&nbsp;<\/em><\/p>\n<\/div><\/div>\n","protected":false},"excerpt":{"rendered":"<p>&nbsp;Lyon le 23 novembre 2023 \u2013 Depuis plus de 37 ans, UNITe d\u00e9veloppe, construit et exploite \u00e0 long terme des centrales hydro\u00e9lectriques, \u00e9oliennes et photovolta\u00efques. Dans le cadre de ses projets, UNITe r\u00e9pond de fa\u00e7on r\u00e9guli\u00e8re aux diff\u00e9rents appels d\u2019offres de la Commission de R\u00e9gulation de l\u2019Energie (CRE), ces derniers s\u2019inscrivant dans une politique dynamique [&hellip;]<\/p>\n","protected":false},"author":41,"featured_media":33420,"comment_status":"open","ping_status":"open","sticky":false,"template":"","format":"standard","meta":{"spay_email":""},"categories":[4,39,2322],"tags":[],"jetpack_featured_media_url":"https:\/\/i1.wp.com\/batimedianews.com\/live\/wp-content\/uploads\/2023\/11\/Unite-Image-articles-.jpg?fit=1513%2C825","jetpack_sharing_enabled":true,"jetpack_likes_enabled":true,"jetpack-related-posts":[{"id":24394,"url":"http:\/\/batimedianews.com\/live\/index.php\/2022\/10\/26\/construction-dun-parc-photovoltaique-sur-une-ancienne-carriere\/","url_meta":{"origin":33417,"position":0},"title":"Construction d\u2019un parc photovolta\u00efque sur une ancienne carri\u00e8re","date":"26 octobre 2022","format":false,"excerpt":"\u00a0VSB \u00e9nergies nouvelles lance la construction de la centrale \u00ab Soleil de Balsac \u00bb\u00a0 N\u00eemes le 17 octobre 2022\u00a0 A l\u2019occasion de sa participation au salon SIM, \u00e0 Marseille du 19 au 21 octobre, VSB \u00e9nergies nouvelles, producteur ind\u00e9pendant d\u2019\u00e9lectricit\u00e9 \u00e0 partir d\u2019\u00e9nergies renouvelables, a annonc\u00e9 le lancement de la\u2026","rel":"","context":"Dans &quot;Actualit\u00e9 Entreprises&quot;","img":{"alt_text":"","src":"https:\/\/i0.wp.com\/batimedianews.com\/live\/wp-content\/uploads\/2022\/10\/VSB-Article.jpg?fit=1080%2C1080&resize=350%2C200","width":350,"height":200},"classes":[]},{"id":40875,"url":"http:\/\/batimedianews.com\/live\/index.php\/2024\/10\/28\/edf-enr-et-le-credit-agricole-concluent-un-partenariat-strategique-de-long-terme-pour-financer-a-grande-echelle-la-solarisation-des-sites-tertiaires-et-industriels\/","url_meta":{"origin":33417,"position":1},"title":"EDF ENR et le Cr\u00e9dit Agricole concluent un partenariat strat\u00e9gique de long terme pour financer \u00e0 grande \u00e9chelle la solarisation des sites tertiaires et industriels","date":"28 octobre 2024","format":false,"excerpt":"En coh\u00e9rence avec leur strat\u00e9gie de d\u00e9carbonation par le d\u00e9veloppement des \u00e9nergies renouvelables en France, EDF ENR et le Cr\u00e9dit Agricole s\u2019associent et cr\u00e9ent une plateforme de financement pour accompagner la transition \u00e9nerg\u00e9tique des professionnels (bureaux, entrep\u00f4ts commerces, parkings\u2026) .\u00a0 \u00a0La premi\u00e8re op\u00e9ration de ce partenariat concerne 18 centrales photovolta\u00efques\u2026","rel":"","context":"Dans &quot;Actualit\u00e9 Entreprises&quot;","img":{"alt_text":"","src":"https:\/\/i2.wp.com\/batimedianews.com\/live\/wp-content\/uploads\/2024\/10\/EDF-articles-.jpg?fit=825%2C825&resize=350%2C200","width":350,"height":200},"classes":[]},{"id":50114,"url":"http:\/\/batimedianews.com\/live\/index.php\/2026\/04\/07\/wienerberger-equipe-le-museum-aquarium-de-nancy-dune-centrale-photovoltaique-integree-de-36-kwc\/","url_meta":{"origin":33417,"position":2},"title":"wienerberger \u00e9quipe le Museum-Aquarium de Nancy d\u2019une centrale photovolta\u00efque int\u00e9gr\u00e9e de 36 kWc","date":"7 avril 2026","format":false,"excerpt":"Le Museum-Aquarium de Nancy, b\u00e2timent Art-D\u00e9co class\u00e9 au titre des monuments historiques, est d\u00e9sormais \u00e9quip\u00e9 d\u2019une centrale photovolta\u00efque int\u00e9gr\u00e9e en toiture. Ce projet de 36 kWc a \u00e9t\u00e9 r\u00e9alis\u00e9 avec les solutions photovolta\u00efques Terreal, marque du groupe wienerberger, et illustre l\u2019int\u00e9gration de syst\u00e8mes solaires sur un site patrimonial dans le\u2026","rel":"","context":"Dans &quot;Actualit\u00e9 Entreprises&quot;","img":{"alt_text":"","src":"https:\/\/i2.wp.com\/batimedianews.com\/live\/wp-content\/uploads\/2026\/04\/wienerberger.jpg?fit=825%2C825&resize=350%2C200","width":350,"height":200},"classes":[]},{"id":28807,"url":"http:\/\/batimedianews.com\/live\/index.php\/2023\/05\/22\/photovoltaique-multiplication-des-offres-techniques-et-financieres\/","url_meta":{"origin":33417,"position":3},"title":"Photovolta\u00efque : multiplication des offres techniques et financi\u00e8res","date":"22 mai 2023","format":false,"excerpt":"Gr\u00e2ce \u00e0 l\u2019augmentation rapide du co\u00fbt de l\u2019\u00e9lectricit\u00e9, m\u00eame en tenant compte du bouclier tarifaire, la production photovolta\u00efque sur site et l\u2019autoconsommation deviennent rentables. Pascal Poggi pour batim\u00e9dia Production sur site, financement des installations, \u00e9valuation du gisement, solutions de stockage d\u2019\u00e9lectricit\u00e9 en batteries, \u2026 toutes les briques d\u2019une installation photovolta\u00efque\u2026","rel":"","context":"Dans &quot;Articles et analyses&quot;","img":{"alt_text":"","src":"https:\/\/i0.wp.com\/batimedianews.com\/live\/wp-content\/uploads\/2023\/05\/photo-image-.png?fit=1200%2C1200&resize=350%2C200","width":350,"height":200},"classes":[]},{"id":37760,"url":"http:\/\/batimedianews.com\/live\/index.php\/2024\/05\/30\/en-espagne-un-parc-photovoltaique-mise-sur-agriculture-et-biodiversite-pour-alimenter-en-energie-renouvelable-le-groupe-velux\/","url_meta":{"origin":33417,"position":4},"title":"En Espagne, un parc photovolta\u00efque mise sur agriculture et biodiversit\u00e9 pour alimenter en \u00e9nergie renouvelable le groupe VELUX","date":"30 mai 2024","format":false,"excerpt":"Un grand parc solaire d\u00e9velopp\u00e9 pour le groupe VELUX afin de r\u00e9pondre \u00e0 ses besoins en \u00e9nergie renouvelable en Europe est d\u00e9sormais pleinement op\u00e9rationnel et connect\u00e9 au r\u00e9seau \u00e9lectrique local en Espagne. Le parc photovolta\u00efque (PV) de 54 MWc int\u00e8gre la production d'\u00e9lectricit\u00e9 renouvelable, l'agriculture et la biodiversit\u00e9. Il s'agit\u2026","rel":"","context":"Dans &quot;Actualit\u00e9 Entreprises&quot;","img":{"alt_text":"","src":"https:\/\/i2.wp.com\/batimedianews.com\/live\/wp-content\/uploads\/2024\/05\/Velux.jpg?fit=825%2C825&resize=350%2C200","width":350,"height":200},"classes":[]},{"id":38085,"url":"http:\/\/batimedianews.com\/live\/index.php\/2024\/06\/12\/mignieres-13-millions-deuros-pour-une-nouvelle-usine-spurgin-dediee-a-la-prefabrication-en-beton-de-bois\/","url_meta":{"origin":33417,"position":5},"title":"Migni\u00e8res : 13 millions d\u2019euros pour une nouvelle usine SPURGIN d\u00e9di\u00e9e \u00e0 la pr\u00e9fabrication en b\u00e9ton de bois","date":"12 juin 2024","format":false,"excerpt":"\u00a0Le site de Migni\u00e8res et ses deux usines dont l\u2019unit\u00e9 de production de b\u00e9ton de bois en constuction \u00e0 gauche\u00a0 \u00a0R\u00e9volutionnant les m\u00e9thodes constructives depuis sa cr\u00e9ation en 1978, SPURGIN s\u2019impose aujourd\u2019hui comme le leader fran\u00e7ais du Pr\u00e9mur avec notamment des gammes de Pr\u00e9murs bas carbone et bas carbone isol\u00e9s.\u00a0\u2026","rel":"","context":"Dans &quot;Actualit\u00e9 Entreprises&quot;","img":{"alt_text":"","src":"https:\/\/i2.wp.com\/batimedianews.com\/live\/wp-content\/uploads\/2024\/06\/Spurgin-articles-.jpg?fit=825%2C825&resize=350%2C200","width":350,"height":200},"classes":[]}],"_links":{"self":[{"href":"http:\/\/batimedianews.com\/live\/index.php\/wp-json\/wp\/v2\/posts\/33417"}],"collection":[{"href":"http:\/\/batimedianews.com\/live\/index.php\/wp-json\/wp\/v2\/posts"}],"about":[{"href":"http:\/\/batimedianews.com\/live\/index.php\/wp-json\/wp\/v2\/types\/post"}],"author":[{"embeddable":true,"href":"http:\/\/batimedianews.com\/live\/index.php\/wp-json\/wp\/v2\/users\/41"}],"replies":[{"embeddable":true,"href":"http:\/\/batimedianews.com\/live\/index.php\/wp-json\/wp\/v2\/comments?post=33417"}],"version-history":[{"count":2,"href":"http:\/\/batimedianews.com\/live\/index.php\/wp-json\/wp\/v2\/posts\/33417\/revisions"}],"predecessor-version":[{"id":33459,"href":"http:\/\/batimedianews.com\/live\/index.php\/wp-json\/wp\/v2\/posts\/33417\/revisions\/33459"}],"wp:featuredmedia":[{"embeddable":true,"href":"http:\/\/batimedianews.com\/live\/index.php\/wp-json\/wp\/v2\/media\/33420"}],"wp:attachment":[{"href":"http:\/\/batimedianews.com\/live\/index.php\/wp-json\/wp\/v2\/media?parent=33417"}],"wp:term":[{"taxonomy":"category","embeddable":true,"href":"http:\/\/batimedianews.com\/live\/index.php\/wp-json\/wp\/v2\/categories?post=33417"},{"taxonomy":"post_tag","embeddable":true,"href":"http:\/\/batimedianews.com\/live\/index.php\/wp-json\/wp\/v2\/tags?post=33417"}],"curies":[{"name":"wp","href":"https:\/\/api.w.org\/{rel}","templated":true}]}}