{"id":33558,"date":"2023-12-04T10:40:03","date_gmt":"2023-12-04T09:40:03","guid":{"rendered":"http:\/\/batimedianews.com\/live\/?p=33558"},"modified":"2024-06-04T14:10:26","modified_gmt":"2024-06-04T12:10:26","slug":"la-plaque-de-platre-siniat-donne-une-nouvelle-vie-aux-eaux-grises","status":"publish","type":"post","link":"http:\/\/batimedianews.com\/live\/index.php\/2023\/12\/04\/la-plaque-de-platre-siniat-donne-une-nouvelle-vie-aux-eaux-grises\/","title":{"rendered":"La plaque de pl\u00e2tre Siniat donne une nouvelle vie aux eaux grises"},"content":{"rendered":"\n<p class=\"has-sm-light-primary-color has-text-color has-background has-large-font-size\" style=\"background-color:#ba10c9\">&nbsp;Lumi\u00e8re sur Saint-Loub\u00e8s,&nbsp;le site de production pilote de Siniat&nbsp;<\/p>\n\n\n\n<p>La fabrication de plaques de pl\u00e2tre fait partie des proc\u00e9d\u00e9s industriels n\u00e9cessitant l\u2019utilisation d\u2019eau dans son proc\u00e9d\u00e9 de fabrication, mais qui n\u2019ont pas besoin d\u2019une eau de qualit\u00e9 potable. Le recyclage des eaux est ainsi devenu au fil des ann\u00e9es un axe majeur de r\u00e9flexion dans une r\u00e9gion fortement touch\u00e9e par la s\u00e9cheresse.<\/p>\n\n\n\n<p>L\u2019utilisation des eaux grises (eaux des stations d\u2019\u00e9puration) devient possible pour le site de Saint Loub\u00e8s et sera une r\u00e9alit\u00e9 d\u00e8s 2024 gr\u00e2ce \u00e0 une collaboration efficace entre un industriel et les parties prenantes locales !<\/p>\n\n\n\n<p class=\"has-text-color has-medium-font-size\" style=\"color:#9e5aa8\">RECYCLAGE DES EAUX SUR LE SITE DE SAINT\u2011LOUB\u00c8S :&nbsp;<strong>une r\u00e9duction de la consommation d\u2019eau potable exemplaire<\/strong><\/p>\n\n\n\n<p class=\"has-text-color has-medium-font-size\" style=\"color:#9e5aa8\">Saint\u2011Loub\u00e8s, une usine en action depuis 2011<\/p>\n\n\n\n<p>Siniat a initi\u00e9 d\u00e8s le d\u00e9but des ann\u00e9es 2010 une r\u00e9flexion de fond sur la r\u00e9duction de l\u2019utilisation de l\u2019eau potable dans son process industriel. Sur son site de Saint\u2011Loub\u00e8s, situ\u00e9 pr\u00e8s de Bordeaux en Gironde, Siniat a cr\u00e9\u00e9 en 2013 trois bassins pour collecter les eaux issues du process et les eaux pluviales sur la totalit\u00e9 des toitures et voieries. L\u2019utilisation d\u2019eau potable par l\u2019usine est ainsi pass\u00e9 de 140 000 m3\/an en 2011 \u00e0 85 000 m3\/an en 2018, soit une r\u00e9duction de plus de 60 %.&nbsp;<\/p>\n\n\n\n<p>Entre 2019 et 2021, l\u2019augmentation de la production a logiquement engendr\u00e9 un accroissement de la consommation d\u2019eau jusqu\u2019\u00e0 105 000 m3\/an, soit l\u2019\u00e9quivalent de 40 piscines olympiques. Face \u00e0 ces donn\u00e9es, Siniat s\u2019est lanc\u00e9 un d\u00e9fi : r\u00e9duire encore sa consommation d\u2019eau potable.<\/p>\n\n\n\n<p>S\u2019appuyant sur une \u00e9tude r\u00e9alis\u00e9e en 2020, l\u2019entreprise a d\u00e9cid\u00e9 d\u2019am\u00e9liorer la captation d\u2019eaux de pluie en investissant 150 000 euros. Ce projet soutenu par l\u2019agence de l\u2019eau Adour Garonne a permis d\u2019agrandir un bassin pour augmenter les capacit\u00e9s de stockage, de redimensionner les circuits de pompage permettant d\u2019alimenter l\u2019usine et de cr\u00e9er une r\u00e9serve incendie ind\u00e9pendante. Ce sont ainsi 20 000 m3\/an d\u2019eaux pluviales de plus capt\u00e9es sur le site d\u00e8s 2021.<\/p>\n\n\n\n<figure class=\"wp-block-image size-large\"><img loading=\"lazy\" width=\"720\" height=\"477\" src=\"https:\/\/i2.wp.com\/batimedianews.com\/live\/wp-content\/uploads\/2023\/12\/image-8.png?resize=720%2C477\" alt=\"\" class=\"wp-image-33559\" srcset=\"https:\/\/i2.wp.com\/batimedianews.com\/live\/wp-content\/uploads\/2023\/12\/image-8.png?w=734 734w, https:\/\/i2.wp.com\/batimedianews.com\/live\/wp-content\/uploads\/2023\/12\/image-8.png?resize=600%2C397 600w, https:\/\/i2.wp.com\/batimedianews.com\/live\/wp-content\/uploads\/2023\/12\/image-8.png?resize=10%2C7 10w, https:\/\/i2.wp.com\/batimedianews.com\/live\/wp-content\/uploads\/2023\/12\/image-8.png?resize=432%2C286 432w, https:\/\/i2.wp.com\/batimedianews.com\/live\/wp-content\/uploads\/2023\/12\/image-8.png?resize=396%2C262 396w, https:\/\/i2.wp.com\/batimedianews.com\/live\/wp-content\/uploads\/2023\/12\/image-8.png?resize=660%2C437 660w, https:\/\/i2.wp.com\/batimedianews.com\/live\/wp-content\/uploads\/2023\/12\/image-8.png?resize=332%2C220 332w\" sizes=\"(max-width: 600px) 91vw, (max-width: 900px) 600px, (max-width: 1060px) 50vw, (max-width: 1200px) 520px, (max-width: 1400px) 43vw, 600px\" data-recalc-dims=\"1\" \/><\/figure>\n\n\n\n<p class=\"has-text-color has-medium-font-size\" style=\"color:#9e5aa8\">Siniat, le 1<sup>er <\/sup>industriel de Gironde branch\u00e9 sur une station d\u2019\u00e9puration<\/p>\n\n\n\n<p>En 2022, dans un contexte de forte s\u00e9cheresse estivale affectant la captation d\u2019eau dans des bassins, Siniat a d\u00e9cid\u00e9 d\u2019aller encore plus loin. L\u2019entreprise a valid\u00e9 par une \u00e9tude la faisabilit\u00e9 technique et \u00e9conomique de la r\u00e9utilisation des eaux trait\u00e9es de la station d\u2019\u00e9puration de Saint\u2011Loub\u00e8s.&nbsp;<\/p>\n\n\n\n<p>Par arr\u00eat\u00e9 pr\u00e9fectoral en date du 31 juillet 2023, la pr\u00e9fecture de Gironde a autoris\u00e9 l\u2019alimentation de l\u2019usine de Saint\u2011Loub\u00e8s par les eaux trait\u00e9es de la station d\u2019\u00e9puration de la commune, <strong>une d\u00e9cision in\u00e9dite dans le d\u00e9partement qui fait de Siniat la premi\u00e8re entreprise locale \u00e0 utiliser cette m\u00e9thode pour r\u00e9duire sa consommation d\u2019eau et l\u2019un des rares industriels en France \u00e0 inclure dans son process l\u2019utilisation d\u2019eaux r\u00e9siduaires urbaines trait\u00e9es<\/strong>.<\/p>\n\n\n\n<div class=\"wp-block-media-text alignwide is-stacked-on-mobile\" style=\"grid-template-columns:19% auto\"><figure class=\"wp-block-media-text__media\"><img loading=\"lazy\" width=\"268\" height=\"306\" src=\"https:\/\/i2.wp.com\/batimedianews.com\/live\/wp-content\/uploads\/2023\/12\/image-9.png?resize=268%2C306\" alt=\"\" class=\"wp-image-33560 size-full\" srcset=\"https:\/\/i2.wp.com\/batimedianews.com\/live\/wp-content\/uploads\/2023\/12\/image-9.png?w=268 268w, https:\/\/i2.wp.com\/batimedianews.com\/live\/wp-content\/uploads\/2023\/12\/image-9.png?resize=10%2C10 10w, https:\/\/i2.wp.com\/batimedianews.com\/live\/wp-content\/uploads\/2023\/12\/image-9.png?resize=193%2C220 193w\" sizes=\"(max-width: 600px) 91vw, (max-width: 900px) 600px, (max-width: 1060px) 50vw, (max-width: 1200px) 520px, (max-width: 1400px) 43vw, 600px\" data-recalc-dims=\"1\" \/><\/figure><div class=\"wp-block-media-text__content\">\n<p class=\"has-text-color\" style=\"color:#9e5aa8\">\u00ab Dans un contexte de changement climatique o\u00f9 la ressource en eau potable est devenue un enjeu majeur dans notre r\u00e9gion, chaque industriel se doit de trouver des solutions pour limiter au maximum sa consommation. Chez Siniat, nous en avons pris conscience tr\u00e8s t\u00f4t et avons mis en place un vaste syst\u00e8me de captation et de recyclage des eaux de pluie.<\/p>\n\n\n\n<p class=\"has-text-color\" style=\"color:#9e5aa8\">Aujourd\u2019hui, le projet de r\u00e9utilisation des eaux trait\u00e9es de la station d\u2019\u00e9puration de Saint\u2011Loub\u00e8s constitue une \u00e9tape importante qui nous permettra \u00e0 terme d\u2019utiliser 75 % d\u2019eau recycl\u00e9e dans notre process.<\/p>\n\n\n\n<p class=\"has-text-color\" style=\"color:#9e5aa8\">Pr\u00e9server l\u2019environnement a \u00e9galement du sens \u00e9conomiquement car cela diminue les co\u00fbts en eau potable.\u00bb<\/p>\n\n\n\n<p><strong>Henri-Fran\u00e7ois Boyer<\/strong>, Directeur Qualit\u00e9 France Siniat et ancien Directeur P\u00f4le Industriel Sud-Ouest<\/p>\n<\/div><\/div>\n\n\n\n<figure class=\"wp-block-image size-large\"><img loading=\"lazy\" width=\"720\" height=\"846\" src=\"https:\/\/i2.wp.com\/batimedianews.com\/live\/wp-content\/uploads\/2023\/12\/image-10.png?resize=720%2C846\" alt=\"\" class=\"wp-image-33561\" srcset=\"https:\/\/i2.wp.com\/batimedianews.com\/live\/wp-content\/uploads\/2023\/12\/image-10.png?w=798 798w, https:\/\/i2.wp.com\/batimedianews.com\/live\/wp-content\/uploads\/2023\/12\/image-10.png?resize=510%2C600 510w, https:\/\/i2.wp.com\/batimedianews.com\/live\/wp-content\/uploads\/2023\/12\/image-10.png?resize=768%2C903 768w, https:\/\/i2.wp.com\/batimedianews.com\/live\/wp-content\/uploads\/2023\/12\/image-10.png?resize=432%2C508 432w, https:\/\/i2.wp.com\/batimedianews.com\/live\/wp-content\/uploads\/2023\/12\/image-10.png?resize=396%2C465 396w, https:\/\/i2.wp.com\/batimedianews.com\/live\/wp-content\/uploads\/2023\/12\/image-10.png?resize=660%2C776 660w, https:\/\/i2.wp.com\/batimedianews.com\/live\/wp-content\/uploads\/2023\/12\/image-10.png?resize=187%2C220 187w\" sizes=\"(max-width: 600px) 91vw, (max-width: 900px) 600px, (max-width: 1060px) 50vw, (max-width: 1200px) 520px, (max-width: 1400px) 43vw, 600px\" data-recalc-dims=\"1\" \/><\/figure>\n\n\n\n<p>Ce projet consiste \u00e0 effectuer des travaux de raccordement \u00e0 la station d\u2019\u00e9puration afin d\u2019alimenter les bassins de stockage de l\u2019usine en dehors des jours \u00e0 forte pluviom\u00e9trie o\u00f9 l\u2019eau sera orient\u00e9e vers la Dordogne, mais \u00e9galement \u00e0 cr\u00e9er une unit\u00e9 de filtration et de traitement anti bact\u00e9rien sur le site de Saint\u2011Loub\u00e8s. Ce chantier, d\u2019un co\u00fbt total de 700 000 \u20ac, permettra de r\u00e9duire la consommation d\u2019eau potable de 50 000 m3 par an.&nbsp;<\/p>\n\n\n\n<p><strong>Au total, le site de Saint\u2011Loub\u00e8s utilisera plus de 120 000 m<\/strong><strong>3<\/strong><strong>\/an d\u2019eaux recycl\u00e9es, soit l\u2019\u00e9quivalent de 45 piscines olympiques.&nbsp;<\/strong><\/p>\n\n\n\n<p>Leader responsable et durable de la construction s\u00e8che, Siniat m\u00e8ne une politique proactive afin de proposer des proc\u00e9d\u00e9s industriels et des mat\u00e9riaux de construction toujours plus respectueux de l\u2019environnement.&nbsp;<\/p>\n\n\n\n<p>Anim\u00e9e par la forte conviction d\u2019avoir un r\u00f4le \u00e0 jouer au coeur de la durabilit\u00e9, l\u2019entreprise innove depuis longtemps et en permanence pour am\u00e9liorer l\u2019ensemble de ses \u00e9quipements, installations et outils de production. L\u2019usine de Saint-Loub\u00e8s est un site pilote sur la gestion de l\u2019eau, et le premier site \u00e0 aller aussi loin dans le recyclage de l\u2019eau, avec comme objectif ambitieux de pouvoir dupliquer cette r\u00e9ussite sur les autres sites de l\u2019entreprise.&nbsp;<\/p>\n\n\n\n<div class=\"wp-block-media-text alignwide is-stacked-on-mobile\" style=\"grid-template-columns:38% auto\"><figure class=\"wp-block-media-text__media\"><img loading=\"lazy\" width=\"720\" height=\"367\" src=\"https:\/\/i0.wp.com\/batimedianews.com\/live\/wp-content\/uploads\/2023\/12\/image-11.png?resize=720%2C367\" alt=\"\" class=\"wp-image-33562 size-full\" srcset=\"https:\/\/i0.wp.com\/batimedianews.com\/live\/wp-content\/uploads\/2023\/12\/image-11.png?w=770 770w, https:\/\/i0.wp.com\/batimedianews.com\/live\/wp-content\/uploads\/2023\/12\/image-11.png?resize=600%2C305 600w, https:\/\/i0.wp.com\/batimedianews.com\/live\/wp-content\/uploads\/2023\/12\/image-11.png?resize=768%2C391 768w, https:\/\/i0.wp.com\/batimedianews.com\/live\/wp-content\/uploads\/2023\/12\/image-11.png?resize=10%2C5 10w, https:\/\/i0.wp.com\/batimedianews.com\/live\/wp-content\/uploads\/2023\/12\/image-11.png?resize=432%2C220 432w, https:\/\/i0.wp.com\/batimedianews.com\/live\/wp-content\/uploads\/2023\/12\/image-11.png?resize=396%2C202 396w, https:\/\/i0.wp.com\/batimedianews.com\/live\/wp-content\/uploads\/2023\/12\/image-11.png?resize=660%2C336 660w\" sizes=\"(max-width: 600px) 91vw, (max-width: 900px) 600px, (max-width: 1060px) 50vw, (max-width: 1200px) 520px, (max-width: 1400px) 43vw, 600px\" data-recalc-dims=\"1\" \/><\/figure><div class=\"wp-block-media-text__content\">\n<p class=\"has-text-color has-normal-font-size\" style=\"color:#9e5aa8\"><strong>Vendredi 29 septembre 2023<\/strong>, Fr\u00e9d\u00e9ric Dupic, pr\u00e9sident de la Communaut\u00e9 de communes des Rives de la Laurence, Pierre Cotsas premier vice-pr\u00e9sident en charge de l\u2019assainissement, et Emmanuelle Favre, vice-pr\u00e9sidente et maire de Saint\u2011Loub\u00e8s, ont sign\u00e9 une convention avec la soci\u00e9t\u00e9 Siniat pour la r\u00e9utilisation des eaux trait\u00e9es de la station d\u2019\u00e9puration de Saint\u2011Loub\u00e8s.<\/p>\n<\/div><\/div>\n\n\n\n<div class=\"wp-block-group has-sm-light-primary-color has-text-color has-background\" style=\"background-color:#ba04b7\"><div class=\"wp-block-group__inner-container\">\n<p class=\"has-medium-font-size\">L\u2019eau dans la production de plaques de pl\u00e2tre \u00e0 Saint\u2011Loub\u00e8s&nbsp;<\/p>\n\n\n\n<p>EN QUELQUES CHIFFRES&nbsp;<\/p>\n\n\n\n<p class=\"has-sm-light-primary-background-color has-text-color has-background\" style=\"color:#9100a3\">2011-2013&nbsp;<\/p>\n\n\n\n<p>140 000 m3\/an d\u2019eau potable utilis\u00e9e&nbsp;<\/p>\n\n\n\n<p>-2013 : cr\u00e9ation de 4 bassins de recyclage des eaux pluviales. Stockage : trois bassins d\u2019une capacit\u00e9 totale de 3100 m3.&nbsp;<\/p>\n\n\n\n<p class=\"has-sm-light-primary-background-color has-text-color has-background\" style=\"color:#8c00a3\">2014-2018&nbsp;<\/p>\n\n\n\n<p>85 000 m3\/an d\u2019eau potable utilis\u00e9e&nbsp;<\/p>\n\n\n\n<p><strong>+ 45 000 m<\/strong><strong>3<\/strong><strong>\/an d\u2019eau de pluie capt\u00e9e = une r\u00e9duction de 60 % de la consommation d\u2019eau potable.&nbsp;<\/strong><\/p>\n\n\n\n<p class=\"has-sm-light-primary-background-color has-text-color has-background\" style=\"color:#9100a3\">2019-2020&nbsp;<\/p>\n\n\n\n<p>160 000 m3\/an d\u2019eau*, dont : -120 000 m3\/an d\u2019eau potable utilis\u00e9e -40 000 m3\/an d\u2019eau de pluie capt\u00e9e&nbsp;<\/p>\n\n\n\n<p>Augmentation de la production.&nbsp;<\/p>\n\n\n\n<p>*160 000 m<sup>3<\/sup>\/an = 60 piscines olympiques = 1 200 foyers moyens&nbsp;<\/p>\n\n\n\n<p class=\"has-sm-light-primary-background-color has-text-color has-background\" style=\"color:#8c00a3\">2021&nbsp;<\/p>\n\n\n\n<p>150 000 euros d\u2019investissements pour agrandir le bassin du captage des eaux pluviales&nbsp;<\/p>\n\n\n\n<p><strong>= 20 000 m<\/strong><strong>3<\/strong><strong>\/an suppl\u00e9mentaires.&nbsp;<\/strong><\/p>\n\n\n\n<p class=\"has-sm-light-primary-background-color has-text-color has-background\" style=\"color:#9100a3\">2022&nbsp;<\/p>\n\n\n\n<p><strong>\u00c9tude et validation de la r\u00e9utilisation des eaux us\u00e9es trait\u00e9es de la station d\u2019\u00e9puration de Saint\u2011Loub\u00e8s.&nbsp;<\/strong><\/p>\n\n\n\n<p class=\"has-sm-light-primary-background-color has-text-color has-background\" style=\"color:#9500a3\">2023&nbsp;<\/p>\n\n\n\n<p>-6 juillet : validation \u00e0 l\u2019unanimit\u00e9 par le CODERST (Conseil d\u00e9partemental de l\u2019environnement et des risques sanitaires et technologiques) de la Gironde de la demande d\u2019autorisation pour la r\u00e9utilisation des eaux us\u00e9es trait\u00e9es de la station d\u2019\u00e9puration de Saint\u2011Loub\u00e8s.&nbsp;<\/p>\n\n\n\n<p>-29 septembre : signature de la convention, pour la r\u00e9utilisation des eaux trait\u00e9es de la station d\u2019\u00e9puration de Saint\u2011Loub\u00e8s, entre Siniat, la ville de Saint\u2011Loub\u00e8s et la communaut\u00e9 de communes Les Rives de la Laurence.&nbsp;<\/p>\n\n\n\n<p class=\"has-sm-light-primary-background-color has-text-color has-background\" style=\"color:#9500a3\">2024&nbsp;<\/p>\n\n\n\n<p><strong>700 000 \u20ac <\/strong>d\u2019investissements pour travaux de raccordement \u00e0 la station d\u2019\u00e9puration et cr\u00e9ation d\u2019une unit\u00e9 de filtration et de traitement anti bact\u00e9rien.&nbsp;<\/p>\n\n\n\n<p><strong>= 50 000 m<\/strong><strong>3<\/strong><strong>\/an d\u2019eaux recycl\u00e9es suppl\u00e9mentaires&nbsp;<\/strong><\/p>\n\n\n\n<p><strong>= 75 % des besoins en eau de l\u2019usine seront couverts par l\u2019eau recycl\u00e9e, soit l\u2019\u00e9quivalent de 45 piscines olympiques.&nbsp;<\/strong><\/p>\n<\/div><\/div>\n\n\n\n<div class=\"wp-block-group has-sm-light-primary-color has-text-color has-background\" style=\"background-color:#a31cb5\"><div class=\"wp-block-group__inner-container\">\n<p><strong>L\u2019usine de Saint<\/strong>&#8211;<strong>Loub\u00e8s EN QUELQUES CHIFFRES&nbsp;<\/strong><\/p>\n\n\n\n<p>-Terrain : <strong>14 ha <\/strong>dont 40 000 m2 couverts&nbsp;<\/p>\n\n\n\n<p>-Effectif : <strong>100 personnes&nbsp;<\/strong><\/p>\n\n\n\n<p>-Fonctionnement : en <strong>5&#215;8, 7 j\/7&nbsp;<\/strong><\/p>\n\n\n\n<p>-Capacit\u00e9 maximale : <strong>30 millions de m<\/strong><strong>2 <\/strong>de plaques de pl\u00e2tre&nbsp;<\/p>\n\n\n\n<p>-Chargement journalier : <strong>60 camions&nbsp;<\/strong><\/p>\n\n\n\n<p>&#8211;<strong>Production <\/strong>de plaques de pl\u00e2tre standards et techniques (Pare-Flamme et Solid\u2019Roc) et transformation de plaques (Doublage, Twin et cloisons alv\u00e9olaires)<\/p>\n<\/div><\/div>\n","protected":false},"excerpt":{"rendered":"<p>&nbsp;Lumi\u00e8re sur Saint-Loub\u00e8s,&nbsp;le site de production pilote de Siniat&nbsp; La fabrication de plaques de pl\u00e2tre fait partie des proc\u00e9d\u00e9s industriels n\u00e9cessitant l\u2019utilisation d\u2019eau dans son proc\u00e9d\u00e9 de fabrication, mais qui n\u2019ont pas besoin d\u2019une eau de qualit\u00e9 potable. Le recyclage des eaux est ainsi devenu au fil des ann\u00e9es un axe majeur de r\u00e9flexion dans [&hellip;]<\/p>\n","protected":false},"author":41,"featured_media":33563,"comment_status":"open","ping_status":"open","sticky":false,"template":"","format":"standard","meta":{"spay_email":""},"categories":[4,97,98,109],"tags":[2448],"jetpack_featured_media_url":"https:\/\/i0.wp.com\/batimedianews.com\/live\/wp-content\/uploads\/2023\/12\/Siniat-Image-articles-.jpg?fit=1513%2C825","jetpack_sharing_enabled":true,"jetpack_likes_enabled":true,"jetpack-related-posts":[{"id":41408,"url":"http:\/\/batimedianews.com\/live\/index.php\/2024\/11\/12\/une-demarche-innovante-la-reutilisation-des-eaux-usees-traitees-sur-le-site-de-saint-loubes\/","url_meta":{"origin":33558,"position":0},"title":"Une d\u00e9marche innovante : la r\u00e9utilisation des eaux us\u00e9es trait\u00e9es sur le site de Saint Loub\u00e8s","date":"12 novembre 2024","format":false,"excerpt":"Siniat re\u00e7oit le Troph\u00e9e Usine RSE de l\u2019ann\u00e9e Pour sa 30\u00e8me \u00e9dition, les Troph\u00e9es des usines ont r\u00e9compens\u00e9 Siniat pour le projet de r\u00e9utilisation des eaux trait\u00e9es \u00e0 St Loub\u00e8s. Le 6 novembre dernier, lors des Assises de l\u2019Industrie, Siniat a re\u00e7u le troph\u00e9e de l\u2019usine RSE de l\u2019ann\u00e9e. Cette\u2026","rel":"","context":"Dans &quot;Actualit\u00e9 Entreprises&quot;","img":{"alt_text":"","src":"https:\/\/i1.wp.com\/batimedianews.com\/live\/wp-content\/uploads\/2024\/11\/Siniat.jpg?fit=825%2C825&resize=350%2C200","width":350,"height":200},"classes":[]},{"id":23765,"url":"http:\/\/batimedianews.com\/live\/index.php\/2022\/09\/29\/le-stand-siniat-sera-entierement-concu-en-plaque-de-platre-et-recycle-a-la-fin-du-salon\/","url_meta":{"origin":33558,"position":1},"title":"Le stand SINIAT sera enti\u00e8rement con\u00e7u en plaque de pl\u00e2tre et recycl\u00e9\u2002\u00e0 la fin du salon !","date":"29 septembre 2022","format":false,"excerpt":"Le leader technique de la plaque de pl\u00e2tre s\u2019engage \u00e0 r\u00e9utiliser et \u00e0 recycler 100% des \u00e9l\u00e9ments en plaque de pl\u00e2tre de son stand Batimat. De la conception \u00e0 la d\u00e9construction, tout a \u00e9t\u00e9 pens\u00e9 dans les moindres d\u00e9tails pour un impact environnemental le plus faible possible. Une prouesse en\u2026","rel":"","context":"Dans &quot;Actualit\u00e9 Entreprises&quot;","img":{"alt_text":"","src":"https:\/\/i0.wp.com\/batimedianews.com\/live\/wp-content\/uploads\/2022\/09\/Siniat-Article-1.jpg?fit=1080%2C1080&resize=350%2C200","width":350,"height":200},"classes":[]},{"id":44433,"url":"http:\/\/batimedianews.com\/live\/index.php\/2025\/04\/14\/siniat-annonce-le-developpement-de-la-premiere-plaque-de-platre-francaise-100-recyclee\/","url_meta":{"origin":33558,"position":2},"title":"Siniat annonce le d\u00e9veloppement de la premi\u00e8re plaque de pl\u00e2tre fran\u00e7aise 100% recycl\u00e9e","date":"14 avril 2025","format":false,"excerpt":"Une prouesse technologique sign\u00e9e Siniat V\u00e9ritable pionnier dans le d\u00e9veloppement de produits l\u00e9gers et durables, Etex via sa marque phare Siniat a con\u00e7u une plaque de pl\u00e2tre standard compos\u00e9e \u00e0 100% de gypse recycl\u00e9, issu des d\u00e9chets de chantiers (appel\u00e9s aussi post-consumer) poss\u00e9dant les m\u00eames performances qu\u2019une plaque de pl\u00e2tre\u2026","rel":"","context":"Dans &quot;Actualit\u00e9 Entreprises&quot;","img":{"alt_text":"","src":"https:\/\/i0.wp.com\/batimedianews.com\/live\/wp-content\/uploads\/2025\/04\/Siniat.jpg?fit=825%2C825&resize=350%2C200","width":350,"height":200},"classes":[]},{"id":29611,"url":"http:\/\/batimedianews.com\/live\/index.php\/2023\/06\/27\/accompagner-les-futurs-plaquistes-et-prescripteurs-pour-relever-les-defis-de-demain\/","url_meta":{"origin":33558,"position":3},"title":"Accompagner les futurs plaquistes et prescripteurs pour relever les d\u00e9fis de demain","date":"27 juin 2023","format":false,"excerpt":"Siniat accompagne les prochaines g\u00e9n\u00e9rations de professionnels du pl\u00e2tre.\u00a0 En tant que leader technique durable et responsable de la plaque de pl\u00e2tre en France, Siniat s\u2019est donn\u00e9 pour mission de tout mettre en oeuvre pour soutenir et accompagner les nouvelles g\u00e9n\u00e9rations dans l\u2019apprentissage de leur prochain m\u00e9tier.\u00a0 Former les jeunes,\u2026","rel":"","context":"Dans &quot;Actualit\u00e9 Entreprises&quot;","img":{"alt_text":"","src":"https:\/\/i0.wp.com\/batimedianews.com\/live\/wp-content\/uploads\/2023\/06\/Siniat-Article.jpg?fit=1080%2C1080&resize=350%2C200","width":350,"height":200},"classes":[]},{"id":31404,"url":"http:\/\/batimedianews.com\/live\/index.php\/2023\/09\/15\/les-arches-du-passage-carnot-a-pau-une-prouesse-technique-signee-siniat-design\/","url_meta":{"origin":33558,"position":4},"title":"Les Arches du Passage Carnot \u00e0 Pau, une prouesse technique sign\u00e9e Siniat Design\u00ae","date":"15 septembre 2023","format":false,"excerpt":"Depuis plus de 20 ans, Siniat Design\u00ae con\u00e7oit et fabrique en France des \u00e9l\u00e9ments sur-mesure pr\u00eats \u00e0 poser en plaques de pl\u00e2tre standards ou techniques. Quels que soient les volumes ou les formes imagin\u00e9es, Siniat Design\u00ae conjugue cr\u00e9ativit\u00e9 et haute qualit\u00e9 pour cr\u00e9er des solutions adapt\u00e9es aux demandes les plus\u2026","rel":"","context":"Dans &quot;Chantiers&quot;","img":{"alt_text":"","src":"https:\/\/i2.wp.com\/batimedianews.com\/live\/wp-content\/uploads\/2023\/09\/Siniat-articles.jpg?fit=825%2C825&resize=350%2C200","width":350,"height":200},"classes":[]},{"id":12469,"url":"http:\/\/batimedianews.com\/live\/index.php\/2021\/10\/06\/placo-sengage-dans-la-transformation-environnementale-du-batiment-presentation-dune-feuille-de-route-ambitieuse\/","url_meta":{"origin":33558,"position":5},"title":"PLACO\u00ae S\u2019ENGAGE DANS LA TRANSFORMATION ENVIRONNEMENTALE DU B\u00c2TIMENT : PR\u00c9SENTATION D\u2019UNE FEUILLE DE ROUTE AMBITIEUSE","date":"6 octobre 2021","format":false,"excerpt":"Cr\u00e9dit photo Satarek \u00c0 propos de PLACO\u00ae\u00a0 Placo\u00ae est le leader fran\u00e7ais du confort int\u00e9rieur, engag\u00e9 dans le d\u00e9veloppement de solutions r\u00e9pondant aux enjeux de l\u2019habitat durable. Depuis sa cr\u00e9ation en 1946, l\u2019entreprise s\u2019affirme comme le partenaire de r\u00e9f\u00e9rence des acteurs du b\u00e2timent, gr\u00e2ce \u00e0 la qualit\u00e9 de ses produits\u2026","rel":"","context":"Dans &quot;Actualit\u00e9 Entreprises&quot;","img":{"alt_text":"","src":"https:\/\/i1.wp.com\/batimedianews.com\/live\/wp-content\/uploads\/2021\/10\/Placo-Article.jpg?fit=512%2C512&resize=350%2C200","width":350,"height":200},"classes":[]}],"_links":{"self":[{"href":"http:\/\/batimedianews.com\/live\/index.php\/wp-json\/wp\/v2\/posts\/33558"}],"collection":[{"href":"http:\/\/batimedianews.com\/live\/index.php\/wp-json\/wp\/v2\/posts"}],"about":[{"href":"http:\/\/batimedianews.com\/live\/index.php\/wp-json\/wp\/v2\/types\/post"}],"author":[{"embeddable":true,"href":"http:\/\/batimedianews.com\/live\/index.php\/wp-json\/wp\/v2\/users\/41"}],"replies":[{"embeddable":true,"href":"http:\/\/batimedianews.com\/live\/index.php\/wp-json\/wp\/v2\/comments?post=33558"}],"version-history":[{"count":2,"href":"http:\/\/batimedianews.com\/live\/index.php\/wp-json\/wp\/v2\/posts\/33558\/revisions"}],"predecessor-version":[{"id":33591,"href":"http:\/\/batimedianews.com\/live\/index.php\/wp-json\/wp\/v2\/posts\/33558\/revisions\/33591"}],"wp:featuredmedia":[{"embeddable":true,"href":"http:\/\/batimedianews.com\/live\/index.php\/wp-json\/wp\/v2\/media\/33563"}],"wp:attachment":[{"href":"http:\/\/batimedianews.com\/live\/index.php\/wp-json\/wp\/v2\/media?parent=33558"}],"wp:term":[{"taxonomy":"category","embeddable":true,"href":"http:\/\/batimedianews.com\/live\/index.php\/wp-json\/wp\/v2\/categories?post=33558"},{"taxonomy":"post_tag","embeddable":true,"href":"http:\/\/batimedianews.com\/live\/index.php\/wp-json\/wp\/v2\/tags?post=33558"}],"curies":[{"name":"wp","href":"https:\/\/api.w.org\/{rel}","templated":true}]}}