{"id":33809,"date":"2023-12-11T14:40:10","date_gmt":"2023-12-11T13:40:10","guid":{"rendered":"https:\/\/batimedianews.com\/live\/?p=33809"},"modified":"2024-06-04T14:10:04","modified_gmt":"2024-06-04T12:10:04","slug":"kote-pro-un-nouveau-programme-digital-dedie-et-pense-pour-les-artisans-et-le-meilleur-de-la-renovation","status":"publish","type":"post","link":"http:\/\/batimedianews.com\/live\/index.php\/2023\/12\/11\/kote-pro-un-nouveau-programme-digital-dedie-et-pense-pour-les-artisans-et-le-meilleur-de-la-renovation\/","title":{"rendered":"K\u00d4T\u00c9 PRO : UN NOUVEAU PROGRAMME DIGITAL D\u00c9DI\u00c9 ET PENS\u00c9 POUR LES ARTISANS ET LE MEILLEUR DE LA R\u00c9NOVATION"},"content":{"rendered":"\n<figure class=\"wp-block-image size-large\"><img loading=\"lazy\" width=\"604\" height=\"268\" src=\"https:\/\/i2.wp.com\/batimedianews.com\/live\/wp-content\/uploads\/2023\/12\/15-KNAUF-BILAN2023-Logo-Kote-Pro-1.jpg?resize=604%2C268\" alt=\"\" class=\"wp-image-33553\" srcset=\"https:\/\/i2.wp.com\/batimedianews.com\/live\/wp-content\/uploads\/2023\/12\/15-KNAUF-BILAN2023-Logo-Kote-Pro-1.jpg?w=604 604w, https:\/\/i2.wp.com\/batimedianews.com\/live\/wp-content\/uploads\/2023\/12\/15-KNAUF-BILAN2023-Logo-Kote-Pro-1.jpg?resize=600%2C266 600w, https:\/\/i2.wp.com\/batimedianews.com\/live\/wp-content\/uploads\/2023\/12\/15-KNAUF-BILAN2023-Logo-Kote-Pro-1.jpg?resize=10%2C4 10w, https:\/\/i2.wp.com\/batimedianews.com\/live\/wp-content\/uploads\/2023\/12\/15-KNAUF-BILAN2023-Logo-Kote-Pro-1.jpg?resize=432%2C192 432w, https:\/\/i2.wp.com\/batimedianews.com\/live\/wp-content\/uploads\/2023\/12\/15-KNAUF-BILAN2023-Logo-Kote-Pro-1.jpg?resize=396%2C176 396w, https:\/\/i2.wp.com\/batimedianews.com\/live\/wp-content\/uploads\/2023\/12\/15-KNAUF-BILAN2023-Logo-Kote-Pro-1.jpg?resize=496%2C220 496w\" sizes=\"(max-width: 600px) 91vw, (max-width: 900px) 600px, (max-width: 1060px) 50vw, (max-width: 1200px) 520px, (max-width: 1400px) 43vw, 600px\" data-recalc-dims=\"1\" \/><\/figure>\n\n\n\n<p>Nouvelle initiative sign\u00e9e Knauf et totalement d\u00e9volue aux <strong>artisans : K\u00f4t\u00e9 Pro<\/strong>, un programme digital visant \u00e0 valoriser leur travail en r\u00e9novation, avec une mise en lumi\u00e8re de leurs expertises et qui leur apporte des solutions concr\u00e8tes dans leurs pr\u00e9occupations du quotidien, tant techniques qu\u2019humaines.\u00a0<\/p>\n\n\n\n<p>Ce programme se veut une <strong>plate-forme pour partager, avec les artisans, le meilleur de la r\u00e9novation.&nbsp;<\/strong><\/p>\n\n\n\n<p>K\u00f4t\u00e9 Pro, c\u2019est un programme \u00e0 360\u00b0, original, non d\u00e9nu\u00e9 d\u2019une pointe d\u2019humour, allant des conseils techniques \u00e0 la disponibilit\u00e9 de produits adapt\u00e9s \u00e0 leurs besoins, en passant par du management (gestion, comptabilit\u00e9, relation client, r\u00e9seaux sociaux), mais aussi du bien-\u00eatre (bien manger, bien bouger, rester en forme pour affronter les chantiers). K\u00f4t\u00e9 Pro propose \u00e9galement une mise en lumi\u00e8re de r\u00e9alisations chantiers ainsi qu\u2019un aspect culturel (architecture, tendances d\u00e9co).&nbsp;<\/p>\n\n\n\n<p><strong>Au-del\u00e0 de la mise en avant des artisans dans leur propre quotidien, K\u00f4t\u00e9 Pro emm\u00e8ne aussi dans les coulisses de la vraie vie sur les chantiers, \u00e0 la d\u00e9couverte de parcours inspirants et de carri\u00e8res qui font vibrer.&nbsp;<\/strong><\/p>\n\n\n\n<p>S\u00e9rieux, mais d\u00e9contract\u00e9, ce programme repose sur un <strong>espace d\u00e9di\u00e9 au sein du site knauf.fr <\/strong>et se double par la <strong>pr\u00e9sence active sur le tout nouveau compte Instagram Knauf d\u00e9volu \u00e0 K\u00f4t\u00e9 Pro<\/strong>, avec des posts r\u00e9guliers et d\u2019une grande diversit\u00e9 de contenus (techniques, forme sant\u00e9, fun, cuisine, service, \u2026).&nbsp;<\/p>\n\n\n\n<p>En plus d\u2019actualit\u00e9s en exclusivit\u00e9, sont mis \u00e0 disposition un blog, des newsletters, soutenus par des partenariats avec des artisans influenceurs\u2026&nbsp;<\/p>\n\n\n\n<p>Pour Fanny Meyer, Responsable Marketing Clients et pilote de K\u00f4t\u00e9 Pro : \u00ab Il s\u2019agit d\u2019un compagnon multi-casquettes. Avec K\u00f4t\u00e9 Pro, Knauf devient un v\u00e9ritable partenaire du quotidien pour les artisans, qu\u2019ils soient v\u00e9t\u00e9rans de la r\u00e9novation ou d\u00e9butants passionn\u00e9s. \u00bb<\/p>\n\n\n\n<figure class=\"wp-block-image\"><img src=\"https:\/\/i2.wp.com\/batimedianews.com\/live\/wp-content\/uploads\/2023\/12\/16-KNAUF-BILAN2023-kote-pro.jpg?resize=720%2C405\" alt=\"\" data-recalc-dims=\"1\"\/><\/figure>\n\n\n\n<figure class=\"wp-block-image\"><img src=\"https:\/\/i0.wp.com\/batimedianews.com\/live\/wp-content\/uploads\/2023\/12\/17-KNAUF-BILAN2023-kote-pro.jpg?w=720\" alt=\"\" data-recalc-dims=\"1\"\/><\/figure>\n\n\n\n<p><\/p>\n","protected":false},"excerpt":{"rendered":"<p>Nouvelle initiative sign\u00e9e Knauf et totalement d\u00e9volue aux artisans : K\u00f4t\u00e9 Pro, un programme digital visant \u00e0 valoriser leur travail en r\u00e9novation, avec une mise en lumi\u00e8re de leurs expertises et qui leur apporte des solutions concr\u00e8tes dans leurs pr\u00e9occupations du quotidien, tant techniques qu\u2019humaines.\u00a0 Ce programme se veut une plate-forme pour partager, avec les [&hellip;]<\/p>\n","protected":false},"author":1,"featured_media":33811,"comment_status":"open","ping_status":"open","sticky":false,"template":"","format":"standard","meta":{"spay_email":""},"categories":[108],"tags":[],"jetpack_featured_media_url":"https:\/\/i1.wp.com\/batimedianews.com\/live\/wp-content\/uploads\/2023\/12\/Kotepro-image--scaled.jpeg?fit=2560%2C1280","jetpack_sharing_enabled":true,"jetpack_likes_enabled":true,"jetpack-related-posts":[{"id":26520,"url":"http:\/\/batimedianews.com\/live\/index.php\/2023\/03\/02\/aides-financieres-a-la-renovation-energetique-difficultes-freins-solutions-le-programme-oscar-donne-la-parole-aux-artisans\/","url_meta":{"origin":33809,"position":0},"title":"Aides financi\u00e8res \u00e0 la r\u00e9novation \u00e9nerg\u00e9tique : Difficult\u00e9s, freins, solutions : le programme OSCAR donne la parole aux artisans","date":"2 mars 2023","format":false,"excerpt":"\u00a0OSCAR, programme d\u2019optimisation et de simplification des CEE pour les artisans et professionnels de la r\u00e9novation, pr\u00e9sente son rapport1 : \u00ab Simplification des CEE et Ma Prime R\u00e9nov\u2019 : la parole aux artisans et entreprises \u00bb.\u00a0 Issu de son Atelier Artisans organis\u00e9 en d\u00e9cembre dernier, ce rapport pr\u00e9sente les retours\u2026","rel":"","context":"Dans &quot;Actualit\u00e9 Entreprises&quot;","img":{"alt_text":"","src":"https:\/\/i0.wp.com\/batimedianews.com\/live\/wp-content\/uploads\/2023\/02\/Oscar-Article.jpg?fit=1080%2C1080&resize=350%2C200","width":350,"height":200},"classes":[]},{"id":37457,"url":"http:\/\/batimedianews.com\/live\/index.php\/2024\/05\/28\/la-renovation-energetique-en-tournee-avec-point-p\/","url_meta":{"origin":33809,"position":1},"title":"La r\u00e9novation \u00e9nerg\u00e9tique en tourn\u00e9e avec POINT.P","date":"28 mai 2024","format":false,"excerpt":"Habitu\u00e9 des roadshows, POINT.P repart sur les routes en ce mois de mai. L'Enseigne abordera une nouvelle fois l'un des sujets de pr\u00e9dilection : la r\u00e9novation \u00e9nerg\u00e9tique. Apr\u00e8s les outils et services en r\u00e9novation \u00e9nerg\u00e9tique de POINT.P en 2023, la lumi\u00e8re se porte \u00e0 pr\u00e9sent sur les produits et solutions\u2026","rel":"","context":"Dans &quot;Actualit\u00e9 Entreprises&quot;","img":{"alt_text":"","src":"https:\/\/i2.wp.com\/batimedianews.com\/live\/wp-content\/uploads\/2024\/05\/PointP-articles-.jpg?fit=825%2C825&resize=350%2C200","width":350,"height":200},"classes":[]},{"id":16020,"url":"http:\/\/batimedianews.com\/live\/index.php\/2022\/02\/14\/renovation-energetique-profeel-dresse-le-bilan-final-de-ses-3-annees-de-programme-et-edite-une-collection-importante-de-ressources-innovantes\/","url_meta":{"origin":33809,"position":2},"title":"R\u00e9novation \u00e9nerg\u00e9tique : PROFEEL dresse le bilan final de ses 3 ann\u00e9es de programme et \u00e9dite une collection importante de ressources innovantes","date":"14 f\u00e9vrier 2022","format":false,"excerpt":"Apr\u00e8s 3 ann\u00e9es de mobilisation de toute la fili\u00e8re b\u00e2timent, le programme PROFEEL pr\u00e9sente le bilan des 9 projets men\u00e9s collectivement en faveur de la r\u00e9novation \u00e9nerg\u00e9tique. Toute une collection d\u2019outils et de ressources est d\u00e9sormais disponible gratuitement pour accompagner les professionnels dans leurs pratiques quotidiennes et \u00e0 toutes les\u2026","rel":"","context":"Dans &quot;accompagnement&quot;","img":{"alt_text":"","src":"https:\/\/i1.wp.com\/batimedianews.com\/live\/wp-content\/uploads\/2022\/02\/Profile-Article.jpg?fit=512%2C512&resize=350%2C200","width":350,"height":200},"classes":[]},{"id":25007,"url":"http:\/\/batimedianews.com\/live\/index.php\/2022\/11\/28\/renovation-energetique-des-batiments-vm-forme-ses-premiers-referents-daide-a-la-renovation\/","url_meta":{"origin":33809,"position":3},"title":"R\u00e9novation \u00e9nerg\u00e9tique des b\u00e2timents : VM forme ses premiers r\u00e9f\u00e9rents d&rsquo;aide \u00e0 la r\u00e9novation","date":"28 novembre 2022","format":false,"excerpt":"En mati\u00e8re de r\u00e9novation \u00e9nerg\u00e9tique, le constat \u00e9tabli par la Cour des Comptes d\u00e9montre la complexit\u00e9 de la gestion administrative et r\u00e8glementaire pour les artisans. Le gouvernement a lanc\u00e9, en f\u00e9vrier 2022, le programme OSCAR* (Optimisation et Simplification des CEE pour les Artisans de la R\u00e9novation) afin d\u2019accompagner et former\u2026","rel":"","context":"Dans &quot;Actualit\u00e9 Entreprises&quot;","img":{"alt_text":"","src":"https:\/\/i2.wp.com\/batimedianews.com\/live\/wp-content\/uploads\/2022\/11\/VM-Article.jpg?fit=1080%2C1080&resize=350%2C200","width":350,"height":200},"classes":[]},{"id":10268,"url":"http:\/\/batimedianews.com\/live\/index.php\/2021\/06\/08\/plan-de-relance-isover-et-placo-accompagnent-les-professionnels-dans-la-croissance-de-leur-activite-avec-la-boite-a-outils-100-reno-avec-6-nouveaux-outils\/","url_meta":{"origin":33809,"position":4},"title":"Plan de relance, ISOVER et Placo\u00ae accompagnent les professionnels dans la croissance de leur activit\u00e9 avec la \u201cBo\u00eete \u00e0 outils 100 % R\u00e9no\u201d avec 6 nouveaux outils","date":"8 juin 2021","format":false,"excerpt":"Les mesures financi\u00e8res pr\u00e9vues par le Plan de Relance visent un d\u00e9veloppement rapide des chantiers de r\u00e9novation \u00e9nerg\u00e9tique, cadre dans lequel s\u2019inscrivent ISOVER et Placo\u00ae. Pour accompagner les artisans, ISOVER, expert fran\u00e7ais de l\u2019isolation et Placo\u00ae ont cr\u00e9\u00e9 des outils permettant d\u2019informer, soutenir et accompagner les professionnels. ISOVER et Placo\u00ae\u2026","rel":"","context":"Dans &quot;Actualit\u00e9 Entreprises&quot;","img":{"alt_text":"","src":"https:\/\/i1.wp.com\/batimedianews.com\/live\/wp-content\/uploads\/2021\/06\/Isover-Article.jpg?fit=512%2C512&resize=350%2C200","width":350,"height":200},"classes":[]},{"id":6762,"url":"http:\/\/batimedianews.com\/live\/index.php\/2020\/11\/23\/point-p-acteur-cle-de-la-reussite-de-la-renovation-energetique-en-france\/","url_meta":{"origin":33809,"position":5},"title":"POINT.P, ACTEUR CL\u00c9 DE LA R\u00c9USSITE DE LA R\u00c9NOVATION \u00c9NERG\u00c9TIQUE EN FRANCE","date":"23 novembre 2020","format":false,"excerpt":"POINT.P s\u2019engage depuis de nombreuses ann\u00e9es aupr\u00e8s des professionnels du b\u00e2timent pour les aider \u00e0 monter en comp\u00e9tences et \u00e0 r\u00e9pondre aux diff\u00e9rents enjeux du secteur. Qu\u2019ils soient r\u00e9glementaires ou qu\u2019ils correspondent \u00e0 de nouveaux usages, ces derniers ne cessent d\u2019\u00e9voluer. Parmi eux, la r\u00e9novation \u00e9nerg\u00e9tique est au coeur des\u2026","rel":"","context":"Dans &quot;Actualit\u00e9 Entreprises&quot;","img":{"alt_text":"","src":"https:\/\/i0.wp.com\/batimedianews.com\/live\/wp-content\/uploads\/2020\/11\/image-120.png?fit=942%2C340&resize=350%2C200","width":350,"height":200},"classes":[]}],"_links":{"self":[{"href":"http:\/\/batimedianews.com\/live\/index.php\/wp-json\/wp\/v2\/posts\/33809"}],"collection":[{"href":"http:\/\/batimedianews.com\/live\/index.php\/wp-json\/wp\/v2\/posts"}],"about":[{"href":"http:\/\/batimedianews.com\/live\/index.php\/wp-json\/wp\/v2\/types\/post"}],"author":[{"embeddable":true,"href":"http:\/\/batimedianews.com\/live\/index.php\/wp-json\/wp\/v2\/users\/1"}],"replies":[{"embeddable":true,"href":"http:\/\/batimedianews.com\/live\/index.php\/wp-json\/wp\/v2\/comments?post=33809"}],"version-history":[{"count":1,"href":"http:\/\/batimedianews.com\/live\/index.php\/wp-json\/wp\/v2\/posts\/33809\/revisions"}],"predecessor-version":[{"id":33812,"href":"http:\/\/batimedianews.com\/live\/index.php\/wp-json\/wp\/v2\/posts\/33809\/revisions\/33812"}],"wp:featuredmedia":[{"embeddable":true,"href":"http:\/\/batimedianews.com\/live\/index.php\/wp-json\/wp\/v2\/media\/33811"}],"wp:attachment":[{"href":"http:\/\/batimedianews.com\/live\/index.php\/wp-json\/wp\/v2\/media?parent=33809"}],"wp:term":[{"taxonomy":"category","embeddable":true,"href":"http:\/\/batimedianews.com\/live\/index.php\/wp-json\/wp\/v2\/categories?post=33809"},{"taxonomy":"post_tag","embeddable":true,"href":"http:\/\/batimedianews.com\/live\/index.php\/wp-json\/wp\/v2\/tags?post=33809"}],"curies":[{"name":"wp","href":"https:\/\/api.w.org\/{rel}","templated":true}]}}