{"id":33845,"date":"2023-12-14T10:57:24","date_gmt":"2023-12-14T09:57:24","guid":{"rendered":"http:\/\/batimedianews.com\/live\/?p=33845"},"modified":"2024-06-04T14:09:31","modified_gmt":"2024-06-04T12:09:31","slug":"solutions-technal-sur-mesure-et-durables-pour-la-rehabilitation-architecturale-et-energetique-de-lensam-34","status":"publish","type":"post","link":"http:\/\/batimedianews.com\/live\/index.php\/2023\/12\/14\/solutions-technal-sur-mesure-et-durables-pour-la-rehabilitation-architecturale-et-energetique-de-lensam-34\/","title":{"rendered":"Solutions TECHNAL sur-mesure et durables pour la r\u00e9habilitation architecturale et \u00e9nerg\u00e9tique de L\u2019ENSAM (34)"},"content":{"rendered":"\n<p>L\u2019\u00c9cole Nationale Sup\u00e9rieure d\u2019Architecture de Montpellier (ENSAM) est abrit\u00e9e dans un \u00e9difice atypique. Le b\u00e2timent central, datant de 1978*, se distingue par son enveloppe associant des murs en b\u00e9ton matric\u00e9 bouchard\u00e9 \u00e0 de grandes surfaces vitr\u00e9es coiff\u00e9es de voutains en b\u00e9ton. Ne r\u00e9pondant plus aux exigences thermiques actuelles et tr\u00e8s \u00e9nergivore, l\u2019ENSAM s\u2019est saisie du programme France Relance pour financer les travaux dans le cadre de la r\u00e9novation \u00e9nerg\u00e9tique des b\u00e2timents publics. La direction de l\u2019\u00e9cole et la ma\u00eetrise d\u2019ouvrage d\u00e9l\u00e9gu\u00e9e SEM ARAC OCCITANIE ont mont\u00e9 le dossier avec un enjeu de taille, celui de la mise en place d\u2019un chantier en site occup\u00e9 pr\u00e9servant la qualit\u00e9 architecturale du b\u00e2timent dans le respect du calendrier serr\u00e9 des travaux induit par l\u2019appel \u00e0 projet. Apr\u00e8s un concours conception\/r\u00e9alisation, le groupement, compos\u00e9 de l\u2019entreprise g\u00e9n\u00e9rale et mandataire EGM (Entreprise G\u00e9n\u00e9rale M\u00e9ridionale), de l\u2019agence MAIGNIAL architectes &amp; associ\u00e9s et des bureaux d\u2019\u00e9tudes Betso, Terrel et Ambiente, a \u00e9t\u00e9 d\u00e9sign\u00e9 laur\u00e9at. Beno\u00eet MAIGNIAL, architecte lui-m\u00eame dipl\u00f4m\u00e9 de l\u2019ENSAM, a imagin\u00e9 une <strong>r\u00e9habilitation mariant une double probl\u00e9matique <\/strong>:&nbsp;<\/p>\n\n\n\n<ul><li><strong>la r\u00e9novation \u00e9nerg\u00e9tique** afin de r\u00e9aliser 60 % d\u2019\u00e9conomies d\u2019\u00e9nergies pour l\u2019ensemble de l\u2019\u00e9cole d\u2019une surface totale de 7 200 m\u00b2<\/strong>. Un gain important atteint gr\u00e2ce une r\u00e9flexion technique globale port\u00e9e uniquement sur le b\u00e2timent central d\u2019une superficie d\u2019environ 5 000 m\u00b2. Un suivi des consommations est contr\u00f4l\u00e9 scrupuleusement durant deux ans par le groupement via notamment un syst\u00e8me de GTB,&nbsp;<\/li><li><strong>la r\u00e9novation architecturale pour magnifier ce patrimoine des ann\u00e9es 1970 labelis\u00e9 \u00ab Architecture Contemporaine Remarquable \u00bb, qui distingue les r\u00e9alisations du XX\u00e8me si\u00e8cle.&nbsp;<\/strong><\/li><\/ul>\n\n\n\n<p class=\"has-text-align-center has-sm-dark-primary-color has-text-color\"><em>\u00ab Nous souhaitions retrouver l\u2019essence du projet initial dilu\u00e9 par les interventions successives au fil des ann\u00e9es comme la pr\u00e9sence en fa\u00e7ade d\u2019une quarantaine de climatiseurs. Notre intervention&nbsp;a cherch\u00e9 \u00e0 concilier les objectifs de sobri\u00e9t\u00e9 \u00e9nerg\u00e9tique avec l&rsquo;histoire du site. Apporter une touche de modernit\u00e9 \u00e0 ces fa\u00e7ades et r\u00e9affirmer leur identit\u00e9, notamment \u00e0 travers le traitement plus actuel des meneaux entre les voutains. Nous avons collabor\u00e9 \u00e9troitement avec les Architectes des B\u00e2timents de France et le Minist\u00e8re de la Culture pour respecter la qualit\u00e9 architecturale historique du lieu. Cette r\u00e9novation est un judicieux \u00e9quilibre entre patrimoine, \u00e9conomies d\u2019\u00e9nergies, innovations, \u00e9co-responsabilit\u00e9, humain, savoir-faire d\u2019entreprises fran\u00e7aises et locales\u2026 Elle r\u00e9pond aux exigences actuelles et anticipe celles de demain pour s\u2019inscrire durablement dans le temps. Elle a d\u2019ailleurs \u00e9t\u00e9 r\u00e9compens\u00e9e cette fin d\u2019ann\u00e9e par le Prix \u00ab R\u00e9HAB XX \u00bb dans le cadre du Palmar\u00e8s des r\u00e9habilitations exemplaires de l\u2019architecture de la seconde moiti\u00e9 du XX\u00e8me si\u00e8cle (cat\u00e9gorie Enseignement Sup\u00e9rieur) organis\u00e9 par le Minist\u00e8re de la Culture. \u00bb <\/em>explique Beno\u00eet MAIGNIAL.&nbsp;<\/p>\n\n\n\n<p>Les murs-rideaux et menuiseries ont \u00e9t\u00e9 d\u00e9pos\u00e9s et remplac\u00e9s par des <strong>solutions TECHNAL performantes <\/strong>(Uw = 1,36 soit 1,4 W\/m\u00b2.K) : <strong>1 100 m\u00b2 de murs-rideaux GEODE, 20 portes et 30 fen\u00eatres SOLEAL 65, 2 portes \u00e0 usage intensif TITANE 65 et 120 ouvrants de ventilation FLAP 65, soit au total 20 tonnes d\u2019aluminium<\/strong>. La trame des \u00e9pines \u00e9tait donn\u00e9e par l\u2019environnement. L\u2019\u00e9quipe Ing\u00e9nierie Service TECHNAL a travaill\u00e9 sur le d\u00e9veloppement de solutions sp\u00e9cifiques pour r\u00e9pondre au cahier des charges technique et esth\u00e9tique de la fa\u00e7ade. Elle a con\u00e7u :&nbsp;<\/p>\n\n\n\n<ul><li><strong>un capot au design industriel<\/strong>. Sa forme en U (85 x 52 mm) accentue les \u00e9pines des murs-rideaux. Ses lignes verticales marqu\u00e9es contrastent avec celles horizontales habill\u00e9es d\u2019un capot extra-plat de 3,5 mm d\u2019\u00e9paisseur,&nbsp;<\/li><li><strong>des ouvrants de ventilation FLAP 65 de 11 cm de largeur libre qui favorisent l\u2019a\u00e9ration naturelle<\/strong> et participent ainsi \u00e0 <strong>r\u00e9duire les factures \u00e9nerg\u00e9tiques<\/strong> de l\u2019\u00e9cole particuli\u00e8rement \u00e0 l\u2019arriv\u00e9e des beaux jours,&nbsp;<\/li><li><strong>des dormants dont la c\u00f4te de largeur vue est adapt\u00e9e \u00e0 la dimension des ouvrants de ventilation FLAP 65 et \u00e0 un entraxe d\u2019\u00e9pine de 25 cm afin de respecter la fonction garde-corps<\/strong>, obligatoire pour cet ERP.&nbsp;<\/li><\/ul>\n\n\n\n<p>En <strong>aluminium recycl\u00e9 post-consommation Hydro CIRCAL\u00ae 75R<\/strong>, les murs-rideaux et menuiseries TECHNAL contribuent \u00e9galement \u00e0 <strong>r\u00e9duire l\u2019impact carbone de l\u2019ENSAM<\/strong>. Ce mat\u00e9riau garantit une <strong>empreinte d\u2019environ 2 kg de CO2e\/kg d\u2019aluminium<\/strong>. Cela repr\u00e9sente 84 % de moins que la moyenne mondiale pour l\u2019extraction primaire.&nbsp;<\/p>\n\n\n\n<p>Suite \u00e0 la consultation men\u00e9e par l\u2019entreprise EGM, LORILLARD B\u00c2TIMENT s\u2019est vu confier la r\u00e9alisation de la mise en oeuvre des murs-rideaux et menuiseries TECHNAL entre juillet 2022 et juillet 2023. Le site \u00e9tant occup\u00e9, les <strong>travaux ont \u00e9t\u00e9 organis\u00e9s en trois phases pour que les cours puissent \u00eatre maintenus sur place au maximum<\/strong>. Le b\u00e2timent a \u00e9t\u00e9 livr\u00e9 fin juillet 2023 apr\u00e8s 18 mois d\u2019\u00e9tudes et de chantier, permettant aux \u00e9tudiants et au personnel de d\u00e9buter une nouvelle ann\u00e9e scolaire en toute s\u00e9r\u00e9nit\u00e9 et dans un environnement au confort optimal.&nbsp;<\/p>\n\n\n\n<p class=\"has-small-font-size\"><em>* Imagin\u00e9 par les architectes Edouard Gallix, Michel Rueg, Luc Doumenc et Jean Leccia. Une extension a \u00e9t\u00e9 construite en 2002, elle encercle le premier b\u00e2timent.&nbsp;<\/em><\/p>\n\n\n\n<p class=\"has-small-font-size\"><em>** La r\u00e9habilitation a \u00e9galement port\u00e9 sur le ravalement de la fa\u00e7ade, l&rsquo;isolation des planchers et de la toiture sur laquelle une \u00e9tanch\u00e9it\u00e9 a \u00e9t\u00e9 refaite et environ 3 800 panneaux photovolta\u00efques ont \u00e9t\u00e9 install\u00e9s pour assurer l\u2019autoconsommation de l\u2019\u00e9cole. Tous les r\u00e9seaux ont \u00e9galement \u00e9t\u00e9 remplac\u00e9s.&nbsp;<\/em><\/p>\n\n\n\n<p class=\"has-sm-dark-primary-color has-text-color\">\/ EFFACEMENT DES FRONTI\u00c8RES DEDANS\/DEHORS&nbsp;<\/p>\n\n\n\n<p>R\u00e9affirmer l\u2019identit\u00e9 du b\u00e2timent originel, o\u00f9 le b\u00e9ton est omnipr\u00e9sent, \u00e9tait l\u2019un des points essentiels de l\u2019agence d\u2019architecture. Elle s\u2019est attach\u00e9e \u00e0 redonner de la visibilit\u00e9 \u00e0 ce mat\u00e9riau, notamment par le choix de <strong>murs-rideaux GEODE toute hauteur et sans all\u00e8ge a contrario du b\u00e2timent initial<\/strong>. Depuis l\u2019ext\u00e9rieur, cette fa\u00e7ade tout de verre v\u00eatue laisse <strong>d\u00e9sormais entrevoir les poutres en b\u00e9ton de la structure<\/strong>, offrant une lecture nouvelle de l\u2019int\u00e9rieur. La vie effervescente de l\u2019\u00e9cole est \u00e9galement palpable avec une transversalit\u00e9 des espaces renforc\u00e9e. Leurs <strong>profil\u00e9s en aluminium plus marqu\u00e9s sur les parties verticales et effac\u00e9s sur les horizontales accentuent la silhouette \u00e9lanc\u00e9e de l\u2019enveloppe<\/strong>.&nbsp;<\/p>\n\n\n\n<p>Depuis l\u2019int\u00e9rieur, ces grands murs-rideaux cr\u00e9ent une communion entre le dedans et le dehors. Ils offrent de <strong>multiples vues sur le paysage<\/strong> propices \u00e0 la cr\u00e9ation des \u00e9tudiants et \u00e0 leur confort visuel. Les terres h\u00e9raultaises depuis la m\u00e9diath\u00e8que, le patio v\u00e9g\u00e9talis\u00e9 ou les jardins de l\u2019\u00e9cole depuis le rez-de-chauss\u00e9e\u2026<\/p>\n\n\n\n<figure class=\"wp-block-image size-large\"><img loading=\"lazy\" width=\"720\" height=\"454\" src=\"https:\/\/i2.wp.com\/batimedianews.com\/live\/wp-content\/uploads\/2023\/12\/image-63.png?resize=720%2C454\" alt=\"\" class=\"wp-image-33846\" srcset=\"https:\/\/i2.wp.com\/batimedianews.com\/live\/wp-content\/uploads\/2023\/12\/image-63.png?resize=1024%2C646 1024w, https:\/\/i2.wp.com\/batimedianews.com\/live\/wp-content\/uploads\/2023\/12\/image-63.png?resize=600%2C379 600w, https:\/\/i2.wp.com\/batimedianews.com\/live\/wp-content\/uploads\/2023\/12\/image-63.png?resize=768%2C485 768w, https:\/\/i2.wp.com\/batimedianews.com\/live\/wp-content\/uploads\/2023\/12\/image-63.png?resize=1536%2C969 1536w, https:\/\/i2.wp.com\/batimedianews.com\/live\/wp-content\/uploads\/2023\/12\/image-63.png?resize=10%2C6 10w, https:\/\/i2.wp.com\/batimedianews.com\/live\/wp-content\/uploads\/2023\/12\/image-63.png?resize=432%2C273 432w, https:\/\/i2.wp.com\/batimedianews.com\/live\/wp-content\/uploads\/2023\/12\/image-63.png?resize=396%2C250 396w, https:\/\/i2.wp.com\/batimedianews.com\/live\/wp-content\/uploads\/2023\/12\/image-63.png?resize=1120%2C707 1120w, https:\/\/i2.wp.com\/batimedianews.com\/live\/wp-content\/uploads\/2023\/12\/image-63.png?resize=660%2C417 660w, https:\/\/i2.wp.com\/batimedianews.com\/live\/wp-content\/uploads\/2023\/12\/image-63.png?resize=349%2C220 349w, https:\/\/i2.wp.com\/batimedianews.com\/live\/wp-content\/uploads\/2023\/12\/image-63.png?w=1594 1594w, https:\/\/i2.wp.com\/batimedianews.com\/live\/wp-content\/uploads\/2023\/12\/image-63.png?w=1440 1440w\" sizes=\"(max-width: 600px) 91vw, (max-width: 900px) 600px, (max-width: 1060px) 50vw, (max-width: 1200px) 520px, (max-width: 1400px) 43vw, 600px\" data-recalc-dims=\"1\" \/><figcaption>Cr\u00e9dit photo TECHNAL \u2013 photographe 11h45 &#8211; Agence MAIGNIAL architectes &amp; associ\u00e9s&nbsp;<\/figcaption><\/figure>\n\n\n\n<p class=\"has-sm-dark-primary-color has-text-color\">&nbsp;\/ CONFORT HIVERNAL ET ESTIVAL RENFORC\u00c9&nbsp;<\/p>\n\n\n\n<p>Les masses d\u2019aluminium r\u00e9duites (52 mm) des murs-rideaux <strong>maximisent l\u2019\u00e9clairage naturel et les apports gratuits de chaleur du soleil<\/strong>. Ce design \u00e9pur\u00e9, alli\u00e9 \u00e0 la performance thermique optimale de GEODE (Uw = 1,4 W\/m\u00b2.K), participe \u00e0 la r\u00e9duction des factures \u00e9nerg\u00e9tiques. L\u2019hiver, les salles de classe, la m\u00e9diath\u00e8que, les espaces ateliers\u2026 sont baign\u00e9s de lumi\u00e8re. Le recours \u00e0 l\u2019\u00e9clairage artificiel et au chauffage est limit\u00e9.&nbsp;<\/p>\n\n\n\n<p>Toujours dans cette volont\u00e9 de sobri\u00e9t\u00e9 \u00e9nerg\u00e9tique, l\u2019agence MAIGNIAL architectes &amp; associ\u00e9s a supprim\u00e9 tout le syst\u00e8me de climatisation existant. Il a \u00e9t\u00e9 remplac\u00e9 par des <strong>ouvrants de ventilation FLAP 65 con\u00e7us par TECHNAL et des brasseurs d\u2019air, qui garantissent le confort estival des \u00e9tudiants et du personnel \u00e0 moindre co\u00fbt<\/strong>. L\u2019ensemble est install\u00e9 dans les meneaux entre les \u00e9pines des murs-rideaux. Ces espaces interstitiels dissimulent \u00e9galement tous les r\u00e9seaux. Le b\u00e2timent \u00e9tant traversant, les ouvrants de ventilation cr\u00e9ent des mouvements d\u2019air g\u00e9n\u00e9reux. D\u2019une <strong>largeur de 11 cm<\/strong> et habill\u00e9s de ventelles, ils peuvent assurer la <strong>ventilation nocturne tout en prot\u00e9geant contre les \u00e9ventuelles effractions<\/strong>. Pour filtrer les rayons solaires sans d\u00e9naturer l\u2019aspect architectural, les fa\u00e7ades les plus expos\u00e9es \u00e0 l\u2019Ouest et \u00e0 l\u2019Est sont \u00e9quip\u00e9es de double vitrage int\u00e9grant directement des brise-soleil aux lames fixes et miniaturis\u00e9es (Immoblade).&nbsp;<\/p>\n\n\n\n<p class=\"has-sm-dark-primary-color has-text-color\">\/ UNE TEINTE \u00ab BRUN GRIS \u00bb FINEMENT TEXTUR\u00c9E&nbsp;<\/p>\n\n\n\n<p>La couleur ATOME de \u00ab La S\u00e9lection \u00bb TECHNAL (RAL 8019 Brun Gris) est un \u00e9l\u00e9ment cl\u00e9 de ce chantier. Elle a \u00e9t\u00e9 pr\u00e9conis\u00e9e par l\u2019Architecte des B\u00e2timents de France (ABF). Pour les profil\u00e9s en aluminium, TECHNAL a apport\u00e9 en compl\u00e9ment une <strong>fine texture qui cr\u00e9e des nuances au fil de la journ\u00e9e selon l\u2019exposition du soleil et la m\u00e9t\u00e9o<\/strong>. Au premier abord, cette teinte chaude et chaleureuse est en totale confrontation avec le b\u00e9ton de l\u2019enveloppe. Mais par les jeux de r\u00e9flexion de la lumi\u00e8re, elle fait finalement r\u00e9sonnance avec ce mat\u00e9riau brut, tout comme avec la v\u00e9g\u00e9tation aux alentours.&nbsp;<\/p>\n\n\n\n<p>Cette tonalit\u00e9 \u00ab Brun Gris \u00bb respecte la sobri\u00e9t\u00e9 de l\u2019ouvrage. Elle est d\u00e9clin\u00e9e sur le vitrage \u00e9maill\u00e9 des murs-rideaux et les habillages des encoffrements qui dissimulent les radiateurs \u00e0 l\u2019int\u00e9rieur. Tel un miroir, ce verre \u00e9maill\u00e9 donne de la profondeur au b\u00e2timent. Il recr\u00e9e des perspectives nouvelles comme si les fa\u00e7ades prenaient vie.&nbsp;<\/p>\n\n\n\n<figure class=\"wp-block-image size-large\"><img loading=\"lazy\" width=\"720\" height=\"642\" src=\"https:\/\/i0.wp.com\/batimedianews.com\/live\/wp-content\/uploads\/2023\/12\/image-64.png?resize=720%2C642\" alt=\"\" class=\"wp-image-33847\" srcset=\"https:\/\/i0.wp.com\/batimedianews.com\/live\/wp-content\/uploads\/2023\/12\/image-64.png?resize=1024%2C913 1024w, https:\/\/i0.wp.com\/batimedianews.com\/live\/wp-content\/uploads\/2023\/12\/image-64.png?resize=600%2C535 600w, https:\/\/i0.wp.com\/batimedianews.com\/live\/wp-content\/uploads\/2023\/12\/image-64.png?resize=768%2C685 768w, https:\/\/i0.wp.com\/batimedianews.com\/live\/wp-content\/uploads\/2023\/12\/image-64.png?resize=10%2C10 10w, https:\/\/i0.wp.com\/batimedianews.com\/live\/wp-content\/uploads\/2023\/12\/image-64.png?resize=432%2C385 432w, https:\/\/i0.wp.com\/batimedianews.com\/live\/wp-content\/uploads\/2023\/12\/image-64.png?resize=396%2C353 396w, https:\/\/i0.wp.com\/batimedianews.com\/live\/wp-content\/uploads\/2023\/12\/image-64.png?resize=1120%2C999 1120w, https:\/\/i0.wp.com\/batimedianews.com\/live\/wp-content\/uploads\/2023\/12\/image-64.png?resize=660%2C589 660w, https:\/\/i0.wp.com\/batimedianews.com\/live\/wp-content\/uploads\/2023\/12\/image-64.png?resize=247%2C220 247w, https:\/\/i0.wp.com\/batimedianews.com\/live\/wp-content\/uploads\/2023\/12\/image-64.png?w=1166 1166w\" sizes=\"(max-width: 600px) 91vw, (max-width: 900px) 600px, (max-width: 1060px) 50vw, (max-width: 1200px) 520px, (max-width: 1400px) 43vw, 600px\" data-recalc-dims=\"1\" \/><figcaption>Cr\u00e9dit photo TECHNAL \u2013 photographe 11h45&nbsp;<br>Agence MAIGNIAL architectes &amp; associ\u00e9s&nbsp;<\/figcaption><\/figure>\n\n\n\n<p class=\"has-sm-dark-primary-color has-text-color\">\/ UN PLANNING SERR\u00c9 RESPECT\u00c9 DE LA CONCEPTION \u00c0 LA POSE&nbsp;<\/p>\n\n\n\n<p>L\u2019ensemble des travaux devait \u00eatre r\u00e9alis\u00e9 dans le d\u00e9lai restreint du Plan France Relance et sans empi\u00e9ter sur la nouvelle ann\u00e9e scolaire 2023-2024, soit 18 mois au total. Un d\u00e9fi relev\u00e9 par le groupement conception\/r\u00e9alisation et par toutes les entreprises parties prenantes du programme de r\u00e9habilitation. Elles ont fait preuve d\u2019une r\u00e9activit\u00e9 et d\u2019une mobilisation \u00e0 toutes \u00e9preuves.&nbsp;<\/p>\n\n\n\n<p>C\u00f4t\u00e9 TECHNAL, la conception du capot sp\u00e9cial en forme de U a n\u00e9cessit\u00e9 2 tests de clippage. <strong>Une fois le mod\u00e8le valid\u00e9 par la ma\u00eetrise d\u2019oeuvre, le gammiste a cr\u00e9\u00e9 une fili\u00e8re sp\u00e9cifique<\/strong> durant l\u2019\u00e9t\u00e9 2022. Cette p\u00e9riode \u00e0 flux tendus, marqu\u00e9e par les cong\u00e9s et la p\u00e9nurie de mat\u00e9riaux, a n\u00e9cessit\u00e9 l\u2019implication totale des diff\u00e9rentes \u00e9quipes TECHNAL afin d\u2019organiser les livraisons en temps et en heure.&nbsp;<\/p>\n\n\n\n<div class=\"wp-block-media-text alignwide has-media-on-the-right is-stacked-on-mobile\" style=\"grid-template-columns:auto 30%\"><figure class=\"wp-block-media-text__media\"><img loading=\"lazy\" width=\"538\" height=\"438\" src=\"https:\/\/i2.wp.com\/batimedianews.com\/live\/wp-content\/uploads\/2023\/12\/image-65.png?resize=538%2C438\" alt=\"\" class=\"wp-image-33848 size-full\" srcset=\"https:\/\/i2.wp.com\/batimedianews.com\/live\/wp-content\/uploads\/2023\/12\/image-65.png?w=538 538w, https:\/\/i2.wp.com\/batimedianews.com\/live\/wp-content\/uploads\/2023\/12\/image-65.png?resize=10%2C8 10w, https:\/\/i2.wp.com\/batimedianews.com\/live\/wp-content\/uploads\/2023\/12\/image-65.png?resize=432%2C352 432w, https:\/\/i2.wp.com\/batimedianews.com\/live\/wp-content\/uploads\/2023\/12\/image-65.png?resize=396%2C322 396w, https:\/\/i2.wp.com\/batimedianews.com\/live\/wp-content\/uploads\/2023\/12\/image-65.png?resize=270%2C220 270w\" sizes=\"(max-width: 600px) 91vw, (max-width: 900px) 600px, (max-width: 1060px) 50vw, (max-width: 1200px) 520px, (max-width: 1400px) 43vw, 600px\" data-recalc-dims=\"1\" \/><\/figure><div class=\"wp-block-media-text__content\">\n<p class=\"has-normal-font-size\">S\u2019agissant d\u2019une r\u00e9novation en structure b\u00e9ton, il a fallu<strong> effectuer des relev\u00e9s de c\u00f4tes syst\u00e9matiques sur chaque ouverture afin d\u2019adapter au millim\u00e8tre les murs-rideaux et menuiseries<\/strong>. D\u00e8s que l\u2019entreprise LORILLARD B\u00c2TIMENT r\u00e9alisait les mesures, elle validait ensuite la fabrication. Au total, il y a eu <strong>30 typologies diff\u00e9rentes de fa\u00e7ades<\/strong>. Leur dormant sp\u00e9cifique, plus large, a permis de r\u00e9pondre \u00e0 ces dimensions aux l\u00e9g\u00e8res variables. Au niveau des 300 voutains, chaque fa\u00e7ade a \u00e9t\u00e9 trait\u00e9e comme 2 murs-rideaux avec un raccord central. Seules 4 fa\u00e7ades, sans voutain, ont \u00e9t\u00e9 r\u00e9alis\u00e9es d\u2019un seul tenant. Pour les cintres, un vitrage coll\u00e9 bord \u00e0 bord, fix\u00e9 dans le mur-rideau GEODE, renforce cette recherche de l\u00e9g\u00e8ret\u00e9 et de lumi\u00e8re.&nbsp;<\/p>\n<\/div><\/div>\n\n\n\n<p>Le b\u00e2timent construit en 2002, qui encercle celui r\u00e9nov\u00e9, n\u2019a pas facilit\u00e9 l\u2019acc\u00e8s au chantier. Sur la premi\u00e8re phase des travaux, qui comptait 10 fa\u00e7ades, l\u2019entreprise a par exemple d\u00fb mettre en place des \u00e9chafaudages et monter les murs-rideaux \u00e0 la main, sans nacelles articul\u00e9es.&nbsp;<\/p>\n\n\n\n<figure class=\"wp-block-image size-large\"><img loading=\"lazy\" width=\"720\" height=\"342\" src=\"https:\/\/i1.wp.com\/batimedianews.com\/live\/wp-content\/uploads\/2023\/12\/image-66.png?resize=720%2C342\" alt=\"\" class=\"wp-image-33849\" srcset=\"https:\/\/i1.wp.com\/batimedianews.com\/live\/wp-content\/uploads\/2023\/12\/image-66.png?resize=1024%2C487 1024w, https:\/\/i1.wp.com\/batimedianews.com\/live\/wp-content\/uploads\/2023\/12\/image-66.png?resize=600%2C285 600w, https:\/\/i1.wp.com\/batimedianews.com\/live\/wp-content\/uploads\/2023\/12\/image-66.png?resize=768%2C365 768w, https:\/\/i1.wp.com\/batimedianews.com\/live\/wp-content\/uploads\/2023\/12\/image-66.png?resize=10%2C5 10w, https:\/\/i1.wp.com\/batimedianews.com\/live\/wp-content\/uploads\/2023\/12\/image-66.png?resize=432%2C205 432w, https:\/\/i1.wp.com\/batimedianews.com\/live\/wp-content\/uploads\/2023\/12\/image-66.png?resize=396%2C188 396w, https:\/\/i1.wp.com\/batimedianews.com\/live\/wp-content\/uploads\/2023\/12\/image-66.png?resize=1120%2C532 1120w, https:\/\/i1.wp.com\/batimedianews.com\/live\/wp-content\/uploads\/2023\/12\/image-66.png?resize=660%2C314 660w, https:\/\/i1.wp.com\/batimedianews.com\/live\/wp-content\/uploads\/2023\/12\/image-66.png?resize=463%2C220 463w, https:\/\/i1.wp.com\/batimedianews.com\/live\/wp-content\/uploads\/2023\/12\/image-66.png?w=1166 1166w\" sizes=\"(max-width: 600px) 91vw, (max-width: 900px) 600px, (max-width: 1060px) 50vw, (max-width: 1200px) 520px, (max-width: 1400px) 43vw, 600px\" data-recalc-dims=\"1\" \/><figcaption>Cr\u00e9dit photo TECHNAL \u2013 photographe 11h45&nbsp;<br>Agence MAIGNIAL architectes &amp; associ\u00e9s&nbsp;<\/figcaption><\/figure>\n\n\n\n<p class=\"has-text-align-center has-sm-dark-primary-color has-text-color\">FICHE CHANTIER ENSAM&nbsp;<\/p>\n\n\n\n<figure class=\"wp-block-image size-large\"><img loading=\"lazy\" width=\"720\" height=\"939\" src=\"https:\/\/i0.wp.com\/batimedianews.com\/live\/wp-content\/uploads\/2023\/12\/image-67.png?resize=720%2C939\" alt=\"\" class=\"wp-image-33850\" srcset=\"https:\/\/i0.wp.com\/batimedianews.com\/live\/wp-content\/uploads\/2023\/12\/image-67.png?w=736 736w, https:\/\/i0.wp.com\/batimedianews.com\/live\/wp-content\/uploads\/2023\/12\/image-67.png?resize=460%2C600 460w, https:\/\/i0.wp.com\/batimedianews.com\/live\/wp-content\/uploads\/2023\/12\/image-67.png?resize=8%2C10 8w, https:\/\/i0.wp.com\/batimedianews.com\/live\/wp-content\/uploads\/2023\/12\/image-67.png?resize=432%2C563 432w, https:\/\/i0.wp.com\/batimedianews.com\/live\/wp-content\/uploads\/2023\/12\/image-67.png?resize=396%2C517 396w, https:\/\/i0.wp.com\/batimedianews.com\/live\/wp-content\/uploads\/2023\/12\/image-67.png?resize=660%2C861 660w, https:\/\/i0.wp.com\/batimedianews.com\/live\/wp-content\/uploads\/2023\/12\/image-67.png?resize=169%2C220 169w\" sizes=\"(max-width: 600px) 91vw, (max-width: 900px) 600px, (max-width: 1060px) 50vw, (max-width: 1200px) 520px, (max-width: 1400px) 43vw, 600px\" data-recalc-dims=\"1\" \/><\/figure>\n","protected":false},"excerpt":{"rendered":"<p>L\u2019\u00c9cole Nationale Sup\u00e9rieure d\u2019Architecture de Montpellier (ENSAM) est abrit\u00e9e dans un \u00e9difice atypique. Le b\u00e2timent central, datant de 1978*, se distingue par son enveloppe associant des murs en b\u00e9ton matric\u00e9 bouchard\u00e9 \u00e0 de grandes surfaces vitr\u00e9es coiff\u00e9es de voutains en b\u00e9ton. Ne r\u00e9pondant plus aux exigences thermiques actuelles et tr\u00e8s \u00e9nergivore, l\u2019ENSAM s\u2019est saisie du [&hellip;]<\/p>\n","protected":false},"author":41,"featured_media":33852,"comment_status":"open","ping_status":"open","sticky":false,"template":"","format":"standard","meta":{"spay_email":""},"categories":[4,7,1256,690,718,134],"tags":[1119],"jetpack_featured_media_url":"https:\/\/i0.wp.com\/batimedianews.com\/live\/wp-content\/uploads\/2023\/12\/Technal-Image-articles-.jpg?fit=1513%2C825","jetpack_sharing_enabled":true,"jetpack_likes_enabled":true,"jetpack-related-posts":[{"id":35902,"url":"http:\/\/batimedianews.com\/live\/index.php\/2024\/03\/06\/linstitut-mediterraneen-de-la-ville-et-des-territoires-imvt\/","url_meta":{"origin":33845,"position":0},"title":"L\u2019institut m\u00e9diterran\u00e9en de la ville et des territoires (IMVT)","date":"6 mars 2024","format":false,"excerpt":"\u00a9 Patrick Loubet FOCUS SUR LES SOLUTIONS WICONA MISES EN OEUVRE LE CONTEXTE UN INSTITUT UNIQUE EN FRANCE ET EN EUROPE CONSACR\u00c9 AUX TROIS DISCIPLINES DE L\u2019ARCHITECTURE, DE L\u2019URBANISME ET DU PAYSAGE Au coeur de la cit\u00e9 phoc\u00e9enne, sur l\u2019esplanade de la Porte d\u2019Aix, \u00e0 500 m du Vieux-Port, entre\u2026","rel":"","context":"Dans &quot;Actualit\u00e9 Entreprises&quot;","img":{"alt_text":"","src":"https:\/\/i2.wp.com\/batimedianews.com\/live\/wp-content\/uploads\/2024\/03\/Wicona.jpg?fit=825%2C825&resize=350%2C200","width":350,"height":200},"classes":[]},{"id":30584,"url":"http:\/\/batimedianews.com\/live\/index.php\/2023\/08\/28\/le-square-se-mobilise-au-forum-renodays-2023-un-collectif-dindustriels-engages-pour-renover-le-logement-autrement\/","url_meta":{"origin":33845,"position":1},"title":"\u00ab LE SQUARE \u00bb se mobilise au Forum RENODAYS 2023 &#8211; Un collectif d\u2019industriels engag\u00e9s pour r\u00e9nover le logement autrement","date":"28 ao\u00fbt 2023","format":false,"excerpt":"Situ\u00e9 dans le hall 6 du Parc des Expositions de la Porte de Versailles, la premi\u00e8re \u00e9dition du Forum Renodays ouvrira ses portes les 12 et 13 septembre 2023. Ev\u00e9nement d\u00e9di\u00e9 \u00e0 la r\u00e9novation \u00e9nerg\u00e9tique du logement, il proposera des th\u00e9matiques visant \u00e0 sensibiliser et \u00e0 mobiliser les professionnels du\u2026","rel":"","context":"Dans &quot;Actualit\u00e9 Entreprises&quot;","img":{"alt_text":"","src":"https:\/\/i1.wp.com\/batimedianews.com\/live\/wp-content\/uploads\/2023\/08\/Le-Square_Reynaers-article.jpg?fit=1080%2C1080&resize=350%2C200","width":350,"height":200},"classes":[]},{"id":43825,"url":"http:\/\/batimedianews.com\/live\/index.php\/2025\/03\/27\/kline-met-en-lumiere-les-nouveaux-bureaux-de-lagence-k-architecture-globale\/","url_meta":{"origin":33845,"position":2},"title":"K\u2022LINE met en lumi\u00e8re les nouveaux bureaux de l\u2019agence K&amp;+ ARCHITECTURE GLOBALE","date":"27 mars 2025","format":false,"excerpt":"Retour sur la m\u00e9tamorphose d\u2019un b\u00e2timent industriel \u00e0 Strasbourg gr\u00e2ce \u00e0 la gamme K\u2022LINE CITY Depuis septembre 2024, les 49 collaborateurs de l\u2019agence K&+ architecture globale s\u2019\u00e9panouissent au sein d\u2019un \u00e9crin de 2 022 m2, dont les plans ont \u00e9t\u00e9 con\u00e7us en interne. Dans le quartier de la Meinau, \u00e0\u2026","rel":"","context":"Dans &quot;architecture&quot;","img":{"alt_text":"","src":"https:\/\/i1.wp.com\/batimedianews.com\/live\/wp-content\/uploads\/2025\/03\/KLine-articles-.jpg?fit=825%2C825&resize=350%2C200","width":350,"height":200},"classes":[]},{"id":16430,"url":"http:\/\/batimedianews.com\/live\/index.php\/2022\/02\/23\/renovation-dexception-dune-batisse-du-18e-siecle-a-dinan\/","url_meta":{"origin":33845,"position":3},"title":"R\u00e9novation d\u2019exception d\u2019une b\u00e2tisse du 18e si\u00e8cle \u00e0 Dinan","date":"23 f\u00e9vrier 2022","format":false,"excerpt":"\u2002 Nich\u00e9e au c\u0153ur du centre historique de Dinan se trouve Perl\u00e9pampille, une b\u00e2tisse devenue chambres d\u2019h\u00f4te class\u00e9e Patrimoine Remarquable de la ville de Dinan. Pour sa r\u00e9novation, les propri\u00e9taires ont fait confiance au Groupe Janneau pour le remplacement des menuiseries ext\u00e9rieures bois. D\u00e9couverte en image de cette r\u00e9alisation d\u2019exception\u2026","rel":"","context":"Dans &quot;Chantiers&quot;","img":{"alt_text":"","src":"https:\/\/i1.wp.com\/batimedianews.com\/live\/wp-content\/uploads\/2022\/02\/GroupeJanneau-Article.jpg?fit=512%2C512&resize=350%2C200","width":350,"height":200},"classes":[]},{"id":11191,"url":"http:\/\/batimedianews.com\/live\/index.php\/2021\/07\/26\/precwood-1400-le-seul-precadre-qui-certifie-la-gestion-de-letancheite-des-menuiseries-dans-les-constructions-bois\/","url_meta":{"origin":33845,"position":4},"title":"PRECWOOD 1400, LE SEUL PR\u00c9CADRE QUI CERTIFIE LA GESTION DE L&rsquo;\u00c9TANCH\u00c9IT\u00c9 DES MENUISERIES DANS LES CONSTRUCTIONS BOIS","date":"26 juillet 2021","format":false,"excerpt":"1ER CHANTIER R\u00c9ALIS\u00c9 : UN IMMEUBLE COMPOS\u00c9 DE 66 LOGEMENTS SOCIAUX ET D\u2019UNE CR\u00c8CHE \u00c0 ISSY-LES-MOULINEAUX\u00a0 \u00a0Cr\u00e9dit photo LOUINEAU - Cyril Badet\u00a0Immeuble 66 logements sociaux et cr\u00e8che - Agence d\u2019architecture Daquin Ferri\u00e8re & Associ\u00e9s\u00a0 Apporteur de solutions sur-mesure, LOUINEAU a d\u00e9velopp\u00e9 et lanc\u00e9 fin 2020 le pr\u00e9cadre PRECWOOD 1400 qui\u2026","rel":"","context":"Dans &quot;Actualit\u00e9 Entreprises&quot;","img":{"alt_text":"","src":"https:\/\/i0.wp.com\/batimedianews.com\/live\/wp-content\/uploads\/2021\/07\/Louineau-Article.jpg?fit=512%2C512&resize=350%2C200","width":350,"height":200},"classes":[]},{"id":11177,"url":"http:\/\/batimedianews.com\/live\/index.php\/2021\/07\/20\/renoval-menuiseries-met-le-feu-au-secteur-de-la-construction\/","url_meta":{"origin":33845,"position":5},"title":"RENOVAL Menuiseries met le feu au secteur de la construction !","date":"20 juillet 2021","format":false,"excerpt":"Cr\u00e9\u00e9e en 1988, l\u2019activit\u00e9 menuiseries RENOVAL s\u2019est d\u00e9velopp\u00e9e avec l\u2019ambition d\u2019apporter des solutions pertinentes et personnalis\u00e9es pour les professionnels du b\u00e2timent. L\u2019offre produits RENOVAL Menuiseries s\u2019est ainsi d\u00e9velopp\u00e9e en s\u2019adaptant aux besoins du march\u00e9 tout en privil\u00e9giant l\u2019am\u00e9lioration continue et l\u2019innovation.\u00a0 Apr\u00e8s avoir conquis le march\u00e9 du modulaire, RENOVAL Menuiseries\u2026","rel":"","context":"Dans &quot;Actualit\u00e9 Entreprises&quot;","img":{"alt_text":"","src":"https:\/\/i0.wp.com\/batimedianews.com\/live\/wp-content\/uploads\/2021\/07\/Renoval-Article.jpg?fit=512%2C512&resize=350%2C200","width":350,"height":200},"classes":[]}],"_links":{"self":[{"href":"http:\/\/batimedianews.com\/live\/index.php\/wp-json\/wp\/v2\/posts\/33845"}],"collection":[{"href":"http:\/\/batimedianews.com\/live\/index.php\/wp-json\/wp\/v2\/posts"}],"about":[{"href":"http:\/\/batimedianews.com\/live\/index.php\/wp-json\/wp\/v2\/types\/post"}],"author":[{"embeddable":true,"href":"http:\/\/batimedianews.com\/live\/index.php\/wp-json\/wp\/v2\/users\/41"}],"replies":[{"embeddable":true,"href":"http:\/\/batimedianews.com\/live\/index.php\/wp-json\/wp\/v2\/comments?post=33845"}],"version-history":[{"count":2,"href":"http:\/\/batimedianews.com\/live\/index.php\/wp-json\/wp\/v2\/posts\/33845\/revisions"}],"predecessor-version":[{"id":33891,"href":"http:\/\/batimedianews.com\/live\/index.php\/wp-json\/wp\/v2\/posts\/33845\/revisions\/33891"}],"wp:featuredmedia":[{"embeddable":true,"href":"http:\/\/batimedianews.com\/live\/index.php\/wp-json\/wp\/v2\/media\/33852"}],"wp:attachment":[{"href":"http:\/\/batimedianews.com\/live\/index.php\/wp-json\/wp\/v2\/media?parent=33845"}],"wp:term":[{"taxonomy":"category","embeddable":true,"href":"http:\/\/batimedianews.com\/live\/index.php\/wp-json\/wp\/v2\/categories?post=33845"},{"taxonomy":"post_tag","embeddable":true,"href":"http:\/\/batimedianews.com\/live\/index.php\/wp-json\/wp\/v2\/tags?post=33845"}],"curies":[{"name":"wp","href":"https:\/\/api.w.org\/{rel}","templated":true}]}}