{"id":33870,"date":"2023-12-14T11:17:05","date_gmt":"2023-12-14T10:17:05","guid":{"rendered":"http:\/\/batimedianews.com\/live\/?p=33870"},"modified":"2024-06-04T14:09:31","modified_gmt":"2024-06-04T12:09:31","slug":"les-travailleurs-isoles-de-pro-beton-renforcent-leur-securite-avec-la-solution-iot-dalerte-et-de-detection-de-chute-ultra-fiable-de-wearin","status":"publish","type":"post","link":"http:\/\/batimedianews.com\/live\/index.php\/2023\/12\/14\/les-travailleurs-isoles-de-pro-beton-renforcent-leur-securite-avec-la-solution-iot-dalerte-et-de-detection-de-chute-ultra-fiable-de-wearin\/","title":{"rendered":"Les travailleurs isol\u00e9s de PRO BETON renforcent leur s\u00e9curit\u00e9 avec la solution IoT d\u2019alerte et de d\u00e9tection de chute ultra-fiable de Wearin\u2019"},"content":{"rendered":"\n<p><em>Depuis le 20 novembre, l\u2019\u00e9quipement de protection des travailleurs isol\u00e9s du producteur de b\u00e9ton PRO BETON int\u00e8gre la solution IoT de Wearin\u2019 qui permet d\u2019alerter la centrale de surveillance en cas d\u2019accident et de d\u00e9tecter une chute avec une fiabilit\u00e9 in\u00e9gal\u00e9e.<\/em><\/p>\n\n\n\n<figure class=\"wp-block-image size-large\"><img loading=\"lazy\" width=\"720\" height=\"540\" src=\"https:\/\/i0.wp.com\/batimedianews.com\/live\/wp-content\/uploads\/2023\/12\/Pro_Beton_Lone_Worker01.jpg?resize=720%2C540\" alt=\"\" class=\"wp-image-33871\" srcset=\"https:\/\/i0.wp.com\/batimedianews.com\/live\/wp-content\/uploads\/2023\/12\/Pro_Beton_Lone_Worker01.jpg?resize=1024%2C768 1024w, https:\/\/i0.wp.com\/batimedianews.com\/live\/wp-content\/uploads\/2023\/12\/Pro_Beton_Lone_Worker01.jpg?resize=600%2C450 600w, https:\/\/i0.wp.com\/batimedianews.com\/live\/wp-content\/uploads\/2023\/12\/Pro_Beton_Lone_Worker01.jpg?resize=768%2C576 768w, https:\/\/i0.wp.com\/batimedianews.com\/live\/wp-content\/uploads\/2023\/12\/Pro_Beton_Lone_Worker01.jpg?resize=1536%2C1152 1536w, https:\/\/i0.wp.com\/batimedianews.com\/live\/wp-content\/uploads\/2023\/12\/Pro_Beton_Lone_Worker01.jpg?resize=2048%2C1536 2048w, https:\/\/i0.wp.com\/batimedianews.com\/live\/wp-content\/uploads\/2023\/12\/Pro_Beton_Lone_Worker01.jpg?resize=10%2C8 10w, https:\/\/i0.wp.com\/batimedianews.com\/live\/wp-content\/uploads\/2023\/12\/Pro_Beton_Lone_Worker01.jpg?resize=432%2C324 432w, https:\/\/i0.wp.com\/batimedianews.com\/live\/wp-content\/uploads\/2023\/12\/Pro_Beton_Lone_Worker01.jpg?resize=396%2C297 396w, https:\/\/i0.wp.com\/batimedianews.com\/live\/wp-content\/uploads\/2023\/12\/Pro_Beton_Lone_Worker01.jpg?resize=1120%2C840 1120w, https:\/\/i0.wp.com\/batimedianews.com\/live\/wp-content\/uploads\/2023\/12\/Pro_Beton_Lone_Worker01.jpg?resize=660%2C495 660w, https:\/\/i0.wp.com\/batimedianews.com\/live\/wp-content\/uploads\/2023\/12\/Pro_Beton_Lone_Worker01.jpg?resize=293%2C220 293w, https:\/\/i0.wp.com\/batimedianews.com\/live\/wp-content\/uploads\/2023\/12\/Pro_Beton_Lone_Worker01.jpg?w=1440 1440w, https:\/\/i0.wp.com\/batimedianews.com\/live\/wp-content\/uploads\/2023\/12\/Pro_Beton_Lone_Worker01.jpg?w=2160 2160w\" sizes=\"(max-width: 600px) 91vw, (max-width: 900px) 600px, (max-width: 1060px) 50vw, (max-width: 1200px) 520px, (max-width: 1400px) 43vw, 600px\" data-recalc-dims=\"1\" \/><\/figure>\n\n\n\n<p>Wearin\u2019, la startup du groupe technologique Conextivity, a con\u00e7u une solution de connectivit\u00e9 entre le travailleur isol\u00e9 et la centrale de surveillance tierce mandat\u00e9e par le producteur genevois de b\u00e9ton PRO BETON pour assurer la s\u00e9curit\u00e9 de ses \u00e9quipes d\u2019aides-machinistes et de nettoyage actives sur les sites de production en journ\u00e9e, durant la nuit et les week-ends.<\/p>\n\n\n\n<p>Bas\u00e9e sur la technologie de l\u2019Internet des objets (IoT) et aliment\u00e9e par l\u2019IA, la solution consiste en deux plateformes, l\u2019une physique et l\u2019autre num\u00e9rique, qui communiquent entre elles en temps r\u00e9el. Un dispositif fix\u00e9 sur le gilet du travailleur, appel\u00e9 Wearin\u2019 Brain, embarque trois syst\u00e8mes d\u2019alerte et de d\u00e9tection de s\u00e9curit\u00e9 : l\u2019un pour donner l\u2019alerte \u00e0 la centrale via le bouton SOS Wearin\u2019 \u00e0 actionner manuellement en cas d\u2019accident ; un capteur inertiel pour d\u00e9tecter une chute de fa\u00e7on automatique (au cas o\u00f9 l\u2019alerte ne peut pas \u00eatre actionn\u00e9e manuellement) ; et le GPS pour g\u00e9olocaliser pr\u00e9cis\u00e9ment le travailleur. Les donn\u00e9es et alertes sont envoy\u00e9es et collect\u00e9es via le Cloud dans le tableau de bord de Wearin\u2019 int\u00e9gr\u00e9 dans le syst\u00e8me de surveillance de la centrale, laquelle pourra d\u00e9cider des mesures d\u2019urgence et de secours adapt\u00e9es \u00e0 la situation sur le terrain.<\/p>\n\n\n\n<figure class=\"wp-block-image size-large\"><img loading=\"lazy\" width=\"720\" height=\"540\" src=\"https:\/\/i1.wp.com\/batimedianews.com\/live\/wp-content\/uploads\/2023\/12\/Pro_Beton_Lone_Worker_Wearin-Brain.jpg?resize=720%2C540\" alt=\"\" class=\"wp-image-33872\" srcset=\"https:\/\/i1.wp.com\/batimedianews.com\/live\/wp-content\/uploads\/2023\/12\/Pro_Beton_Lone_Worker_Wearin-Brain.jpg?resize=1024%2C768 1024w, https:\/\/i1.wp.com\/batimedianews.com\/live\/wp-content\/uploads\/2023\/12\/Pro_Beton_Lone_Worker_Wearin-Brain.jpg?resize=600%2C450 600w, https:\/\/i1.wp.com\/batimedianews.com\/live\/wp-content\/uploads\/2023\/12\/Pro_Beton_Lone_Worker_Wearin-Brain.jpg?resize=768%2C576 768w, https:\/\/i1.wp.com\/batimedianews.com\/live\/wp-content\/uploads\/2023\/12\/Pro_Beton_Lone_Worker_Wearin-Brain.jpg?resize=1536%2C1152 1536w, https:\/\/i1.wp.com\/batimedianews.com\/live\/wp-content\/uploads\/2023\/12\/Pro_Beton_Lone_Worker_Wearin-Brain.jpg?resize=2048%2C1536 2048w, https:\/\/i1.wp.com\/batimedianews.com\/live\/wp-content\/uploads\/2023\/12\/Pro_Beton_Lone_Worker_Wearin-Brain.jpg?resize=10%2C8 10w, https:\/\/i1.wp.com\/batimedianews.com\/live\/wp-content\/uploads\/2023\/12\/Pro_Beton_Lone_Worker_Wearin-Brain.jpg?resize=432%2C324 432w, https:\/\/i1.wp.com\/batimedianews.com\/live\/wp-content\/uploads\/2023\/12\/Pro_Beton_Lone_Worker_Wearin-Brain.jpg?resize=396%2C297 396w, https:\/\/i1.wp.com\/batimedianews.com\/live\/wp-content\/uploads\/2023\/12\/Pro_Beton_Lone_Worker_Wearin-Brain.jpg?resize=1120%2C840 1120w, https:\/\/i1.wp.com\/batimedianews.com\/live\/wp-content\/uploads\/2023\/12\/Pro_Beton_Lone_Worker_Wearin-Brain.jpg?resize=660%2C495 660w, https:\/\/i1.wp.com\/batimedianews.com\/live\/wp-content\/uploads\/2023\/12\/Pro_Beton_Lone_Worker_Wearin-Brain.jpg?resize=293%2C220 293w, https:\/\/i1.wp.com\/batimedianews.com\/live\/wp-content\/uploads\/2023\/12\/Pro_Beton_Lone_Worker_Wearin-Brain.jpg?w=1440 1440w, https:\/\/i1.wp.com\/batimedianews.com\/live\/wp-content\/uploads\/2023\/12\/Pro_Beton_Lone_Worker_Wearin-Brain.jpg?w=2160 2160w\" sizes=\"(max-width: 600px) 91vw, (max-width: 900px) 600px, (max-width: 1060px) 50vw, (max-width: 1200px) 520px, (max-width: 1400px) 43vw, 600px\" data-recalc-dims=\"1\" \/><figcaption><em>Un collaborateur de PRO BETON avec le Wearin\u2019 Brain visible au-dessous de l\u2019\u00e9paule droite.<\/em><\/figcaption><\/figure>\n\n\n\n<p>\u00ab La fiabilit\u00e9 de la solution, notamment son syst\u00e8me avanc\u00e9 de d\u00e9tection automatique de chute, fait la diff\u00e9rence pour s\u00e9curiser le temps de travail isol\u00e9 et r\u00e9pondre aux besoins de confort et de s\u00e9curit\u00e9 de nos collaborateurs \u00bb, explique \u00c9ric Guillot, Directeur de PRO BETON. \u00ab Comme ils travaillent seuls dans un environnement bruyant et \u00e0 risque, il est crucial pour eux de pouvoir compter sur une technologie de pointe qui int\u00e8gre tous les dispositifs de s\u00e9curit\u00e9 n\u00e9cessaires pour que la centrale de s\u00e9curit\u00e9 puisse intervenir \u00e0 temps et de fa\u00e7on adapt\u00e9e en cas d\u2019accident. \u00bb<\/p>\n\n\n\n<div class=\"wp-block-image\"><figure class=\"aligncenter size-large\"><img loading=\"lazy\" width=\"612\" height=\"458\" src=\"https:\/\/i0.wp.com\/batimedianews.com\/live\/wp-content\/uploads\/2023\/12\/image-72.png?resize=612%2C458\" alt=\"\" class=\"wp-image-33873\" srcset=\"https:\/\/i0.wp.com\/batimedianews.com\/live\/wp-content\/uploads\/2023\/12\/image-72.png?w=612 612w, https:\/\/i0.wp.com\/batimedianews.com\/live\/wp-content\/uploads\/2023\/12\/image-72.png?resize=600%2C449 600w, https:\/\/i0.wp.com\/batimedianews.com\/live\/wp-content\/uploads\/2023\/12\/image-72.png?resize=10%2C7 10w, https:\/\/i0.wp.com\/batimedianews.com\/live\/wp-content\/uploads\/2023\/12\/image-72.png?resize=432%2C323 432w, https:\/\/i0.wp.com\/batimedianews.com\/live\/wp-content\/uploads\/2023\/12\/image-72.png?resize=396%2C296 396w, https:\/\/i0.wp.com\/batimedianews.com\/live\/wp-content\/uploads\/2023\/12\/image-72.png?resize=294%2C220 294w\" sizes=\"(max-width: 600px) 91vw, (max-width: 900px) 600px, (max-width: 1060px) 50vw, (max-width: 1200px) 520px, (max-width: 1400px) 43vw, 600px\" data-recalc-dims=\"1\" \/><figcaption><em>\u00c9ric Guillot, Directeur de PRO BETON<\/em><\/figcaption><\/figure><\/div>\n\n\n\n<p>Comme son nom l\u2019indique, le Wearin\u2019 Brain fix\u00e9 sur le gilet du travailleur est le cerveau des syst\u00e8mes hardware et software de la solution IoT de Wearin\u2019. Alvaro Goncalves, Directeur Technique de Wearin\u2019, d\u00e9taille : \u00ab Dans le bo\u00eetier du Brain sont int\u00e9gr\u00e9s le bouton SOS, le capteur de d\u00e9tection de chute, le syst\u00e8me GPS, une batterie d\u2019une autonomie de 10 heures qui permet au Brain de fonctionner tout au long du shift des employ\u00e9s de PRO BETON, ainsi que le module LTE pour remonter les donn\u00e9es s\u00e9curis\u00e9es vers la centrale d\u2019alerte. \u00bb<\/p>\n\n\n\n<div class=\"wp-block-image\"><figure class=\"aligncenter size-large\"><img loading=\"lazy\" width=\"612\" height=\"458\" src=\"https:\/\/i2.wp.com\/batimedianews.com\/live\/wp-content\/uploads\/2023\/12\/image-73.png?resize=612%2C458\" alt=\"\" class=\"wp-image-33874\" srcset=\"https:\/\/i2.wp.com\/batimedianews.com\/live\/wp-content\/uploads\/2023\/12\/image-73.png?w=612 612w, https:\/\/i2.wp.com\/batimedianews.com\/live\/wp-content\/uploads\/2023\/12\/image-73.png?resize=600%2C449 600w, https:\/\/i2.wp.com\/batimedianews.com\/live\/wp-content\/uploads\/2023\/12\/image-73.png?resize=10%2C7 10w, https:\/\/i2.wp.com\/batimedianews.com\/live\/wp-content\/uploads\/2023\/12\/image-73.png?resize=432%2C323 432w, https:\/\/i2.wp.com\/batimedianews.com\/live\/wp-content\/uploads\/2023\/12\/image-73.png?resize=396%2C296 396w, https:\/\/i2.wp.com\/batimedianews.com\/live\/wp-content\/uploads\/2023\/12\/image-73.png?resize=294%2C220 294w\" sizes=\"(max-width: 600px) 91vw, (max-width: 900px) 600px, (max-width: 1060px) 50vw, (max-width: 1200px) 520px, (max-width: 1400px) 43vw, 600px\" data-recalc-dims=\"1\" \/><\/figure><\/div>\n\n\n\n<p>Le capteur inertiel de d\u00e9tection de chute con\u00e7u par Wearin\u2019 offre une fiabilit\u00e9 in\u00e9gal\u00e9e sur le march\u00e9, en limitant au minimum les risques de faux-positifs tr\u00e8s pr\u00e9sents avec d\u2019autres produits concurrents moins avanc\u00e9s. Aur\u00e9lie Balsa, Responsable des logiciels embarqu\u00e9s chez Wearin\u2019, insiste sur ce diff\u00e9renciateur cl\u00e9 : \u00ab Le probl\u00e8me critique auquel sont confront\u00e9s les syst\u00e8mes concurrents, c\u2019est la fr\u00e9quence des faux positifs.<\/p>\n\n\n\n<p>La d\u00e9tection fournie par les autres produits moins avanc\u00e9s que le n\u00f4tre est parfois si peu fiable que les utilisateurs, agac\u00e9s par les fausses alarmes r\u00e9p\u00e9t\u00e9es, en viennent \u00e0 d\u00e9brancher compl\u00e8tement le syst\u00e8me. La solution con\u00e7ue par Wearin\u2019 comprend un hardware, un firmware et des algorithmes embarqu\u00e9s. Bas\u00e9s sur les donn\u00e9es de notre acc\u00e9l\u00e9rom\u00e8tre et de notre gyroscope, nos algorithmes permettent de r\u00e9duire \u00e0 moins de 1% les faux-positifs, \u00e0 la grande satisfaction des utilisateurs qui adh\u00e9rent d\u2019autant plus facilement \u00e0 ce syst\u00e8me de s\u00e9curit\u00e9. \u00bb<\/p>\n\n\n\n<div class=\"wp-block-image\"><figure class=\"aligncenter size-large\"><img loading=\"lazy\" width=\"458\" height=\"608\" src=\"https:\/\/i2.wp.com\/batimedianews.com\/live\/wp-content\/uploads\/2023\/12\/image-74.png?resize=458%2C608\" alt=\"\" class=\"wp-image-33875\" srcset=\"https:\/\/i2.wp.com\/batimedianews.com\/live\/wp-content\/uploads\/2023\/12\/image-74.png?w=458 458w, https:\/\/i2.wp.com\/batimedianews.com\/live\/wp-content\/uploads\/2023\/12\/image-74.png?resize=452%2C600 452w, https:\/\/i2.wp.com\/batimedianews.com\/live\/wp-content\/uploads\/2023\/12\/image-74.png?resize=8%2C10 8w, https:\/\/i2.wp.com\/batimedianews.com\/live\/wp-content\/uploads\/2023\/12\/image-74.png?resize=432%2C573 432w, https:\/\/i2.wp.com\/batimedianews.com\/live\/wp-content\/uploads\/2023\/12\/image-74.png?resize=396%2C526 396w, https:\/\/i2.wp.com\/batimedianews.com\/live\/wp-content\/uploads\/2023\/12\/image-74.png?resize=166%2C220 166w\" sizes=\"(max-width: 600px) 91vw, (max-width: 900px) 600px, (max-width: 1060px) 50vw, (max-width: 1200px) 520px, (max-width: 1400px) 43vw, 600px\" data-recalc-dims=\"1\" \/><\/figure><\/div>\n\n\n\n<p>Jonathan Brossard, CEO du groupe Conextivity, se f\u00e9licite de cette plateforme IoT qui r\u00e9pond parfaitement aux besoins particuliers du march\u00e9 des travailleurs isol\u00e9s. \u00ab La tendance que l\u2019on observe dans ce secteur est une pr\u00e9occupation forte et sinc\u00e8re des soci\u00e9t\u00e9s pour la sant\u00e9 et la s\u00e9curit\u00e9 de leurs employ\u00e9s. Ces entreprises ne veulent plus se limiter \u00e0 cocher les cases des check-lists de s\u00e9curit\u00e9 fournies par les autorit\u00e9s r\u00e8glementatrices. Elles exigent de vraies solutions aux probl\u00e9matiques de terrain sp\u00e9cifiques \u00e0 leurs op\u00e9rations. Wearin\u2019 fournit \u00e0 cet \u00e9gard une solution de connectivit\u00e9 de bout en bout qui est non seulement ultra-fiable, mais aussi modulaire et \u00e9volutive, capable de s\u2019adapter aux typologies et exigences de s\u00e9curit\u00e9 sp\u00e9cifiques \u00e0 chaque organisation cliente. \u00bb<\/p>\n\n\n\n<div class=\"wp-block-image\"><figure class=\"aligncenter size-large\"><img loading=\"lazy\" width=\"596\" height=\"608\" src=\"https:\/\/i1.wp.com\/batimedianews.com\/live\/wp-content\/uploads\/2023\/12\/image-75.png?resize=596%2C608\" alt=\"\" class=\"wp-image-33876\" srcset=\"https:\/\/i1.wp.com\/batimedianews.com\/live\/wp-content\/uploads\/2023\/12\/image-75.png?w=596 596w, https:\/\/i1.wp.com\/batimedianews.com\/live\/wp-content\/uploads\/2023\/12\/image-75.png?resize=588%2C600 588w, https:\/\/i1.wp.com\/batimedianews.com\/live\/wp-content\/uploads\/2023\/12\/image-75.png?resize=10%2C10 10w, https:\/\/i1.wp.com\/batimedianews.com\/live\/wp-content\/uploads\/2023\/12\/image-75.png?resize=432%2C441 432w, https:\/\/i1.wp.com\/batimedianews.com\/live\/wp-content\/uploads\/2023\/12\/image-75.png?resize=396%2C404 396w, https:\/\/i1.wp.com\/batimedianews.com\/live\/wp-content\/uploads\/2023\/12\/image-75.png?resize=216%2C220 216w\" sizes=\"(max-width: 600px) 91vw, (max-width: 900px) 600px, (max-width: 1060px) 50vw, (max-width: 1200px) 520px, (max-width: 1400px) 43vw, 600px\" data-recalc-dims=\"1\" \/><figcaption><em>Jonathan Brossard, CEO de Conextivity Group<\/em><\/figcaption><\/figure><\/div>\n\n\n\n<p>Selon les derni\u00e8res \u00e9tudes de march\u00e9, l\u2019Europe emploie 10 millions de travailleurs isol\u00e9s.<\/p>\n\n\n\n<p><em>\u00c0 propos de Wearin\u2019<\/em><\/p>\n\n\n\n<p class=\"has-small-font-size\"><em>Fond\u00e9e en 2019 par la troisi\u00e8me g\u00e9n\u00e9ration de la famille Fischer du groupe Conextivity, Wearin&rsquo; cr\u00e9e des solutions portables IoT qui renforcent la s\u00e9curit\u00e9 et l&rsquo;efficacit\u00e9 sur le terrain en am\u00e9liorant la connaissance situationnelle et en permettant une meilleure coordination des personnes connect\u00e9es telles que travailleurs isol\u00e9s, agents de s\u00e9curit\u00e9, pompiers et premiers intervenants. Ses solutions con\u00e7ues dans son centre R&amp;D de Morges en Suisse (Vaud) rendent les environnements de travail \u00e0 haut risque plus s\u00fbrs et plus intelligents gr\u00e2ce \u00e0 des informations en temps r\u00e9el issues des donn\u00e9es de terrain g\u00e9n\u00e9r\u00e9es par les utilisateurs.<\/em><\/p>\n\n\n\n<p class=\"has-small-font-size\"><em>Wearin\u2019 fait partie du groupe Conextivity, leader technologique mondial dans les solutions de connectivit\u00e9 haute performance qui g\u00e8rent et harmonisent les flux de puissance et de donn\u00e9es, depuis les capteurs et les appareils jusqu&rsquo;au cloud et l\u2019intelligence artificielle, permettant l&rsquo;\u00e9mergence de nouveaux \u00e9cosyst\u00e8mes transverses et \u00e9volutifs. Avec pr\u00e8s de 700 personnes dans le monde, un centre de R&amp;D Groupe en Suisse et des hubs r\u00e9gionaux en soutien, et six sites de production, le groupe dont le si\u00e8ge est en Suisse \u00e0 Saint-Prex (Vaud) comprend deux activit\u00e9s principales : Fischer Connectors et Wearin&rsquo;.<\/em><\/p>\n\n\n\n<p><\/p>\n","protected":false},"excerpt":{"rendered":"<p>Depuis le 20 novembre, l\u2019\u00e9quipement de protection des travailleurs isol\u00e9s du producteur de b\u00e9ton PRO BETON int\u00e8gre la solution IoT de Wearin\u2019 qui permet d\u2019alerter la centrale de surveillance en cas d\u2019accident et de d\u00e9tecter une chute avec une fiabilit\u00e9 in\u00e9gal\u00e9e. Wearin\u2019, la startup du groupe technologique Conextivity, a con\u00e7u une solution de connectivit\u00e9 entre [&hellip;]<\/p>\n","protected":false},"author":41,"featured_media":33877,"comment_status":"open","ping_status":"open","sticky":false,"template":"","format":"standard","meta":{"spay_email":""},"categories":[4,21,79,1466,117,122],"tags":[],"jetpack_featured_media_url":"https:\/\/i1.wp.com\/batimedianews.com\/live\/wp-content\/uploads\/2023\/12\/wearin-Image-articles-.jpg?fit=1513%2C825","jetpack_sharing_enabled":true,"jetpack_likes_enabled":true,"jetpack-related-posts":[{"id":22404,"url":"http:\/\/batimedianews.com\/live\/index.php\/2022\/08\/17\/edilteco-group-et-edilteco-france-exposants-du-salon-batimat\/","url_meta":{"origin":33870,"position":0},"title":"EDILTECO Group et EDILTECO France exposants du salon BATIMAT","date":"17 ao\u00fbt 2022","format":false,"excerpt":"Le d\u00e9veloppement durable comme dynamique de cette nouvelle \u00e9dition Leader europ\u00e9en et 1er fabricant fran\u00e7ais de chapes, mortiers et b\u00e9tons l\u00e9gers, pr\u00eats \u00e0 l\u2019emploi et thermo-acoustiques, producteur de polystyr\u00e8ne sous ACERMI pour les syst\u00e8mes ITE, les entrevous et plaques de sol, sp\u00e9cialiste de syst\u00e8mes innovants d\u2019Isolation Thermique Ext\u00e9rieur (ITE) et\u2026","rel":"","context":"Dans &quot;Actualit\u00e9 Entreprises&quot;","img":{"alt_text":"","src":"https:\/\/i1.wp.com\/batimedianews.com\/live\/wp-content\/uploads\/2022\/08\/EDILTECO-Article.jpg?fit=1080%2C1080&resize=350%2C200","width":350,"height":200},"classes":[]},{"id":17385,"url":"http:\/\/batimedianews.com\/live\/index.php\/2022\/03\/14\/xella-un-industriel-engage-qui-investit-economie-circulaire-reduction-de-lempreinte-carbone-et-demarche-rse\/","url_meta":{"origin":33870,"position":1},"title":"Xella, un industriel engag\u00e9 qui investit : Economie circulaire, r\u00e9duction de l\u2019empreinte carbone, et d\u00e9marche RSE","date":"14 mars 2022","format":false,"excerpt":"Plus grand producteur de b\u00e9ton cellulaire et de pierre silico-calcaire, le groupe Xella a \u00e0 c\u0153ur d\u2019am\u00e9liorer sans cesse la durabilit\u00e9 de ses solutions constructives et de contribuer \u00e0 r\u00e9duire son empreinte carbone dans l\u2019industrie de la construction.\u00a0 Pr\u00e9server les ressources et limiter leur consommation, recycler les d\u00e9chets, rechercher l\u2019efficacit\u00e9\u2026","rel":"","context":"Dans &quot;Actualit\u00e9 Entreprises&quot;","img":{"alt_text":"","src":"https:\/\/i0.wp.com\/batimedianews.com\/live\/wp-content\/uploads\/2022\/03\/xella-Article.jpg?fit=512%2C512&resize=350%2C200","width":350,"height":200},"classes":[]},{"id":18051,"url":"http:\/\/batimedianews.com\/live\/index.php\/2022\/04\/05\/edilteco-group-partenaire-et-distributeur-exclusif-de-carboncure-pour-la-france-litalie-la-belgique-le-luxembourg-et-la-hollande\/","url_meta":{"origin":33870,"position":2},"title":"EDILTECO\u00ae Group partenaire et distributeur exclusif de CarbonCure pour la France, l\u2019Italie, la Belgique, le Luxembourg et la Hollande.","date":"5 avril 2022","format":false,"excerpt":"Edilteco\u00ae Group a conclu un partenariat de distributeur exclusif avec la soci\u00e9t\u00e9 de technologie d\u2019\u00e9limination du carbone \" CarbonCure Technologies \". Ce partenariat va permettre \u00e0 Edilteco\u00ae Group d\u2019offrir \u00e0 ses clients des solutions innovantes et \u00e9prouv\u00e9es pour la r\u00e9duction de leur empreinte carbone dans la construction. S\u2019inscrivant dans sa\u2026","rel":"","context":"Dans &quot;Actualit\u00e9 Entreprises&quot;","img":{"alt_text":"","src":"https:\/\/i2.wp.com\/batimedianews.com\/live\/wp-content\/uploads\/2022\/03\/Edilteco-Article.jpg?fit=512%2C512&resize=350%2C200","width":350,"height":200},"classes":[]},{"id":714,"url":"http:\/\/batimedianews.com\/live\/index.php\/2018\/12\/20\/protectonnect-la-nouvelle-solution-iot-eco-responsable-presentee-au-ces-2019\/","url_meta":{"origin":33870,"position":3},"title":"Protectonnect : la nouvelle solution IoT \u00e9co-responsable pr\u00e9sent\u00e9e au CES 2019","date":"20 d\u00e9cembre 2018","format":false,"excerpt":"La start-up Protecto lance sa nouvelle solution PROTECTONNECT. Ce dispositif grand public unique permet la protection et l\u2019isolation contre le\u00a0gel des compteurs d\u2019eau jusqu\u2019\u00e0 -24\u00b0C avec un syst\u00e8me int\u00e9gr\u00e9 de d\u00e9tection de\u00a0fuite en temps r\u00e9el sur les installations d\u2019eau des habitations et b\u00e2timents. Cette innovation certifi\u00e9e et brevet\u00e9e qui a\u2026","rel":"","context":"Dans &quot;Batiment connect\u00e9&quot;","img":{"alt_text":"","src":"https:\/\/i2.wp.com\/batimedianews.com\/live\/wp-content\/uploads\/2019\/08\/protecto2.jpg?fit=602%2C428&resize=350%2C200","width":350,"height":200},"classes":[]},{"id":768,"url":"http:\/\/batimedianews.com\/live\/index.php\/2019\/01\/10\/tuya-smart-presente-ses-solutions-de-securite-domestique-et-de-bureau-intelligent-au-salon-ces-2019\/","url_meta":{"origin":33870,"position":4},"title":"Tuya Smart pr\u00e9sente ses solutions de s\u00e9curit\u00e9 domestique et de bureau intelligent au salon CES 2019","date":"10 janvier 2019","format":false,"excerpt":"\u00a0A cette occasion, Tuya pr\u00e9sente deux nouveaut\u00e9s produits\u00a0: l\u2019AI Video Doorbell et AI Pad \u00a0 Las Vegas, le 10 janvier 2019. Tuya Smart, une plate-forme de d\u00e9veloppement \"AI + IoT\" permettant aux fabricants de transformer des produits ordinaires en appareils intelligents. Dans le cadre du\u00a0 CES 2019, ils annoncent deux\u2026","rel":"","context":"Dans &quot;Actualit\u00e9 Entreprises&quot;","img":{"alt_text":"","src":"","width":0,"height":0},"classes":[]},{"id":25862,"url":"http:\/\/batimedianews.com\/live\/index.php\/2023\/02\/01\/edilteco-france-publie-une-charte-pour-la-bonne-utilisation-des-gammes-plancher-et-isolants-de-facade-ainsi-quune-serie-de-fiches-applicatives-pour-les-centrales-a-beton\/","url_meta":{"origin":33870,"position":5},"title":"EDILTECO\u00ae France publie une charte pour la bonne utilisation des gammes plancher et isolants de fa\u00e7ade ainsi qu\u2019une s\u00e9rie de fiches applicatives pour les centrales \u00e0 b\u00e9ton","date":"1 f\u00e9vrier 2023","format":false,"excerpt":"EDILTECO\u00ae France entame l\u2019ann\u00e9e 2023 sous le signe du conseil et de l\u2019accompagnement. L\u2019entreprise qui met un point d\u2019honneur \u00e0 concevoir des produits et solutions de qualit\u00e9 et dont la bonne conception et les performances sont certifi\u00e9es, entend conseiller, pr\u00e9venir et accompagner ses clients dans les bonnes pratiques et utilisations\u2026","rel":"","context":"Dans &quot;B\u00e9ton&quot;","img":{"alt_text":"","src":"https:\/\/i2.wp.com\/batimedianews.com\/live\/wp-content\/uploads\/2023\/01\/Edilteco-Article.jpg?fit=1080%2C1080&resize=350%2C200","width":350,"height":200},"classes":[]}],"_links":{"self":[{"href":"http:\/\/batimedianews.com\/live\/index.php\/wp-json\/wp\/v2\/posts\/33870"}],"collection":[{"href":"http:\/\/batimedianews.com\/live\/index.php\/wp-json\/wp\/v2\/posts"}],"about":[{"href":"http:\/\/batimedianews.com\/live\/index.php\/wp-json\/wp\/v2\/types\/post"}],"author":[{"embeddable":true,"href":"http:\/\/batimedianews.com\/live\/index.php\/wp-json\/wp\/v2\/users\/41"}],"replies":[{"embeddable":true,"href":"http:\/\/batimedianews.com\/live\/index.php\/wp-json\/wp\/v2\/comments?post=33870"}],"version-history":[{"count":2,"href":"http:\/\/batimedianews.com\/live\/index.php\/wp-json\/wp\/v2\/posts\/33870\/revisions"}],"predecessor-version":[{"id":33896,"href":"http:\/\/batimedianews.com\/live\/index.php\/wp-json\/wp\/v2\/posts\/33870\/revisions\/33896"}],"wp:featuredmedia":[{"embeddable":true,"href":"http:\/\/batimedianews.com\/live\/index.php\/wp-json\/wp\/v2\/media\/33877"}],"wp:attachment":[{"href":"http:\/\/batimedianews.com\/live\/index.php\/wp-json\/wp\/v2\/media?parent=33870"}],"wp:term":[{"taxonomy":"category","embeddable":true,"href":"http:\/\/batimedianews.com\/live\/index.php\/wp-json\/wp\/v2\/categories?post=33870"},{"taxonomy":"post_tag","embeddable":true,"href":"http:\/\/batimedianews.com\/live\/index.php\/wp-json\/wp\/v2\/tags?post=33870"}],"curies":[{"name":"wp","href":"https:\/\/api.w.org\/{rel}","templated":true}]}}