{"id":33910,"date":"2023-12-14T17:44:45","date_gmt":"2023-12-14T16:44:45","guid":{"rendered":"https:\/\/batimedianews.com\/live\/?p=33910"},"modified":"2024-06-04T14:09:31","modified_gmt":"2024-06-04T12:09:31","slug":"a-energaia-2023-le-photovoltaique-domine-nettement","status":"publish","type":"post","link":"http:\/\/batimedianews.com\/live\/index.php\/2023\/12\/14\/a-energaia-2023-le-photovoltaique-domine-nettement\/","title":{"rendered":"A Energa\u00efa 2023, le photovolta\u00efque domine nettement"},"content":{"rendered":"\n<figure class=\"wp-block-image size-large\"><img loading=\"lazy\" width=\"720\" height=\"540\" src=\"https:\/\/i1.wp.com\/batimedianews.com\/live\/wp-content\/uploads\/2023\/12\/01-energaia-2-1024x768.jpg?resize=720%2C540&#038;ssl=1\" alt=\"\" class=\"wp-image-33911\" srcset=\"https:\/\/i1.wp.com\/batimedianews.com\/live\/wp-content\/uploads\/2023\/12\/01-energaia-2-scaled.jpg?resize=1024%2C768 1024w, https:\/\/i1.wp.com\/batimedianews.com\/live\/wp-content\/uploads\/2023\/12\/01-energaia-2-scaled.jpg?resize=600%2C450 600w, https:\/\/i1.wp.com\/batimedianews.com\/live\/wp-content\/uploads\/2023\/12\/01-energaia-2-scaled.jpg?resize=768%2C576 768w, https:\/\/i1.wp.com\/batimedianews.com\/live\/wp-content\/uploads\/2023\/12\/01-energaia-2-scaled.jpg?resize=1536%2C1152 1536w, https:\/\/i1.wp.com\/batimedianews.com\/live\/wp-content\/uploads\/2023\/12\/01-energaia-2-scaled.jpg?resize=2048%2C1536 2048w, https:\/\/i1.wp.com\/batimedianews.com\/live\/wp-content\/uploads\/2023\/12\/01-energaia-2-scaled.jpg?resize=10%2C8 10w, https:\/\/i1.wp.com\/batimedianews.com\/live\/wp-content\/uploads\/2023\/12\/01-energaia-2-scaled.jpg?resize=432%2C324 432w, https:\/\/i1.wp.com\/batimedianews.com\/live\/wp-content\/uploads\/2023\/12\/01-energaia-2-scaled.jpg?resize=396%2C297 396w, https:\/\/i1.wp.com\/batimedianews.com\/live\/wp-content\/uploads\/2023\/12\/01-energaia-2-scaled.jpg?resize=1120%2C840 1120w, https:\/\/i1.wp.com\/batimedianews.com\/live\/wp-content\/uploads\/2023\/12\/01-energaia-2-scaled.jpg?resize=660%2C495 660w, https:\/\/i1.wp.com\/batimedianews.com\/live\/wp-content\/uploads\/2023\/12\/01-energaia-2-scaled.jpg?resize=293%2C220 293w, https:\/\/i1.wp.com\/batimedianews.com\/live\/wp-content\/uploads\/2023\/12\/01-energaia-2-scaled.jpg?w=1440 1440w, https:\/\/i1.wp.com\/batimedianews.com\/live\/wp-content\/uploads\/2023\/12\/01-energaia-2-scaled.jpg?w=2160 2160w\" sizes=\"(max-width: 600px) 91vw, (max-width: 900px) 600px, (max-width: 1060px) 50vw, (max-width: 1200px) 520px, (max-width: 1400px) 43vw, 600px\" data-recalc-dims=\"1\" \/><figcaption>Pascal Poggi pour batimedia<\/figcaption><\/figure>\n\n\n\n<p>Au Forum Energa\u00efa 2023, on trouve tout pour le photovolta\u00efque&nbsp;: des monteurs d\u2019affaires qui s\u2019occupent notamment de tous les aspects administratifs pour les grandes installations en toiture ou au sol, des banques pour le financement, des distributeurs sp\u00e9cialis\u00e9s, des modules photovolta\u00efques, des solutions de fixation, du stockage d\u2019\u00e9lectricit\u00e9, des onduleurs, de la supervision, \u2026 doc. PP<\/p>\n\n\n\n<p>Nous poursuivons notre exploration des exposants fran\u00e7ais, en commen\u00e7ant par le distributeur sp\u00e9cialis\u00e9 Voltan\u00e9o.<\/p>\n\n\n\n<p><strong>La vision de Voltan\u00e9o<\/strong><\/p>\n\n\n\n<p>Voltan\u00e9o est un distributeur sp\u00e9cialis\u00e9 en solutions photovolta\u00efques pour les professionnels. Nous avons rencontr\u00e9 Caroline Bellon, leur directrice financi\u00e8re. Elle nous a propos\u00e9 une vision synth\u00e9tique des r\u00e9cents soubresauts du march\u00e9 du photovolta\u00efque en France. Voltan\u00e9o ne vend qu\u2019aux professionnels en France, en Belgique et en Suisse. Depuis l\u2019invasion de l\u2019Ukraine, explique-t-elle, le march\u00e9 a connu deux temps tr\u00e8s diff\u00e9rents.<\/p>\n\n\n\n<p>Au d\u00e9but, le client final craignait \u00e0 la fois la p\u00e9nurie d\u2019\u00e9lectricit\u00e9 et m\u00eame le risque de coupure. Ce qui a suscit\u00e9 une demande effr\u00e9n\u00e9e. Le client final voulait du photovolta\u00efque sur son toit, parfois un stockage et m\u00eame un secours \u00e9lectrique en cas de coupure du r\u00e9seau. Pour les particuliers, le secours \u00e9lectrique est largement illusoire. Les installateurs, clients de Voltan\u00e9o \u00e9taient satur\u00e9s de commandes et Voltan\u00e9o a vendu plus que jamais. Le Chiffres d\u2019Affaires de Voltan\u00e9o est pass\u00e9 de 16 \u00e0 100 M\u20ac en deux ans.<\/p>\n\n\n\n<p>Second temps, depuis un an environ, la demande est toujours soutenue. Mais le march\u00e9 fran\u00e7ais et europ\u00e9en est satur\u00e9 par une invasion massive de mat\u00e9riel. Du coup les prix de gros baissent, mais ils restent \u00e9lev\u00e9s pour le client final. Les installateurs ont des carnets de commande pleins pour les 8 mois qui viennent.<\/p>\n\n\n\n<p>Selon Caroline Bellon, tout va plus vite sur le march\u00e9 du photovolta\u00efque qui subit en quelques mois des mouvements que les autres segments du b\u00e2timent ressentent en 5 \u00e0 8 ans.<\/p>\n\n\n\n<p>Le march\u00e9 du photovolta\u00efque demeure tr\u00e8s prometteur&nbsp;: le prix de l\u2019\u00e9lectricit\u00e9 continue de cro\u00eetre pour les clients domestiques. Pour les entreprises, il est en baisse pour l\u2019instant, mais l\u2019incertitude demeure forte quant \u00e0 son \u00e9volution. Et, souligne-t-elle, le photovolta\u00efque en autoconsommation, techniquement d\u00e9ployable sur pratiquement tous les toits de France, offre une r\u00e9ponse en termes de prix et, surtout, de certitude sur la stabilit\u00e9 du prix du kWh. Une fois install\u00e9, un syst\u00e8me photovolta\u00efque en autoconsommation s\u2019amortit tranquillement sur 20 ans ou plus. Le prix de revient du kWh demeure stable.<\/p>\n\n\n\n<p><strong>Le stockage fr\u00e9mit<\/strong><\/p>\n\n\n\n<p>Selon Caroline Bellon de Voltan\u00e9o, la demande pour des solutions de stockage domestique augmente depuis environ 6 mois. Mais il demeure encore trop cher pour la plupart des clients domestiques. Elle estime qu\u2019une installation PV de 18 kWc avec un stockage Huawei de 18 kWh, par exemple, revient \u00e0 10\u00a0000 \u20ac de fourniture, plus 10\u00a0000 \u20ac de mise en \u0153uvre. Donc Voltan\u00e9o sent une augmentation de la demande de stockage, mais celui-ci ne repr\u00e9sente pas encore 5% de son Chiffre d\u2019Affaires.<\/p>\n\n\n\n<figure class=\"wp-block-image size-large\"><img loading=\"lazy\" width=\"720\" height=\"960\" src=\"https:\/\/i0.wp.com\/batimedianews.com\/live\/wp-content\/uploads\/2023\/12\/07-energaia-2-1-768x1024.jpg?resize=720%2C960&#038;ssl=1\" alt=\"\" class=\"wp-image-33913\" srcset=\"https:\/\/i2.wp.com\/batimedianews.com\/live\/wp-content\/uploads\/2023\/12\/07-energaia-2-1-scaled.jpg?resize=768%2C1024 768w, https:\/\/i2.wp.com\/batimedianews.com\/live\/wp-content\/uploads\/2023\/12\/07-energaia-2-1-scaled.jpg?resize=450%2C600 450w, https:\/\/i2.wp.com\/batimedianews.com\/live\/wp-content\/uploads\/2023\/12\/07-energaia-2-1-scaled.jpg?resize=1152%2C1536 1152w, https:\/\/i2.wp.com\/batimedianews.com\/live\/wp-content\/uploads\/2023\/12\/07-energaia-2-1-scaled.jpg?resize=1536%2C2048 1536w, https:\/\/i2.wp.com\/batimedianews.com\/live\/wp-content\/uploads\/2023\/12\/07-energaia-2-1-scaled.jpg?resize=8%2C10 8w, https:\/\/i2.wp.com\/batimedianews.com\/live\/wp-content\/uploads\/2023\/12\/07-energaia-2-1-scaled.jpg?resize=432%2C576 432w, https:\/\/i2.wp.com\/batimedianews.com\/live\/wp-content\/uploads\/2023\/12\/07-energaia-2-1-scaled.jpg?resize=396%2C528 396w, https:\/\/i2.wp.com\/batimedianews.com\/live\/wp-content\/uploads\/2023\/12\/07-energaia-2-1-scaled.jpg?resize=1120%2C1493 1120w, https:\/\/i2.wp.com\/batimedianews.com\/live\/wp-content\/uploads\/2023\/12\/07-energaia-2-1-scaled.jpg?resize=660%2C880 660w, https:\/\/i2.wp.com\/batimedianews.com\/live\/wp-content\/uploads\/2023\/12\/07-energaia-2-1-scaled.jpg?resize=165%2C220 165w, https:\/\/i2.wp.com\/batimedianews.com\/live\/wp-content\/uploads\/2023\/12\/07-energaia-2-1-scaled.jpg?w=1920 1920w, https:\/\/i2.wp.com\/batimedianews.com\/live\/wp-content\/uploads\/2023\/12\/07-energaia-2-1-scaled.jpg?w=1440 1440w\" sizes=\"(max-width: 600px) 91vw, (max-width: 900px) 600px, (max-width: 1060px) 50vw, (max-width: 1200px) 520px, (max-width: 1400px) 43vw, 600px\" data-recalc-dims=\"1\" \/><figcaption>Pascal Poggi pour batimedia<\/figcaption><\/figure>\n\n\n\n<p>C\u00f4t\u00e9 technologie, le modules PV monocristallin repr\u00e9sente la totalit\u00e9 des ventes de modules chez Voltan\u00e9o qui travaille avec les marques les plus respect\u00e9es, de Voltec Solar \u00e0 Sunpower (Maxeon Solar Technologies), en passant par DMEGC Solar, TrinaSolar, LongiSolar et Systovi. Doc. PP<\/p>\n\n\n\n<figure class=\"wp-block-image size-large\"><img loading=\"lazy\" width=\"720\" height=\"960\" src=\"https:\/\/i0.wp.com\/batimedianews.com\/live\/wp-content\/uploads\/2023\/12\/08-energaia-2-768x1024.jpg?resize=720%2C960&#038;ssl=1\" alt=\"\" class=\"wp-image-33914\" srcset=\"https:\/\/i1.wp.com\/batimedianews.com\/live\/wp-content\/uploads\/2023\/12\/08-energaia-2-scaled.jpg?resize=768%2C1024 768w, https:\/\/i1.wp.com\/batimedianews.com\/live\/wp-content\/uploads\/2023\/12\/08-energaia-2-scaled.jpg?resize=450%2C600 450w, https:\/\/i1.wp.com\/batimedianews.com\/live\/wp-content\/uploads\/2023\/12\/08-energaia-2-scaled.jpg?resize=1152%2C1536 1152w, https:\/\/i1.wp.com\/batimedianews.com\/live\/wp-content\/uploads\/2023\/12\/08-energaia-2-scaled.jpg?resize=1536%2C2048 1536w, https:\/\/i1.wp.com\/batimedianews.com\/live\/wp-content\/uploads\/2023\/12\/08-energaia-2-scaled.jpg?resize=8%2C10 8w, https:\/\/i1.wp.com\/batimedianews.com\/live\/wp-content\/uploads\/2023\/12\/08-energaia-2-scaled.jpg?resize=432%2C576 432w, https:\/\/i1.wp.com\/batimedianews.com\/live\/wp-content\/uploads\/2023\/12\/08-energaia-2-scaled.jpg?resize=396%2C528 396w, https:\/\/i1.wp.com\/batimedianews.com\/live\/wp-content\/uploads\/2023\/12\/08-energaia-2-scaled.jpg?resize=1120%2C1493 1120w, https:\/\/i1.wp.com\/batimedianews.com\/live\/wp-content\/uploads\/2023\/12\/08-energaia-2-scaled.jpg?resize=660%2C880 660w, https:\/\/i1.wp.com\/batimedianews.com\/live\/wp-content\/uploads\/2023\/12\/08-energaia-2-scaled.jpg?resize=165%2C220 165w, https:\/\/i1.wp.com\/batimedianews.com\/live\/wp-content\/uploads\/2023\/12\/08-energaia-2-scaled.jpg?w=1920 1920w, https:\/\/i1.wp.com\/batimedianews.com\/live\/wp-content\/uploads\/2023\/12\/08-energaia-2-scaled.jpg?w=1440 1440w\" sizes=\"(max-width: 600px) 91vw, (max-width: 900px) 600px, (max-width: 1060px) 50vw, (max-width: 1200px) 520px, (max-width: 1400px) 43vw, 600px\" data-recalc-dims=\"1\" \/><figcaption>Pascal Poggi pour batimedia<\/figcaption><\/figure>\n\n\n\n<p>En ce qui concerne les onduleurs, Voltan\u00e9o commercialise les gammes de Sungrow, SMA, APsystems, Enphase, Kostal, Fronius, Goodwe, Solar edge, \u2026<\/p>\n\n\n\n<p>Le segment du march\u00e9 du photovolta\u00efque en plein d\u00e9collage est celui de l\u2019autoconsommation en industrie et en tertiaire. Le march\u00e9 en est \u00e0 ses d\u00e9buts, mais il n\u2019est plus pouss\u00e9 par les directions RSE \u00e0 la recherche de vertitude, mais plut\u00f4t financiers des entreprises, alarm\u00e9s par le co\u00fbt de l\u2019\u00e9lectricit\u00e9. Ce qui, selon Caroline Bellon, change tout.<\/p>\n\n\n\n<p><strong>Technideal, du coffret au stockage d\u2019\u00e9lectricit\u00e9 pour l\u2019autoconsommation<\/strong><\/p>\n\n\n\n<p>Nous avons retrouv\u00e9 Technideal \u00e0 Energa\u00efa, apr\u00e8s les avoir crois\u00e9s \u00e0 Artibat \u00e0 Rennes. Leur prochain salon sera OpenEnergies, les 23 et 24 janvier prochains, un salon consacr\u00e9 \u00e0 la production photovolta\u00efque, \u00e0 l\u2019autoconsommation et au pilotage de l\u2019\u00e9nergie.<\/p>\n\n\n\n<figure class=\"wp-block-image size-large\"><img loading=\"lazy\" width=\"720\" height=\"540\" src=\"https:\/\/i2.wp.com\/batimedianews.com\/live\/wp-content\/uploads\/2023\/12\/13-energaia-2-1024x768.jpg?resize=720%2C540&#038;ssl=1\" alt=\"\" class=\"wp-image-33915\" srcset=\"https:\/\/i2.wp.com\/batimedianews.com\/live\/wp-content\/uploads\/2023\/12\/13-energaia-2-scaled.jpg?resize=1024%2C768 1024w, https:\/\/i2.wp.com\/batimedianews.com\/live\/wp-content\/uploads\/2023\/12\/13-energaia-2-scaled.jpg?resize=600%2C450 600w, https:\/\/i2.wp.com\/batimedianews.com\/live\/wp-content\/uploads\/2023\/12\/13-energaia-2-scaled.jpg?resize=768%2C576 768w, https:\/\/i2.wp.com\/batimedianews.com\/live\/wp-content\/uploads\/2023\/12\/13-energaia-2-scaled.jpg?resize=1536%2C1152 1536w, https:\/\/i2.wp.com\/batimedianews.com\/live\/wp-content\/uploads\/2023\/12\/13-energaia-2-scaled.jpg?resize=2048%2C1536 2048w, https:\/\/i2.wp.com\/batimedianews.com\/live\/wp-content\/uploads\/2023\/12\/13-energaia-2-scaled.jpg?resize=10%2C8 10w, https:\/\/i2.wp.com\/batimedianews.com\/live\/wp-content\/uploads\/2023\/12\/13-energaia-2-scaled.jpg?resize=432%2C324 432w, https:\/\/i2.wp.com\/batimedianews.com\/live\/wp-content\/uploads\/2023\/12\/13-energaia-2-scaled.jpg?resize=396%2C297 396w, https:\/\/i2.wp.com\/batimedianews.com\/live\/wp-content\/uploads\/2023\/12\/13-energaia-2-scaled.jpg?resize=1120%2C840 1120w, https:\/\/i2.wp.com\/batimedianews.com\/live\/wp-content\/uploads\/2023\/12\/13-energaia-2-scaled.jpg?resize=660%2C495 660w, https:\/\/i2.wp.com\/batimedianews.com\/live\/wp-content\/uploads\/2023\/12\/13-energaia-2-scaled.jpg?resize=293%2C220 293w, https:\/\/i2.wp.com\/batimedianews.com\/live\/wp-content\/uploads\/2023\/12\/13-energaia-2-scaled.jpg?w=1440 1440w, https:\/\/i2.wp.com\/batimedianews.com\/live\/wp-content\/uploads\/2023\/12\/13-energaia-2-scaled.jpg?w=2160 2160w\" sizes=\"(max-width: 600px) 91vw, (max-width: 900px) 600px, (max-width: 1060px) 50vw, (max-width: 1200px) 520px, (max-width: 1400px) 43vw, 600px\" data-recalc-dims=\"1\" \/><figcaption>Pascal Poggi pour batimedia<\/figcaption><\/figure>\n\n\n\n<p>N\u00e9e \u00e0 Brest en 2007, Technideal vient du coffret \u00e9lectrique. L\u2019entreprise, en tant que tableautier, est num\u00e9ro trois en France. Elle a assembl\u00e9 90&nbsp;000 tableaux \u00e9lectriques en 2023, contre 28&nbsp;000 en 2020. Son Chiffres d\u2019Affaires atteint 19,3 M\u20ac en 2023, contre 12,2 M\u20ac en 2020. Cette croissance est largement due au d\u00e9veloppement du solaire photovolta\u00efque. Doc. PP<\/p>\n\n\n\n<p>Technideal a aid\u00e9 Im\u00e9on, un autre breton concepteur et fabricant d\u2019onduleurs hybrides \u00e0 se lancer il y a 10 ans. Notamment en incorporant d\u00e8s 2013, les onduleurs Im\u00e9on dans ses armoires de stockage Billy, destin\u00e9es au march\u00e9 domestique et petit tertiaire.<\/p>\n\n\n\n<figure class=\"wp-block-image size-large\"><img loading=\"lazy\" width=\"720\" height=\"960\" src=\"https:\/\/i1.wp.com\/batimedianews.com\/live\/wp-content\/uploads\/2023\/12\/15-energaia-2-768x1024.jpg?resize=720%2C960&#038;ssl=1\" alt=\"\" class=\"wp-image-33916\" srcset=\"https:\/\/i0.wp.com\/batimedianews.com\/live\/wp-content\/uploads\/2023\/12\/15-energaia-2-scaled.jpg?resize=768%2C1024 768w, https:\/\/i0.wp.com\/batimedianews.com\/live\/wp-content\/uploads\/2023\/12\/15-energaia-2-scaled.jpg?resize=450%2C600 450w, https:\/\/i0.wp.com\/batimedianews.com\/live\/wp-content\/uploads\/2023\/12\/15-energaia-2-scaled.jpg?resize=1152%2C1536 1152w, https:\/\/i0.wp.com\/batimedianews.com\/live\/wp-content\/uploads\/2023\/12\/15-energaia-2-scaled.jpg?resize=1536%2C2048 1536w, https:\/\/i0.wp.com\/batimedianews.com\/live\/wp-content\/uploads\/2023\/12\/15-energaia-2-scaled.jpg?resize=8%2C10 8w, https:\/\/i0.wp.com\/batimedianews.com\/live\/wp-content\/uploads\/2023\/12\/15-energaia-2-scaled.jpg?resize=432%2C576 432w, https:\/\/i0.wp.com\/batimedianews.com\/live\/wp-content\/uploads\/2023\/12\/15-energaia-2-scaled.jpg?resize=396%2C528 396w, https:\/\/i0.wp.com\/batimedianews.com\/live\/wp-content\/uploads\/2023\/12\/15-energaia-2-scaled.jpg?resize=1120%2C1493 1120w, https:\/\/i0.wp.com\/batimedianews.com\/live\/wp-content\/uploads\/2023\/12\/15-energaia-2-scaled.jpg?resize=660%2C880 660w, https:\/\/i0.wp.com\/batimedianews.com\/live\/wp-content\/uploads\/2023\/12\/15-energaia-2-scaled.jpg?resize=165%2C220 165w, https:\/\/i0.wp.com\/batimedianews.com\/live\/wp-content\/uploads\/2023\/12\/15-energaia-2-scaled.jpg?w=1920 1920w, https:\/\/i0.wp.com\/batimedianews.com\/live\/wp-content\/uploads\/2023\/12\/15-energaia-2-scaled.jpg?w=1440 1440w\" sizes=\"(max-width: 600px) 91vw, (max-width: 900px) 600px, (max-width: 1060px) 50vw, (max-width: 1200px) 520px, (max-width: 1400px) 43vw, 600px\" data-recalc-dims=\"1\" \/><figcaption>Pascal Poggi pour batimedia<\/figcaption><\/figure>\n\n\n\n<p>En 10 ans, Technideal et Im\u00e9on ont am\u00e9lior\u00e9 de 45% le rendement du stockage des armoires Billy contenant l\u2019onduleur Imeon. C\u2019est l\u2019une des rares solutions compl\u00e8tes, pr\u00eate \u00e0 poser, du march\u00e9&nbsp;: armoire, onduleur hybride Imeon de 3 kW, coffret AC, DC PV et DC batteries, batteries de stockage au Lithium-Fer Phosphate de 2,4 ou 4,8 kWh. Doc. PP<\/p>\n\n\n\n<p>Les batteries au Li-Fe Phosphate (LiFePo4) sont beaucoup plus s\u00fbres que les batteries Lithium-ion. Technideal propose \u00e9galement 4 packs autoconsommation monophas\u00e9s de 3 kW, avec des stockages de 2,4, 4,8, 7,2 ou 9,6 kWh, ainsi que 8 solutions autoconsommation monophas\u00e9es de 9 KW, avec des stockages de 2,4 \u00e0 19,2 kWh.<\/p>\n\n\n\n<figure class=\"wp-block-image size-large\"><img loading=\"lazy\" width=\"720\" height=\"540\" src=\"https:\/\/i1.wp.com\/batimedianews.com\/live\/wp-content\/uploads\/2023\/12\/16-energaia-2-1024x768.jpg?resize=720%2C540&#038;ssl=1\" alt=\"\" class=\"wp-image-33917\" srcset=\"https:\/\/i1.wp.com\/batimedianews.com\/live\/wp-content\/uploads\/2023\/12\/16-energaia-2-scaled.jpg?resize=1024%2C768 1024w, https:\/\/i1.wp.com\/batimedianews.com\/live\/wp-content\/uploads\/2023\/12\/16-energaia-2-scaled.jpg?resize=600%2C450 600w, https:\/\/i1.wp.com\/batimedianews.com\/live\/wp-content\/uploads\/2023\/12\/16-energaia-2-scaled.jpg?resize=768%2C576 768w, https:\/\/i1.wp.com\/batimedianews.com\/live\/wp-content\/uploads\/2023\/12\/16-energaia-2-scaled.jpg?resize=1536%2C1152 1536w, https:\/\/i1.wp.com\/batimedianews.com\/live\/wp-content\/uploads\/2023\/12\/16-energaia-2-scaled.jpg?resize=2048%2C1536 2048w, https:\/\/i1.wp.com\/batimedianews.com\/live\/wp-content\/uploads\/2023\/12\/16-energaia-2-scaled.jpg?resize=10%2C8 10w, https:\/\/i1.wp.com\/batimedianews.com\/live\/wp-content\/uploads\/2023\/12\/16-energaia-2-scaled.jpg?resize=432%2C324 432w, https:\/\/i1.wp.com\/batimedianews.com\/live\/wp-content\/uploads\/2023\/12\/16-energaia-2-scaled.jpg?resize=396%2C297 396w, https:\/\/i1.wp.com\/batimedianews.com\/live\/wp-content\/uploads\/2023\/12\/16-energaia-2-scaled.jpg?resize=1120%2C840 1120w, https:\/\/i1.wp.com\/batimedianews.com\/live\/wp-content\/uploads\/2023\/12\/16-energaia-2-scaled.jpg?resize=660%2C495 660w, https:\/\/i1.wp.com\/batimedianews.com\/live\/wp-content\/uploads\/2023\/12\/16-energaia-2-scaled.jpg?resize=293%2C220 293w, https:\/\/i1.wp.com\/batimedianews.com\/live\/wp-content\/uploads\/2023\/12\/16-energaia-2-scaled.jpg?w=1440 1440w, https:\/\/i1.wp.com\/batimedianews.com\/live\/wp-content\/uploads\/2023\/12\/16-energaia-2-scaled.jpg?w=2160 2160w\" sizes=\"(max-width: 600px) 91vw, (max-width: 900px) 600px, (max-width: 1060px) 50vw, (max-width: 1200px) 520px, (max-width: 1400px) 43vw, 600px\" data-recalc-dims=\"1\" \/><figcaption>Pascal Poggi pour batimedia<\/figcaption><\/figure>\n\n\n\n<p>L\u2019une des nouveaut\u00e9s de Technideal \u00e0 Energa\u00efa est la gamme de Shelters pour installations PV. Ce sont des armoires \u00e9lectriques, pr\u00e9-\u00e9quip\u00e9es, pour des puissances de 250 kW et plus. Elles contiennent un sectionneur, un bornier de raccordement, des disjoncteurs et un rail DIN pour la pose d\u2019automates de monitoring. Doc. PP<\/p>\n\n\n\n<p><strong>Imeon Energy se lance dans le stockage<\/strong><\/p>\n\n\n\n<p>Imeon Energy, le petit breton, inventeur du meilleur onduleur hybride du march\u00e9, vient de s\u2019introduire en bourse sur le march\u00e9 EURONEXT GROWTH. Dans le langage d\u2019Imeon son onduleur est hybride parce qu\u2019il assure \u00e0 la fois la transformation DC\/AC de la production photovolta\u00efque, le chargement, le d\u00e9chargement d\u2019un stockage d\u2019\u00e9nergie.<\/p>\n\n\n\n<p>Gr\u00e2ce \u00e0 cette introduction en bourse, IMEON ENERGY va pouvoir acc\u00e9l\u00e9rer la sortie de nouveaux produits pour \u00e9largir sa gamme et toucher les utilisateurs finaux, aussi bien dans les applications r\u00e9sidentielles, qu\u2019industrielles et commerciales. Au cours des cinq prochains exercices, la soci\u00e9t\u00e9 Brestoise pr\u00e9voit de se d\u00e9velopper en Suisse, en Allemagne, en Italie, en Espagne et aux Etats-Unis en ouvrant localement des centres techniques afin de g\u00e9rer les aspects li\u00e9s au support client et au service apr\u00e8s-vente au plus pr\u00e8s des utilisateurs. IMEON ENERGY ambitionne d\u2019atteindre un chiffre d\u2019affaires de 82M\u20ac \u00e0 l\u2019horizon 2028, contre 4 M\u20ac en 2023. Dans l\u2019intervalle, les effectifs passeront de 17 en 2023 \u00e0 100 sur le site de Brest.<\/p>\n\n\n\n<figure class=\"wp-block-image size-large\"><img loading=\"lazy\" width=\"720\" height=\"960\" src=\"https:\/\/i1.wp.com\/batimedianews.com\/live\/wp-content\/uploads\/2023\/12\/14-energaia-2-768x1024.jpg?resize=720%2C960&#038;ssl=1\" alt=\"\" class=\"wp-image-33918\" srcset=\"https:\/\/i2.wp.com\/batimedianews.com\/live\/wp-content\/uploads\/2023\/12\/14-energaia-2-scaled.jpg?resize=768%2C1024 768w, https:\/\/i2.wp.com\/batimedianews.com\/live\/wp-content\/uploads\/2023\/12\/14-energaia-2-scaled.jpg?resize=450%2C600 450w, https:\/\/i2.wp.com\/batimedianews.com\/live\/wp-content\/uploads\/2023\/12\/14-energaia-2-scaled.jpg?resize=1152%2C1536 1152w, https:\/\/i2.wp.com\/batimedianews.com\/live\/wp-content\/uploads\/2023\/12\/14-energaia-2-scaled.jpg?resize=1536%2C2048 1536w, https:\/\/i2.wp.com\/batimedianews.com\/live\/wp-content\/uploads\/2023\/12\/14-energaia-2-scaled.jpg?resize=8%2C10 8w, https:\/\/i2.wp.com\/batimedianews.com\/live\/wp-content\/uploads\/2023\/12\/14-energaia-2-scaled.jpg?resize=432%2C576 432w, https:\/\/i2.wp.com\/batimedianews.com\/live\/wp-content\/uploads\/2023\/12\/14-energaia-2-scaled.jpg?resize=396%2C528 396w, https:\/\/i2.wp.com\/batimedianews.com\/live\/wp-content\/uploads\/2023\/12\/14-energaia-2-scaled.jpg?resize=1120%2C1493 1120w, https:\/\/i2.wp.com\/batimedianews.com\/live\/wp-content\/uploads\/2023\/12\/14-energaia-2-scaled.jpg?resize=660%2C880 660w, https:\/\/i2.wp.com\/batimedianews.com\/live\/wp-content\/uploads\/2023\/12\/14-energaia-2-scaled.jpg?resize=165%2C220 165w, https:\/\/i2.wp.com\/batimedianews.com\/live\/wp-content\/uploads\/2023\/12\/14-energaia-2-scaled.jpg?w=1920 1920w, https:\/\/i2.wp.com\/batimedianews.com\/live\/wp-content\/uploads\/2023\/12\/14-energaia-2-scaled.jpg?w=1440 1440w\" sizes=\"(max-width: 600px) 91vw, (max-width: 900px) 600px, (max-width: 1060px) 50vw, (max-width: 1200px) 520px, (max-width: 1400px) 43vw, 600px\" data-recalc-dims=\"1\" \/><figcaption>Pascal Poggi pour batimedia<\/figcaption><\/figure>\n\n\n\n<p>A Energa\u00efa, Imeon Energy met en avant son onduleur Smart-Grid, une solution tout-en-un pour une gestion multi-sources des \u00e9nergies\u00a0: autoconsommation, stockage d\u2019\u00e9lectricit\u00e9, secours \u00e9lectrique en cas de coupure, injecter sur le r\u00e9seau ou bien acheter au r\u00e9seau, \u2026 l\u2019onduleur Smart-Grid pilote toutes ces fonctions, offre \u00e0 l\u2019utilisateur final un suivi en ligne d\u00e9taill\u00e9 gr\u00e2ce \u00e0 une application. L\u2019onduleur est disponible en deux mod\u00e8les de 3 ou de 9 kW, avec des puissances maximales de sortie pendant trois secondes de 6 ou 12 kW. Doc. PP<\/p>\n\n\n\n<figure class=\"wp-block-image size-large\"><img loading=\"lazy\" width=\"720\" height=\"960\" src=\"https:\/\/i1.wp.com\/batimedianews.com\/live\/wp-content\/uploads\/2023\/12\/18-energaia-2-768x1024.jpg?resize=720%2C960&#038;ssl=1\" alt=\"\" class=\"wp-image-33919\" srcset=\"https:\/\/i0.wp.com\/batimedianews.com\/live\/wp-content\/uploads\/2023\/12\/18-energaia-2-scaled.jpg?resize=768%2C1024 768w, https:\/\/i0.wp.com\/batimedianews.com\/live\/wp-content\/uploads\/2023\/12\/18-energaia-2-scaled.jpg?resize=450%2C600 450w, https:\/\/i0.wp.com\/batimedianews.com\/live\/wp-content\/uploads\/2023\/12\/18-energaia-2-scaled.jpg?resize=1152%2C1536 1152w, https:\/\/i0.wp.com\/batimedianews.com\/live\/wp-content\/uploads\/2023\/12\/18-energaia-2-scaled.jpg?resize=1536%2C2048 1536w, https:\/\/i0.wp.com\/batimedianews.com\/live\/wp-content\/uploads\/2023\/12\/18-energaia-2-scaled.jpg?resize=8%2C10 8w, https:\/\/i0.wp.com\/batimedianews.com\/live\/wp-content\/uploads\/2023\/12\/18-energaia-2-scaled.jpg?resize=432%2C576 432w, https:\/\/i0.wp.com\/batimedianews.com\/live\/wp-content\/uploads\/2023\/12\/18-energaia-2-scaled.jpg?resize=396%2C528 396w, https:\/\/i0.wp.com\/batimedianews.com\/live\/wp-content\/uploads\/2023\/12\/18-energaia-2-scaled.jpg?resize=1120%2C1493 1120w, https:\/\/i0.wp.com\/batimedianews.com\/live\/wp-content\/uploads\/2023\/12\/18-energaia-2-scaled.jpg?resize=660%2C880 660w, https:\/\/i0.wp.com\/batimedianews.com\/live\/wp-content\/uploads\/2023\/12\/18-energaia-2-scaled.jpg?resize=165%2C220 165w, https:\/\/i0.wp.com\/batimedianews.com\/live\/wp-content\/uploads\/2023\/12\/18-energaia-2-scaled.jpg?w=1920 1920w, https:\/\/i0.wp.com\/batimedianews.com\/live\/wp-content\/uploads\/2023\/12\/18-energaia-2-scaled.jpg?w=1440 1440w\" sizes=\"(max-width: 600px) 91vw, (max-width: 900px) 600px, (max-width: 1060px) 50vw, (max-width: 1200px) 520px, (max-width: 1400px) 43vw, 600px\" data-recalc-dims=\"1\" \/><figcaption>Pascal Poggi pour batimedia<\/figcaption><\/figure>\n\n\n\n<p>Dehors, sur le parking, Imeon montre son nouveau concept X-ESS. C\u2019est une solution tout-en-n, elle aussi, pour les environnements extr\u00eames\u00a0: des armoires int\u00e9grant l\u2019onduleur, l\u2019\u00e9lectronique de puissance et le stockage, garanties 10 ans et con\u00e7ues pour une installation ext\u00e9rieure. Doc. PP<\/p>\n\n\n\n<figure class=\"wp-block-image size-large\"><img loading=\"lazy\" width=\"720\" height=\"540\" src=\"https:\/\/i2.wp.com\/batimedianews.com\/live\/wp-content\/uploads\/2023\/12\/19-energaia-2-1024x768.jpg?resize=720%2C540&#038;ssl=1\" alt=\"\" class=\"wp-image-33920\" srcset=\"https:\/\/i1.wp.com\/batimedianews.com\/live\/wp-content\/uploads\/2023\/12\/19-energaia-2-scaled.jpg?resize=1024%2C768 1024w, https:\/\/i1.wp.com\/batimedianews.com\/live\/wp-content\/uploads\/2023\/12\/19-energaia-2-scaled.jpg?resize=600%2C450 600w, https:\/\/i1.wp.com\/batimedianews.com\/live\/wp-content\/uploads\/2023\/12\/19-energaia-2-scaled.jpg?resize=768%2C576 768w, https:\/\/i1.wp.com\/batimedianews.com\/live\/wp-content\/uploads\/2023\/12\/19-energaia-2-scaled.jpg?resize=1536%2C1152 1536w, https:\/\/i1.wp.com\/batimedianews.com\/live\/wp-content\/uploads\/2023\/12\/19-energaia-2-scaled.jpg?resize=2048%2C1536 2048w, https:\/\/i1.wp.com\/batimedianews.com\/live\/wp-content\/uploads\/2023\/12\/19-energaia-2-scaled.jpg?resize=10%2C8 10w, https:\/\/i1.wp.com\/batimedianews.com\/live\/wp-content\/uploads\/2023\/12\/19-energaia-2-scaled.jpg?resize=432%2C324 432w, https:\/\/i1.wp.com\/batimedianews.com\/live\/wp-content\/uploads\/2023\/12\/19-energaia-2-scaled.jpg?resize=396%2C297 396w, https:\/\/i1.wp.com\/batimedianews.com\/live\/wp-content\/uploads\/2023\/12\/19-energaia-2-scaled.jpg?resize=1120%2C840 1120w, https:\/\/i1.wp.com\/batimedianews.com\/live\/wp-content\/uploads\/2023\/12\/19-energaia-2-scaled.jpg?resize=660%2C495 660w, https:\/\/i1.wp.com\/batimedianews.com\/live\/wp-content\/uploads\/2023\/12\/19-energaia-2-scaled.jpg?resize=293%2C220 293w, https:\/\/i1.wp.com\/batimedianews.com\/live\/wp-content\/uploads\/2023\/12\/19-energaia-2-scaled.jpg?w=1440 1440w, https:\/\/i1.wp.com\/batimedianews.com\/live\/wp-content\/uploads\/2023\/12\/19-energaia-2-scaled.jpg?w=2160 2160w\" sizes=\"(max-width: 600px) 91vw, (max-width: 900px) 600px, (max-width: 1060px) 50vw, (max-width: 1200px) 520px, (max-width: 1400px) 43vw, 600px\" data-recalc-dims=\"1\" \/><figcaption>Pascal Poggi pour batimedia<\/figcaption><\/figure>\n\n\n\n<figure class=\"wp-block-image size-large\"><img loading=\"lazy\" width=\"720\" height=\"960\" src=\"https:\/\/i0.wp.com\/batimedianews.com\/live\/wp-content\/uploads\/2023\/12\/14-energaia-2-1-768x1024.jpg?resize=720%2C960&#038;ssl=1\" alt=\"\" class=\"wp-image-33921\" srcset=\"https:\/\/i0.wp.com\/batimedianews.com\/live\/wp-content\/uploads\/2023\/12\/14-energaia-2-1-scaled.jpg?resize=768%2C1024 768w, https:\/\/i0.wp.com\/batimedianews.com\/live\/wp-content\/uploads\/2023\/12\/14-energaia-2-1-scaled.jpg?resize=450%2C600 450w, https:\/\/i0.wp.com\/batimedianews.com\/live\/wp-content\/uploads\/2023\/12\/14-energaia-2-1-scaled.jpg?resize=1152%2C1536 1152w, https:\/\/i0.wp.com\/batimedianews.com\/live\/wp-content\/uploads\/2023\/12\/14-energaia-2-1-scaled.jpg?resize=1536%2C2048 1536w, https:\/\/i0.wp.com\/batimedianews.com\/live\/wp-content\/uploads\/2023\/12\/14-energaia-2-1-scaled.jpg?resize=8%2C10 8w, https:\/\/i0.wp.com\/batimedianews.com\/live\/wp-content\/uploads\/2023\/12\/14-energaia-2-1-scaled.jpg?resize=432%2C576 432w, https:\/\/i0.wp.com\/batimedianews.com\/live\/wp-content\/uploads\/2023\/12\/14-energaia-2-1-scaled.jpg?resize=396%2C528 396w, https:\/\/i0.wp.com\/batimedianews.com\/live\/wp-content\/uploads\/2023\/12\/14-energaia-2-1-scaled.jpg?resize=1120%2C1493 1120w, https:\/\/i0.wp.com\/batimedianews.com\/live\/wp-content\/uploads\/2023\/12\/14-energaia-2-1-scaled.jpg?resize=660%2C880 660w, https:\/\/i0.wp.com\/batimedianews.com\/live\/wp-content\/uploads\/2023\/12\/14-energaia-2-1-scaled.jpg?resize=165%2C220 165w, https:\/\/i0.wp.com\/batimedianews.com\/live\/wp-content\/uploads\/2023\/12\/14-energaia-2-1-scaled.jpg?w=1920 1920w, https:\/\/i0.wp.com\/batimedianews.com\/live\/wp-content\/uploads\/2023\/12\/14-energaia-2-1-scaled.jpg?w=1440 1440w\" sizes=\"(max-width: 600px) 91vw, (max-width: 900px) 600px, (max-width: 1060px) 50vw, (max-width: 1200px) 520px, (max-width: 1400px) 43vw, 600px\" data-recalc-dims=\"1\" \/><figcaption>Pascal Poggi pour batimedia<\/figcaption><\/figure>\n\n\n\n<p>La gamme X-ESS d\u2019Imeon Energy est disponible en 5 mod\u00e8les de 3, 9, 18, 27 et 36 kW de puissance, pour des puissances photovolta\u00efques install\u00e9es de 4, 12, 24, 36 et 48 kWc, avec des stockages de 7,2, 19,2, 38,4, 57,6 et 76,8 kWh. Doc. PP<\/p>\n\n\n\n<p>Et hop&nbsp;! On y retourne.<\/p>\n","protected":false},"excerpt":{"rendered":"<p>Au Forum Energa\u00efa 2023, on trouve tout pour le photovolta\u00efque&nbsp;: des monteurs d\u2019affaires qui s\u2019occupent notamment de tous les aspects administratifs pour les grandes installations en toiture ou au sol, des banques pour le financement, des distributeurs sp\u00e9cialis\u00e9s, des modules photovolta\u00efques, des solutions de fixation, du stockage d\u2019\u00e9lectricit\u00e9, des onduleurs, de la supervision, \u2026 doc. [&hellip;]<\/p>\n","protected":false},"author":352,"featured_media":33922,"comment_status":"open","ping_status":"open","sticky":false,"template":"","format":"standard","meta":{"spay_email":""},"categories":[2283,554,2457,56,2322],"tags":[],"jetpack_featured_media_url":"https:\/\/i0.wp.com\/batimedianews.com\/live\/wp-content\/uploads\/2023\/12\/ener2-scaled.jpeg?fit=2560%2C1280","jetpack_sharing_enabled":true,"jetpack_likes_enabled":true,"jetpack-related-posts":[{"id":33860,"url":"http:\/\/batimedianews.com\/live\/index.php\/2023\/12\/13\/dualsun-et-stile-deux-fabricants-francais-au-forum-energaia-a-montpellier\/","url_meta":{"origin":33910,"position":0},"title":"DualSun et S\u2019TILE, deux fabricants fran\u00e7ais au Forum Energa\u00efa \u00e0 Montpellier","date":"13 d\u00e9cembre 2023","format":false,"excerpt":"Pascal poggi pour Batim\u00e9dia Le Forum Energa\u00efa \u00e0 Montpellier a ouvert ce matin, 13 d\u00e9cembre 2023. Seul salon fran\u00e7ais qui traite de toutes les \u00e9nergies renouvelables, EnerGa\u00efa se tient les 13 et 14 d\u00e9cembre au Parc des Expositions de Montpellier. Doc. PP Port\u00e9 par la R\u00e9gion Occitanie \/ Pyr\u00e9n\u00e9es-M\u00e9diterran\u00e9e, le\u2026","rel":"","context":"Dans &quot;Articles et analyses&quot;","img":{"alt_text":"","src":"https:\/\/i0.wp.com\/batimedianews.com\/live\/wp-content\/uploads\/2023\/12\/01-energaia-image-scaled.jpeg?fit=1200%2C1200&resize=350%2C200","width":350,"height":200},"classes":[]},{"id":41569,"url":"http:\/\/batimedianews.com\/live\/index.php\/2024\/11\/19\/iko-devoile-sa-derniere-innovation-photovoltaique-au-salon-energaia\/","url_meta":{"origin":33910,"position":1},"title":"IKO d\u00e9voile sa derni\u00e8re innovation photovolta\u00efque au salon EnerGa\u00efa","date":"19 novembre 2024","format":false,"excerpt":"IKO, acteur majeur dans la fabrication de solutions photovolta\u00efques innovantes pour les toitures-terrasses, est fier d'annoncer sa participation au Forum des \u00e9nergies renouvelables EnerGa\u00efa qui se tiendra les 11 et 12 d\u00e9cembre 2024 au Parc des expositions de Montpellier. L'\u00e9v\u00e8nement incontournable de la fili\u00e8re d\u00e9di\u00e9 aux \u00e9nergies renouvelables Port\u00e9 par\u2026","rel":"","context":"Dans &quot;Actualit\u00e9 Entreprises&quot;","img":{"alt_text":"","src":"https:\/\/i0.wp.com\/batimedianews.com\/live\/wp-content\/uploads\/2024\/11\/IKO-Enertherm.jpg?fit=825%2C825&resize=350%2C200","width":350,"height":200},"classes":[]},{"id":48795,"url":"http:\/\/batimedianews.com\/live\/index.php\/2026\/01\/13\/energaia-2025-lintelligence-collective-et-linnovation-moteurs-de-la-transition-energetique\/","url_meta":{"origin":33910,"position":2},"title":"EnerGa\u00efa 2025 : l\u2019intelligence collective et l\u2019innovation, moteurs de la transition \u00e9nerg\u00e9tique","date":"13 janvier 2026","format":false,"excerpt":"Rendez-vous les 9 et 10 d\u00e9cembre 2026 pour la 20e \u00e9dition ! La 19\u00e8me \u00e9dition du Forum EnerGa\u00efa qui s\u2019est d\u00e9roul\u00e9e du 10 et 11 d\u00e9cembre 2025 au Parc des Expositions de Montpellier, a une nouvelle fois confirm\u00e9 sa place de rendez-vous professionnel majeur des \u00e9nergies renouvelables. V\u00e9ritable barom\u00e8tre national\u2026","rel":"","context":"Dans &quot;Actualit\u00e9s salons&quot;","img":{"alt_text":"","src":"https:\/\/i1.wp.com\/batimedianews.com\/live\/wp-content\/uploads\/2026\/01\/enerGaia.jpg?fit=825%2C825&resize=350%2C200","width":350,"height":200},"classes":[]},{"id":14222,"url":"http:\/\/batimedianews.com\/live\/index.php\/2021\/12\/06\/vsb-energies-nouvelles-sur-energaia-2021\/","url_meta":{"origin":33910,"position":3},"title":"VSB \u00e9nergies nouvelles sur EnerGa\u00efa 2021","date":"6 d\u00e9cembre 2021","format":false,"excerpt":"Les 8 & 9 d\u00e9cembre 2021Parc des Expositions de MontpellierStand 23, Hall B2 N\u00eemes le 1er d\u00e9cembre 2021 Le d\u00e9veloppeur d\u2019\u00e9nergies renouvelables VSB \u00e9nergies nouvelles annonce sa pr\u00e9sence au Forum EnerGa\u00efa qui a lieu les 8 et 9 d\u00e9cembre 2021 au Parc des Expositions de Montpellier. Rendez-vous incontournable sur le\u2026","rel":"","context":"Dans &quot;Actualit\u00e9 Entreprises&quot;","img":{"alt_text":"","src":"https:\/\/i1.wp.com\/batimedianews.com\/live\/wp-content\/uploads\/2021\/12\/VSB-Article.jpg?fit=512%2C512&resize=350%2C200","width":350,"height":200},"classes":[]},{"id":48373,"url":"http:\/\/batimedianews.com\/live\/index.php\/2025\/12\/19\/toitures-solaires-soprema-entreprises-accompagne-a-chaque-etape-les-acteurs-du-batiment-dans-leur-projet-de-renovation\/","url_meta":{"origin":33910,"position":4},"title":"Toitures solaires : SOPREMA Entreprises accompagne \u00e0 chaque \u00e9tape les acteurs du b\u00e2timent dans leur projet de r\u00e9novation","date":"19 d\u00e9cembre 2025","format":false,"excerpt":"\u00a0Avant-premi\u00e8re Salon Energa\u00efa\u00a0 Hall B4 - All\u00e9e A - Stand 8\u00a0 Cr\u00e9dit photo : SOPREMA Entreprises - Photographe ATYPIX\u00a0 Entre imp\u00e9ratifs r\u00e9glementaires, ma\u00eetrise des co\u00fbts \u00e9nerg\u00e9tiques et transition environnementale, la r\u00e9novation des toitures solaires s\u2019impose aujourd\u2019hui comme un enjeu majeur pour le parc de b\u00e2timents fran\u00e7ais.\u00a0 Dans le prolongement du\u2026","rel":"","context":"Dans &quot;Actualit\u00e9 Entreprises&quot;","img":{"alt_text":"","src":"https:\/\/i1.wp.com\/batimedianews.com\/live\/wp-content\/uploads\/2025\/12\/SOPREMA.jpg?fit=825%2C825&resize=350%2C200","width":350,"height":200},"classes":[]},{"id":28045,"url":"http:\/\/batimedianews.com\/live\/index.php\/2023\/04\/19\/le-photovoltaique-a-bau2023-cest-du-bipv\/","url_meta":{"origin":33910,"position":5},"title":"Le photovolta\u00efque \u00e0 BAU2023, c\u2019est du BIPV","date":"19 avril 2023","format":false,"excerpt":"Nous n\u2019avons pas encore parcouru tous les 18 halls du salon BAU2023, mais nous avons d\u00e9j\u00e0 crois\u00e9 une douzaine d\u2019offres de BIPV ou Building Integrated Photovolta\u00efcs, dont celle du fran\u00e7ais ASCA et celle du suisse Megasol. Pascal Poggi pour Batim\u00e9dia Plusieurs solutions diff\u00e9rentes de BIPV sont mises en avant \u00e0\u2026","rel":"","context":"Dans &quot;Articles et analyses&quot;","img":{"alt_text":"","src":"https:\/\/i2.wp.com\/batimedianews.com\/live\/wp-content\/uploads\/2023\/04\/bau4-image-.jpeg?fit=1200%2C1200&resize=350%2C200","width":350,"height":200},"classes":[]}],"_links":{"self":[{"href":"http:\/\/batimedianews.com\/live\/index.php\/wp-json\/wp\/v2\/posts\/33910"}],"collection":[{"href":"http:\/\/batimedianews.com\/live\/index.php\/wp-json\/wp\/v2\/posts"}],"about":[{"href":"http:\/\/batimedianews.com\/live\/index.php\/wp-json\/wp\/v2\/types\/post"}],"author":[{"embeddable":true,"href":"http:\/\/batimedianews.com\/live\/index.php\/wp-json\/wp\/v2\/users\/352"}],"replies":[{"embeddable":true,"href":"http:\/\/batimedianews.com\/live\/index.php\/wp-json\/wp\/v2\/comments?post=33910"}],"version-history":[{"count":1,"href":"http:\/\/batimedianews.com\/live\/index.php\/wp-json\/wp\/v2\/posts\/33910\/revisions"}],"predecessor-version":[{"id":33923,"href":"http:\/\/batimedianews.com\/live\/index.php\/wp-json\/wp\/v2\/posts\/33910\/revisions\/33923"}],"wp:featuredmedia":[{"embeddable":true,"href":"http:\/\/batimedianews.com\/live\/index.php\/wp-json\/wp\/v2\/media\/33922"}],"wp:attachment":[{"href":"http:\/\/batimedianews.com\/live\/index.php\/wp-json\/wp\/v2\/media?parent=33910"}],"wp:term":[{"taxonomy":"category","embeddable":true,"href":"http:\/\/batimedianews.com\/live\/index.php\/wp-json\/wp\/v2\/categories?post=33910"},{"taxonomy":"post_tag","embeddable":true,"href":"http:\/\/batimedianews.com\/live\/index.php\/wp-json\/wp\/v2\/tags?post=33910"}],"curies":[{"name":"wp","href":"https:\/\/api.w.org\/{rel}","templated":true}]}}