{"id":34559,"date":"2024-01-23T10:12:34","date_gmt":"2024-01-23T09:12:34","guid":{"rendered":"http:\/\/batimedianews.com\/live\/?p=34559"},"modified":"2024-06-04T14:12:14","modified_gmt":"2024-06-04T12:12:14","slug":"electricite-entre-86-et-98-le-1er-fevrier-soit-38-en-un-an-une-facture-de-2-500-e-passe-a-3-500-e","status":"publish","type":"post","link":"http:\/\/batimedianews.com\/live\/index.php\/2024\/01\/23\/electricite-entre-86-et-98-le-1er-fevrier-soit-38-en-un-an-une-facture-de-2-500-e-passe-a-3-500-e\/","title":{"rendered":"[\u00c9lectricit\u00e9] Entre +8,6 % et +9,8 % le 1er f\u00e9vrier soit +38 % en un an ! Une facture de 2 500 \u20ac passe \u00e0 3 500 \u20ac"},"content":{"rendered":"\n<p>Le Gouvernement vient d\u2019annoncer une nouvelle hausse sur le prix de l\u2019\u00e9lectricit\u00e9, de +8,6 % sur les options base et +9,8 % sur les options Heures Pleines Heures Creuses (HPHC), due \u00e0 l&rsquo;augmentation de la TICFE, qui passe de 1 \u20ac\/MWh \u00e0 21 \u20ac\/MWh, r\u00e9introduite progressivement alors qu\u2019elle avait \u00e9t\u00e9 suspendue dans le cadre du bouclier tarifaire. \u00c9tant donn\u00e9 que 65 % des kWh consomm\u00e9s dans le r\u00e9sidentiel en France le sont dans le cadre de l\u2019option HPHC, que 30 % le sont au tarif base et 5 % dans le cadre des offres EJP\/Tempo (qui augmentent de 10,1 %),<strong> l\u2019augmentation moyenne au 1er f\u00e9vrier sera de +9,5 % TTC.<\/strong><\/p>\n\n\n\n<p class=\"has-text-align-center has-sm-light-primary-color has-text-color has-background has-medium-font-size\" style=\"background-color:#02adf6\"><strong><a href=\"https:\/\/www.hellowatt.fr\/blog\/augmentation-electricite-fevrier-2024\/\">Lien vers l\u2019\u00e9tude<\/a><\/strong><\/p>\n\n\n\n<p class=\"has-text-color has-medium-font-size\" style=\"color:#02aef8\"><strong>Une nouvelle hausse apr\u00e8s celles de f\u00e9vrier et ao\u00fbt 2023<\/strong><\/p>\n\n\n\n<p>Cette nouvelle hausse intervient apr\u00e8s 2 hausses successives de 15 % en f\u00e9vrier 2023 et 10 % en ao\u00fbt 2023. En 12 mois, le prix de l\u2019\u00e9lectricit\u00e9 aura donc bondi de 38 % en moyenne.<\/p>\n\n\n\n<p><strong>Une famille qui payait 2 500 \u20ac\/an d\u2019\u00e9lectricit\u00e9 avant la hausse du 1er f\u00e9vrier 2023 paiera d\u00e9sormais 3 500 \u20ac\/an<\/strong> ! Cela repr\u00e9sente un niveau de hausse jamais vu en France et \u00e0 contrecourant des autres pays europ\u00e9ens o\u00f9 le prix de l&rsquo;\u00e9lectricit\u00e9 est plut\u00f4t orient\u00e9 \u00e0 la baisse.<\/p>\n\n\n\n<div class=\"wp-block-image\"><figure class=\"aligncenter size-large is-resized\"><img loading=\"lazy\" src=\"https:\/\/i0.wp.com\/batimedianews.com\/live\/wp-content\/uploads\/2024\/01\/image-146.png?resize=550%2C550\" alt=\"\" class=\"wp-image-34560\" width=\"550\" height=\"550\" srcset=\"https:\/\/i0.wp.com\/batimedianews.com\/live\/wp-content\/uploads\/2024\/01\/image-146.png?resize=1024%2C1024 1024w, https:\/\/i0.wp.com\/batimedianews.com\/live\/wp-content\/uploads\/2024\/01\/image-146.png?resize=600%2C600 600w, https:\/\/i0.wp.com\/batimedianews.com\/live\/wp-content\/uploads\/2024\/01\/image-146.png?resize=300%2C300 300w, https:\/\/i0.wp.com\/batimedianews.com\/live\/wp-content\/uploads\/2024\/01\/image-146.png?resize=1536%2C1536 1536w, https:\/\/i0.wp.com\/batimedianews.com\/live\/wp-content\/uploads\/2024\/01\/image-146.png?resize=2048%2C2048 2048w, https:\/\/i0.wp.com\/batimedianews.com\/live\/wp-content\/uploads\/2024\/01\/image-146.png?resize=10%2C10 10w\" sizes=\"(max-width: 600px) 91vw, (max-width: 900px) 600px, (max-width: 1060px) 50vw, (max-width: 1200px) 520px, (max-width: 1400px) 43vw, 600px\" data-recalc-dims=\"1\" \/><\/figure><\/div>\n\n\n\n<p>Pour revenir au niveau de TICFE d\u2019avant bouclier (32 \u20ac\/MWh), le Gouvernement devra encore augmenter la taxe de 11 \u20ac\/MWh. Il faut donc s\u2019attendre \u00e0 une future hausse comprise a minima entre 4 et 5 % du prix TTC, si le prix de march\u00e9 de l\u2019\u00e9lectricit\u00e9 reste stable et donc que le prix du kWh HT n\u2019\u00e9volue pas.<\/p>\n\n\n\n<p class=\"has-text-color has-medium-font-size\" style=\"color:#02aaf3\"><strong>Le prix de l\u2019\u00e9lectricit\u00e9 en France revient dans la moyenne europ\u00e9enne<\/strong><\/p>\n\n\n\n<p>On avait l\u2019habitude de dire que l\u2019\u00e9lectricit\u00e9 en France \u00e9tait parmi les moins ch\u00e8res d\u2019Europe, notamment en raison de l\u2019importante production nucl\u00e9aire. Ce n\u2019est d\u00e9sormais plus le cas. Le prix de l\u2019\u00e9lectricit\u00e9 en France se situe d\u00e9sormais dans la moyenne europ\u00e9enne, alors qu\u2019il n\u2019y a plus de probl\u00e8mes de production nucl\u00e9aire ou de tensions sur le gaz comme l\u2019hiver dernier.<\/p>\n\n\n\n<p><strong>Il est sup\u00e9rieur \u00e0 celui de l&rsquo;Espagne et de l\u2019Italie, et il reste en revanche inf\u00e9rieur \u00e0 celui qu\u2019on trouve en Allemagne.<\/strong><\/p>\n\n\n\n<figure class=\"wp-block-image size-full\"><img loading=\"lazy\" width=\"720\" height=\"429\" src=\"https:\/\/i0.wp.com\/batimedianews.com\/live\/wp-content\/uploads\/2024\/01\/image-147.png?resize=720%2C429\" alt=\"\" class=\"wp-image-34561\" srcset=\"https:\/\/i0.wp.com\/batimedianews.com\/live\/wp-content\/uploads\/2024\/01\/image-147.png?w=1454 1454w, https:\/\/i0.wp.com\/batimedianews.com\/live\/wp-content\/uploads\/2024\/01\/image-147.png?resize=768%2C457 768w, https:\/\/i0.wp.com\/batimedianews.com\/live\/wp-content\/uploads\/2024\/01\/image-147.png?resize=432%2C257 432w, https:\/\/i0.wp.com\/batimedianews.com\/live\/wp-content\/uploads\/2024\/01\/image-147.png?resize=396%2C236 396w, https:\/\/i0.wp.com\/batimedianews.com\/live\/wp-content\/uploads\/2024\/01\/image-147.png?resize=1120%2C667 1120w, https:\/\/i0.wp.com\/batimedianews.com\/live\/wp-content\/uploads\/2024\/01\/image-147.png?resize=660%2C393 660w\" sizes=\"(max-width: 600px) 91vw, (max-width: 900px) 600px, (max-width: 1060px) 50vw, (max-width: 1200px) 520px, (max-width: 1400px) 43vw, 600px\" data-recalc-dims=\"1\" \/><\/figure>\n\n\n\n<p class=\"has-text-align-center has-sm-light-primary-color has-text-color has-background has-medium-font-size\" style=\"background-color:#03adf6\"><strong><a href=\"https:\/\/www.hellowatt.fr\/contrat-electricite\/prix-europe\">Voir le Barom\u00e8tre<\/a><\/strong><\/p>\n\n\n\n<p>Prix de l\u2019\u00e9lectricit\u00e9 pour les particuliers en Europe : Tarifs de d\u00e9cembre 2023<\/p>\n\n\n\n<figure class=\"wp-block-image size-full\"><img loading=\"lazy\" width=\"720\" height=\"341\" src=\"https:\/\/i0.wp.com\/batimedianews.com\/live\/wp-content\/uploads\/2024\/01\/image-148.png?resize=720%2C341\" alt=\"\" class=\"wp-image-34564\" srcset=\"https:\/\/i0.wp.com\/batimedianews.com\/live\/wp-content\/uploads\/2024\/01\/image-148.png?w=1458 1458w, https:\/\/i0.wp.com\/batimedianews.com\/live\/wp-content\/uploads\/2024\/01\/image-148.png?resize=768%2C363 768w, https:\/\/i0.wp.com\/batimedianews.com\/live\/wp-content\/uploads\/2024\/01\/image-148.png?resize=432%2C204 432w, https:\/\/i0.wp.com\/batimedianews.com\/live\/wp-content\/uploads\/2024\/01\/image-148.png?resize=396%2C187 396w, https:\/\/i0.wp.com\/batimedianews.com\/live\/wp-content\/uploads\/2024\/01\/image-148.png?resize=1120%2C530 1120w, https:\/\/i0.wp.com\/batimedianews.com\/live\/wp-content\/uploads\/2024\/01\/image-148.png?resize=660%2C312 660w\" sizes=\"(max-width: 600px) 91vw, (max-width: 900px) 600px, (max-width: 1060px) 50vw, (max-width: 1200px) 520px, (max-width: 1400px) 43vw, 600px\" data-recalc-dims=\"1\" \/><\/figure>\n\n\n\n<p class=\"has-text-color has-medium-font-size\" style=\"color:#01aff9\"><strong>Impact de la hausse sur la facture des Fran\u00e7ais<\/strong><\/p>\n\n\n\n<p>Quel sera l\u2019impact de cette hausse sur la facture des Fran\u00e7ais ?<\/p>\n\n\n\n<p>Hello Watt a \u00e9tudi\u00e9 le cas de 3 m\u00e9nages :<\/p>\n\n\n\n<figure class=\"wp-block-image size-full\"><img loading=\"lazy\" width=\"720\" height=\"425\" src=\"https:\/\/i2.wp.com\/batimedianews.com\/live\/wp-content\/uploads\/2024\/01\/hellowattPhoto4.jpg?resize=720%2C425\" alt=\"\" class=\"wp-image-34565\" srcset=\"https:\/\/i2.wp.com\/batimedianews.com\/live\/wp-content\/uploads\/2024\/01\/hellowattPhoto4.jpg?w=1458 1458w, https:\/\/i2.wp.com\/batimedianews.com\/live\/wp-content\/uploads\/2024\/01\/hellowattPhoto4.jpg?resize=768%2C453 768w, https:\/\/i2.wp.com\/batimedianews.com\/live\/wp-content\/uploads\/2024\/01\/hellowattPhoto4.jpg?resize=432%2C255 432w, https:\/\/i2.wp.com\/batimedianews.com\/live\/wp-content\/uploads\/2024\/01\/hellowattPhoto4.jpg?resize=396%2C234 396w, https:\/\/i2.wp.com\/batimedianews.com\/live\/wp-content\/uploads\/2024\/01\/hellowattPhoto4.jpg?resize=1120%2C661 1120w, https:\/\/i2.wp.com\/batimedianews.com\/live\/wp-content\/uploads\/2024\/01\/hellowattPhoto4.jpg?resize=660%2C389 660w\" sizes=\"(max-width: 600px) 91vw, (max-width: 900px) 600px, (max-width: 1060px) 50vw, (max-width: 1200px) 520px, (max-width: 1400px) 43vw, 600px\" data-recalc-dims=\"1\" \/><\/figure>\n\n\n\n<p class=\"has-text-color has-medium-font-size\" style=\"color:#03acf4\"><strong>Impact des trois hausses successives : jusqu\u2019\u00e0 +39 % en un an !<\/strong><\/p>\n\n\n\n<p>Hello Watt a \u00e9galement \u00e9tudi\u00e9 l\u2019impact des 3 augmentations successives depuis f\u00e9vrier 2023 :<\/p>\n\n\n\n<figure class=\"wp-block-image size-full\"><img loading=\"lazy\" width=\"720\" height=\"405\" src=\"https:\/\/i0.wp.com\/batimedianews.com\/live\/wp-content\/uploads\/2024\/01\/image-149.png?resize=720%2C405\" alt=\"\" class=\"wp-image-34566\" srcset=\"https:\/\/i0.wp.com\/batimedianews.com\/live\/wp-content\/uploads\/2024\/01\/image-149.png?w=1458 1458w, https:\/\/i0.wp.com\/batimedianews.com\/live\/wp-content\/uploads\/2024\/01\/image-149.png?resize=768%2C431 768w, https:\/\/i0.wp.com\/batimedianews.com\/live\/wp-content\/uploads\/2024\/01\/image-149.png?resize=432%2C243 432w, https:\/\/i0.wp.com\/batimedianews.com\/live\/wp-content\/uploads\/2024\/01\/image-149.png?resize=396%2C223 396w, https:\/\/i0.wp.com\/batimedianews.com\/live\/wp-content\/uploads\/2024\/01\/image-149.png?resize=1120%2C630 1120w, https:\/\/i0.wp.com\/batimedianews.com\/live\/wp-content\/uploads\/2024\/01\/image-149.png?resize=660%2C371 660w\" sizes=\"(max-width: 600px) 91vw, (max-width: 900px) 600px, (max-width: 1060px) 50vw, (max-width: 1200px) 520px, (max-width: 1400px) 43vw, 600px\" data-recalc-dims=\"1\" \/><\/figure>\n\n\n\n<p>Hello Watt alerte sur le risque important que repr\u00e9sente cette hausse pour les Fran\u00e7ais :<\/p>\n\n\n\n<p>de nombreux m\u00e9nages vont avoir de tr\u00e8s mauvaises surprises sur leurs factures !<\/p>\n\n\n\n<p>Des solutions existent pour r\u00e9duire les factures, notamment la r\u00e9novation \u00e9nerg\u00e9tique qui serait alors encore plus rentable avec cette augmentation des prix de l\u2019\u00e9lectricit\u00e9.<\/p>\n\n\n\n<p class=\"has-text-color has-medium-font-size\" style=\"color:#01aff9\"><strong>Les solutions pour faire des \u00e9conomies d\u2019\u00e9nergie<\/strong><\/p>\n\n\n\n<p>Ci-dessous des projections pour une facture annuelle de 3 540 \u20ac, abonnement compris :<\/p>\n\n\n\n<div class=\"wp-block-media-text alignwide is-stacked-on-mobile\" style=\"grid-template-columns:23% auto\"><figure class=\"wp-block-media-text__media\"><img loading=\"lazy\" width=\"382\" height=\"232\" src=\"https:\/\/i0.wp.com\/batimedianews.com\/live\/wp-content\/uploads\/2024\/01\/image-150.png?resize=382%2C232\" alt=\"\" class=\"wp-image-34568 size-full\" srcset=\"https:\/\/i0.wp.com\/batimedianews.com\/live\/wp-content\/uploads\/2024\/01\/image-150.png?w=382 382w, https:\/\/i0.wp.com\/batimedianews.com\/live\/wp-content\/uploads\/2024\/01\/image-150.png?resize=768%2C466 768w\" sizes=\"(max-width: 600px) 91vw, (max-width: 900px) 600px, (max-width: 1060px) 50vw, (max-width: 1200px) 520px, (max-width: 1400px) 43vw, 600px\" data-recalc-dims=\"1\" \/><\/figure><div class=\"wp-block-media-text__content\">\n<p><strong>Choisir un fournisseur alternatif comp\u00e9titif,<\/strong> avec une offre \u00e0 prix fixe ou bloqu\u00e9e.(1)<\/p>\n<\/div><\/div>\n\n\n\n<div class=\"wp-block-media-text alignwide is-stacked-on-mobile\" style=\"grid-template-columns:23% auto\"><figure class=\"wp-block-media-text__media\"><img loading=\"lazy\" width=\"382\" height=\"232\" src=\"https:\/\/i1.wp.com\/batimedianews.com\/live\/wp-content\/uploads\/2024\/01\/image-151.png?resize=382%2C232\" alt=\"\" class=\"wp-image-34569 size-full\" srcset=\"https:\/\/i1.wp.com\/batimedianews.com\/live\/wp-content\/uploads\/2024\/01\/image-151.png?w=382 382w, https:\/\/i1.wp.com\/batimedianews.com\/live\/wp-content\/uploads\/2024\/01\/image-151.png?resize=768%2C466 768w\" sizes=\"(max-width: 600px) 91vw, (max-width: 900px) 600px, (max-width: 1060px) 50vw, (max-width: 1200px) 520px, (max-width: 1400px) 43vw, 600px\" data-recalc-dims=\"1\" \/><\/figure><div class=\"wp-block-media-text__content\">\n<p><strong>Suivre sa consommation en ligne<\/strong>, par exemple depuis l\u2019application Hello Watt, fond\u00e9 sur les donn\u00e9es de Linky.(2)<\/p>\n<\/div><\/div>\n\n\n\n<div class=\"wp-block-media-text alignwide is-stacked-on-mobile\" style=\"grid-template-columns:23% auto\"><figure class=\"wp-block-media-text__media\"><img loading=\"lazy\" width=\"382\" height=\"212\" src=\"https:\/\/i0.wp.com\/batimedianews.com\/live\/wp-content\/uploads\/2024\/01\/image-152.png?resize=382%2C212\" alt=\"\" class=\"wp-image-34570 size-full\" srcset=\"https:\/\/i0.wp.com\/batimedianews.com\/live\/wp-content\/uploads\/2024\/01\/image-152.png?w=382 382w, https:\/\/i0.wp.com\/batimedianews.com\/live\/wp-content\/uploads\/2024\/01\/image-152.png?resize=768%2C426 768w\" sizes=\"(max-width: 600px) 91vw, (max-width: 900px) 600px, (max-width: 1060px) 50vw, (max-width: 1200px) 520px, (max-width: 1400px) 43vw, 600px\" data-recalc-dims=\"1\" \/><\/figure><div class=\"wp-block-media-text__content\">\n<p><strong>Isoler son logement,<\/strong> en commen\u00e7ant par ses combles perdus et ses murs gr\u00e2ce aux aides de l\u2019\u00e9tat.(3)<\/p>\n<\/div><\/div>\n\n\n\n<div class=\"wp-block-media-text alignwide is-stacked-on-mobile\" style=\"grid-template-columns:22% auto\"><figure class=\"wp-block-media-text__media\"><img loading=\"lazy\" width=\"382\" height=\"212\" src=\"https:\/\/i0.wp.com\/batimedianews.com\/live\/wp-content\/uploads\/2024\/01\/image-153.png?resize=382%2C212\" alt=\"\" class=\"wp-image-34571 size-full\" srcset=\"https:\/\/i0.wp.com\/batimedianews.com\/live\/wp-content\/uploads\/2024\/01\/image-153.png?w=382 382w, https:\/\/i0.wp.com\/batimedianews.com\/live\/wp-content\/uploads\/2024\/01\/image-153.png?resize=768%2C426 768w\" sizes=\"(max-width: 600px) 91vw, (max-width: 900px) 600px, (max-width: 1060px) 50vw, (max-width: 1200px) 520px, (max-width: 1400px) 43vw, 600px\" data-recalc-dims=\"1\" \/><\/figure><div class=\"wp-block-media-text__content\">\n<p><strong>Passer \u00e0 l\u2019autoconsommation<\/strong> gr\u00e2ce \u00e0 l\u2019installation de panneaux solaires photovolta\u00efques.(4)<\/p>\n<\/div><\/div>\n\n\n\n<div class=\"wp-block-media-text alignwide is-stacked-on-mobile\" style=\"grid-template-columns:24% auto\"><figure class=\"wp-block-media-text__media\"><img loading=\"lazy\" width=\"404\" height=\"212\" src=\"https:\/\/i2.wp.com\/batimedianews.com\/live\/wp-content\/uploads\/2024\/01\/image-154.png?resize=404%2C212\" alt=\"\" class=\"wp-image-34572 size-full\" srcset=\"https:\/\/i2.wp.com\/batimedianews.com\/live\/wp-content\/uploads\/2024\/01\/image-154.png?w=404 404w, https:\/\/i2.wp.com\/batimedianews.com\/live\/wp-content\/uploads\/2024\/01\/image-154.png?resize=768%2C403 768w, https:\/\/i2.wp.com\/batimedianews.com\/live\/wp-content\/uploads\/2024\/01\/image-154.png?resize=396%2C208 396w\" sizes=\"(max-width: 600px) 91vw, (max-width: 900px) 600px, (max-width: 1060px) 50vw, (max-width: 1200px) 520px, (max-width: 1400px) 43vw, 600px\" data-recalc-dims=\"1\" \/><\/figure><div class=\"wp-block-media-text__content\">\n<p><strong>Installer une pompe \u00e0 chaleur air\/air<\/strong> en remplacement du chauffage \u00e9lectrique.(5)<\/p>\n<\/div><\/div>\n\n\n\n<p class=\"has-small-font-size\">(1) Estimation pour une offre de march\u00e9 avec une remise de 16 % par rapport au prix HT du tarif r\u00e8glement. de vente, comme ce qu\u2019il existe en ce moment sur le comparateur Hello Watt.<\/p>\n\n\n\n<p class=\"has-small-font-size\">(2) Estimation pour une r\u00e9duction de 10 % de la consommation (Source : \u00e9tude Hello Watt sur 170 000 utilisateurs de l&rsquo;application).<\/p>\n\n\n\n<p class=\"has-small-font-size\">(3) Estimation pour une r\u00e9duction de 30 % sur la consommation de chauffage.<\/p>\n\n\n\n<p class=\"has-small-font-size\">(4) Estimation pour une maison dans le Sud de la France, avec une installation solaire de 6 kWc, soit 16 panneaux, 30 m<sup>2<\/sup>. Pour une maison de 100 m<sup>2<\/sup> tout \u00e9lectrique occup\u00e9e par une famille de 4 personnes. Prix de l&rsquo;\u00e9lectricit\u00e9 au TRV d&rsquo;EDF (tarifs de f\u00e9vrier 2024 incluant la hausse de 9,5 %).<\/p>\n\n\n\n<p class=\"has-small-font-size\">(5) Estimation pour une r\u00e9duction de 60 % de la consommation de chauffage.<\/p>\n\n\n\n<p>\u00ab\u00a0<em>C\u2019est une hausse sans pr\u00e9c\u00e9dent du prix de l\u2019\u00e9lectricit\u00e9 en France, \u00e0 contre-courant des autres pays europ\u00e9ens : la France n\u2019est plus un pays o\u00f9 l&rsquo;\u00e9lectricit\u00e9 est peu ch\u00e8re pour les particuliers. Les solutions pour ma\u00eetriser durablement sa consommation et sa facture d\u2019\u00e9nergie existent et deviennent particuli\u00e8rement rentables pour les particuliers avec cette nouvelle hausse des prix !\u201d<\/em><\/p>\n\n\n\n<p>Sylvain Le Falher, co-fondateur d\u2019Hello Watt<\/p>\n","protected":false},"excerpt":{"rendered":"<p>Le Gouvernement vient d\u2019annoncer une nouvelle hausse sur le prix de l\u2019\u00e9lectricit\u00e9, de +8,6 % sur les options base et +9,8 % sur les options Heures Pleines Heures Creuses (HPHC), due \u00e0 l&rsquo;augmentation de la TICFE, qui passe de 1 \u20ac\/MWh \u00e0 21 \u20ac\/MWh, r\u00e9introduite progressivement alors qu\u2019elle avait \u00e9t\u00e9 suspendue dans le cadre du [&hellip;]<\/p>\n","protected":false},"author":41,"featured_media":34574,"comment_status":"open","ping_status":"open","sticky":false,"template":"","format":"standard","meta":{"spay_email":""},"categories":[4,665],"tags":[],"jetpack_featured_media_url":"https:\/\/i2.wp.com\/batimedianews.com\/live\/wp-content\/uploads\/2024\/01\/Hello-Watt.jpg?fit=1513%2C825","jetpack_sharing_enabled":true,"jetpack_likes_enabled":true,"jetpack-related-posts":[{"id":34543,"url":"http:\/\/batimedianews.com\/live\/index.php\/2024\/01\/22\/notre-programme-des-six-premiers-mois-de-lannee-2024-nous-serons-sur-tous-les-sujets-dinteret-pour-nos-abonnes-et-nos-partenaires\/","url_meta":{"origin":34559,"position":0},"title":"Notre programme des six premiers mois de l\u2019ann\u00e9e 2024, nous serons sur tous les sujets d&rsquo;inter\u00eat pour nos abonn\u00e9s et nos partenaires","date":"22 janvier 2024","format":false,"excerpt":"Pascal Poggi pour Batim\u00e9dia 2024 commence sur les chapeaux de roues\u00a0: augmentation du prix de l\u2019\u00e9lectricit\u00e9, r\u00e8glementation europ\u00e9enne sur les fluides frigorig\u00e8nes, une douzaine de salons pr\u00e9vus au premier semestre, acc\u00e9l\u00e9ration de la r\u00e9novation. Nous vous proposons donc notre programme \u00e9ditorial des six premiers mois. Tout en sachant qu\u2019il peut\u2026","rel":"","context":"Dans &quot;Articles et analyses&quot;","img":{"alt_text":"","src":"https:\/\/i1.wp.com\/batimedianews.com\/live\/wp-content\/uploads\/2024\/01\/prog-imagr-scaled.jpeg?fit=1200%2C1200&resize=350%2C200","width":350,"height":200},"classes":[]},{"id":28807,"url":"http:\/\/batimedianews.com\/live\/index.php\/2023\/05\/22\/photovoltaique-multiplication-des-offres-techniques-et-financieres\/","url_meta":{"origin":34559,"position":1},"title":"Photovolta\u00efque : multiplication des offres techniques et financi\u00e8res","date":"22 mai 2023","format":false,"excerpt":"Gr\u00e2ce \u00e0 l\u2019augmentation rapide du co\u00fbt de l\u2019\u00e9lectricit\u00e9, m\u00eame en tenant compte du bouclier tarifaire, la production photovolta\u00efque sur site et l\u2019autoconsommation deviennent rentables. Pascal Poggi pour batim\u00e9dia Production sur site, financement des installations, \u00e9valuation du gisement, solutions de stockage d\u2019\u00e9lectricit\u00e9 en batteries, \u2026 toutes les briques d\u2019une installation photovolta\u00efque\u2026","rel":"","context":"Dans &quot;Articles et analyses&quot;","img":{"alt_text":"","src":"https:\/\/i0.wp.com\/batimedianews.com\/live\/wp-content\/uploads\/2023\/05\/photo-image-.png?fit=1200%2C1200&resize=350%2C200","width":350,"height":200},"classes":[]},{"id":30491,"url":"http:\/\/batimedianews.com\/live\/index.php\/2023\/08\/08\/les-cee-certificats-deconomie-denergie-sont-devenus-le-principal-instrument-financier-et-technique-de-la-politique-deconomie-denergie-en-france\/","url_meta":{"origin":34559,"position":2},"title":"Les CEE (Certificats d\u2019Economie d\u2019Energie) sont devenus le principal instrument financier et technique de la politique d\u2019\u00e9conomie d\u2019\u00e9nergie en France","date":"8 ao\u00fbt 2023","format":false,"excerpt":"Pascal Poggi pour Batim\u00e9dia Les montants d\u00e9bours\u00e9s annuellement par l\u2019interm\u00e9diaire des CEE sont sup\u00e9rieurs au budget allou\u00e9 \u00e0 MaPrimeR\u00e9nov\u2019. C\u2019est de l\u2019argent priv\u00e9 en quasi-totalit\u00e9, qui ne vient pas du budget de l\u2019Etat. \u00a9PP Le dispositif des certificats d\u2019\u00e9conomies d\u2019\u00e9nergie (CEE), a \u00e9t\u00e9 cr\u00e9\u00e9 par les articles 14 \u00e0 17\u2026","rel":"","context":"Dans &quot;cee&quot;","img":{"alt_text":"","src":"https:\/\/i1.wp.com\/batimedianews.com\/live\/wp-content\/uploads\/2023\/08\/cee-image-.png?fit=1200%2C1200&resize=350%2C200","width":350,"height":200},"classes":[]},{"id":32700,"url":"http:\/\/batimedianews.com\/live\/index.php\/2023\/11\/08\/hiver-2023-aasgard-leader-du-poele-a-bois-devoile-les-astuces-dun-chauffage-abordable-et-ecologique\/","url_meta":{"origin":34559,"position":3},"title":"Hiver 2023 A\u00c4SGARD leader du po\u00eale \u00e0 bois d\u00e9voile les astuces d\u2019un chauffage abordable et \u00e9cologique","date":"8 novembre 2023","format":false,"excerpt":"1. **Durabilit\u00e9 et Impact Environnemental : Comment les produits d'A\u00e4sgard int\u00e8grent-ils des pratiques durables et quel est leur impact environnemental compar\u00e9 \u00e0 d'autres m\u00e9thodes de chauffage traditionnelles ?Le po\u00eale \u00e0 bois scandinave permet de r\u00e9duire son empreinte carbone car\u00a0il fonctionne au bois,\u00a0une \u00e9nergie renouvelable, performante et bon march\u00e9\u00a0\u00e0 condition qu'il\u2026","rel":"","context":"Dans &quot;Actualit\u00e9 Entreprises&quot;","img":{"alt_text":"","src":"https:\/\/i2.wp.com\/batimedianews.com\/live\/wp-content\/uploads\/2023\/11\/aasgard.jpeg?fit=550%2C300&resize=350%2C200","width":350,"height":200},"classes":[]},{"id":19671,"url":"http:\/\/batimedianews.com\/live\/index.php\/2022\/05\/05\/marche-energie-unfographie-de-la-consommation-delectricite-dans-quelles-villes-francaises-consomme-t-on-le-plus\/","url_meta":{"origin":34559,"position":4},"title":"March\u00e9 \u00e9nergie , infographie de la consommation d&rsquo;\u00e9lectricit\u00e9  : dans quelles villes fran\u00e7aises consomme-t-on le plus ?","date":"5 mai 2022","format":false,"excerpt":"Consommation par habitant et par ville d'\u00e9lectricit\u00e9 en France L'\u00e9lectricit\u00e9\u00a0repr\u00e9sente\u00a025%\u00a0de la consommation \u00e9nerg\u00e9tique en France. Elle s'\u00e9l\u00e8ve \u00e0\u00a02.223kWh\u00a0par personne et par an. \u00c0 partir des donn\u00e9es publi\u00e9es par l'agence ORE (Op\u00e9rateurs de R\u00e9seaux d'Energie), d'Enedis et de l'Insee pour les donn\u00e9es sur la population fran\u00e7aise, il est possible d'\u00e9tablir une\u2026","rel":"","context":"Dans &quot;Actualit\u00e9 Entreprises&quot;","img":{"alt_text":"","src":"https:\/\/i1.wp.com\/batimedianews.com\/live\/wp-content\/uploads\/2022\/05\/upenergie-Article.jpg?fit=1080%2C1080&resize=350%2C200","width":350,"height":200},"classes":[]},{"id":10333,"url":"http:\/\/batimedianews.com\/live\/index.php\/2021\/06\/10\/les-sites-industriels-de-vachette-assa-abloy-accelerent-leur-transition-environnementale\/","url_meta":{"origin":34559,"position":5},"title":"Les sites industriels de Vachette\/ASSA ABLOY acc\u00e9l\u00e8rent leur transition environnementale","date":"10 juin 2021","format":false,"excerpt":"Expert fran\u00e7ais des syst\u00e8mes de s\u00e9curit\u00e9, poign\u00e9es de porte et agencement, Vachette\/ASSA ABLOY se distingue depuis plus de 150 ans par la qualit\u00e9 et la technicit\u00e9 de ses produits. Avec deux sites industriels bas\u00e9s \u00e0 Sainte-Savine, dans l\u2019Aube et \u00e0 Longu\u00e9-Jumelles, dans le Maine-et-Loire, Vachette s\u2019attache \u00e0 valoriser et \u00e0\u2026","rel":"","context":"Dans &quot;Actualit\u00e9 Entreprises&quot;","img":{"alt_text":"","src":"https:\/\/i1.wp.com\/batimedianews.com\/live\/wp-content\/uploads\/2021\/06\/Vachette-Article.jpg?fit=512%2C512&resize=350%2C200","width":350,"height":200},"classes":[]}],"_links":{"self":[{"href":"http:\/\/batimedianews.com\/live\/index.php\/wp-json\/wp\/v2\/posts\/34559"}],"collection":[{"href":"http:\/\/batimedianews.com\/live\/index.php\/wp-json\/wp\/v2\/posts"}],"about":[{"href":"http:\/\/batimedianews.com\/live\/index.php\/wp-json\/wp\/v2\/types\/post"}],"author":[{"embeddable":true,"href":"http:\/\/batimedianews.com\/live\/index.php\/wp-json\/wp\/v2\/users\/41"}],"replies":[{"embeddable":true,"href":"http:\/\/batimedianews.com\/live\/index.php\/wp-json\/wp\/v2\/comments?post=34559"}],"version-history":[{"count":3,"href":"http:\/\/batimedianews.com\/live\/index.php\/wp-json\/wp\/v2\/posts\/34559\/revisions"}],"predecessor-version":[{"id":34583,"href":"http:\/\/batimedianews.com\/live\/index.php\/wp-json\/wp\/v2\/posts\/34559\/revisions\/34583"}],"wp:featuredmedia":[{"embeddable":true,"href":"http:\/\/batimedianews.com\/live\/index.php\/wp-json\/wp\/v2\/media\/34574"}],"wp:attachment":[{"href":"http:\/\/batimedianews.com\/live\/index.php\/wp-json\/wp\/v2\/media?parent=34559"}],"wp:term":[{"taxonomy":"category","embeddable":true,"href":"http:\/\/batimedianews.com\/live\/index.php\/wp-json\/wp\/v2\/categories?post=34559"},{"taxonomy":"post_tag","embeddable":true,"href":"http:\/\/batimedianews.com\/live\/index.php\/wp-json\/wp\/v2\/tags?post=34559"}],"curies":[{"name":"wp","href":"https:\/\/api.w.org\/{rel}","templated":true}]}}