{"id":34758,"date":"2024-01-29T07:55:54","date_gmt":"2024-01-29T06:55:54","guid":{"rendered":"http:\/\/batimedianews.com\/live\/?p=34758"},"modified":"2024-06-04T14:11:25","modified_gmt":"2024-06-04T12:11:25","slug":"college-de-montbeliard-nord-bethoncourt","status":"publish","type":"post","link":"http:\/\/batimedianews.com\/live\/index.php\/2024\/01\/29\/college-de-montbeliard-nord-bethoncourt\/","title":{"rendered":"Coll\u00e8ge de Montb\u00e9liard-Nord Bethoncourt"},"content":{"rendered":"\n<p class=\"has-medium-font-size\">&nbsp;Un exemple d\u2019\u00e9co-responsabilit\u00e9 pour accueillir une p\u00e9dagogie active&nbsp;<\/p>\n\n\n\n<p class=\"has-medium-font-size\"><strong>Un chantier de r\u00e9f\u00e9rence sign\u00e9 Siniat<\/strong><\/p>\n\n\n\n<figure class=\"wp-block-image size-large\"><img loading=\"lazy\" width=\"720\" height=\"720\" src=\"https:\/\/i2.wp.com\/batimedianews.com\/live\/wp-content\/uploads\/2024\/01\/siniat-college-bethoncourt-\u0451-ludovic-godard-hd-1342.jpg?resize=720%2C720\" alt=\"\" class=\"wp-image-34759\" srcset=\"https:\/\/i0.wp.com\/batimedianews.com\/live\/wp-content\/uploads\/2024\/01\/siniat-college-bethoncourt-\u0451-ludovic-godard-hd-1342-scaled.jpg?resize=1024%2C1024 1024w, https:\/\/i0.wp.com\/batimedianews.com\/live\/wp-content\/uploads\/2024\/01\/siniat-college-bethoncourt-\u0451-ludovic-godard-hd-1342-scaled.jpg?resize=600%2C600 600w, https:\/\/i0.wp.com\/batimedianews.com\/live\/wp-content\/uploads\/2024\/01\/siniat-college-bethoncourt-\u0451-ludovic-godard-hd-1342-scaled.jpg?resize=300%2C300 300w, https:\/\/i0.wp.com\/batimedianews.com\/live\/wp-content\/uploads\/2024\/01\/siniat-college-bethoncourt-\u0451-ludovic-godard-hd-1342-scaled.jpg?resize=1536%2C1536 1536w, https:\/\/i0.wp.com\/batimedianews.com\/live\/wp-content\/uploads\/2024\/01\/siniat-college-bethoncourt-\u0451-ludovic-godard-hd-1342-scaled.jpg?resize=2048%2C2048 2048w, https:\/\/i0.wp.com\/batimedianews.com\/live\/wp-content\/uploads\/2024\/01\/siniat-college-bethoncourt-\u0451-ludovic-godard-hd-1342-scaled.jpg?resize=10%2C10 10w, https:\/\/i0.wp.com\/batimedianews.com\/live\/wp-content\/uploads\/2024\/01\/siniat-college-bethoncourt-\u0451-ludovic-godard-hd-1342-scaled.jpg?w=1440 1440w, https:\/\/i0.wp.com\/batimedianews.com\/live\/wp-content\/uploads\/2024\/01\/siniat-college-bethoncourt-\u0451-ludovic-godard-hd-1342-scaled.jpg?w=2160 2160w\" sizes=\"(max-width: 600px) 91vw, (max-width: 900px) 600px, (max-width: 1060px) 50vw, (max-width: 1200px) 520px, (max-width: 1400px) 43vw, 600px\" data-recalc-dims=\"1\" \/><\/figure>\n\n\n\n<p class=\"has-text-color has-large-font-size\" style=\"color:#8300a3\">Coll\u00e8ge de Montb\u00e9liard-Nord Bethoncourt&nbsp;<\/p>\n\n\n\n<p class=\"has-text-color\" style=\"color:#9100a3;font-size:25px\">Un chantier de r\u00e9f\u00e9rence pour Weather Defence et Defentex&nbsp;<\/p>\n\n\n\n<p>Le futur Coll\u00e8ge de Montb\u00e9liard- Nord Bethoncourt, situ\u00e9 dans l\u2019agglom\u00e9ration du Pays de Montb\u00e9liard, se distingue par sa volont\u00e9 de proposer une p\u00e9dagogie active, sa sobri\u00e9t\u00e9 \u00e9nerg\u00e9tique et l\u2019utilisation prioritaire de ressources locales dans sa construction. Cet \u00e9tablissement \u00e9co-responsable, unique dans le paysage national, accueillera des coll\u00e9giens \u00e0 la rentr\u00e9e 2024.&nbsp;<\/p>\n\n\n\n<p>En termes de p\u00e9dagogie, le Coll\u00e8ge de Montb\u00e9liard-Nord Bethoncourt proposera des pratiques \u00e9ducatives adapt\u00e9es \u00e0 la personnalisation des parcours et au d\u00e9veloppement de l\u2019autonomie des \u00e9l\u00e8ves avec par exemple la cr\u00e9ation de modules pour travailler en petits groupes, un environnement pr\u00e9servant la biodiversit\u00e9 auxquels seront associ\u00e9s les coll\u00e9giens, l\u2019optimisation des d\u00e9chets\u2026&nbsp;<\/p>\n\n\n\n<p>Du point de vue \u00e9nerg\u00e9tique, la demande en \u00e9nergie a \u00e9t\u00e9 rationnalis\u00e9e gr\u00e2ce \u00e0 la mise en place d\u2019\u00e9quipements de tr\u00e8s haute efficience permettant de ma\u00eetriser les consommations et d\u2019atteindre le niveau le plus \u00e9lev\u00e9 (E4) du label E+C.&nbsp;<\/p>\n\n\n\n<p>Pour l\u2019enveloppe du b\u00e2timent, l\u2019architecte a privil\u00e9gi\u00e9 l\u2019utilisation de mat\u00e9riaux locaux biosourc\u00e9s ou g\u00e9osourc\u00e9s tels que le bois, la paille et la terre crue, ou encore de mat\u00e9riaux \u00e0 l\u2019empreinte carbone r\u00e9duite valorisant les savoir-faire locaux.&nbsp;<\/p>\n\n\n\n<p>L\u2019entreprise ALD Bois, expert de la construction bois dans le Jura depuis plus de 20 ans, est compos\u00e9e d\u2019une vingtaine de collaborateurs exp\u00e9riment\u00e9s et sp\u00e9cialis\u00e9s. Elle con\u00e7oit, d\u00e9veloppe, fabrique, installe et s\u00e9curise tous types de constructions en ossature bois.&nbsp;<\/p>\n\n\n\n<figure class=\"wp-block-image size-large\"><img loading=\"lazy\" width=\"720\" height=\"720\" src=\"https:\/\/i0.wp.com\/batimedianews.com\/live\/wp-content\/uploads\/2024\/01\/image-192.png?resize=720%2C720\" alt=\"\" class=\"wp-image-34760\" srcset=\"https:\/\/i0.wp.com\/batimedianews.com\/live\/wp-content\/uploads\/2024\/01\/image-192.png?resize=1024%2C1024 1024w, https:\/\/i0.wp.com\/batimedianews.com\/live\/wp-content\/uploads\/2024\/01\/image-192.png?resize=600%2C600 600w, https:\/\/i0.wp.com\/batimedianews.com\/live\/wp-content\/uploads\/2024\/01\/image-192.png?resize=300%2C300 300w, https:\/\/i0.wp.com\/batimedianews.com\/live\/wp-content\/uploads\/2024\/01\/image-192.png?resize=1536%2C1536 1536w, https:\/\/i0.wp.com\/batimedianews.com\/live\/wp-content\/uploads\/2024\/01\/image-192.png?resize=2048%2C2048 2048w, https:\/\/i0.wp.com\/batimedianews.com\/live\/wp-content\/uploads\/2024\/01\/image-192.png?resize=10%2C10 10w, https:\/\/i0.wp.com\/batimedianews.com\/live\/wp-content\/uploads\/2024\/01\/image-192.png?zoom=3&amp;resize=1024%2C1024 3072w\" sizes=\"(max-width: 600px) 91vw, (max-width: 900px) 600px, (max-width: 1060px) 50vw, (max-width: 1200px) 520px, (max-width: 1400px) 43vw, 600px\" data-recalc-dims=\"1\" \/><\/figure>\n\n\n\n<div class=\"wp-block-columns\">\n<div class=\"wp-block-column\">\n<p>Pour fabriquer les fa\u00e7ades \u00e0 ossature bois du Coll\u00e8ge de Montb\u00e9liard- Nord Bethoncourt, repr\u00e9sentant 95 % des murs ext\u00e9rieurs, elle recherchait une solution produite localement, respectueuse de l\u2019environnement, saine et durable, et r\u00e9pondant \u00e0 la probl\u00e9matique de la gestion de l\u2019humidit\u00e9 sur un chantier expos\u00e9 aux intemp\u00e9ries. ALD Bois a ainsi s\u00e9lectionn\u00e9 deux syst\u00e8mes Siniat : Weather Defence pour les murs ext\u00e9rieurs et Defentex pour l\u2019int\u00e9rieur.&nbsp;<\/p>\n\n\n\n<p>Fabriqu\u00e9s non loin, \u00e0 Ottmarscheim (pr\u00e8s de Mulhouse), l\u2019utilisation simultan\u00e9e de Weather Defence et Defentex a constitu\u00e9 une r\u00e9ponse tr\u00e8s qualitative pour ce projet :&nbsp;<\/p>\n\n\n\n<ul><li>la fonction pare-pluie rigide de Weather Defence et Defentex garantit une haute r\u00e9sistance aux conditions climatiques (chaleur, froid, gel, pluie, vent\u2026) pendant plusieurs mois,&nbsp;<\/li><\/ul>\n<\/div>\n\n\n\n<div class=\"wp-block-column\">\n<ul><li>la r\u00e9sistance au feu de Weather Defence permet une protection des murs pendant la phase chantier et r\u00e9pond \u00e0 la r\u00e9glementation incendie pour les ERP,&nbsp;<\/li><li>la perspirance des murs r\u00e9alis\u00e9s avec Weather Defence et Defentex, notamment lors de l\u2019utilisation de mat\u00e9riaux isolants biosourc\u00e9s, assure une autor\u00e9gulation de l\u2019hygrom\u00e9trie b\u00e9n\u00e9fique au b\u00e2ti.&nbsp;<\/li><\/ul>\n\n\n\n<p>Les murs ont \u00e9t\u00e9 mont\u00e9s dans l\u2019atelier d\u2019ALD Bois \u00e0 partir de d\u00e9but 2023 et livr\u00e9s pr\u00eats \u00e0 poser sur chantier.&nbsp;<\/p>\n\n\n\n<p>Au total, 10000 m2 de produits Siniat ont \u00e9t\u00e9 utilis\u00e9s pour fabriquer les fa\u00e7ades du Coll\u00e8ge de Montb\u00e9liard-Nord Bethoncourt : 6 000 m2 de panneaux Weather Defence et 4 000 m2 de panneaux Defentex.<\/p>\n<\/div>\n<\/div>\n\n\n\n<p class=\"has-text-color\" style=\"color:#7b00a3\"><strong>\u201cLe chantier du Coll\u00e8ge de Montb\u00e9liard-Nord Bethoncourt comportait deux contraintes majeures pour notre entreprise : respecter le planning vis-\u00e0-vis de la ma\u00eetrise d\u2019ouvrage et mettre en \u0153uvre des mat\u00e9riaux biosourc\u00e9s. Nous avons choisi les solutions Weather Defence et Defentex de Siniat sur les conseils d\u2019un confr\u00e8re. C\u2019\u00e9tait un v\u00e9ritable pari pour nous de les utiliser sur un chantier de cette ampleur, d\u2019autant qu\u2019il a fallu adapter notre atelier pour pr\u00e9fabriquer les murs avec ces produits. L\u2019exp\u00e9rience a \u00e9t\u00e9 probante avec des performances au-del\u00e0 de nos esp\u00e9rances.\u201c\u00a0<\/strong><\/p>\n\n\n\n<p class=\"has-text-color\" style=\"color:#7b00a3;font-size:18px\">Laurent Chenevard, Conducteur de travaux chez ALD Bois&nbsp;<\/p>\n\n\n\n<figure class=\"wp-block-image size-large\"><img loading=\"lazy\" width=\"720\" height=\"720\" src=\"https:\/\/i1.wp.com\/batimedianews.com\/live\/wp-content\/uploads\/2024\/01\/siniat-college-bethoncourt-\u0451-ludovic-godard-hd-11.jpg?resize=720%2C720\" alt=\"\" class=\"wp-image-34761\" srcset=\"https:\/\/i1.wp.com\/batimedianews.com\/live\/wp-content\/uploads\/2024\/01\/siniat-college-bethoncourt-\u0451-ludovic-godard-hd-11-scaled.jpg?resize=1024%2C1024 1024w, https:\/\/i1.wp.com\/batimedianews.com\/live\/wp-content\/uploads\/2024\/01\/siniat-college-bethoncourt-\u0451-ludovic-godard-hd-11-scaled.jpg?resize=600%2C600 600w, https:\/\/i1.wp.com\/batimedianews.com\/live\/wp-content\/uploads\/2024\/01\/siniat-college-bethoncourt-\u0451-ludovic-godard-hd-11-scaled.jpg?resize=300%2C300 300w, https:\/\/i1.wp.com\/batimedianews.com\/live\/wp-content\/uploads\/2024\/01\/siniat-college-bethoncourt-\u0451-ludovic-godard-hd-11-scaled.jpg?resize=1536%2C1536 1536w, https:\/\/i1.wp.com\/batimedianews.com\/live\/wp-content\/uploads\/2024\/01\/siniat-college-bethoncourt-\u0451-ludovic-godard-hd-11-scaled.jpg?resize=2048%2C2048 2048w, https:\/\/i1.wp.com\/batimedianews.com\/live\/wp-content\/uploads\/2024\/01\/siniat-college-bethoncourt-\u0451-ludovic-godard-hd-11-scaled.jpg?resize=10%2C10 10w, https:\/\/i1.wp.com\/batimedianews.com\/live\/wp-content\/uploads\/2024\/01\/siniat-college-bethoncourt-\u0451-ludovic-godard-hd-11-scaled.jpg?w=1440 1440w, https:\/\/i1.wp.com\/batimedianews.com\/live\/wp-content\/uploads\/2024\/01\/siniat-college-bethoncourt-\u0451-ludovic-godard-hd-11-scaled.jpg?w=2160 2160w\" sizes=\"(max-width: 600px) 91vw, (max-width: 900px) 600px, (max-width: 1060px) 50vw, (max-width: 1200px) 520px, (max-width: 1400px) 43vw, 600px\" data-recalc-dims=\"1\" \/><\/figure>\n\n\n\n<div class=\"wp-block-media-text alignwide has-media-on-the-right is-stacked-on-mobile\" style=\"grid-template-columns:auto 37%\"><figure class=\"wp-block-media-text__media\"><img loading=\"lazy\" width=\"720\" height=\"720\" src=\"https:\/\/i1.wp.com\/batimedianews.com\/live\/wp-content\/uploads\/2024\/01\/siniat-college-bethoncourt-\u0451-ludovic-godard-hd-1347.jpg?resize=720%2C720\" alt=\"\" class=\"wp-image-34762 size-full\" srcset=\"https:\/\/i2.wp.com\/batimedianews.com\/live\/wp-content\/uploads\/2024\/01\/siniat-college-bethoncourt-\u0451-ludovic-godard-hd-1347-scaled.jpg?resize=1024%2C1024 1024w, https:\/\/i2.wp.com\/batimedianews.com\/live\/wp-content\/uploads\/2024\/01\/siniat-college-bethoncourt-\u0451-ludovic-godard-hd-1347-scaled.jpg?resize=600%2C600 600w, https:\/\/i2.wp.com\/batimedianews.com\/live\/wp-content\/uploads\/2024\/01\/siniat-college-bethoncourt-\u0451-ludovic-godard-hd-1347-scaled.jpg?resize=300%2C300 300w, https:\/\/i2.wp.com\/batimedianews.com\/live\/wp-content\/uploads\/2024\/01\/siniat-college-bethoncourt-\u0451-ludovic-godard-hd-1347-scaled.jpg?resize=1536%2C1536 1536w, https:\/\/i2.wp.com\/batimedianews.com\/live\/wp-content\/uploads\/2024\/01\/siniat-college-bethoncourt-\u0451-ludovic-godard-hd-1347-scaled.jpg?resize=2048%2C2048 2048w, https:\/\/i2.wp.com\/batimedianews.com\/live\/wp-content\/uploads\/2024\/01\/siniat-college-bethoncourt-\u0451-ludovic-godard-hd-1347-scaled.jpg?resize=10%2C10 10w, https:\/\/i2.wp.com\/batimedianews.com\/live\/wp-content\/uploads\/2024\/01\/siniat-college-bethoncourt-\u0451-ludovic-godard-hd-1347-scaled.jpg?w=1440 1440w, https:\/\/i2.wp.com\/batimedianews.com\/live\/wp-content\/uploads\/2024\/01\/siniat-college-bethoncourt-\u0451-ludovic-godard-hd-1347-scaled.jpg?w=2160 2160w\" sizes=\"(max-width: 600px) 91vw, (max-width: 900px) 600px, (max-width: 1060px) 50vw, (max-width: 1200px) 520px, (max-width: 1400px) 43vw, 600px\" data-recalc-dims=\"1\" \/><\/figure><div class=\"wp-block-media-text__content\">\n<p class=\"has-text-color\" style=\"color:#7200a3\"><strong>Weather Defence<\/strong><\/p>\n\n\n\n<p>Lanc\u00e9e en 2018, Weather Defence est un syst\u00e8me de mur complet destin\u00e9 \u00e0 la construction \u00e0 ossature bois de moyenne et grande hauteur. Elle augmente les performances du mur non porteur tout en simplifiant sa composition. Incombustible et r\u00e9sistant au feu, Weather Defence assure \u00e9galement les fonctions de pare-pluie rigide et de voile de stabilit\u00e9.<\/p>\n\n\n\n<p class=\"has-text-color\" style=\"color:#7200a3\"><strong>Defentex&nbsp;<\/strong><\/p>\n\n\n\n<p>En 2022, Siniat pr\u00e9sentait le 1er panneau multifonctions d\u00e9di\u00e9 \u00e0 la construction de b\u00e2timents en bois de petite et moyenne hauteur. Defentex poss\u00e8de 4 fonctions majeures : contreventement, pare-pluie, r\u00e9sistance aux termites et perm\u00e9abilit\u00e9 \u00e0 la vapeur d\u2019eau.<\/p>\n<\/div><\/div>\n\n\n\n<div class=\"wp-block-media-text alignwide is-stacked-on-mobile\" style=\"grid-template-columns:35% auto\"><figure class=\"wp-block-media-text__media\"><img loading=\"lazy\" width=\"720\" height=\"720\" src=\"https:\/\/i2.wp.com\/batimedianews.com\/live\/wp-content\/uploads\/2024\/01\/siniat-college-bethoncourt-\u0451-ludovic-godard-hd-0962.jpg?resize=720%2C720\" alt=\"\" class=\"wp-image-34763 size-full\" srcset=\"https:\/\/i2.wp.com\/batimedianews.com\/live\/wp-content\/uploads\/2024\/01\/siniat-college-bethoncourt-\u0451-ludovic-godard-hd-0962.jpg?resize=1024%2C1024 1024w, https:\/\/i2.wp.com\/batimedianews.com\/live\/wp-content\/uploads\/2024\/01\/siniat-college-bethoncourt-\u0451-ludovic-godard-hd-0962.jpg?resize=600%2C600 600w, https:\/\/i2.wp.com\/batimedianews.com\/live\/wp-content\/uploads\/2024\/01\/siniat-college-bethoncourt-\u0451-ludovic-godard-hd-0962.jpg?resize=300%2C300 300w, https:\/\/i2.wp.com\/batimedianews.com\/live\/wp-content\/uploads\/2024\/01\/siniat-college-bethoncourt-\u0451-ludovic-godard-hd-0962.jpg?resize=1536%2C1536 1536w, https:\/\/i2.wp.com\/batimedianews.com\/live\/wp-content\/uploads\/2024\/01\/siniat-college-bethoncourt-\u0451-ludovic-godard-hd-0962.jpg?resize=2048%2C2048 2048w, https:\/\/i2.wp.com\/batimedianews.com\/live\/wp-content\/uploads\/2024\/01\/siniat-college-bethoncourt-\u0451-ludovic-godard-hd-0962.jpg?resize=10%2C10 10w\" sizes=\"(max-width: 600px) 91vw, (max-width: 900px) 600px, (max-width: 1060px) 50vw, (max-width: 1200px) 520px, (max-width: 1400px) 43vw, 600px\" data-recalc-dims=\"1\" \/><\/figure><div class=\"wp-block-media-text__content\">\n<p class=\"has-text-color\" style=\"color:#b803f4\"><em>Ma\u00eetre d\u2019ouvrage : Conseil d\u00e9partemental du Doubs<\/em><\/p>\n\n\n\n<p class=\"has-text-color\" style=\"color:#b803f4\"><em>Architecte : CRR Ecritures Architecturales<\/em><\/p>\n\n\n\n<p class=\"has-text-color\" style=\"color:#b803f4\"><em>Labellisation : E4C2, niveau Bepos Effinergie 2017<\/em><\/p>\n\n\n\n<p class=\"has-text-color\" style=\"color:#b803f4\"><em>Construction bois : ALD Bois en collaboration avec Simonin<\/em><\/p>\n\n\n\n<figure class=\"wp-block-image size-large\"><img loading=\"lazy\" width=\"720\" height=\"720\" src=\"https:\/\/i1.wp.com\/batimedianews.com\/live\/wp-content\/uploads\/2024\/01\/siniat-college-bethoncourt-\u0451-ludovic-godard-hd-2.jpg?resize=720%2C720\" alt=\"\" class=\"wp-image-34764\" srcset=\"https:\/\/i0.wp.com\/batimedianews.com\/live\/wp-content\/uploads\/2024\/01\/siniat-college-bethoncourt-\u0451-ludovic-godard-hd-2-scaled.jpg?resize=1024%2C1024 1024w, https:\/\/i0.wp.com\/batimedianews.com\/live\/wp-content\/uploads\/2024\/01\/siniat-college-bethoncourt-\u0451-ludovic-godard-hd-2-scaled.jpg?resize=600%2C600 600w, https:\/\/i0.wp.com\/batimedianews.com\/live\/wp-content\/uploads\/2024\/01\/siniat-college-bethoncourt-\u0451-ludovic-godard-hd-2-scaled.jpg?resize=300%2C300 300w, https:\/\/i0.wp.com\/batimedianews.com\/live\/wp-content\/uploads\/2024\/01\/siniat-college-bethoncourt-\u0451-ludovic-godard-hd-2-scaled.jpg?resize=1536%2C1536 1536w, https:\/\/i0.wp.com\/batimedianews.com\/live\/wp-content\/uploads\/2024\/01\/siniat-college-bethoncourt-\u0451-ludovic-godard-hd-2-scaled.jpg?resize=2048%2C2048 2048w, https:\/\/i0.wp.com\/batimedianews.com\/live\/wp-content\/uploads\/2024\/01\/siniat-college-bethoncourt-\u0451-ludovic-godard-hd-2-scaled.jpg?resize=10%2C10 10w, https:\/\/i0.wp.com\/batimedianews.com\/live\/wp-content\/uploads\/2024\/01\/siniat-college-bethoncourt-\u0451-ludovic-godard-hd-2-scaled.jpg?w=1440 1440w, https:\/\/i0.wp.com\/batimedianews.com\/live\/wp-content\/uploads\/2024\/01\/siniat-college-bethoncourt-\u0451-ludovic-godard-hd-2-scaled.jpg?w=2160 2160w\" sizes=\"(max-width: 600px) 91vw, (max-width: 900px) 600px, (max-width: 1060px) 50vw, (max-width: 1200px) 520px, (max-width: 1400px) 43vw, 600px\" data-recalc-dims=\"1\" \/><\/figure>\n<\/div><\/div>\n\n\n\n<p><\/p>\n","protected":false},"excerpt":{"rendered":"<p>&nbsp;Un exemple d\u2019\u00e9co-responsabilit\u00e9 pour accueillir une p\u00e9dagogie active&nbsp; Un chantier de r\u00e9f\u00e9rence sign\u00e9 Siniat Coll\u00e8ge de Montb\u00e9liard-Nord Bethoncourt&nbsp; Un chantier de r\u00e9f\u00e9rence pour Weather Defence et Defentex&nbsp; Le futur Coll\u00e8ge de Montb\u00e9liard- Nord Bethoncourt, situ\u00e9 dans l\u2019agglom\u00e9ration du Pays de Montb\u00e9liard, se distingue par sa volont\u00e9 de proposer une p\u00e9dagogie active, sa sobri\u00e9t\u00e9 \u00e9nerg\u00e9tique et [&hellip;]<\/p>\n","protected":false},"author":41,"featured_media":34765,"comment_status":"open","ping_status":"open","sticky":false,"template":"","format":"standard","meta":{"spay_email":""},"categories":[24,29,39,1727],"tags":[],"jetpack_featured_media_url":"https:\/\/i1.wp.com\/batimedianews.com\/live\/wp-content\/uploads\/2024\/01\/Siniat.jpg?fit=1513%2C825","jetpack_sharing_enabled":true,"jetpack_likes_enabled":true,"jetpack-related-posts":[{"id":18510,"url":"http:\/\/batimedianews.com\/live\/index.php\/2022\/04\/06\/les-premiers-visuels-des-prochains-colleges-de-persan-et-osny-devoiles\/","url_meta":{"origin":34758,"position":0},"title":"Les premiers visuels des prochains coll\u00e8ges de Persan et Osny d\u00e9voil\u00e9s","date":"6 avril 2022","format":false,"excerpt":"Aujourd'hui, l'Assembl\u00e9e d\u00e9partementale a d\u00e9voil\u00e9 les premiers visuels d'architecte des prochains coll\u00e8ges d'Osny et Persan. La ma\u00eetrise d'\u0153uvre a \u00e9t\u00e9 attribu\u00e9e au cabinet d'architecture Gaetan Le Penhuel pour le coll\u00e8ge d'Osny, et au cabinet d'architecture Marjan Essamfar & Joe Verons pour le coll\u00e8ge de Persan. \u00ab Le Val d'Oise est\u2026","rel":"","context":"Dans &quot;Actualit\u00e9 Entreprises&quot;","img":{"alt_text":"","src":"https:\/\/i2.wp.com\/batimedianews.com\/live\/wp-content\/uploads\/2022\/03\/Val-dOise-Article.jpg?fit=512%2C512&resize=350%2C200","width":350,"height":200},"classes":[]},{"id":37450,"url":"http:\/\/batimedianews.com\/live\/index.php\/2024\/05\/28\/siniat-accompagne-les-entreprises-plaquistes-sur-les-chantiers-les-plus-techniques\/","url_meta":{"origin":34758,"position":1},"title":"Siniat accompagne les entreprises plaquistes sur les chantiers les plus techniques","date":"28 mai 2024","format":false,"excerpt":"Lumi\u00e8re sur le coll\u00e8ge Truffaut \u00e0 l\u2019Isle d\u2019Abeau : une r\u00e9ponse sur-mesure aux probl\u00e9matiques de luminosit\u00e9 et d\u2019acoustique ETEX - Photographie du chantier du College F Truffaud. A l'Isle d'Abeau le 13 d\u00e9cembre 2023 - Photo Gilles BERTRAND Le Conseil D\u00e9partemental de l\u2019Is\u00e8re (Grenoble, 38) a vot\u00e9 fin 2021 le\u2026","rel":"","context":"Dans &quot;Acoustique&quot;","img":{"alt_text":"","src":"https:\/\/i2.wp.com\/batimedianews.com\/live\/wp-content\/uploads\/2024\/05\/Siniat.jpg?fit=825%2C825&resize=350%2C200","width":350,"height":200},"classes":[]},{"id":42233,"url":"http:\/\/batimedianews.com\/live\/index.php\/2025\/01\/21\/construction-hors-site-decarbonee-la-preuve-spurgin-par-lexemple-sur-lemblematique-chantier-de-la-cite-scolaire-de-sartrouville\/","url_meta":{"origin":34758,"position":2},"title":"Construction hors-site d\u00e9carbon\u00e9e : la preuve Spurgin par l\u2019exemple sur l\u2019embl\u00e9matique chantier de la Cit\u00e9 Scolaire de Sartrouville","date":"21 janvier 2025","format":false,"excerpt":"\u00a0R\u00e9volutionnant les m\u00e9thodes constructives depuis 1978, Spurgin, leader fran\u00e7ais du pr\u00e9mur et de la construction hors-site, a \u00e9t\u00e9 retenu dans la cadre de la r\u00e9alisation de la Cit\u00e9 Scolaire de Sartrouville pour la fourniture de plus de 6.000 m2 de murs b\u00e9ton de bois porteurs CS2.\u00a0 \u00a0La gen\u00e8se\u00a0 \u00a0Ce projet\u2026","rel":"","context":"Dans &quot;Actualit\u00e9 Entreprises&quot;","img":{"alt_text":"","src":"https:\/\/i2.wp.com\/batimedianews.com\/live\/wp-content\/uploads\/2025\/01\/spurgin-articles-.jpg?fit=825%2C825&resize=350%2C200","width":350,"height":200},"classes":[]},{"id":37583,"url":"http:\/\/batimedianews.com\/live\/index.php\/2024\/05\/31\/a-mutzig-le-college-a-trouve-la-bonne-formule-contre-le-froid-grace-a-une-isolation-thermique-par-lexterieur-sto\/","url_meta":{"origin":34758,"position":3},"title":"A Mutzig, le coll\u00e8ge a trouv\u00e9 la bonne formule contre le froid gr\u00e2ce \u00e0 une isolation thermique par l\u2019ext\u00e9rieur Sto","date":"31 mai 2024","format":false,"excerpt":"Pour la r\u00e9novation \u00e9nerg\u00e9tique du coll\u00e8ge de Mutzig, en Alsace, l\u2019isolation thermique par l\u2019ext\u00e9rieur a \u00e9t\u00e9 r\u00e9alis\u00e9e avec des blocs de PSE pr\u00e9fabriqu\u00e9s en usine pour s\u2019adapter au millim\u00e8tre pr\u00e8s aux fa\u00e7ades d\u2019origine. Une r\u00e9ponse sur-mesure d\u00e9velopp\u00e9e par les \u00e9quipes de Sto et sa filiale Innolation, l'usine de production d'isolant\u2026","rel":"","context":"Dans &quot;Actualit\u00e9 Entreprises&quot;","img":{"alt_text":"","src":"https:\/\/i0.wp.com\/batimedianews.com\/live\/wp-content\/uploads\/2024\/05\/sto.jpg?fit=825%2C825&resize=350%2C200","width":350,"height":200},"classes":[]},{"id":35046,"url":"http:\/\/batimedianews.com\/live\/index.php\/2024\/02\/13\/a-nanterre-lagence-darchitecture-a26-transforme-un-immeuble-de-bureaux-pour-y-accueillir-une-nouvelle-ecole\/","url_meta":{"origin":34758,"position":4},"title":"\u00c0 Nanterre, l\u2019agence d\u2019architecture A26 transforme un immeuble de bureaux pour y accueillir une nouvelle \u00e9cole","date":"13 f\u00e9vrier 2024","format":false,"excerpt":"L' Agence d\u2019architecture A26 a \u00e9t\u00e9 s\u00e9lectionn\u00e9e par SwissLife pour r\u00e9habiliter et restructurer compl\u00e8tement un immeuble de bureaux \u00e0 Nanterre. Le nouvel ensemble accueille d\u00e9sormais les \u00e9l\u00e8ves des \u00e9coles du Digital Coll\u00e8ge et du Metaverse College, auparavant install\u00e9s dans les locaux du Coll\u00e8ge de Paris \u00e0 la Grande Arche. Ce\u2026","rel":"","context":"Dans &quot;Actualit\u00e9 Entreprises&quot;","img":{"alt_text":"","src":"https:\/\/i1.wp.com\/batimedianews.com\/live\/wp-content\/uploads\/2024\/02\/A26.jpg?fit=825%2C825&resize=350%2C200","width":350,"height":200},"classes":[]},{"id":13937,"url":"http:\/\/batimedianews.com\/live\/index.php\/2021\/12\/02\/olivier-collin-elu-president-du-college-snbpe-pays-de-la-loire\/","url_meta":{"origin":34758,"position":5},"title":"Olivier Collin \u00e9lu pr\u00e9sident du coll\u00e8ge SNBPE Pays de la Loire","date":"2 d\u00e9cembre 2021","format":false,"excerpt":"Olivier Collin, directeur g\u00e9n\u00e9ral d'EDYCEM, vient d'\u00eatre port\u00e9 \u00e0 la pr\u00e9sidence du coll\u00e8ge SNBPE (Syndicat National du B\u00e9ton Pr\u00eat \u00e0 l'Emploi) de la r\u00e9gion Pays de la Loire. Il succ\u00e8de \u00e0 Philippe QUENEAU (lui-m\u00eame ancien directeur g\u00e9n\u00e9ral d'EDYCEM), dont le mandat arrivait \u00e0 son terme. Au cours de ces vingt-cinq\u2026","rel":"","context":"Dans &quot;Actualit\u00e9 Entreprises&quot;","img":{"alt_text":"","src":"https:\/\/i1.wp.com\/batimedianews.com\/live\/wp-content\/uploads\/2021\/11\/SNBPE-Article.jpg?fit=512%2C512&resize=350%2C200","width":350,"height":200},"classes":[]}],"_links":{"self":[{"href":"http:\/\/batimedianews.com\/live\/index.php\/wp-json\/wp\/v2\/posts\/34758"}],"collection":[{"href":"http:\/\/batimedianews.com\/live\/index.php\/wp-json\/wp\/v2\/posts"}],"about":[{"href":"http:\/\/batimedianews.com\/live\/index.php\/wp-json\/wp\/v2\/types\/post"}],"author":[{"embeddable":true,"href":"http:\/\/batimedianews.com\/live\/index.php\/wp-json\/wp\/v2\/users\/41"}],"replies":[{"embeddable":true,"href":"http:\/\/batimedianews.com\/live\/index.php\/wp-json\/wp\/v2\/comments?post=34758"}],"version-history":[{"count":2,"href":"http:\/\/batimedianews.com\/live\/index.php\/wp-json\/wp\/v2\/posts\/34758\/revisions"}],"predecessor-version":[{"id":34767,"href":"http:\/\/batimedianews.com\/live\/index.php\/wp-json\/wp\/v2\/posts\/34758\/revisions\/34767"}],"wp:featuredmedia":[{"embeddable":true,"href":"http:\/\/batimedianews.com\/live\/index.php\/wp-json\/wp\/v2\/media\/34765"}],"wp:attachment":[{"href":"http:\/\/batimedianews.com\/live\/index.php\/wp-json\/wp\/v2\/media?parent=34758"}],"wp:term":[{"taxonomy":"category","embeddable":true,"href":"http:\/\/batimedianews.com\/live\/index.php\/wp-json\/wp\/v2\/categories?post=34758"},{"taxonomy":"post_tag","embeddable":true,"href":"http:\/\/batimedianews.com\/live\/index.php\/wp-json\/wp\/v2\/tags?post=34758"}],"curies":[{"name":"wp","href":"https:\/\/api.w.org\/{rel}","templated":true}]}}