{"id":35952,"date":"2024-03-11T09:54:28","date_gmt":"2024-03-11T08:54:28","guid":{"rendered":"http:\/\/batimedianews.com\/live\/?p=35952"},"modified":"2024-06-04T14:14:55","modified_gmt":"2024-06-04T12:14:55","slug":"proreno-la-nouvelle-plateforme-de-reference-pour-les-professionnels-de-la-renovation-energetique","status":"publish","type":"post","link":"http:\/\/batimedianews.com\/live\/index.php\/2024\/03\/11\/proreno-la-nouvelle-plateforme-de-reference-pour-les-professionnels-de-la-renovation-energetique\/","title":{"rendered":"Pro\u2019R\u00c9NO, la nouvelle plateforme de r\u00e9f\u00e9rence pour les professionnels de la r\u00e9novation \u00e9nerg\u00e9tique"},"content":{"rendered":"\n<div class=\"wp-block-media-text alignwide is-stacked-on-mobile\" style=\"grid-template-columns:21% auto\"><figure class=\"wp-block-media-text__media\"><img loading=\"lazy\" width=\"378\" height=\"760\" src=\"https:\/\/i1.wp.com\/batimedianews.com\/live\/wp-content\/uploads\/2024\/03\/image-79.png?resize=378%2C760\" alt=\"\" class=\"wp-image-35953 size-full\" srcset=\"https:\/\/i1.wp.com\/batimedianews.com\/live\/wp-content\/uploads\/2024\/03\/image-79.png?w=378 378w, https:\/\/i1.wp.com\/batimedianews.com\/live\/wp-content\/uploads\/2024\/03\/image-79.png?resize=768%2C1544 768w\" sizes=\"(max-width: 600px) 91vw, (max-width: 900px) 600px, (max-width: 1060px) 50vw, (max-width: 1200px) 520px, (max-width: 1400px) 43vw, 600px\" data-recalc-dims=\"1\" \/><\/figure><div class=\"wp-block-media-text__content\">\n<figure class=\"wp-block-table\"><table><tbody><tr><td><strong>PROFEEL met \u00e0 disposition de tous les professionnels du B\u00e2timent une nouvelle plateforme unique de ressources d\u00e9di\u00e9es \u00e0 la r\u00e9novation \u00e9nerg\u00e9tique : Pro\u2019RENO.fr&nbsp;<\/strong> <br><strong>D\u00e9sormais accessible gratuitement sur <a rel=\"noreferrer noopener\" href=\"http:\/\/www.proreno.fr\" target=\"_blank\">www.proreno.fr<\/a>, ce service offre un acc\u00e8s simplifi\u00e9 \u00e0 plus de 800 outils, incluant des r\u00e8gles de l\u2019art.&nbsp;<\/strong> <br><strong>Dot\u00e9 d\u2019un moteur de recherche optimis\u00e9 et de multiples possibilit\u00e9s de personnalisation, Pro\u2019R\u00c9NO permet d\u2019identifier rapidement la ressource adapt\u00e9e \u00e0 son besoin selon son profil m\u00e9tier.&nbsp;<\/strong> <br><strong>La plateforme int\u00e8gre une grande vari\u00e9t\u00e9 de contenus : recommandations professionnelles, tutoriels vid\u00e9o, guides techniques, calepins de chantier, applications num\u00e9riques, fiches pratiques, podcasts, etc. Ces outils sont coconstruits et valid\u00e9s par la fili\u00e8re pour accompagner les professionnels dans leurs pratiques quotidiennes sur les chantiers de r\u00e9novation.&nbsp;<\/strong><\/td><\/tr><\/tbody><\/table><\/figure>\n<\/div><\/div>\n\n\n\n<p class=\"has-text-color has-medium-font-size\" style=\"color:#368a76\">&nbsp;<strong>Plus de 800 ressources techniques en acc\u00e8s libre&nbsp;<\/strong><\/p>\n\n\n\n<p>La nouvelle plateforme Pro\u2019R\u00c9NO est un centre de ressources gratuites, accessible en ligne. Il s\u2019adresse aux professionnels du b\u00e2timent \u2013 artisans, architectes, bureaux d\u2019\u00e9tude, bailleurs &#8211; ma\u00eetres d\u2019ouvrage ou encore accompagnateurs Renov &#8211; avec la vocation de les accompagner dans leurs pratiques quotidiennes sur les chantiers de r\u00e9novation \u00e9nerg\u00e9tique. Pro\u2019RENO int\u00e8gre d\u00e9j\u00e0 pr\u00e8s de 820 outils pratiques s\u00e9lectionn\u00e9s par la profession.&nbsp;<\/p>\n\n\n\n<figure class=\"wp-block-image size-full\"><img loading=\"lazy\" width=\"720\" height=\"393\" src=\"https:\/\/i1.wp.com\/batimedianews.com\/live\/wp-content\/uploads\/2024\/03\/image-80.png?resize=720%2C393\" alt=\"\" class=\"wp-image-35954\" srcset=\"https:\/\/i1.wp.com\/batimedianews.com\/live\/wp-content\/uploads\/2024\/03\/image-80.png?w=952 952w, https:\/\/i1.wp.com\/batimedianews.com\/live\/wp-content\/uploads\/2024\/03\/image-80.png?resize=768%2C419 768w, https:\/\/i1.wp.com\/batimedianews.com\/live\/wp-content\/uploads\/2024\/03\/image-80.png?resize=432%2C236 432w, https:\/\/i1.wp.com\/batimedianews.com\/live\/wp-content\/uploads\/2024\/03\/image-80.png?resize=396%2C216 396w, https:\/\/i1.wp.com\/batimedianews.com\/live\/wp-content\/uploads\/2024\/03\/image-80.png?resize=660%2C361 660w\" sizes=\"(max-width: 600px) 91vw, (max-width: 900px) 600px, (max-width: 1060px) 50vw, (max-width: 1200px) 520px, (max-width: 1400px) 43vw, 600px\" data-recalc-dims=\"1\" \/><\/figure>\n\n\n\n<p class=\"has-text-color has-medium-font-size\" style=\"color:#368a76\"><strong>Une palette pour r\u00e9pondre aux attentes vari\u00e9es des professionnels&nbsp;<\/strong><\/p>\n\n\n\n<p>Pro\u2019R\u00c9NO offre \u00e0 tous les acteurs du b\u00e2timent et de la r\u00e9novation une s\u00e9lection pointue de ressources sous une grande vari\u00e9t\u00e9 de formats : recommandations professionnelles, tutoriels vid\u00e9o, guides techniques, calepins de chantier, applications num\u00e9riques telles que Check\u2019R\u00e9no ou Pac\u2019R\u00e9no, fiches pratiques (\u00e0 l\u2019instar des fiches de r\u00e9ception et d\u2019auto-contr\u00f4le), podcasts, etc. Les professionnels y retrouvent l\u2019ensemble des outils coconstruits par la fili\u00e8re b\u00e2timent dans le cadre des programmes PROFEEL, PACTE et RAGE, mais aussi d\u2019autres ressources utiles issues de diverses organisations : ADEME, ANAH, AQC, CEREMA, etc.&nbsp;<\/p>\n\n\n\n<figure class=\"wp-block-image size-full\"><img loading=\"lazy\" width=\"720\" height=\"928\" src=\"https:\/\/i1.wp.com\/batimedianews.com\/live\/wp-content\/uploads\/2024\/03\/image-81.png?resize=720%2C928\" alt=\"\" class=\"wp-image-35955\" srcset=\"https:\/\/i1.wp.com\/batimedianews.com\/live\/wp-content\/uploads\/2024\/03\/image-81.png?w=872 872w, https:\/\/i1.wp.com\/batimedianews.com\/live\/wp-content\/uploads\/2024\/03\/image-81.png?resize=768%2C989 768w, https:\/\/i1.wp.com\/batimedianews.com\/live\/wp-content\/uploads\/2024\/03\/image-81.png?resize=432%2C557 432w, https:\/\/i1.wp.com\/batimedianews.com\/live\/wp-content\/uploads\/2024\/03\/image-81.png?resize=396%2C510 396w, https:\/\/i1.wp.com\/batimedianews.com\/live\/wp-content\/uploads\/2024\/03\/image-81.png?resize=660%2C851 660w\" sizes=\"(max-width: 600px) 91vw, (max-width: 900px) 600px, (max-width: 1060px) 50vw, (max-width: 1200px) 520px, (max-width: 1400px) 43vw, 600px\" data-recalc-dims=\"1\" \/><\/figure>\n\n\n\n<p class=\"has-text-color has-medium-font-size\" style=\"color:#368a76\"><strong>Des fonctionnalit\u00e9s avanc\u00e9es pour des r\u00e9ponses adapt\u00e9es selon son profil m\u00e9tier&nbsp;<\/strong><\/p>\n\n\n\n<p>Pro\u2019R\u00c9NO se distingue par sa facilit\u00e9 d&rsquo;utilisation et ses fonctionnalit\u00e9s avanc\u00e9es. Gr\u00e2ce \u00e0 un <strong>moteur de recherche optimis\u00e9<\/strong>, les professionnels peuvent identifier rapidement les ressources adapt\u00e9es \u00e0 leurs besoins. Au-del\u00e0 de ce moteur de recherche, diff\u00e9rentes cl\u00e9s d\u2019entr\u00e9e sont propos\u00e9es. Le professionnel peut notamment personnaliser les contenus en pr\u00e9cisant son profil m\u00e9tier, un lot technique, une typologie de b\u00e2timent ou encore une phase de chantier. S\u2019il le souhaite, il peut \u00e9galement cr\u00e9er un compte personnel afin de se constituer une biblioth\u00e8que propre, archiver ses recherches et recevoir une notification lorsqu\u2019une nouvelle ressource est publi\u00e9e. Il peut \u00e9galement tr\u00e8s facilement annoter et partager \u00e0 ses collaborateurs une ressource identifi\u00e9e sur la plateforme, via Whatsapp ou par simple courriel.&nbsp;<\/p>\n\n\n\n<figure class=\"wp-block-image size-full\"><img loading=\"lazy\" width=\"720\" height=\"1061\" src=\"https:\/\/i2.wp.com\/batimedianews.com\/live\/wp-content\/uploads\/2024\/03\/image-82.png?resize=720%2C1061\" alt=\"\" class=\"wp-image-35956\" srcset=\"https:\/\/i2.wp.com\/batimedianews.com\/live\/wp-content\/uploads\/2024\/03\/image-82.png?w=794 794w, https:\/\/i2.wp.com\/batimedianews.com\/live\/wp-content\/uploads\/2024\/03\/image-82.png?resize=768%2C1131 768w, https:\/\/i2.wp.com\/batimedianews.com\/live\/wp-content\/uploads\/2024\/03\/image-82.png?resize=432%2C637 432w, https:\/\/i2.wp.com\/batimedianews.com\/live\/wp-content\/uploads\/2024\/03\/image-82.png?resize=396%2C584 396w, https:\/\/i2.wp.com\/batimedianews.com\/live\/wp-content\/uploads\/2024\/03\/image-82.png?resize=660%2C973 660w\" sizes=\"(max-width: 600px) 91vw, (max-width: 900px) 600px, (max-width: 1060px) 50vw, (max-width: 1200px) 520px, (max-width: 1400px) 43vw, 600px\" data-recalc-dims=\"1\" \/><\/figure>\n\n\n\n<p class=\"has-text-color has-medium-font-size\" style=\"color:#368a76\"><strong>Une plateforme con\u00e7ue <em>par <\/em>et <em>pour <\/em>les professionnels du b\u00e2timent&nbsp;<\/strong><\/p>\n\n\n\n<p>Cet outil a \u00e9t\u00e9 \u00e9labor\u00e9 de mani\u00e8re concert\u00e9e dans le cadre du programme PROFEEL en lien \u00e9troit avec les seize organisations professionnelles du b\u00e2timent partenaires du programme et les Pouvoirs Publics, sous le pilotage de l\u2019Agence Qualit\u00e9 Construction (AQC).&nbsp;<\/p>\n\n\n\n<p class=\"has-text-align-center has-text-color has-medium-font-size\" style=\"color:#368a76\"><strong>D\u00e9couvrez le service Pro\u2019R\u00c9NO en une minute :&nbsp;<\/strong><\/p>\n\n\n\n<div class=\"wp-block-image\"><figure class=\"aligncenter size-full\"><img loading=\"lazy\" width=\"446\" height=\"280\" src=\"https:\/\/i2.wp.com\/batimedianews.com\/live\/wp-content\/uploads\/2024\/03\/image-83.png?resize=446%2C280\" alt=\"\" class=\"wp-image-35957\" srcset=\"https:\/\/i2.wp.com\/batimedianews.com\/live\/wp-content\/uploads\/2024\/03\/image-83.png?w=446 446w, https:\/\/i2.wp.com\/batimedianews.com\/live\/wp-content\/uploads\/2024\/03\/image-83.png?resize=768%2C482 768w, https:\/\/i2.wp.com\/batimedianews.com\/live\/wp-content\/uploads\/2024\/03\/image-83.png?resize=432%2C271 432w, https:\/\/i2.wp.com\/batimedianews.com\/live\/wp-content\/uploads\/2024\/03\/image-83.png?resize=396%2C249 396w\" sizes=\"(max-width: 600px) 91vw, (max-width: 900px) 600px, (max-width: 1060px) 50vw, (max-width: 1200px) 520px, (max-width: 1400px) 43vw, 600px\" data-recalc-dims=\"1\" \/><\/figure><\/div>\n\n\n\n<p class=\"has-text-align-center\"><strong>LES DIFFERENTS ACTEURS MOBILIS\u00c9S DANS PROFEEL :&nbsp;<\/strong><\/p>\n\n\n\n<figure class=\"wp-block-image size-full\"><img loading=\"lazy\" width=\"720\" height=\"299\" src=\"https:\/\/i0.wp.com\/batimedianews.com\/live\/wp-content\/uploads\/2024\/03\/image-84.png?resize=720%2C299\" alt=\"\" class=\"wp-image-35958\" srcset=\"https:\/\/i0.wp.com\/batimedianews.com\/live\/wp-content\/uploads\/2024\/03\/image-84.png?w=904 904w, https:\/\/i0.wp.com\/batimedianews.com\/live\/wp-content\/uploads\/2024\/03\/image-84.png?resize=768%2C319 768w, https:\/\/i0.wp.com\/batimedianews.com\/live\/wp-content\/uploads\/2024\/03\/image-84.png?resize=432%2C180 432w, https:\/\/i0.wp.com\/batimedianews.com\/live\/wp-content\/uploads\/2024\/03\/image-84.png?resize=396%2C165 396w, https:\/\/i0.wp.com\/batimedianews.com\/live\/wp-content\/uploads\/2024\/03\/image-84.png?resize=660%2C275 660w\" sizes=\"(max-width: 600px) 91vw, (max-width: 900px) 600px, (max-width: 1060px) 50vw, (max-width: 1200px) 520px, (max-width: 1400px) 43vw, 600px\" data-recalc-dims=\"1\" \/><\/figure>\n\n\n\n<p class=\"has-small-font-size\"><strong>A propos de PROFEEL : <\/strong>Le programme PROFEEL est le fruit d\u2019une mobilisation de 16 organisations professionnelles du b\u00e2timent, qui se sont rassembl\u00e9es pour contribuer collectivement \u00e0 la n\u00e9cessaire acc\u00e9l\u00e9ration et fiabilisation des r\u00e9novations \u00e9nerg\u00e9tiques. Ce programme est financ\u00e9 depuis 2019 dans le cadre du dispositif des certificats d\u2019\u00e9conomie d\u2019\u00e9nergie (CEE). L\u2019AQC assure la coordination globale et le secr\u00e9tariat de cette d\u00e9marche. PROFEEL est constitu\u00e9 de plusieurs projets port\u00e9s par l\u2019AQC ou par le CSTB. 9 premiers projets ont \u00e9t\u00e9 men\u00e9s de 2019 \u00e0 2021. Ils ont permis de faire \u00e9merger toute une collection d\u2019outils pratiques qui contribue \u00e0 l\u2019am\u00e9lioration des pratiques professionnelles sur le march\u00e9 de la r\u00e9novation \u00e9nerg\u00e9tique et favorise le d\u00e9clenchement d\u2019op\u00e9rations performantes. Dans la continuit\u00e9 des outils innovants d\u00e9j\u00e0 livr\u00e9s, le collectif a d\u00e9cid\u00e9 de poursuivre son engagement jusqu\u2019en 2025 afin de continuer \u00e0 apporter des r\u00e9ponses concr\u00e8tes adapt\u00e9es aux besoins prioritaires des professionnels. 8 projets ont ainsi \u00e9t\u00e9 lanc\u00e9s en 2022 dont 4 projets s\u2019inscrivent dans une continuit\u00e9 directe du pr\u00e9c\u00e9dent programme de travail.&nbsp;<\/p>\n","protected":false},"excerpt":{"rendered":"<p>PROFEEL met \u00e0 disposition de tous les professionnels du B\u00e2timent une nouvelle plateforme unique de ressources d\u00e9di\u00e9es \u00e0 la r\u00e9novation \u00e9nerg\u00e9tique : Pro\u2019RENO.fr&nbsp; D\u00e9sormais accessible gratuitement sur www.proreno.fr, ce service offre un acc\u00e8s simplifi\u00e9 \u00e0 plus de 800 outils, incluant des r\u00e8gles de l\u2019art.&nbsp; Dot\u00e9 d\u2019un moteur de recherche optimis\u00e9 et de multiples possibilit\u00e9s de [&hellip;]<\/p>\n","protected":false},"author":41,"featured_media":35960,"comment_status":"open","ping_status":"open","sticky":false,"template":"","format":"standard","meta":{"spay_email":""},"categories":[4,868,108],"tags":[],"jetpack_featured_media_url":"https:\/\/i1.wp.com\/batimedianews.com\/live\/wp-content\/uploads\/2024\/03\/Profeel.jpg?fit=1513%2C825","jetpack_sharing_enabled":true,"jetpack_likes_enabled":true,"jetpack-related-posts":[{"id":16020,"url":"http:\/\/batimedianews.com\/live\/index.php\/2022\/02\/14\/renovation-energetique-profeel-dresse-le-bilan-final-de-ses-3-annees-de-programme-et-edite-une-collection-importante-de-ressources-innovantes\/","url_meta":{"origin":35952,"position":0},"title":"R\u00e9novation \u00e9nerg\u00e9tique : PROFEEL dresse le bilan final de ses 3 ann\u00e9es de programme et \u00e9dite une collection importante de ressources innovantes","date":"14 f\u00e9vrier 2022","format":false,"excerpt":"Apr\u00e8s 3 ann\u00e9es de mobilisation de toute la fili\u00e8re b\u00e2timent, le programme PROFEEL pr\u00e9sente le bilan des 9 projets men\u00e9s collectivement en faveur de la r\u00e9novation \u00e9nerg\u00e9tique. Toute une collection d\u2019outils et de ressources est d\u00e9sormais disponible gratuitement pour accompagner les professionnels dans leurs pratiques quotidiennes et \u00e0 toutes les\u2026","rel":"","context":"Dans &quot;accompagnement&quot;","img":{"alt_text":"","src":"https:\/\/i1.wp.com\/batimedianews.com\/live\/wp-content\/uploads\/2022\/02\/Profile-Article.jpg?fit=512%2C512&resize=350%2C200","width":350,"height":200},"classes":[]},{"id":30584,"url":"http:\/\/batimedianews.com\/live\/index.php\/2023\/08\/28\/le-square-se-mobilise-au-forum-renodays-2023-un-collectif-dindustriels-engages-pour-renover-le-logement-autrement\/","url_meta":{"origin":35952,"position":1},"title":"\u00ab LE SQUARE \u00bb se mobilise au Forum RENODAYS 2023 &#8211; Un collectif d\u2019industriels engag\u00e9s pour r\u00e9nover le logement autrement","date":"28 ao\u00fbt 2023","format":false,"excerpt":"Situ\u00e9 dans le hall 6 du Parc des Expositions de la Porte de Versailles, la premi\u00e8re \u00e9dition du Forum Renodays ouvrira ses portes les 12 et 13 septembre 2023. Ev\u00e9nement d\u00e9di\u00e9 \u00e0 la r\u00e9novation \u00e9nerg\u00e9tique du logement, il proposera des th\u00e9matiques visant \u00e0 sensibiliser et \u00e0 mobiliser les professionnels du\u2026","rel":"","context":"Dans &quot;Actualit\u00e9 Entreprises&quot;","img":{"alt_text":"","src":"https:\/\/i1.wp.com\/batimedianews.com\/live\/wp-content\/uploads\/2023\/08\/Le-Square_Reynaers-article.jpg?fit=1080%2C1080&resize=350%2C200","width":350,"height":200},"classes":[]},{"id":16028,"url":"http:\/\/batimedianews.com\/live\/index.php\/2022\/02\/15\/bilan-toute-une-collection-doutils-pour-faciliter-et-securiser-la-renovation-energetique\/","url_meta":{"origin":35952,"position":2},"title":"BILAN &#8211; \u00ab Toute une collection d\u2019outils pour faciliter et s\u00e9curiser la r\u00e9novation \u00e9nerg\u00e9tique \u00bb","date":"15 f\u00e9vrier 2022","format":false,"excerpt":"\u00c9DITO\u00a0 Depuis plusieurs mois et pour la premi\u00e8re fois, la r\u00e9novation \u00e9nerg\u00e9tique des logements affiche une forte hausse. Sur l\u2019ann\u00e9e 2021, l\u2019Anah a comptabilis\u00e9 plus de 750 000 logements r\u00e9nov\u00e9s soit le triple de 2020. Et les perspectives pour l\u2019ann\u00e9e 2022 sont d\u00e9j\u00e0 encourageantes, boost\u00e9s par un nouveau et cons\u00e9quent\u2026","rel":"","context":"Dans &quot;Actualit\u00e9 Entreprises&quot;","img":{"alt_text":"","src":"https:\/\/i1.wp.com\/batimedianews.com\/live\/wp-content\/uploads\/2022\/02\/Profile-Article.jpg?fit=512%2C512&resize=350%2C200","width":350,"height":200},"classes":[]},{"id":17802,"url":"http:\/\/batimedianews.com\/live\/index.php\/2022\/03\/23\/le-programme-feebat-poursuit-son-developpement-pour-la-formation-des-futurs-professionnels-du-batiment\/","url_meta":{"origin":35952,"position":3},"title":"Le programme FEEBAT poursuit son d\u00e9veloppement pour la formation des futurs professionnels du b\u00e2timent","date":"23 mars 2022","format":false,"excerpt":"FEEBAT, programme de formation aux \u00c9conomies d\u2019\u00c9nergie dans le B\u00e2timent, con\u00e7oit des modules et parcours d\u00e9di\u00e9s \u00e0 la r\u00e9novation \u00e9nerg\u00e9tique performante, reposant sur des modalit\u00e9s p\u00e9dagogiques innovantes.\u00a0 Volet fondamental du programme pour accompagner la mont\u00e9e en comp\u00e9tence des professionnels de demain, via leurs enseignants et formateurs, les ressources p\u00e9dagogiques d\u00e9di\u00e9es\u2026","rel":"","context":"Dans &quot;Actualit\u00e9 Entreprises&quot;","img":{"alt_text":"","src":"https:\/\/i0.wp.com\/batimedianews.com\/live\/wp-content\/uploads\/2022\/03\/FEEBAT-Article.jpg?fit=512%2C512&resize=350%2C200","width":350,"height":200},"classes":[]},{"id":20999,"url":"http:\/\/batimedianews.com\/live\/index.php\/2022\/06\/15\/programme-profeel-go-renove-une-plateforme-gratuite-pour-aider-les-particuliers-dans-leur-diagnostic-de-renovation-energetique\/","url_meta":{"origin":35952,"position":4},"title":"Programme PROFEEL  GO-R\u00e9nove : une plateforme gratuite pour  aider les particuliers dans leur diagnostic de r\u00e9novation \u00e9nerg\u00e9tique","date":"15 juin 2022","format":false,"excerpt":"Afin de favoriser le d\u00e9clenchement de travaux de r\u00e9novation, PROFEEL vient de lancer GO-R\u00e9nove, une plateforme gratuite \u00e0 destination des particuliers, accessible sur gorenove.fr. Simple, rapide et ludique, elle permet de consulter et interpr\u00e9ter en quelques clics les performances de leur habitat et les perspectives d\u2019am\u00e9lioration. Ce service public constitue\u2026","rel":"","context":"Dans &quot;Actualit\u00e9 Entreprises&quot;","img":{"alt_text":"","src":"https:\/\/i0.wp.com\/batimedianews.com\/live\/wp-content\/uploads\/2022\/06\/Profeel-Article.jpg?fit=1080%2C1080&resize=350%2C200","width":350,"height":200},"classes":[]},{"id":42274,"url":"http:\/\/batimedianews.com\/live\/index.php\/2025\/01\/22\/du-20-janvier-au-1er-fevrier-la-plateforme-du-batiment-embarque-clients-collaborateurs-et-fournisseurs-dans-un-evenement-inedit-en-depots-la-quinzaine-de-la-renovation-energetique\/","url_meta":{"origin":35952,"position":5},"title":"Du 20 janvier au 1er f\u00e9vrier, La Plateforme du B\u00e2timent embarque clients, collaborateurs et fournisseurs dans un \u00e9v\u00e9nement in\u00e9dit en d\u00e9p\u00f4ts : \u00ab La quinzaine de la R\u00e9novation \u00c9nerg\u00e9tique \u00bb","date":"22 janvier 2025","format":false,"excerpt":"L\u2019enseigne 100% Pro de Saint-Gobain Distribution B\u00e2timent France confirme son engagement \u00e0 booster la r\u00e9novation \u00e9nerg\u00e9tique avec une op\u00e9ration d\u2019envergure d\u00e9ploy\u00e9e pendant 15 jours dans les 68 d\u00e9p\u00f4ts de La Plateforme. Apr\u00e8s un parcours de formation complet aux nouveaux besoins des artisans concernant la r\u00e9novation \u00e9nerg\u00e9tique, les collaborateurs de La\u2026","rel":"","context":"Dans &quot;b\u00e2timent&quot;","img":{"alt_text":"","src":"https:\/\/i0.wp.com\/batimedianews.com\/live\/wp-content\/uploads\/2025\/01\/PDB-articles-.jpg?fit=825%2C825&resize=350%2C200","width":350,"height":200},"classes":[]}],"_links":{"self":[{"href":"http:\/\/batimedianews.com\/live\/index.php\/wp-json\/wp\/v2\/posts\/35952"}],"collection":[{"href":"http:\/\/batimedianews.com\/live\/index.php\/wp-json\/wp\/v2\/posts"}],"about":[{"href":"http:\/\/batimedianews.com\/live\/index.php\/wp-json\/wp\/v2\/types\/post"}],"author":[{"embeddable":true,"href":"http:\/\/batimedianews.com\/live\/index.php\/wp-json\/wp\/v2\/users\/41"}],"replies":[{"embeddable":true,"href":"http:\/\/batimedianews.com\/live\/index.php\/wp-json\/wp\/v2\/comments?post=35952"}],"version-history":[{"count":2,"href":"http:\/\/batimedianews.com\/live\/index.php\/wp-json\/wp\/v2\/posts\/35952\/revisions"}],"predecessor-version":[{"id":36156,"href":"http:\/\/batimedianews.com\/live\/index.php\/wp-json\/wp\/v2\/posts\/35952\/revisions\/36156"}],"wp:featuredmedia":[{"embeddable":true,"href":"http:\/\/batimedianews.com\/live\/index.php\/wp-json\/wp\/v2\/media\/35960"}],"wp:attachment":[{"href":"http:\/\/batimedianews.com\/live\/index.php\/wp-json\/wp\/v2\/media?parent=35952"}],"wp:term":[{"taxonomy":"category","embeddable":true,"href":"http:\/\/batimedianews.com\/live\/index.php\/wp-json\/wp\/v2\/categories?post=35952"},{"taxonomy":"post_tag","embeddable":true,"href":"http:\/\/batimedianews.com\/live\/index.php\/wp-json\/wp\/v2\/tags?post=35952"}],"curies":[{"name":"wp","href":"https:\/\/api.w.org\/{rel}","templated":true}]}}