{"id":36045,"date":"2024-03-11T09:34:48","date_gmt":"2024-03-11T08:34:48","guid":{"rendered":"http:\/\/batimedianews.com\/live\/?p=36045"},"modified":"2024-06-04T14:14:55","modified_gmt":"2024-06-04T12:14:55","slug":"la-famille-bagar-de-beissier-sagrandit-avec-bagar-airliss-lf-un-nouvel-enduit-specialement-devolu-a-la-finition","status":"publish","type":"post","link":"http:\/\/batimedianews.com\/live\/index.php\/2024\/03\/11\/la-famille-bagar-de-beissier-sagrandit-avec-bagar-airliss-lf-un-nouvel-enduit-specialement-devolu-a-la-finition\/","title":{"rendered":"La famille Bagar de Beissier s\u2019agrandit avec Bagar Airliss LF : un nouvel enduit sp\u00e9cialement d\u00e9volu \u00e0 la finition"},"content":{"rendered":"\n<div class=\"wp-block-columns\">\n<div class=\"wp-block-column\">\n<p><strong><em>Avec Bagar, marque n\u00b0 1 en France des ventes d\u2019enduits pour projection m\u00e9canis\u00e9e, Beissier, l\u2019hypersp\u00e9cialiste des enduits pour le peintre, dispose d\u2019une offre compl\u00e8te sp\u00e9ciale airless, permettant de couvrir toutes les probl\u00e9matiques d\u2019enduisage, tant en ext\u00e9rieur qu\u2019en int\u00e9rieur.<\/em><\/strong><\/p>\n\n\n\n<p><strong><em>Du d\u00e9grossissage au lissage, en passant par le traitement des bandes \u00e0 joint ou encore la finition, les r\u00e9f\u00e9rences d\u2019enduits Bagar ont en effet \u00e9t\u00e9 sp\u00e9cialement d\u00e9velopp\u00e9es pour une pulv\u00e9risation airless, synonyme notamment d\u2019une comp\u00e9titivit\u00e9 exemplaire sur chantier et de moins de p\u00e9nibilit\u00e9 pour les compagnons.<\/em><\/strong><\/p>\n\n\n\n<p><strong><em>Aujourd\u2019hui, la famille Bagar s\u2019agrandit, avec l\u2019arriv\u00e9e de Bagar Airliss LF, un nouvel enduit de lissage et de finition, en p\u00e2te \u00e0 pulv\u00e9riser, destin\u00e9 aux finitions tr\u00e8s soign\u00e9es.<\/em><\/strong><\/p>\n\n\n\n<p>Avec sa formulation sp\u00e9ciale airless, pouvant \u00e9galement s\u2019appliquer manuellement ou au rouleau, ce nouvel enduit Bagar se destine \u00e0 une utilisation en int\u00e9rieur sur supports b\u00e9ton, b\u00e9ton cellulaire, ciment, plaque de pl\u00e2tre \u00e0 parement cartonn\u00e9, ainsi que sur les anciennes peintures (les fonds devant \u00eatre sains, secs, propres et pr\u00e9par\u00e9s selon normes et DTU en vigueur 25.41 et 59.1).<\/p>\n\n\n\n<figure class=\"wp-block-image size-large\"><img loading=\"lazy\" width=\"720\" height=\"720\" src=\"https:\/\/i1.wp.com\/batimedianews.com\/live\/wp-content\/uploads\/2024\/03\/image-104.png?resize=720%2C720\" alt=\"\" class=\"wp-image-36046\" srcset=\"https:\/\/i1.wp.com\/batimedianews.com\/live\/wp-content\/uploads\/2024\/03\/image-104.png?resize=1024%2C1024 1024w, https:\/\/i1.wp.com\/batimedianews.com\/live\/wp-content\/uploads\/2024\/03\/image-104.png?resize=600%2C600 600w, https:\/\/i1.wp.com\/batimedianews.com\/live\/wp-content\/uploads\/2024\/03\/image-104.png?resize=300%2C300 300w, https:\/\/i1.wp.com\/batimedianews.com\/live\/wp-content\/uploads\/2024\/03\/image-104.png?resize=1536%2C1536 1536w, https:\/\/i1.wp.com\/batimedianews.com\/live\/wp-content\/uploads\/2024\/03\/image-104.png?resize=2048%2C2048 2048w, https:\/\/i1.wp.com\/batimedianews.com\/live\/wp-content\/uploads\/2024\/03\/image-104.png?resize=10%2C10 10w\" sizes=\"(max-width: 600px) 91vw, (max-width: 900px) 600px, (max-width: 1060px) 50vw, (max-width: 1200px) 520px, (max-width: 1400px) 43vw, 600px\" data-recalc-dims=\"1\" \/><\/figure>\n<\/div>\n\n\n\n<div class=\"wp-block-column\">\n<figure class=\"wp-block-image size-full\"><img loading=\"lazy\" width=\"720\" height=\"405\" src=\"https:\/\/i0.wp.com\/batimedianews.com\/live\/wp-content\/uploads\/2024\/03\/2-BAGAR_AIRLISS-LF.jpg?resize=720%2C405\" alt=\"\" class=\"wp-image-36047\" srcset=\"https:\/\/i0.wp.com\/batimedianews.com\/live\/wp-content\/uploads\/2024\/03\/2-BAGAR_AIRLISS-LF.jpg?w=1008 1008w, https:\/\/i0.wp.com\/batimedianews.com\/live\/wp-content\/uploads\/2024\/03\/2-BAGAR_AIRLISS-LF.jpg?resize=768%2C432 768w, https:\/\/i0.wp.com\/batimedianews.com\/live\/wp-content\/uploads\/2024\/03\/2-BAGAR_AIRLISS-LF.jpg?resize=432%2C243 432w, https:\/\/i0.wp.com\/batimedianews.com\/live\/wp-content\/uploads\/2024\/03\/2-BAGAR_AIRLISS-LF.jpg?resize=396%2C223 396w, https:\/\/i0.wp.com\/batimedianews.com\/live\/wp-content\/uploads\/2024\/03\/2-BAGAR_AIRLISS-LF.jpg?resize=660%2C371 660w\" sizes=\"(max-width: 600px) 91vw, (max-width: 900px) 600px, (max-width: 1060px) 50vw, (max-width: 1200px) 520px, (max-width: 1400px) 43vw, 600px\" data-recalc-dims=\"1\" \/><\/figure>\n\n\n\n<p>Blanc, affichant une excellente glisse, il s\u2019av\u00e8re pon\u00e7able et s\u2019imposera tant pour le lissage des fonds que pour leur finition. V\u00e9ritable garantie d\u2019une finition tr\u00e8s soign\u00e9e, Bagar Airliss LF, pr\u00eat \u00e0 l\u2019emploi, s\u2019applique en \u00e9paisseur de 3 mm, avec une consommation moyenne de 1 kg\/ m2. Pr\u00e9cisons que, pour une application en machine \u00e0 enduire, Beissier pr\u00e9conise des buses \u00e0 partir de 6 mm et des buses \u00e0 partir de 5.29 pour les machines airless (d\u00e9bit minimal de 5 l\/mn, sans recours \u00e0 une cr\u00e9pine ou \u00e0 un filtre pour la projection).<\/p>\n\n\n\n<p>Notons, de plus, que Bagar Airliss LF (classement feu EUROCLASS &#8211; A2 &#8211; s1, d0) pourra \u00eatre recouvert d\u2019une impression, de peinture ou encore de rev\u00eatements muraux l\u00e9gers.<\/p>\n\n\n\n<p>Certifi\u00e9 NF Environnement, fabriqu\u00e9 en France, Bagar Airliss LF dispose d\u2019une \u00e9tiquette A+ en ce qui concerne les \u00e9missions dans l\u2019air int\u00e9rieur (soit &lt;1 gr\/litre) et d\u2019une certification GOLD d\u2019Eurofins Indoor Air Comfort, pour un parfait respect de l\u2019homme au travail comme des futurs occupants.<\/p>\n\n\n\n<p>Enfin, pr\u00e9cisons que Bagar Airliss LF est conditionn\u00e9 en seau de 25 kg, commercialis\u00e9 au tarif de 30 euros TTC.<\/p>\n<\/div>\n<\/div>\n","protected":false},"excerpt":{"rendered":"<p>Avec Bagar, marque n\u00b0 1 en France des ventes d\u2019enduits pour projection m\u00e9canis\u00e9e, Beissier, l\u2019hypersp\u00e9cialiste des enduits pour le peintre, dispose d\u2019une offre compl\u00e8te sp\u00e9ciale airless, permettant de couvrir toutes les probl\u00e9matiques d\u2019enduisage, tant en ext\u00e9rieur qu\u2019en int\u00e9rieur. Du d\u00e9grossissage au lissage, en passant par le traitement des bandes \u00e0 joint ou encore la finition, [&hellip;]<\/p>\n","protected":false},"author":41,"featured_media":36048,"comment_status":"open","ping_status":"open","sticky":false,"template":"","format":"standard","meta":{"spay_email":""},"categories":[4,868,585,2092],"tags":[],"jetpack_featured_media_url":"https:\/\/i2.wp.com\/batimedianews.com\/live\/wp-content\/uploads\/2024\/03\/Beissier.jpg?fit=1513%2C825","jetpack_sharing_enabled":true,"jetpack_likes_enabled":true,"jetpack-related-posts":[{"id":35052,"url":"http:\/\/batimedianews.com\/live\/index.php\/2024\/02\/13\/bagar-airliss-j-light-une-nouvelle-formule-pour-une-application-manuelle-ou-mecanique\/","url_meta":{"origin":36045,"position":0},"title":"Bagar Airliss J Light : une nouvelle formule pour une application manuelle ou m\u00e9canique","date":"13 f\u00e9vrier 2024","format":false,"excerpt":"Pl\u00e9biscit\u00e9e des professionnels pour les qualit\u00e9s et les performances de ses r\u00e9f\u00e9rences d\u2019enduits m\u00e9canis\u00e9s int\u00e9rieurs en p\u00e2te, couvrant l\u2019ensemble des besoins, de l\u2019impression \u00e0 la d\u00e9coration, la marque Bagar de Beissier innove encore en ce d\u00e9but d\u2019ann\u00e9e avec le lancement de la nouvelle formule du Bagar Airliss J Light. Co-d\u00e9velopp\u00e9e\u2026","rel":"","context":"Dans &quot;Actualit\u00e9 Entreprises&quot;","img":{"alt_text":"","src":"https:\/\/i1.wp.com\/batimedianews.com\/live\/wp-content\/uploads\/2024\/02\/Beissier.jpg?fit=825%2C825&resize=350%2C200","width":350,"height":200},"classes":[]},{"id":38418,"url":"http:\/\/batimedianews.com\/live\/index.php\/2024\/07\/10\/beissier-une-politique-rse-couronnee-et-des-nouveautes-produits-destinees-aux-professionnels-comme-aux-bricoleurs\/","url_meta":{"origin":36045,"position":1},"title":"Beissier : une politique RSE couronn\u00e9e et des nouveaut\u00e9s produits destin\u00e9es aux professionnels comme aux bricoleurs","date":"10 juillet 2024","format":false,"excerpt":"https:\/\/www.youtube.com\/watch?v=7C2fp8t9lZM Interview Beissier \u00a0Historiquement engag\u00e9 sur les enjeux environnementaux, le leader des enduits pour le peintre Beissier a structur\u00e9 sa d\u00e9marche RSE en 2010, avec une acc\u00e9l\u00e9ration marqu\u00e9e depuis 3 ans. Une feuille de route ambitieuse et r\u00e9aliste consacr\u00e9e au premier semestre 2024 par l\u2019obtention d\u2019une m\u00e9daille d\u2019argent Ecovadis qui\u2026","rel":"","context":"Dans &quot;Actualit\u00e9 Entreprises&quot;","img":{"alt_text":"","src":"https:\/\/i0.wp.com\/batimedianews.com\/live\/wp-content\/uploads\/2024\/06\/Beissier.jpg?fit=825%2C825&resize=350%2C200","width":350,"height":200},"classes":[]},{"id":8467,"url":"http:\/\/batimedianews.com\/live\/index.php\/2021\/04\/30\/pour-le-debut-dannee-la-chaine-youtube-beissier-lance-3-nouveaux-tutos\/","url_meta":{"origin":36045,"position":2},"title":"Pour le d\u00e9but d\u2019ann\u00e9e, la cha\u00eene Youtube Beissier lance 3 nouveaux tutos","date":"30 avril 2021","format":false,"excerpt":"Ayant initi\u00e9 depuis 2018 une cha\u00eene Youtube sp\u00e9cialement \u00e0 destination des professionnels du b\u00e2timent et des bricoleurs, Beissier, le leader europ\u00e9en des enduits de peintre, persiste et signe en ce d\u00e9but d\u2019ann\u00e9e avec la mise \u00e0 disposition d\u2019une nouvelle s\u00e9rie de 3 tutoriels \u00ab Le conseil du pro \u00bb. Rappelons\u2026","rel":"","context":"Dans &quot;Actualit\u00e9 Entreprises&quot;","img":{"alt_text":"","src":"https:\/\/i0.wp.com\/batimedianews.com\/live\/wp-content\/uploads\/2021\/02\/image-130.png?fit=912%2C508&resize=350%2C200","width":350,"height":200},"classes":[]},{"id":17590,"url":"http:\/\/batimedianews.com\/live\/index.php\/2022\/03\/16\/beissier-lultra-specialiste-des-enduits-du-peintre-fete-ses-150-ans\/","url_meta":{"origin":36045,"position":3},"title":"Beissier l\u2019ultra-sp\u00e9cialiste des enduits du peintre f\u00eate ses 150 ans","date":"16 mars 2022","format":false,"excerpt":"\u00a0Le site Beissier de La Chapelle-la-Reine (77) Beissier SAS, le leader des enduits de peintre, c\u00e9l\u00e8bre ses 150 ans d\u2019histoire en 2022 avec une actualit\u00e9 particuli\u00e8rement riche entre nouvelle strat\u00e9gie de marque, nouvelle vitrine digitale et innovation produit. R\u00e9alisant en 2021 un chiffre d\u2019affaires de l\u2019ordre 40 millions d\u2019euros (correspondant\u2026","rel":"","context":"Dans &quot;Actualit\u00e9 Entreprises&quot;","img":{"alt_text":"","src":"https:\/\/i2.wp.com\/batimedianews.com\/live\/wp-content\/uploads\/2022\/03\/Bessier-Article.jpg?fit=512%2C512&resize=350%2C200","width":350,"height":200},"classes":[]},{"id":14495,"url":"http:\/\/batimedianews.com\/live\/index.php\/2021\/12\/17\/a-vos-lames-prets-enduisez-la-chaine-youtube-beissier-senrichit-de-4-nouveaux-tutos\/","url_meta":{"origin":36045,"position":4},"title":"\u00c0 vos lames, pr\u00eats, enduisez ! La cha\u00eene Youtube Beissier s\u2019enrichit de 4 nouveaux tutos","date":"17 d\u00e9cembre 2021","format":false,"excerpt":"Depuis 2018, Beissier, le leader europ\u00e9en des enduits de peintre et sp\u00e9cialiste de la pr\u00e9paration des supports, a sp\u00e9cialement d\u00e9velopp\u00e9 une chaine Youtube d\u00e9di\u00e9e aux professionnels du b\u00e2timent et aux bricoleurs. R\u00e9guli\u00e8rement enrichie, cette pr\u00e9cieuse page Beissier pr\u00e9conise les outils ad\u00e9quats, distille tous les bons conseils, gestes et astuces au\u2026","rel":"","context":"Dans &quot;Actualit\u00e9 Entreprises&quot;","img":{"alt_text":"","src":"https:\/\/i1.wp.com\/batimedianews.com\/live\/wp-content\/uploads\/2021\/12\/Beissier-Article.jpg?fit=512%2C512&resize=350%2C200","width":350,"height":200},"classes":[]},{"id":2979,"url":"http:\/\/batimedianews.com\/live\/index.php\/2019\/10\/04\/avec-deux-produits-prestonett-seulement-beissier-repond-a-tous-les-travaux-de-renovation-des-boiseries\/","url_meta":{"origin":36045,"position":5},"title":"Avec deux produits Prestonett seulement, Beissier r\u00e9pond \u00e0 tous les travaux de r\u00e9novation des boiseries","date":"4 octobre 2019","format":false,"excerpt":"Expert depuis plus de 140 ans sur le march\u00e9 des enduits, Beissier met encore une fois sa puissance d\u2019innovation au service d\u2019une simplification de l\u2019offre sur le march\u00e9 des enduits. Avec sa nouvelle gamme d\u2019enduits Bois Prestonett, Beissier propose de r\u00e9aliser tous les travaux de r\u00e9novation de bois int\u00e9rieurs ou\u2026","rel":"","context":"Dans &quot;Actualit\u00e9 Entreprises&quot;","img":{"alt_text":"","src":"https:\/\/i2.wp.com\/batimedianews.com\/live\/wp-content\/uploads\/2019\/10\/beissierimage.jpg?fit=887%2C566&resize=350%2C200","width":350,"height":200},"classes":[]}],"_links":{"self":[{"href":"http:\/\/batimedianews.com\/live\/index.php\/wp-json\/wp\/v2\/posts\/36045"}],"collection":[{"href":"http:\/\/batimedianews.com\/live\/index.php\/wp-json\/wp\/v2\/posts"}],"about":[{"href":"http:\/\/batimedianews.com\/live\/index.php\/wp-json\/wp\/v2\/types\/post"}],"author":[{"embeddable":true,"href":"http:\/\/batimedianews.com\/live\/index.php\/wp-json\/wp\/v2\/users\/41"}],"replies":[{"embeddable":true,"href":"http:\/\/batimedianews.com\/live\/index.php\/wp-json\/wp\/v2\/comments?post=36045"}],"version-history":[{"count":2,"href":"http:\/\/batimedianews.com\/live\/index.php\/wp-json\/wp\/v2\/posts\/36045\/revisions"}],"predecessor-version":[{"id":36144,"href":"http:\/\/batimedianews.com\/live\/index.php\/wp-json\/wp\/v2\/posts\/36045\/revisions\/36144"}],"wp:featuredmedia":[{"embeddable":true,"href":"http:\/\/batimedianews.com\/live\/index.php\/wp-json\/wp\/v2\/media\/36048"}],"wp:attachment":[{"href":"http:\/\/batimedianews.com\/live\/index.php\/wp-json\/wp\/v2\/media?parent=36045"}],"wp:term":[{"taxonomy":"category","embeddable":true,"href":"http:\/\/batimedianews.com\/live\/index.php\/wp-json\/wp\/v2\/categories?post=36045"},{"taxonomy":"post_tag","embeddable":true,"href":"http:\/\/batimedianews.com\/live\/index.php\/wp-json\/wp\/v2\/tags?post=36045"}],"curies":[{"name":"wp","href":"https:\/\/api.w.org\/{rel}","templated":true}]}}