{"id":36513,"date":"2024-03-28T09:14:36","date_gmt":"2024-03-28T08:14:36","guid":{"rendered":"http:\/\/batimedianews.com\/live\/?p=36513"},"modified":"2024-06-04T13:55:45","modified_gmt":"2024-06-04T11:55:45","slug":"casadeco-lance-sa-premiere-collection-au-design-raffine-et-ultra-simple-a-appliquer","status":"publish","type":"post","link":"http:\/\/batimedianews.com\/live\/index.php\/2024\/03\/28\/casadeco-lance-sa-premiere-collection-au-design-raffine-et-ultra-simple-a-appliquer\/","title":{"rendered":"CASADECO lance sa premi\u00e8re collection au design raffin\u00e9 et ultra simple \u00e0 appliquer !"},"content":{"rendered":"\n<div class=\"wp-block-media-text alignwide is-stacked-on-mobile\" style=\"grid-template-columns:28% auto\"><figure class=\"wp-block-media-text__media\"><img loading=\"lazy\" width=\"508\" height=\"940\" src=\"https:\/\/i1.wp.com\/batimedianews.com\/live\/wp-content\/uploads\/2024\/03\/image-218.png?resize=508%2C940\" alt=\"\" class=\"wp-image-36514 size-full\" srcset=\"https:\/\/i1.wp.com\/batimedianews.com\/live\/wp-content\/uploads\/2024\/03\/image-218.png?w=508 508w, https:\/\/i1.wp.com\/batimedianews.com\/live\/wp-content\/uploads\/2024\/03\/image-218.png?resize=768%2C1421 768w, https:\/\/i1.wp.com\/batimedianews.com\/live\/wp-content\/uploads\/2024\/03\/image-218.png?resize=432%2C799 432w, https:\/\/i1.wp.com\/batimedianews.com\/live\/wp-content\/uploads\/2024\/03\/image-218.png?resize=396%2C733 396w\" sizes=\"(max-width: 600px) 91vw, (max-width: 900px) 600px, (max-width: 1060px) 50vw, (max-width: 1200px) 520px, (max-width: 1400px) 43vw, 600px\" data-recalc-dims=\"1\" \/><\/figure><div class=\"wp-block-media-text__content\">\n<p class=\"has-medium-font-size\"><strong>\u00c0 la recherche d\u2019une transformation murale pour d\u00e9corer facilement son int\u00e9rieur, sans fausse note ? CASADECO, pionnier dans le design d&rsquo;int\u00e9rieur et la d\u00e9coration murale d\u00e9voile sa nouvelle ligne de frises Wall Accessories. Une collection qui conjugue authenticit\u00e9 et cr\u00e9ativit\u00e9, pour transformer son espace en un clin d\u2019oeil, sans \u00eatre un pro de la d\u00e9co . <\/strong><\/p>\n\n\n\n<p class=\"has-normal-font-size\"><strong>&nbsp;<\/strong>Fid\u00e8le \u00e0 sa r\u00e9putation et \u00e0 sa volont\u00e9 d&rsquo;\u00eatre une r\u00e9f\u00e9rence en mati\u00e8re de qualit\u00e9, d&rsquo;innovation et de d\u00e9veloppement durable, CASADECO &#8211; une marque Made in France &#8211; facilite l&rsquo;installation de sa nouvelle collection gr\u00e2ce \u00e0 son syst\u00e8me d&rsquo;application ultra-simple, accessible \u00e0 tous : le pr\u00e9-encollage \u00ab\u00a0Spray Up\u00a0\u00bb. Il suffit d&rsquo;une pulv\u00e9risation d&rsquo;eau pour fixer les frises, assurant ainsi une pose facile, rapide et propre.<\/p>\n\n\n\n<p class=\"has-text-color\" style=\"color:#ccc5c5\"><strong>Wall Accessories, la solution pour personnaliser son int\u00e9rieur sans fausse note<\/strong><\/p>\n\n\n\n<p>Cette nouvelle collection est n\u00e9e d&rsquo;une volont\u00e9 de donner \u00e0 chacun, les moyens de personnaliser son espace de vie de mani\u00e8re unique. En se coordonnant parfaitement avec la collection de papiers-peints unis PIGMENTS, les frises CASADECO offrent une libert\u00e9 de cr\u00e9ation sans pr\u00e9c\u00e9dent. Avec une base de 165 gr\/m<sup>2<\/sup> les possibilit\u00e9s de mix-and-match encouragent \u00e0 d\u00e9limiter et \u00e0 caract\u00e9riser visuellement chaque pi\u00e8ce, conf\u00e9rant ainsi une identit\u00e9 et une \u00e2me suppl\u00e9mentaires \u00e0 chaque lieu de vie.<\/p>\n<\/div><\/div>\n\n\n\n<div class=\"wp-block-media-text alignwide has-media-on-the-right is-stacked-on-mobile\" style=\"grid-template-columns:auto 25%\"><figure class=\"wp-block-media-text__media\"><img loading=\"lazy\" width=\"314\" height=\"276\" src=\"https:\/\/i2.wp.com\/batimedianews.com\/live\/wp-content\/uploads\/2024\/03\/image-219.png?resize=314%2C276\" alt=\"\" class=\"wp-image-36516 size-full\" srcset=\"https:\/\/i2.wp.com\/batimedianews.com\/live\/wp-content\/uploads\/2024\/03\/image-219.png?w=314 314w, https:\/\/i2.wp.com\/batimedianews.com\/live\/wp-content\/uploads\/2024\/03\/image-219.png?resize=768%2C675 768w, https:\/\/i2.wp.com\/batimedianews.com\/live\/wp-content\/uploads\/2024\/03\/image-219.png?resize=10%2C10 10w\" sizes=\"(max-width: 600px) 91vw, (max-width: 900px) 600px, (max-width: 1060px) 50vw, (max-width: 1200px) 520px, (max-width: 1400px) 43vw, 600px\" data-recalc-dims=\"1\" \/><\/figure><div class=\"wp-block-media-text__content\">\n<p class=\"has-text-color\" style=\"color:#ccc5c5\"><strong>Elle se distingue ainsi : <\/strong><\/p>\n\n\n\n<ul><li><strong>9 Galons Fins <\/strong>: Variant de 2 \u00e0 5cm d\u2019\u00e9paisseur pour une longueur de 6m, ces galons sont la touche de finesse qui manquait \u00e0 vos murs. <\/li><li><strong>1 Frise \u00c9l\u00e9gante<\/strong> : Mesurant 13cm de haut sur 6m de longueur, cette frise porte bien son nom, offrant une \u00e9l\u00e9gance et un style in\u00e9gal\u00e9s.<\/li><li><strong>2 Mod\u00e8les de Soubassement <\/strong>: D&rsquo;une hauteur de 90cm pour 3m de longueur, ces pi\u00e8ces ajoutent une dimension architecturale distincte \u00e0 tout espace de vie ou de travail. <\/li><\/ul>\n<\/div><\/div>\n\n\n\n<div class=\"wp-block-media-text alignwide is-stacked-on-mobile\" style=\"grid-template-columns:26% auto\"><figure class=\"wp-block-media-text__media\"><img loading=\"lazy\" width=\"420\" height=\"564\" src=\"https:\/\/i2.wp.com\/batimedianews.com\/live\/wp-content\/uploads\/2024\/03\/image-220.png?resize=420%2C564\" alt=\"\" class=\"wp-image-36517 size-full\" srcset=\"https:\/\/i2.wp.com\/batimedianews.com\/live\/wp-content\/uploads\/2024\/03\/image-220.png?w=420 420w, https:\/\/i2.wp.com\/batimedianews.com\/live\/wp-content\/uploads\/2024\/03\/image-220.png?resize=768%2C1031 768w, https:\/\/i2.wp.com\/batimedianews.com\/live\/wp-content\/uploads\/2024\/03\/image-220.png?resize=396%2C532 396w\" sizes=\"(max-width: 600px) 91vw, (max-width: 900px) 600px, (max-width: 1060px) 50vw, (max-width: 1200px) 520px, (max-width: 1400px) 43vw, 600px\" data-recalc-dims=\"1\" \/><\/figure><div class=\"wp-block-media-text__content\">\n<p class=\"has-text-color has-normal-font-size\" style=\"color:#ccc5c5\"><strong>Chaque mod\u00e8le porte un nom f\u00e9minin, c\u00e9l\u00e9brant ses traits distinctifs <\/strong>:&nbsp;<\/p>\n\n\n\n<ul><li><strong>La Sublime <\/strong>: Contraste audacieux de couleurs compl\u00e9mentaires,&nbsp;<\/li><li><strong>La Raffin\u00e9e <\/strong>: L&rsquo;\u00e9l\u00e9gance d&rsquo;une ligne fine et contrast\u00e9e,<\/li><li><strong>L\u2019Audacieuse <\/strong>: Un design ultra-graphique pour un impact visuel fort,&nbsp;<\/li><li><strong>L\u2019Authentique <\/strong>: Un hommage aux frises moulur\u00e9es traditionnelles, revisit\u00e9es en nuances modernes,&nbsp;<\/li><li><strong>L\u2019\u00c9l\u00e9gante <\/strong>: Joue sur des oppositions subtiles de teintes pour dynamiser les murs,&nbsp;<\/li><li><strong>Les Soubassements <\/strong>incarnent l&rsquo;expertise de CASADECO en trompe-l\u2019oeil, invitant le charme haussmannien dans les int\u00e9rieurs contemporains.&nbsp;<\/li><\/ul>\n\n\n\n<p>Toutes les frises seront disponibles en boutique \u00e0 partir de mai 2024 &#8211; entre 25\u20ac et 90\u20ac en fonction du mod\u00e8le.<\/p>\n<\/div><\/div>\n\n\n\n<p class=\"has-text-color\" style=\"color:#c1bdbd\"><strong>Une palette de couleurs lumineuses et harmonieuses, qui s\u2019adapte aux envies de chaque personne&nbsp;<\/strong><\/p>\n\n\n\n<div class=\"wp-block-media-text alignwide has-media-on-the-right is-stacked-on-mobile\" style=\"grid-template-columns:auto 32%\"><figure class=\"wp-block-media-text__media\"><img loading=\"lazy\" width=\"474\" height=\"526\" src=\"https:\/\/i1.wp.com\/batimedianews.com\/live\/wp-content\/uploads\/2024\/03\/image-221.png?resize=474%2C526\" alt=\"\" class=\"wp-image-36518 size-full\" srcset=\"https:\/\/i1.wp.com\/batimedianews.com\/live\/wp-content\/uploads\/2024\/03\/image-221.png?w=474 474w, https:\/\/i1.wp.com\/batimedianews.com\/live\/wp-content\/uploads\/2024\/03\/image-221.png?resize=768%2C852 768w, https:\/\/i1.wp.com\/batimedianews.com\/live\/wp-content\/uploads\/2024\/03\/image-221.png?resize=10%2C10 10w, https:\/\/i1.wp.com\/batimedianews.com\/live\/wp-content\/uploads\/2024\/03\/image-221.png?resize=432%2C479 432w, https:\/\/i1.wp.com\/batimedianews.com\/live\/wp-content\/uploads\/2024\/03\/image-221.png?resize=396%2C439 396w\" sizes=\"(max-width: 600px) 91vw, (max-width: 900px) 600px, (max-width: 1060px) 50vw, (max-width: 1200px) 520px, (max-width: 1400px) 43vw, 600px\" data-recalc-dims=\"1\" \/><\/figure><div class=\"wp-block-media-text__content\">\n<p class=\"has-normal-font-size\">La gamme Wall Accessories se distingue par une palette inspir\u00e9e de la nature, avec des tons chauds de terracotta et de marron glac\u00e9, ainsi qu&rsquo;un cama\u00efeu de verts. \u00c0 ces teintes s&rsquo;ajoutent l&rsquo;\u00e9clat d&rsquo;un bleu roi et la sophistication des contrastes en blancs, noirs, et gris, offrant une profondeur et une richesse in\u00e9gal\u00e9es.<\/p>\n\n\n\n<p class=\"has-normal-font-size\">Wall Accessories invite \u00e0 jouer avec les contrastes pour cr\u00e9er des espaces \u00e0 la fois harmonieux et captivants. CASADECO utilise sa ma\u00eetrise des couleurs et des motifs pour insuffler une nouvelle vie dans les int\u00e9rieurs, refl\u00e9tant ainsi les personnalit\u00e9s de chacun.&nbsp;<\/p>\n\n\n\n<p class=\"has-normal-font-size\">CASADECO continue de red\u00e9finir les espaces de vie en de v\u00e9ritables oeuvres d&rsquo;art. Forte de son savoir-faire, la marque fran\u00e7aise offre des solutions cr\u00e9atives et \u00e9cologiques pour embellir et harmoniser chaque int\u00e9rieur, avec une facilit\u00e9 d&rsquo;installation accessible \u00e0 tous.&nbsp;&nbsp;<\/p>\n<\/div><\/div>\n\n\n\n<p><\/p>\n","protected":false},"excerpt":{"rendered":"<p>\u00c0 la recherche d\u2019une transformation murale pour d\u00e9corer facilement son int\u00e9rieur, sans fausse note ? CASADECO, pionnier dans le design d&rsquo;int\u00e9rieur et la d\u00e9coration murale d\u00e9voile sa nouvelle ligne de frises Wall Accessories. Une collection qui conjugue authenticit\u00e9 et cr\u00e9ativit\u00e9, pour transformer son espace en un clin d\u2019oeil, sans \u00eatre un pro de la d\u00e9co [&hellip;]<\/p>\n","protected":false},"author":41,"featured_media":36519,"comment_status":"open","ping_status":"open","sticky":false,"template":"","format":"standard","meta":{"spay_email":""},"categories":[4,8,51],"tags":[],"jetpack_featured_media_url":"https:\/\/i0.wp.com\/batimedianews.com\/live\/wp-content\/uploads\/2024\/03\/Casadeco.jpg?fit=1513%2C825","jetpack_sharing_enabled":true,"jetpack_likes_enabled":true,"jetpack-related-posts":[{"id":34679,"url":"http:\/\/batimedianews.com\/live\/index.php\/2024\/01\/30\/avec-les-panostyle-jacob-delafon-une-seule-limite-limagination\/","url_meta":{"origin":36513,"position":0},"title":"Avec les Panostyle Jacob Delafon, une seule limite l\u2019imagination","date":"30 janvier 2024","format":false,"excerpt":"Le panneau mural se d\u00e9mocratise dans la d\u00e9coration int\u00e9rieure Le panneau mural, gr\u00e2ce \u00e0 sa polyvalence et son aptitude \u00e0 transformer visuellement une pi\u00e8ce, s\u2019impose comme une solution pratique et incontournable dans la d\u00e9coration int\u00e9rieure. Fonctionnel et esth\u00e9tique, d\u00e9clinable dans toutes les pi\u00e8ces de la maison, il embellit les espaces\u2026","rel":"","context":"Dans &quot;Actualit\u00e9 Entreprises&quot;","img":{"alt_text":"","src":"https:\/\/i2.wp.com\/batimedianews.com\/live\/wp-content\/uploads\/2024\/01\/Jacob-Delafon.jpg?fit=825%2C825&resize=350%2C200","width":350,"height":200},"classes":[]},{"id":48764,"url":"http:\/\/batimedianews.com\/live\/index.php\/2026\/01\/21\/revetement-mural-kariokas-decline-ses-papiers-peints-en-sisal-une-matiere-naturelle-qui-fait-vibrer-les-murs\/","url_meta":{"origin":36513,"position":1},"title":"REVETEMENT MURAL &#8211; Kariokas d\u00e9cline ses papiers peints en sisal, une mati\u00e8re naturelle qui fait vibrer les murs","date":"21 janvier 2026","format":false,"excerpt":"En\u00a02026, Kariokas poursuit son exploration sensible de la mati\u00e8re et de la lumi\u00e8re en lan\u00e7ant un\u00a0nouveau rev\u00eatement mural naturel : le sisal, tiss\u00e9 \u00e0 partir de fibres de cactus. Une \u00e9volution majeure pour la maison genevoise, qui enrichit son langage d\u00e9coratif d'une texture authentique, \u00e9l\u00e9gante et profond\u00e9ment contemporaine. Papier Peint\u2026","rel":"","context":"Dans &quot;Actualit\u00e9 Entreprises&quot;","img":{"alt_text":"","src":"https:\/\/i1.wp.com\/batimedianews.com\/live\/wp-content\/uploads\/2026\/01\/Kariokas.jpg?fit=825%2C825&resize=350%2C200","width":350,"height":200},"classes":[]},{"id":23772,"url":"http:\/\/batimedianews.com\/live\/index.php\/2022\/09\/29\/vyrosa-les-petits-formats-collection-mi-cheminees-mi-poeles-2022-2023\/","url_meta":{"origin":36513,"position":2},"title":"VYROSA les petits formats collection mi- chemin\u00e9es mi &#8211; po\u00eales 2022 2023","date":"29 septembre 2022","format":false,"excerpt":"Les petits formats de VYROSA. Collection \u00ab mi-chemin\u00e9es mi-po\u00eales \u00bb \u00e0 adosser \u00e0 un mur, ce sont des po\u00eales et des chemin\u00e9es ferm\u00e9es qui permettent une combustion optimale pour une faible \u00e9mission de CO2, une chaleur diffuse qui se prolonge une fois le feu \u00e9teint, l\u2019absence de fum\u00e9e\u2026 et leurs\u2026","rel":"","context":"Dans &quot;Actualit\u00e9 Entreprises&quot;","img":{"alt_text":"","src":"https:\/\/i0.wp.com\/batimedianews.com\/live\/wp-content\/uploads\/2022\/09\/VYROSA-Article.jpg?fit=1080%2C1080&resize=350%2C200","width":350,"height":200},"classes":[]},{"id":24380,"url":"http:\/\/batimedianews.com\/live\/index.php\/2022\/10\/26\/polygood-les-panneaux-decoratifs-dinterieur-100-plastique-recycle\/","url_meta":{"origin":36513,"position":3},"title":"POLYGOOD les panneaux d\u00e9coratifs d\u2019int\u00e9rieur 100% plastique recycl\u00e9.","date":"26 octobre 2022","format":false,"excerpt":"Stylos, couverts \u00e0 usage unique, claviers et souris d\u2019ordinateurs, r\u00e9frig\u00e9rateurs ou t\u00e9l\u00e9viseurs\u2026 Tous ces objets de notre quotidien sont fabriqu\u00e9s avec un plastique commun : le polystyr\u00e8ne. Une fois devenus obsol\u00e8tes, plut\u00f4t que de finir dans des incin\u00e9rateurs, des d\u00e9charges ou dans l\u2019oc\u00e9an, ces produits peuvent \u00eatre recycl\u00e9s et transform\u00e9s\u2026","rel":"","context":"Dans &quot;Actualit\u00e9 Entreprises&quot;","img":{"alt_text":"","src":"https:\/\/i0.wp.com\/batimedianews.com\/live\/wp-content\/uploads\/2022\/10\/ModuleCarre-Article.jpg?fit=1080%2C1080&resize=350%2C200","width":350,"height":200},"classes":[]},{"id":26364,"url":"http:\/\/batimedianews.com\/live\/index.php\/2023\/02\/20\/avec-desormais-plus-de-70-decors-kinedo-densifie-encore-leventail-des-solutions-de-panneaux-muraux-kinewall-design\/","url_meta":{"origin":36513,"position":4},"title":"Avec d\u00e9sormais plus de 70 d\u00e9cors, Kinedo densifie encore l\u2019\u00e9ventail des solutions de panneaux muraux Kinewall Design","date":"20 f\u00e9vrier 2023","format":false,"excerpt":"Kinewall Design d\u00e9cor Zellige Kinewall Design d\u00e9cor Marbre noir Constituant une parfaite alternative au carrelage mural, en construction neuve comme en r\u00e9novation, les solutions de panneaux d\u00e9coratifs Kinewall Design de Kinedo rencontrent un vif succ\u00e8s depuis leur lancement en 2017, tant aupr\u00e8s des professionnels que des particuliers. Un engouement qui\u2026","rel":"","context":"Dans &quot;Actualit\u00e9 Entreprises&quot;","img":{"alt_text":"","src":"https:\/\/i2.wp.com\/batimedianews.com\/live\/wp-content\/uploads\/2023\/02\/Kinedo-Article.jpg?fit=1080%2C1080&resize=350%2C200","width":350,"height":200},"classes":[]},{"id":22914,"url":"http:\/\/batimedianews.com\/live\/index.php\/2022\/09\/12\/special-agencements-hoteliers-les-melamines-et-stratifies-polyrey-allient-esthetique-et-technique\/","url_meta":{"origin":36513,"position":5},"title":"Sp\u00e9cial agencements h\u00f4teliers : les m\u00e9lamin\u00e9s et stratifi\u00e9s POLYREY allient esth\u00e9tique et technique","date":"12 septembre 2022","format":false,"excerpt":"https:\/\/youtu.be\/gfRLUUt8r2E T\u00eate de lit : Noisetier Naturel - Extramat - M\u00e9lamin\u00e9\u2002 Panoprey\u2002Habillage Mural et mobilier : Noisetier Naturel - Extramat - Stratifi\u00e9 Polyrey HPL\u2002 H\u00f4tels, appart\u2019h\u00f4tels, r\u00e9sidences de tourisme\u2026 s\u2019av\u00e8rent autant de lieux o\u00f9 l\u2019esth\u00e9tique et l\u2019originalit\u00e9\u2002s\u00e9journent \u00e0 l\u2019envi gr\u00e2ce aux m\u00e9lamin\u00e9s et stratifi\u00e9s Polyrey. Conjuguant design, r\u00e9sistance et facilit\u00e9\u2026","rel":"","context":"Dans &quot;Actualit\u00e9 Entreprises&quot;","img":{"alt_text":"","src":"https:\/\/i2.wp.com\/batimedianews.com\/live\/wp-content\/uploads\/2022\/09\/Polyrey-Article.jpg?fit=1080%2C1080&resize=350%2C200","width":350,"height":200},"classes":[]}],"_links":{"self":[{"href":"http:\/\/batimedianews.com\/live\/index.php\/wp-json\/wp\/v2\/posts\/36513"}],"collection":[{"href":"http:\/\/batimedianews.com\/live\/index.php\/wp-json\/wp\/v2\/posts"}],"about":[{"href":"http:\/\/batimedianews.com\/live\/index.php\/wp-json\/wp\/v2\/types\/post"}],"author":[{"embeddable":true,"href":"http:\/\/batimedianews.com\/live\/index.php\/wp-json\/wp\/v2\/users\/41"}],"replies":[{"embeddable":true,"href":"http:\/\/batimedianews.com\/live\/index.php\/wp-json\/wp\/v2\/comments?post=36513"}],"version-history":[{"count":3,"href":"http:\/\/batimedianews.com\/live\/index.php\/wp-json\/wp\/v2\/posts\/36513\/revisions"}],"predecessor-version":[{"id":36581,"href":"http:\/\/batimedianews.com\/live\/index.php\/wp-json\/wp\/v2\/posts\/36513\/revisions\/36581"}],"wp:featuredmedia":[{"embeddable":true,"href":"http:\/\/batimedianews.com\/live\/index.php\/wp-json\/wp\/v2\/media\/36519"}],"wp:attachment":[{"href":"http:\/\/batimedianews.com\/live\/index.php\/wp-json\/wp\/v2\/media?parent=36513"}],"wp:term":[{"taxonomy":"category","embeddable":true,"href":"http:\/\/batimedianews.com\/live\/index.php\/wp-json\/wp\/v2\/categories?post=36513"},{"taxonomy":"post_tag","embeddable":true,"href":"http:\/\/batimedianews.com\/live\/index.php\/wp-json\/wp\/v2\/tags?post=36513"}],"curies":[{"name":"wp","href":"https:\/\/api.w.org\/{rel}","templated":true}]}}