{"id":36653,"date":"2024-04-03T09:11:45","date_gmt":"2024-04-03T07:11:45","guid":{"rendered":"http:\/\/batimedianews.com\/live\/?p=36653"},"modified":"2024-04-03T09:11:48","modified_gmt":"2024-04-03T07:11:48","slug":"dewalt-une-marque-centenaire-aux-ambitions-sans-limite","status":"publish","type":"post","link":"http:\/\/batimedianews.com\/live\/index.php\/2024\/04\/03\/dewalt-une-marque-centenaire-aux-ambitions-sans-limite\/","title":{"rendered":"DEWALT, une marque centenaire aux ambitions sans limite"},"content":{"rendered":"\n<p><strong>DEWALT, pionni\u00e8re de l\u2019outillage \u00e9lectroportatif, a c\u00e9l\u00e9br\u00e9 ses 100 ans au Matmut Stadium de Lyon, le 26 mars dernier. \u00c0 cette occasion, la marque phare du Groupe mondial Stanley Black &amp; Decker a r\u00e9affirm\u00e9 ses ambitions pour renforcer sa pr\u00e9sence en France, l\u2019un de ses march\u00e9s prioritaires. Pour r\u00e9pondre \u00e0 sa mission premi\u00e8re &#8211; faciliter le quotidien des professionnels &#8211; elle acc\u00e9l\u00e8re l\u2019\u00e9lectrification sur batterie des usages les plus \u00e9nergivores en lan\u00e7ant POWERSHIFT.<\/strong><\/p>\n\n\n\n<p><strong>Cette gamme d\u2019outils \u00e9lectroportatifs est destin\u00e9e au secteur du BTP. DEWALT entend \u00e9galement se recentrer sur l\u2019utilisateur final et accro\u00eetre sa notori\u00e9t\u00e9 en s\u2019entourant d\u2019un ambassadeur sportif qui fera rayonner l\u2019ADN et les valeurs de la marque dans l\u2019hexagone.<\/strong><\/p>\n\n\n\n<p class=\"has-background\" style=\"background-color:#fab905\"><strong>Un virage strat\u00e9gique et des ambitions fortes pour ancrer sa pr\u00e9sence en France<\/strong><\/p>\n\n\n\n<p>DEWALT, premi\u00e8re marque du groupe am\u00e9ricain Stanley Black &amp; Decker qui repr\u00e9sente 16,9 milliards de dollars de chiffre d\u2019affaires est l\u2019atout majeur du g\u00e9ant mondial de l\u2019outillage m\u00e9canique et \u00e9lectroportatif. La marque souhaite tirer parti de sa position dominante en Europe et aux \u00c9tats-Unis pour consolider sa pr\u00e9sence sur le march\u00e9 fran\u00e7ais et se positionner aupr\u00e8s de ses secteurs cibles.<\/p>\n\n\n\n<p>\u00ab<em> Nous avons de fortes ambitions de d\u00e9veloppement sur le long terme aussi bien \u00e0 l\u2019international qu\u2019en France. Dans l\u2019hexagone nous voulons faire de DEWALT le moteur de notre croissance, en renfor\u00e7ant notre pr\u00e9sence aupr\u00e8s de nos 4 secteurs strat\u00e9giques : la construction, l\u2019automobile, l\u2019am\u00e9nagement paysager et l\u2019industrie <\/em>\u00bb indique Antoine Champinot, Directeur g\u00e9n\u00e9ral Stanley Black &amp; Decker France et Afrique.<\/p>\n\n\n\n<p>En 2024, l\u2019utilisateur final est plac\u00e9 au coeur de la strat\u00e9gie d\u2019entreprise. DEWALT, veut simplifier toujours plus son quotidien et anticiper ses besoins. La marque entend se positionner comme un fournisseur de solutions compl\u00e8tes \u2013 outils, batteries, accessoires et rangements &#8211; destin\u00e9s \u00e0 tous les secteurs. Pour gagner en clart\u00e9 et illustrer cette volont\u00e9, l\u2019offre retravaill\u00e9e se pr\u00e9sente d\u00e9sormais par famille de m\u00e9tiers (travail du bois, second oeuvre, industrie, automobile\u2026) et non plus par produit.<\/p>\n\n\n\n<p>DEWALT va consolider sa pr\u00e9sence autour des utilisateurs finaux, en renfor\u00e7ant ses \u00e9quipes de vente sur le terrain et en augmentant ses investissements marketing.<\/p>\n\n\n\n<p class=\"has-background\" style=\"background-color:#fab905\"><strong>L\u2019\u00e9lectrification de tous les chantiers pour plus de s\u00e9curit\u00e9 et de durabilit\u00e9<\/strong><\/p>\n\n\n\n<p>Stanley Black &amp; Decker vise 100% d\u2019outils \u00e9lectroportatifs \u00e0 l\u2019horizon 2030. DEWALT, s\u2019inscrit dans cette trajectoire avec la volont\u00e9 de s\u00e9curiser les chantiers gr\u00e2ce \u00e0 des solutions sans fil plus durables.<\/p>\n\n\n\n<p>L\u2019entreprise continue d\u2019accompagner la transformation des usages. Son savoir-faire technologique et sa forte dynamique d\u2019innovation, lui donnent la capacit\u00e9 de basculer des applications thermiques lourdes, comme le d\u00e9molissage, vers l\u2019\u00e9lectrification sur batterie, sans compromis de puissance et de performance.<\/p>\n\n\n\n<p>\u00ab<em> Grande robustesse, puissance d\u00e9cupl\u00e9e, besoin de s\u00e9curit\u00e9 : nous voulons conqu\u00e9rir tous les march\u00e9s o\u00f9 ces trois param\u00e8tres sont pertinents et \u00e9lectrifier tous les usages qui ne le sont pas encore. Les outils DEWALT ont marqu\u00e9 les cent derni\u00e8res ann\u00e9es et nous travaillons d\u00e9j\u00e0 sur ceux qui marqueront les cent prochaines <\/em>\u00bb assure Antoine Champinot, Directeur g\u00e9n\u00e9ral Stanley Black &amp; Decker France et Afrique.<\/p>\n\n\n\n<p><strong>DEWALT continue d\u2019innover avec POWERSHIFT, une nouvelle gamme de batteries et d\u2019outils destin\u00e9s au secteur du B\u00e2timent et Travaux Publics<\/strong><\/p>\n\n\n\n<p>Apr\u00e8s le lancement de POWERSTACK en 2022, la premi\u00e8re batterie dot\u00e9e de cellules plates, DEWALT marque de nouveau un tournant pour son centi\u00e8me anniversaire en lan\u00e7ant POWERSHIFT. Destin\u00e9e au secteur du b\u00e2timent et des travaux publics, cette gamme est compos\u00e9e de 5 outils pour le b\u00e9ton (pilonneuse, plaque vibrante, aiguille vibrante, r\u00e8gle vibrante et carotteuse) qui fonctionnent tous avec la m\u00eame batterie ultra-puissante de 554 Wh et du m\u00eame chargeur \u00e0 grande vitesse. Pens\u00e9e et con\u00e7ue pour des applications tr\u00e8s \u00e9nergivores, la gamme POWERSHIFT permet aux outils sur batterie de s\u2019adresser \u00e0 de nouveaux utilisateurs qui jusque-l\u00e0 ne travaillaient qu\u2019avec des outils thermiques ou filaires.<\/p>\n\n\n\n<figure class=\"wp-block-image size-full\"><img loading=\"lazy\" width=\"720\" height=\"481\" src=\"https:\/\/i0.wp.com\/batimedianews.com\/live\/wp-content\/uploads\/2024\/04\/image.png?resize=720%2C481\" alt=\"\" class=\"wp-image-36654\" srcset=\"https:\/\/i0.wp.com\/batimedianews.com\/live\/wp-content\/uploads\/2024\/04\/image.png?w=934 934w, https:\/\/i0.wp.com\/batimedianews.com\/live\/wp-content\/uploads\/2024\/04\/image.png?resize=768%2C513 768w, https:\/\/i0.wp.com\/batimedianews.com\/live\/wp-content\/uploads\/2024\/04\/image.png?resize=432%2C289 432w, https:\/\/i0.wp.com\/batimedianews.com\/live\/wp-content\/uploads\/2024\/04\/image.png?resize=396%2C265 396w, https:\/\/i0.wp.com\/batimedianews.com\/live\/wp-content\/uploads\/2024\/04\/image.png?resize=660%2C441 660w\" sizes=\"(max-width: 600px) 91vw, (max-width: 900px) 600px, (max-width: 1060px) 50vw, (max-width: 1200px) 520px, (max-width: 1400px) 43vw, 600px\" data-recalc-dims=\"1\" \/><\/figure>\n\n\n\n<p class=\"has-background\" style=\"background-color:#fab905\"><strong>Un nouvel ambassadeur de choix pour r\u00e9pondre aux enjeux de visibilit\u00e9 et de notori\u00e9t\u00e9<\/strong><\/p>\n\n\n\n<p>Le groupe Stanley Black &amp; Decker veut porter, en France, la visibilit\u00e9 de DEWALT \u00e0 un niveau encore jamais atteint. Le groupe s\u2019en donne les moyens en activant plusieurs leviers : des investissements m\u00e9diatiques massifs coupl\u00e9s \u00e0 des actions de sponsoring. DEWALT c\u00e9l\u00e8bre ses 100 ans en s\u2019entourant d\u2019un nouvel ambassadeur sportif : Antoine Dupont, capitaine de l\u2019\u00e9quipe de France de rugby. Avec ses nombreux titres, notamment meilleur joueur du monde World Rugby 2021 et vainqueur du Tournoi de Los Angeles en 2024 (rugby \u00e0 7), Antoine Dupont va propulser la notori\u00e9t\u00e9 de la marque DEWALT aupr\u00e8s d\u2019un tr\u00e8s large public, gr\u00e2ce \u00e0 sa forte popularit\u00e9. Ce partenariat est n\u00e9 naturellement des valeurs communes partag\u00e9es par la star de rugby, son sport et l\u2019ADN DEWALT : performance, robustesse, challenge.<\/p>\n\n\n\n<p><strong>A propos de DEWALT<\/strong><\/p>\n\n\n\n<p class=\"has-small-font-size\">Depuis 100 ans, DEWALT s\u2019est taill\u00e9 une r\u00e9putation mondiale en concevant, fabriquant et commercialisant des machines particuli\u00e8rement robustes et puissantes. La combinaison des couleurs noire et jaune est d\u00e9pos\u00e9e pour les outils et accessoires de la marque qui devient rapidement une r\u00e9f\u00e9rence pour tous les professionnels du b\u00e2timent. Aujourd\u2019hui, DEWALT offre \u00e0 ses utilisateurs une gamme compl\u00e8te d\u2019outils \u00e9lectroportatifs et d\u2019accessoires hautement performants : perforateurs, scies, ponceuses, meuleuses etc. que ce soit pour le travail du m\u00e9tal, du b\u00e9ton, du bois ou autre. Avec POWERSHIFT, gamme tout juste lanc\u00e9e en 2024, DEWALT annonce clairement sa volont\u00e9 d\u2019\u00e9lectrifier les applications m\u00eame les plus complexes pour r\u00e9pondre aux enjeux du b\u00e2timent performant.<\/p>\n","protected":false},"excerpt":{"rendered":"<p>DEWALT, pionni\u00e8re de l\u2019outillage \u00e9lectroportatif, a c\u00e9l\u00e9br\u00e9 ses 100 ans au Matmut Stadium de Lyon, le 26 mars dernier. \u00c0 cette occasion, la marque phare du Groupe mondial Stanley Black &amp; Decker a r\u00e9affirm\u00e9 ses ambitions pour renforcer sa pr\u00e9sence en France, l\u2019un de ses march\u00e9s prioritaires. Pour r\u00e9pondre \u00e0 sa mission premi\u00e8re &#8211; faciliter [&hellip;]<\/p>\n","protected":false},"author":41,"featured_media":36655,"comment_status":"open","ping_status":"open","sticky":true,"template":"","format":"standard","meta":{"spay_email":""},"categories":[4,89],"tags":[],"jetpack_featured_media_url":"https:\/\/i1.wp.com\/batimedianews.com\/live\/wp-content\/uploads\/2024\/04\/DEWALT.jpg?fit=1513%2C825","jetpack_sharing_enabled":true,"jetpack_likes_enabled":true,"jetpack-related-posts":[{"id":47268,"url":"http:\/\/batimedianews.com\/live\/index.php\/2025\/10\/07\/worldskills-competition-nationale-des-metiers-2025-dewalt-accelere-son-engagement-en-faveur-de-la-nouvelle-generation-de-professionnels\/","url_meta":{"origin":36653,"position":0},"title":"WORLDSKILLS comp\u00e9tition nationale des m\u00e9tiers 2025 &#8211; DEWALT acc\u00e9l\u00e8re son engagement en faveur de la nouvelle g\u00e9n\u00e9ration de professionnels","date":"7 octobre 2025","format":false,"excerpt":"Marque r\u00e9f\u00e9rente de l\u2019outillage \u00e9lectroportatif en France, DEWALT (groupe mondial Stanley Black&Decker) s\u2019engage toujours plus aux c\u00f4t\u00e9s de la jeunesse et de la fili\u00e8re du b\u00e2timent. Du 16 au 18 octobre prochains, la 48e \u00e9dition des WorldSkills r\u00e9unit au Parc Chanot \u00e0 Marseille 800 jeunes talents dans pr\u00e8s de 70\u2026","rel":"","context":"Dans &quot;Actualit\u00e9 Entreprises&quot;","img":{"alt_text":"","src":"https:\/\/i2.wp.com\/batimedianews.com\/live\/wp-content\/uploads\/2025\/10\/DeWalt.jpg?fit=825%2C825&resize=350%2C200","width":350,"height":200},"classes":[]},{"id":45938,"url":"http:\/\/batimedianews.com\/live\/index.php\/2025\/07\/17\/entretien-paysager-et-forestier-dewalt-renforce-sa-presence-sur-le-marche-de-loutdoor-professionnel\/","url_meta":{"origin":36653,"position":1},"title":"Entretien paysager et forestier &#8211; DEWALT renforce sa pr\u00e9sence sur le march\u00e9 de l\u2019outdoor professionnel","date":"17 juillet 2025","format":false,"excerpt":"Pionni\u00e8re de l\u2019outillage \u00e9lectroportatif professionnel du groupe Stanley Black & Decker, la marque DEWALT met son expertise en mati\u00e8re de batterie haute performance au service des m\u00e9tiers de l\u2019environnement avec le lancement d\u2019une nouvelle gamme. Con\u00e7ue pour r\u00e9pondre aux exigences des professionnels de l\u2019am\u00e9nagement paysager et forestier, la nouvelle gamme\u2026","rel":"","context":"Dans &quot;Actualit\u00e9 Entreprises&quot;","img":{"alt_text":"","src":"https:\/\/i0.wp.com\/batimedianews.com\/live\/wp-content\/uploads\/2025\/07\/DeWalt.jpg?fit=825%2C825&resize=350%2C200","width":350,"height":200},"classes":[]},{"id":40969,"url":"http:\/\/batimedianews.com\/live\/index.php\/2024\/10\/30\/dewalt-presente-ses-innovations-au-salon-batimat-2024\/","url_meta":{"origin":36653,"position":2},"title":"DEWALT pr\u00e9sente ses innovations au salon BATIMAT 2024","date":"30 octobre 2024","format":false,"excerpt":"30 sept - 3 oct \u23d0 Paris Porte de Versailles\u23d0Stands H7.2-K053 et H7.2-EXT03 Bonjour, DEWALT, pionni\u00e8re de l\u2019outillage \u00e9lectroportatif et marque phare du groupe mondial Stanley Black & Decker, sera pr\u00e9sente sur le salon BATIMAT, organis\u00e9 du 30 septembre au 3 octobre prochains \u00e0 Paris Porte de Versailles. Ce temps\u2026","rel":"","context":"Dans &quot;Actualit\u00e9 Entreprises&quot;","img":{"alt_text":"","src":"https:\/\/i1.wp.com\/batimedianews.com\/live\/wp-content\/uploads\/2024\/10\/DEWALT.jpg?fit=825%2C825&resize=350%2C200","width":350,"height":200},"classes":[]},{"id":160,"url":"http:\/\/batimedianews.com\/live\/index.php\/2018\/10\/03\/dewalt-nouvel-outil-xr-flexvolt-un-malaxeur-sans-fil\/","url_meta":{"origin":36653,"position":3},"title":"Dewalt : Nouvel outil XR FLEXVOLT : un malaxeur sans fil","date":"3 octobre 2018","format":false,"excerpt":"La puissance du filaire pour les m\u00e9langes les plus exigeants Avec le nouveau malaxeur DCD240 XR FLEVOLT 54V, DEWALT poursuit son objectif de simplifier le travail sur les chantiers avec des outils performants, robustes, ergonomiques et pratiques \u00e0 utiliser. Premier malaxeur sur batterie de la marque, la machine apporte \u00e0\u2026","rel":"","context":"Dans &quot;Artibat 2018&quot;","img":{"alt_text":"","src":"https:\/\/i0.wp.com\/batimedianews.com\/live\/wp-content\/uploads\/2018\/10\/dewalt4.jpg?fit=990%2C683&resize=350%2C200","width":350,"height":200},"classes":[]},{"id":47803,"url":"http:\/\/batimedianews.com\/live\/index.php\/2025\/11\/05\/la-performance-au-service-des-pros-innovation-connectivite-et-ergonomie-sur-les-chantiers-de-demain-avec-stanley\/","url_meta":{"origin":36653,"position":4},"title":"\u201cLa performance au service des pros : innovation, connectivit\u00e9 et ergonomie sur les chantiers de demain.\u201d Avec STANLEY","date":"5 novembre 2025","format":false,"excerpt":"Rencontres avec les acteurs de l\u2019innovation et de la construction durable avec Lafarge durant le salon Artibat 2025 Reportage r\u00e9alis\u00e9 en Octobre 2025 par Batim\u00e9dia \u00c0 l\u2019occasion d\u2019Artibat 2025, Batim\u00e9dia Live part \u00e0 la rencontre des industriels, fabricants et acteurs cl\u00e9s du b\u00e2timent pour une s\u00e9rie d\u2019interviews et de reportages\u2026","rel":"","context":"Dans &quot;__Vid\u00e9os et Tutos&quot;","img":{"alt_text":"","src":"https:\/\/i2.wp.com\/batimedianews.com\/live\/wp-content\/uploads\/2025\/11\/STANLEY-1.png?fit=1080%2C1080&resize=350%2C200","width":350,"height":200},"classes":[]},{"id":28279,"url":"http:\/\/batimedianews.com\/live\/index.php\/2023\/05\/03\/le-groupe-champion-travaille-sur-la-refonte-totale-de-ses-lineaires-une-experience-client-toujours-plus-optimisee\/","url_meta":{"origin":36653,"position":5},"title":"Le Groupe Champion travaille sur la refonte totale de ses lin\u00e9aires : Une exp\u00e9rience client toujours plus optimis\u00e9e","date":"3 mai 2023","format":false,"excerpt":"\u00a0La promesse historique de CHAMPION est claire : rendre disponible imm\u00e9diatement une largeur et profondeur de gamme de produits pr\u00e9cis et techniques. S\u00e9lectionn\u00e9s aupr\u00e8s des fabricants experts sur leur secteur, ils r\u00e9pondent au plus pr\u00e8s des besoins sp\u00e9cifiques de chaque cat\u00e9gorie de professionnels. Engag\u00e9 dans une d\u00e9marche qui les place\u2026","rel":"","context":"Dans &quot;Actualit\u00e9 Entreprises&quot;","img":{"alt_text":"","src":"https:\/\/i2.wp.com\/batimedianews.com\/live\/wp-content\/uploads\/2023\/04\/Champion-Article.jpg?fit=1080%2C1080&resize=350%2C200","width":350,"height":200},"classes":[]}],"_links":{"self":[{"href":"http:\/\/batimedianews.com\/live\/index.php\/wp-json\/wp\/v2\/posts\/36653"}],"collection":[{"href":"http:\/\/batimedianews.com\/live\/index.php\/wp-json\/wp\/v2\/posts"}],"about":[{"href":"http:\/\/batimedianews.com\/live\/index.php\/wp-json\/wp\/v2\/types\/post"}],"author":[{"embeddable":true,"href":"http:\/\/batimedianews.com\/live\/index.php\/wp-json\/wp\/v2\/users\/41"}],"replies":[{"embeddable":true,"href":"http:\/\/batimedianews.com\/live\/index.php\/wp-json\/wp\/v2\/comments?post=36653"}],"version-history":[{"count":2,"href":"http:\/\/batimedianews.com\/live\/index.php\/wp-json\/wp\/v2\/posts\/36653\/revisions"}],"predecessor-version":[{"id":36679,"href":"http:\/\/batimedianews.com\/live\/index.php\/wp-json\/wp\/v2\/posts\/36653\/revisions\/36679"}],"wp:featuredmedia":[{"embeddable":true,"href":"http:\/\/batimedianews.com\/live\/index.php\/wp-json\/wp\/v2\/media\/36655"}],"wp:attachment":[{"href":"http:\/\/batimedianews.com\/live\/index.php\/wp-json\/wp\/v2\/media?parent=36653"}],"wp:term":[{"taxonomy":"category","embeddable":true,"href":"http:\/\/batimedianews.com\/live\/index.php\/wp-json\/wp\/v2\/categories?post=36653"},{"taxonomy":"post_tag","embeddable":true,"href":"http:\/\/batimedianews.com\/live\/index.php\/wp-json\/wp\/v2\/tags?post=36653"}],"curies":[{"name":"wp","href":"https:\/\/api.w.org\/{rel}","templated":true}]}}