{"id":36668,"date":"2024-04-03T09:19:53","date_gmt":"2024-04-03T07:19:53","guid":{"rendered":"http:\/\/batimedianews.com\/live\/?p=36668"},"modified":"2024-04-03T09:19:56","modified_gmt":"2024-04-03T07:19:56","slug":"alkern-lance-sa-gamme-re-source-des-produits-responsables-utilisant-des-materiaux-recycles","status":"publish","type":"post","link":"http:\/\/batimedianews.com\/live\/index.php\/2024\/04\/03\/alkern-lance-sa-gamme-re-source-des-produits-responsables-utilisant-des-materiaux-recycles\/","title":{"rendered":"Alkern lance sa gamme Re-Source\u00ae, des produits responsables utilisant des mat\u00e9riaux recycl\u00e9s"},"content":{"rendered":"\n<div class=\"wp-block-columns\">\n<div class=\"wp-block-column\">\n<p><strong>Dans un contexte de prise de conscience croissante des probl\u00e9matiques globales li\u00e9es \u00e0 la protection environnementale, le Groupe Alkern se veut particuli\u00e8rement attentif \u00e0 la pr\u00e9servation des ressources naturelles non renouvelables. Aussi, \u00e0 l\u2019\u00e9chelle de la pr\u00e9fabrication du b\u00e9ton, Alkern se positionne plus que jamais en acteur responsable de sa fili\u00e8re. Pour preuve, Alkern innove en proposant une gamme de produits con\u00e7us \u00e0 base de mat\u00e9riaux recycl\u00e9s : l\u2019offre Re-Source\u00ae.<\/strong><\/p>\n\n\n\n<p>Pr\u00e9cisons que les mat\u00e9riaux recycl\u00e9s utilis\u00e9s par Alkern pour son offre Re-Source\u00ae peuvent \u00eatre, par exemple, des granulats issus de la d\u00e9construction d\u2019ouvrages en b\u00e9ton ou des rebuts. Ils peuvent \u00e9galement se pr\u00e9senter sous la forme de d\u00e9chets ou autres co-produits, issus d\u2019activit\u00e9s industrielles tierces, comme les coquilles Saint-Jacques issues de l\u2019industrie agroalimentaire, utilis\u00e9es dans la production du pav\u00e9 Coquillage Alkern.<\/p>\n\n\n\n<p>Ces mat\u00e9riaux sont ainsi aujourd\u2019hui int\u00e9gr\u00e9s \u00e0 la fabrication de diff\u00e9rents produits en b\u00e9ton pr\u00e9fabriqu\u00e9s du groupe Alkern, tous secteurs confondus (B\u00e2timent, Am\u00e9nagement Ext\u00e9rieur ou Travaux Publics) et identifiables par un logo \u00ab\u00a0Re-source\u00a0\u00bb illustrant leur int\u00e9gration dans une \u00e9conomie circulaire.<\/p>\n\n\n\n<figure class=\"wp-block-image size-large\"><img loading=\"lazy\" width=\"720\" height=\"720\" src=\"https:\/\/i0.wp.com\/batimedianews.com\/live\/wp-content\/uploads\/2024\/04\/image-7.png?resize=720%2C720\" alt=\"\" class=\"wp-image-36669\" srcset=\"https:\/\/i0.wp.com\/batimedianews.com\/live\/wp-content\/uploads\/2024\/04\/image-7.png?resize=1024%2C1024 1024w, https:\/\/i0.wp.com\/batimedianews.com\/live\/wp-content\/uploads\/2024\/04\/image-7.png?resize=600%2C600 600w, https:\/\/i0.wp.com\/batimedianews.com\/live\/wp-content\/uploads\/2024\/04\/image-7.png?resize=300%2C300 300w, https:\/\/i0.wp.com\/batimedianews.com\/live\/wp-content\/uploads\/2024\/04\/image-7.png?resize=1536%2C1536 1536w, https:\/\/i0.wp.com\/batimedianews.com\/live\/wp-content\/uploads\/2024\/04\/image-7.png?resize=2048%2C2048 2048w, https:\/\/i0.wp.com\/batimedianews.com\/live\/wp-content\/uploads\/2024\/04\/image-7.png?resize=10%2C10 10w\" sizes=\"(max-width: 600px) 91vw, (max-width: 900px) 600px, (max-width: 1060px) 50vw, (max-width: 1200px) 520px, (max-width: 1400px) 43vw, 600px\" data-recalc-dims=\"1\" \/><figcaption>Les coquilles Saint-Jacques : une ressource illustrant parfaitement le process<br>d\u2019\u00e9conomie circulaire d\u2019Alkern.<\/figcaption><\/figure>\n<\/div>\n\n\n\n<div class=\"wp-block-column\">\n<figure class=\"wp-block-image size-large\"><img loading=\"lazy\" width=\"720\" height=\"720\" src=\"https:\/\/i1.wp.com\/batimedianews.com\/live\/wp-content\/uploads\/2024\/04\/image-8.png?resize=720%2C720\" alt=\"\" class=\"wp-image-36670\" srcset=\"https:\/\/i1.wp.com\/batimedianews.com\/live\/wp-content\/uploads\/2024\/04\/image-8.png?resize=1024%2C1024 1024w, https:\/\/i1.wp.com\/batimedianews.com\/live\/wp-content\/uploads\/2024\/04\/image-8.png?resize=600%2C600 600w, https:\/\/i1.wp.com\/batimedianews.com\/live\/wp-content\/uploads\/2024\/04\/image-8.png?resize=300%2C300 300w, https:\/\/i1.wp.com\/batimedianews.com\/live\/wp-content\/uploads\/2024\/04\/image-8.png?resize=1536%2C1536 1536w, https:\/\/i1.wp.com\/batimedianews.com\/live\/wp-content\/uploads\/2024\/04\/image-8.png?resize=2048%2C2048 2048w, https:\/\/i1.wp.com\/batimedianews.com\/live\/wp-content\/uploads\/2024\/04\/image-8.png?resize=10%2C10 10w\" sizes=\"(max-width: 600px) 91vw, (max-width: 900px) 600px, (max-width: 1060px) 50vw, (max-width: 1200px) 520px, (max-width: 1400px) 43vw, 600px\" data-recalc-dims=\"1\" \/><figcaption>Les pav\u00e9s Coquillage d\u2019Alkern, au coefficient de perm\u00e9abilit\u00e9 \u00e9lev\u00e9, int\u00e8grent des coquilles Saint-Jacques (30 kg\/m2) en remplacement des granulats naturels non renouvelables, ici la nouvelle all\u00e9e de l\u2019H\u00f4tel de Ville de Guichen (35).<\/figcaption><\/figure>\n\n\n\n<figure class=\"wp-block-image size-large\"><img loading=\"lazy\" width=\"720\" height=\"720\" src=\"https:\/\/i0.wp.com\/batimedianews.com\/live\/wp-content\/uploads\/2024\/04\/image-9.png?resize=720%2C720\" alt=\"\" class=\"wp-image-36671\" srcset=\"https:\/\/i0.wp.com\/batimedianews.com\/live\/wp-content\/uploads\/2024\/04\/image-9.png?resize=1024%2C1024 1024w, https:\/\/i0.wp.com\/batimedianews.com\/live\/wp-content\/uploads\/2024\/04\/image-9.png?resize=600%2C600 600w, https:\/\/i0.wp.com\/batimedianews.com\/live\/wp-content\/uploads\/2024\/04\/image-9.png?resize=300%2C300 300w, https:\/\/i0.wp.com\/batimedianews.com\/live\/wp-content\/uploads\/2024\/04\/image-9.png?resize=768%2C768 768w, https:\/\/i0.wp.com\/batimedianews.com\/live\/wp-content\/uploads\/2024\/04\/image-9.png?resize=1536%2C1536 1536w, https:\/\/i0.wp.com\/batimedianews.com\/live\/wp-content\/uploads\/2024\/04\/image-9.png?resize=2048%2C2048 2048w, https:\/\/i0.wp.com\/batimedianews.com\/live\/wp-content\/uploads\/2024\/04\/image-9.png?resize=10%2C10 10w, https:\/\/i0.wp.com\/batimedianews.com\/live\/wp-content\/uploads\/2024\/04\/image-9.png?resize=432%2C432 432w, https:\/\/i0.wp.com\/batimedianews.com\/live\/wp-content\/uploads\/2024\/04\/image-9.png?resize=396%2C396 396w, https:\/\/i0.wp.com\/batimedianews.com\/live\/wp-content\/uploads\/2024\/04\/image-9.png?w=567 567w\" sizes=\"(max-width: 600px) 91vw, (max-width: 900px) 600px, (max-width: 1060px) 50vw, (max-width: 1200px) 520px, (max-width: 1400px) 43vw, 600px\" data-recalc-dims=\"1\" \/><figcaption>Gros plan sur le Pav\u00e9 Coquillage qui contribue \u00e9galement gr\u00e2ce \u00e0 ses<br>performances \u00e0 la lutte contre les \u00eelots de chaleur.<\/figcaption><\/figure>\n\n\n\n<p><\/p>\n<\/div>\n<\/div>\n\n\n\n<div class=\"wp-block-columns\">\n<div class=\"wp-block-column\">\n<figure class=\"wp-block-image size-full\"><img loading=\"lazy\" width=\"720\" height=\"514\" src=\"https:\/\/i2.wp.com\/batimedianews.com\/live\/wp-content\/uploads\/2024\/04\/image-11.png?resize=720%2C514\" alt=\"\" class=\"wp-image-36673\" srcset=\"https:\/\/i2.wp.com\/batimedianews.com\/live\/wp-content\/uploads\/2024\/04\/image-11.png?w=768 768w, https:\/\/i2.wp.com\/batimedianews.com\/live\/wp-content\/uploads\/2024\/04\/image-11.png?resize=432%2C308 432w, https:\/\/i2.wp.com\/batimedianews.com\/live\/wp-content\/uploads\/2024\/04\/image-11.png?resize=396%2C283 396w, https:\/\/i2.wp.com\/batimedianews.com\/live\/wp-content\/uploads\/2024\/04\/image-11.png?resize=660%2C471 660w\" sizes=\"(max-width: 600px) 91vw, (max-width: 900px) 600px, (max-width: 1060px) 50vw, (max-width: 1200px) 520px, (max-width: 1400px) 43vw, 600px\" data-recalc-dims=\"1\" \/><\/figure>\n\n\n\n<p>Dernier exemple en date, l\u2019usine Alkern de Saint-Georges-sur-Eure (28) s\u2019est engag\u00e9e, depuis f\u00e9vrier 2024, \u00e0 int\u00e9grer des sables recycl\u00e9s dans l\u2019ensemble de sa production de produits en b\u00e9ton. Le sable naturel, ressource \u00e9puisable car issue des carri\u00e8res, est d\u00e9sormais substitu\u00e9 \u00e0 100 % par du sable recycl\u00e9 Granudem de la soci\u00e9t\u00e9 Poullard, bas\u00e9e \u00e0 Amilly. Il s\u2019agit d\u2019un sable issu du recyclage de d\u00e9chets de b\u00e9ton collect\u00e9s sur les chantiers de d\u00e9molition de son secteur g\u00e9ographique.<\/p>\n\n\n\n<p>Dans la m\u00eame logique de proximit\u00e9, mentionnons que la plateforme est elle-m\u00eame situ\u00e9e \u00e0 seulement 8 km du site de Saint-Georges-sur-Eure, pour en faire un parfait mod\u00e8le de boucle courte et vertueuse, limitant ainsi \u00e9galement les \u00e9missions de CO2 li\u00e9es au transport.<\/p>\n\n\n\n<p>Pr\u00e9cisons enfin que la proportion de mati\u00e8re recycl\u00e9e repr\u00e9sente \u00e0 date, en moyenne, 420 kg par tonne de produit b\u00e9ton fabriqu\u00e9e. Avec Re-Source\u00ae, Alkern- Become propose aujourd\u2019hui \u00e0 ses clients de rejoindre son engagement \u00e0 contribuer \u00e0 la pr\u00e9servation des ressources naturelles, tout en propulsant le cercle vertueux de l\u2019\u00e9conomie circulaire.<\/p>\n<\/div>\n\n\n\n<div class=\"wp-block-column\">\n<div class=\"wp-block-image\"><figure class=\"alignright size-full\"><img loading=\"lazy\" width=\"720\" height=\"526\" src=\"https:\/\/i0.wp.com\/batimedianews.com\/live\/wp-content\/uploads\/2024\/04\/image-12.png?resize=720%2C526\" alt=\"\" class=\"wp-image-36674\" srcset=\"https:\/\/i0.wp.com\/batimedianews.com\/live\/wp-content\/uploads\/2024\/04\/image-12.png?w=776 776w, https:\/\/i0.wp.com\/batimedianews.com\/live\/wp-content\/uploads\/2024\/04\/image-12.png?resize=768%2C561 768w, https:\/\/i0.wp.com\/batimedianews.com\/live\/wp-content\/uploads\/2024\/04\/image-12.png?resize=432%2C316 432w, https:\/\/i0.wp.com\/batimedianews.com\/live\/wp-content\/uploads\/2024\/04\/image-12.png?resize=396%2C289 396w, https:\/\/i0.wp.com\/batimedianews.com\/live\/wp-content\/uploads\/2024\/04\/image-12.png?resize=660%2C482 660w\" sizes=\"(max-width: 600px) 91vw, (max-width: 900px) 600px, (max-width: 1060px) 50vw, (max-width: 1200px) 520px, (max-width: 1400px) 43vw, 600px\" data-recalc-dims=\"1\" \/><\/figure><\/div>\n\n\n\n<p>Pour Christophe Lagrange, directeur de l\u2019Offre Alkern : <em>\u00a0\u00bb La gamme Re-source\u00ae qui vise \u00e0 soutenir le d\u00e9veloppement au coeur m\u00eame des territoires des nouvelles fili\u00e8res de ressources locales, issues de l\u2019\u00e9conomie circulaire, d\u00e9passe le mod\u00e8le \u00e9conomique actuel lin\u00e9aire et propose une v\u00e9ritable r\u00e9ponse aux enjeux environnementaux. En utilisant les mat\u00e9riaux recycl\u00e9s dans ses formulations, comme le fait le site Alkern Become \u00e0 Saint-Georges sur Eure, le groupe contribue \u00e0 pr\u00e9server les milieux naturels et leurs ressources, tout en dynamisant et soutenant une \u00e9conomie circulaire n\u00e9cessaire.\u00a0\u00bb <\/em>Et de conclure : <em>\u00a0\u00bb Utiliser de nouvelles ressources issues de l\u2019\u00e9conomie circulaire pourra contribuer \u00e0 atteindre l\u2019objectif de 90 % de valorisation des d\u00e9chets b\u00e9ton et placerait \u00e0 nouveau la fili\u00e8re min\u00e9rale comme l\u2019une des plus vertueuses en mati\u00e8re de recyclage des produits en fin de vie. \u00ab\u00a0<\/em><\/p>\n\n\n\n<figure class=\"wp-block-image size-large\"><img loading=\"lazy\" width=\"720\" height=\"720\" src=\"https:\/\/i0.wp.com\/batimedianews.com\/live\/wp-content\/uploads\/2024\/04\/image-13.png?resize=720%2C720\" alt=\"\" class=\"wp-image-36675\" srcset=\"https:\/\/i0.wp.com\/batimedianews.com\/live\/wp-content\/uploads\/2024\/04\/image-13.png?resize=1024%2C1024 1024w, https:\/\/i0.wp.com\/batimedianews.com\/live\/wp-content\/uploads\/2024\/04\/image-13.png?resize=600%2C600 600w, https:\/\/i0.wp.com\/batimedianews.com\/live\/wp-content\/uploads\/2024\/04\/image-13.png?resize=300%2C300 300w, https:\/\/i0.wp.com\/batimedianews.com\/live\/wp-content\/uploads\/2024\/04\/image-13.png?resize=1536%2C1536 1536w, https:\/\/i0.wp.com\/batimedianews.com\/live\/wp-content\/uploads\/2024\/04\/image-13.png?resize=2048%2C2048 2048w, https:\/\/i0.wp.com\/batimedianews.com\/live\/wp-content\/uploads\/2024\/04\/image-13.png?resize=10%2C10 10w\" sizes=\"(max-width: 600px) 91vw, (max-width: 900px) 600px, (max-width: 1060px) 50vw, (max-width: 1200px) 520px, (max-width: 1400px) 43vw, 600px\" data-recalc-dims=\"1\" \/><figcaption>L\u2019engagement d\u2019Alkern et Granudem dans une boucle vertueuse s\u2019est concr\u00e9tis\u00e9 depuis d\u00e9but f\u00e9vrier 2024. De gauche \u00e0 droite (Aline Poullard, DG Granudem D\u00e9veloppement, Pierre Borie Directeur Industriel Vall\u00e9e de Seine et Sud IDF Alkern, St\u00e9phane Poullard Pr\u00e9sident Granudem, Patrick Girard Responsable<br>Site Alkern Saint-Georges sur Eure).<\/figcaption><\/figure>\n<\/div>\n<\/div>\n\n\n\n<p class=\"has-background has-small-font-size\" style=\"background-color:#cfd3d6\">Le groupe Alkern est un des leaders fran\u00e7ais de la pr\u00e9fabrication d\u2019\u00e9l\u00e9ments en b\u00e9ton permettant des modes constructifs peu carbon\u00e9s pour le b\u00e2timent, offrant des solutions d\u2019am\u00e9nagement durable des villes, ayant la capacit\u00e9 d\u2019infiltrer les eaux de surface et proposant des produits d\u2019embellissement des espaces ext\u00e9rieurs (jardins, piscines, voirie). En apportant des r\u00e9ponses concr\u00e8tes au regard des enjeux majeurs du r\u00e9chauffement climatique et de ses effets, le Groupe Alkern propose ainsi des solutions durables \u00e0 l\u2019am\u00e9nagement des territoires, aux besoins d\u2019un habitat sain, confortable, esth\u00e9tique, respectueux de l\u2019environnement et patrimonial. Avec plus de 250 millions de chiffre d\u2019affaires en 2023 et plus de 1 000 collaborateurs, engag\u00e9s dans une d\u00e9marche RSE pragmatique, le Groupe se d\u00e9veloppe avec des \u00e9quipes responsables, mobilis\u00e9es sur les enjeux soci\u00e9taux, sur la s\u00e9curit\u00e9 au travail et sur la ma\u00eetrise de l\u2019impact environnemental de son activit\u00e9 et de ses produits. L\u2019obtention de la m\u00e9daille d\u2019Or Ecovadis en 2021, puis de la m\u00e9daille Ecovadis Platinium en 2022, en sont une parfaite illustration !<\/p>\n","protected":false},"excerpt":{"rendered":"<p>Dans un contexte de prise de conscience croissante des probl\u00e9matiques globales li\u00e9es \u00e0 la protection environnementale, le Groupe Alkern se veut particuli\u00e8rement attentif \u00e0 la pr\u00e9servation des ressources naturelles non renouvelables. Aussi, \u00e0 l\u2019\u00e9chelle de la pr\u00e9fabrication du b\u00e9ton, Alkern se positionne plus que jamais en acteur responsable de sa fili\u00e8re. Pour preuve, Alkern innove [&hellip;]<\/p>\n","protected":false},"author":41,"featured_media":36677,"comment_status":"open","ping_status":"open","sticky":true,"template":"","format":"standard","meta":{"spay_email":""},"categories":[4,792,924,109],"tags":[],"jetpack_featured_media_url":"https:\/\/i2.wp.com\/batimedianews.com\/live\/wp-content\/uploads\/2024\/04\/Alkern.jpg?fit=1513%2C825","jetpack_sharing_enabled":true,"jetpack_likes_enabled":true,"jetpack-related-posts":[{"id":37777,"url":"http:\/\/batimedianews.com\/live\/index.php\/2024\/05\/31\/alkern-cap-sur-le-bas-carbone-et-la-valorisation-metier\/","url_meta":{"origin":36668,"position":0},"title":"ALKERN : cap sur le bas carbone et la valorisation m\u00e9tier","date":"31 mai 2024","format":false,"excerpt":"Alkern, leader ind\u00e9pendant de produits pr\u00e9fabriqu\u00e9s en b\u00e9ton, affiche un CA en l\u00e9g\u00e8re progression \u00e0 260 millions d\u2019euros, malgr\u00e9 un march\u00e9 difficile, gr\u00e2ce \u00e0 l\u2019acquisition d\u2019ADG B\u00e9ton. En termes de tonnage, \u00e0 isop\u00e9rim\u00e8tre et en comparant l\u2019exercice 2023 \u00e0 celui de 2022, le b\u00e2timent se contracte de 22 %, les\u2026","rel":"","context":"Dans &quot;Actualit\u00e9 Entreprises&quot;","img":{"alt_text":"","src":"https:\/\/i1.wp.com\/batimedianews.com\/live\/wp-content\/uploads\/2024\/05\/Alkern.jpg?fit=825%2C825&resize=350%2C200","width":350,"height":200},"classes":[]},{"id":49397,"url":"http:\/\/batimedianews.com\/live\/index.php\/2026\/03\/05\/amenagement-exterieur-alkern-devoile-ses-catalogues-regionaux-2026-des-editions-engagees-et-resolument-locales\/","url_meta":{"origin":36668,"position":1},"title":"Am\u00e9nagement ext\u00e9rieur : Alkern d\u00e9voile ses catalogues r\u00e9gionaux 2026, des \u00e9ditions engag\u00e9es et r\u00e9solument locales","date":"5 mars 2026","format":false,"excerpt":"Alkern confirme en 2026 son statut d\u2019acteur de r\u00e9f\u00e9rence de l\u2019am\u00e9nagement ext\u00e9rieur avec la sortie de ses trois nouveaux catalogues r\u00e9gionaux : Nord Centre Est, Grand Ouest, Sud Est. R\u00e9pondant aux sp\u00e9cificit\u00e9s architecturales, climatiques comme esth\u00e9tiques de chaque territoire, ces \u00e9ditions valorisent \u00e0 la fois la richesse des gammes Alkern\u2026","rel":"","context":"Dans &quot;Actualit\u00e9 Entreprises&quot;","img":{"alt_text":"","src":"https:\/\/i0.wp.com\/batimedianews.com\/live\/wp-content\/uploads\/2026\/02\/Alkern.jpg?fit=825%2C825&resize=350%2C200","width":350,"height":200},"classes":[]},{"id":48123,"url":"http:\/\/batimedianews.com\/live\/index.php\/2025\/11\/25\/dalles-drainantes-en-beton-alkern-les-seules-du-marche-a-etre-couvertes-par-des-fdes\/","url_meta":{"origin":36668,"position":2},"title":"Dalles drainantes en b\u00e9ton Alkern : les seules du march\u00e9 \u00e0 \u00eatre couvertes par des FDES","date":"25 novembre 2025","format":false,"excerpt":"La gestion des pluies a chang\u00e9 avec des p\u00e9riodes de s\u00e9cheresse longues qui alternent avec des p\u00e9riodes de pluie plus intenses que par le pass\u00e9. Fort de ce constat, Alkern a d\u00e9velopp\u00e9 une gamme de solutions drainantes qui permet d'adapter les infrastructures aux effets du changement climatique.\u00a0 Apr\u00e8s avoir enrichi\u2026","rel":"","context":"Dans &quot;Actualit\u00e9 Entreprises&quot;","img":{"alt_text":"","src":"https:\/\/i2.wp.com\/batimedianews.com\/live\/wp-content\/uploads\/2025\/11\/Alkern.jpg?fit=825%2C825&resize=350%2C200","width":350,"height":200},"classes":[]},{"id":12675,"url":"http:\/\/batimedianews.com\/live\/index.php\/2021\/10\/08\/lamenagement-urbain-sous-toutes-ses-facettes-avec-alkern\/","url_meta":{"origin":36668,"position":3},"title":"L\u2019am\u00e9nagement urbain sous toutes ses facettes avec Alkern","date":"8 octobre 2021","format":false,"excerpt":"Parce que nos villes ont plus que jamais besoin d\u2019\u00eatre tout \u00e0 la fois accueillantes, s\u00fbres, durables et faciles \u00e0 vivre, Alkern propose depuis 50 ans, \u00e0 l\u2019attention des collectivit\u00e9s, une gamme compl\u00e8te destin\u00e9e \u00e0 l\u2019am\u00e9nagement urbain et est fier de pr\u00e9senter son nouveau catalogue. \u00a0Qu\u2019il s\u2019agisse de r\u00e9ponses pour\u2026","rel":"","context":"Dans &quot;Actualit\u00e9 Entreprises&quot;","img":{"alt_text":"","src":"https:\/\/i1.wp.com\/batimedianews.com\/live\/wp-content\/uploads\/2021\/10\/Alkern-Article.jpg?fit=512%2C512&resize=350%2C200","width":350,"height":200},"classes":[]},{"id":8712,"url":"http:\/\/batimedianews.com\/live\/index.php\/2021\/03\/10\/alkern-la-dynamique-dun-leader-pret-pour-le-bas-carbone-et-la-re2020\/","url_meta":{"origin":36668,"position":4},"title":"Alkern : la dynamique d\u2019un leader pr\u00eat pour le bas carbone et la RE2020","date":"10 mars 2021","format":false,"excerpt":"Depuis 2010, Alkern, 1er fabricant fran\u00e7ais ind\u00e9pendant de produits pr\u00e9fabriqu\u00e9s en b\u00e9ton, poursuit sa croissance en France et en Belgique \u00e0 un rythme soutenu avec notamment plus de 20 acquisitions r\u00e9alis\u00e9es en 10 ans. Ainsi, si en 2010 l\u2019industriel affichait un CA de 122 millions d\u2019euros avec pr\u00e8s de 650\u2026","rel":"","context":"Dans &quot;Actualit\u00e9 Entreprises&quot;","img":{"alt_text":"","src":"https:\/\/i1.wp.com\/batimedianews.com\/live\/wp-content\/uploads\/2021\/03\/image-35.png?fit=776%2C520&resize=350%2C200","width":350,"height":200},"classes":[]},{"id":38404,"url":"http:\/\/batimedianews.com\/live\/index.php\/2024\/07\/09\/piece-de-raccordement-une-innovation-brevetee-alkern-pour-les-tp\/","url_meta":{"origin":36668,"position":5},"title":"Pi\u00e8ce de raccordement, guide racinaire, pav\u00e9s Signature, E-massif, Bloc Natur R1 et Isopanel Max : un floril\u00e8ge d&rsquo;innovations sign\u00e9es Alkern","date":"9 juillet 2024","format":false,"excerpt":"https:\/\/www.youtube.com\/watch?v=BlcFKAMU9C4 Interview Alkern La solution E-Massif d'ALKERN, d\u00e9di\u00e9e \u00e0 l'ancrage des bornes de recharge \u00e9lectrique jusqu'\u00e0 22 kW. \u00a0ALKERN innove aussi c\u00f4t\u00e9 TP avec une nouveaut\u00e9 d\u00e9di\u00e9e aux r\u00e9seaux d\u2019assainissement : la pi\u00e8ce de raccordement. V\u00e9ritable garantie de disposer de raccords durablement \u00e9tanches (gr\u00e2ce \u00e0 un double joint \u00e9lastom\u00e8re et\u2026","rel":"","context":"Dans &quot;Actualit\u00e9 Entreprises&quot;","img":{"alt_text":"","src":"https:\/\/i2.wp.com\/batimedianews.com\/live\/wp-content\/uploads\/2024\/06\/Alkern.jpg?fit=825%2C825&resize=350%2C200","width":350,"height":200},"classes":[]}],"_links":{"self":[{"href":"http:\/\/batimedianews.com\/live\/index.php\/wp-json\/wp\/v2\/posts\/36668"}],"collection":[{"href":"http:\/\/batimedianews.com\/live\/index.php\/wp-json\/wp\/v2\/posts"}],"about":[{"href":"http:\/\/batimedianews.com\/live\/index.php\/wp-json\/wp\/v2\/types\/post"}],"author":[{"embeddable":true,"href":"http:\/\/batimedianews.com\/live\/index.php\/wp-json\/wp\/v2\/users\/41"}],"replies":[{"embeddable":true,"href":"http:\/\/batimedianews.com\/live\/index.php\/wp-json\/wp\/v2\/comments?post=36668"}],"version-history":[{"count":3,"href":"http:\/\/batimedianews.com\/live\/index.php\/wp-json\/wp\/v2\/posts\/36668\/revisions"}],"predecessor-version":[{"id":36683,"href":"http:\/\/batimedianews.com\/live\/index.php\/wp-json\/wp\/v2\/posts\/36668\/revisions\/36683"}],"wp:featuredmedia":[{"embeddable":true,"href":"http:\/\/batimedianews.com\/live\/index.php\/wp-json\/wp\/v2\/media\/36677"}],"wp:attachment":[{"href":"http:\/\/batimedianews.com\/live\/index.php\/wp-json\/wp\/v2\/media?parent=36668"}],"wp:term":[{"taxonomy":"category","embeddable":true,"href":"http:\/\/batimedianews.com\/live\/index.php\/wp-json\/wp\/v2\/categories?post=36668"},{"taxonomy":"post_tag","embeddable":true,"href":"http:\/\/batimedianews.com\/live\/index.php\/wp-json\/wp\/v2\/tags?post=36668"}],"curies":[{"name":"wp","href":"https:\/\/api.w.org\/{rel}","templated":true}]}}