{"id":36832,"date":"2024-04-12T16:41:59","date_gmt":"2024-04-12T14:41:59","guid":{"rendered":"https:\/\/batimedianews.com\/live\/?p=36832"},"modified":"2024-04-12T16:42:02","modified_gmt":"2024-04-12T14:42:02","slug":"panasonic-fabrique-une-nouvelle-generation-de-pompes-a-chaleur-au-r290-a-tillieres-sur-avre","status":"publish","type":"post","link":"http:\/\/batimedianews.com\/live\/index.php\/2024\/04\/12\/panasonic-fabrique-une-nouvelle-generation-de-pompes-a-chaleur-au-r290-a-tillieres-sur-avre\/","title":{"rendered":"Panasonic fabrique une nouvelle g\u00e9n\u00e9ration de pompes \u00e0 chaleur au R290 \u00e0 Tilli\u00e8res-sur-Avre"},"content":{"rendered":"\n<figure class=\"wp-block-image size-large\"><img loading=\"lazy\" width=\"720\" height=\"720\" src=\"https:\/\/i0.wp.com\/batimedianews.com\/live\/wp-content\/uploads\/2024\/04\/01-panasonic-tillieres-1024x1024.jpg?resize=720%2C720&#038;ssl=1\" alt=\"\" class=\"wp-image-36833\" srcset=\"https:\/\/i2.wp.com\/batimedianews.com\/live\/wp-content\/uploads\/2024\/04\/01-panasonic-tillieres-scaled.jpg?resize=1024%2C1024 1024w, https:\/\/i2.wp.com\/batimedianews.com\/live\/wp-content\/uploads\/2024\/04\/01-panasonic-tillieres-scaled.jpg?resize=600%2C600 600w, https:\/\/i2.wp.com\/batimedianews.com\/live\/wp-content\/uploads\/2024\/04\/01-panasonic-tillieres-scaled.jpg?resize=300%2C300 300w, https:\/\/i2.wp.com\/batimedianews.com\/live\/wp-content\/uploads\/2024\/04\/01-panasonic-tillieres-scaled.jpg?resize=1536%2C1536 1536w, https:\/\/i2.wp.com\/batimedianews.com\/live\/wp-content\/uploads\/2024\/04\/01-panasonic-tillieres-scaled.jpg?resize=2048%2C2048 2048w, https:\/\/i2.wp.com\/batimedianews.com\/live\/wp-content\/uploads\/2024\/04\/01-panasonic-tillieres-scaled.jpg?resize=10%2C10 10w, https:\/\/i2.wp.com\/batimedianews.com\/live\/wp-content\/uploads\/2024\/04\/01-panasonic-tillieres-scaled.jpg?w=1440 1440w, https:\/\/i2.wp.com\/batimedianews.com\/live\/wp-content\/uploads\/2024\/04\/01-panasonic-tillieres-scaled.jpg?w=2160 2160w\" sizes=\"(max-width: 600px) 91vw, (max-width: 900px) 600px, (max-width: 1060px) 50vw, (max-width: 1200px) 520px, (max-width: 1400px) 43vw, 600px\" data-recalc-dims=\"1\" \/><figcaption>Doc Panasonic <\/figcaption><\/figure>\n\n\n\n<p>L\u2019usine de Tilli\u00e8res-sur-Avre est n\u00e9e en 1967. Elle a appartenu \u00e0 Airwell, puis \u00e0 Systemair et d\u00e9sormais \u00e0 Panasonic qui est en train de la r\u00e9\u00e9quiper pour fabriquer une nouvelle gamme de pompes \u00e0 chaleur air\/eau domestique au R290. Panasonic fabrique des pompes \u00e0 chaleur en France.<\/p>\n\n\n\n<p>Le 17 novembre 2022, Panasonic annon\u00e7ait l\u2019acquisition de l\u2019ensemble de l\u2019activit\u00e9 de climatisation du su\u00e9dois Systemair, soit les trois soci\u00e9t\u00e9s Systemair AC SAS, Systemair Srl et Tecnair SpA pour 100 millions d\u2019Euros. Au sein de Systemair AC SAS, se trouvait l\u2019usine de Tilli\u00e8res-sur-Avre, un village de 1100 habitants dans l\u2019Eure (27). Cette usine est d\u00e9sormais l\u2019une des trois usines&nbsp;du groupe Panasonic en Europe pour le G\u00e9nie Climatique. Les autres se trouvent pour l\u2019une en R\u00e9publique Tch\u00e8que et pour l\u2019autre en Italie. PANASONIC HEATING &amp; VENTILATION AIR-CONDITIONING FRANCE SAS a \u00e9t\u00e9 cr\u00e9\u00e9e le 15 juillet 2024, son si\u00e8ge est \u00e0 Tilli\u00e8res-sur-Avre. L\u2019usine emploie aujourd\u2019hui 240 personnes.<\/p>\n\n\n\n<p><strong>D\u00e9j\u00e0 du R290<\/strong><\/p>\n\n\n\n<p>Sentant venir la s\u00e9v\u00e9risation du r\u00e8glement europ\u00e9en F-Gaz sur les fluides frigorig\u00e8nes, Systemair avait d\u00e9velopp\u00e9 des groupes froids r\u00e9versibles utilisant le R290 (GWP = 3) comme fluide frigorig\u00e8ne. Le R290 \u00e9chappe au r\u00e8glement F-Gaz en raison de son tr\u00e8s faible GWP. Ils \u00e9taient fabriqu\u00e9s \u00e0 Tilli\u00e8res-sur-Avre. Nul doute que cette familiarit\u00e9 avec des machines au R290 a jou\u00e9 en faveur de l\u2019usine de Tilli\u00e8res-sur-Avre, lorsque Panasonic a d\u00e9cid\u00e9 laquelle de ses trois usines en Europe fabriquerait sa nouvelle gamme de pac air\/eau r\u00e9versibles au R290.<\/p>\n\n\n\n<figure class=\"wp-block-image size-large\"><img loading=\"lazy\" width=\"720\" height=\"720\" src=\"https:\/\/i2.wp.com\/batimedianews.com\/live\/wp-content\/uploads\/2024\/04\/03-panasonic-tillieres-1024x1024.jpg?resize=720%2C720&#038;ssl=1\" alt=\"\" class=\"wp-image-36834\" srcset=\"https:\/\/i1.wp.com\/batimedianews.com\/live\/wp-content\/uploads\/2024\/04\/03-panasonic-tillieres-scaled.jpg?resize=1024%2C1024 1024w, https:\/\/i1.wp.com\/batimedianews.com\/live\/wp-content\/uploads\/2024\/04\/03-panasonic-tillieres-scaled.jpg?resize=600%2C600 600w, https:\/\/i1.wp.com\/batimedianews.com\/live\/wp-content\/uploads\/2024\/04\/03-panasonic-tillieres-scaled.jpg?resize=300%2C300 300w, https:\/\/i1.wp.com\/batimedianews.com\/live\/wp-content\/uploads\/2024\/04\/03-panasonic-tillieres-scaled.jpg?resize=1536%2C1536 1536w, https:\/\/i1.wp.com\/batimedianews.com\/live\/wp-content\/uploads\/2024\/04\/03-panasonic-tillieres-scaled.jpg?resize=2048%2C2048 2048w, https:\/\/i1.wp.com\/batimedianews.com\/live\/wp-content\/uploads\/2024\/04\/03-panasonic-tillieres-scaled.jpg?resize=10%2C10 10w, https:\/\/i1.wp.com\/batimedianews.com\/live\/wp-content\/uploads\/2024\/04\/03-panasonic-tillieres-scaled.jpg?w=1440 1440w, https:\/\/i1.wp.com\/batimedianews.com\/live\/wp-content\/uploads\/2024\/04\/03-panasonic-tillieres-scaled.jpg?w=2160 2160w\" sizes=\"(max-width: 600px) 91vw, (max-width: 900px) 600px, (max-width: 1060px) 50vw, (max-width: 1200px) 520px, (max-width: 1400px) 43vw, 600px\" data-recalc-dims=\"1\" \/><figcaption>Pascal Poggi pour batim\u00e9dia <\/figcaption><\/figure>\n\n\n\n<p>Lorsque Panasonic a pris possession de l\u2019usine, le 1<sup>er<\/sup> avril 2023, elle fabriquait d\u00e9j\u00e0 des groupes d\u2019eau glac\u00e9e que Panasonic a conserv\u00e9 et qui forment aujourd\u2019hui sa gamme de groupes d\u2019eau glac\u00e9e air\/eau r\u00e9versibles ECOi-W AQUA-G BLUE H R290, avec trois mod\u00e8les de 50, 60 et 70-80 kW. Ces groupes fonctionnent en  froid jusqu\u2019\u00e0 des temp\u00e9ratures ext\u00e9rieures de 53\u00b0C et en mode chauffage jusqu\u2019\u00e0 -15\u00b0C avec une temp\u00e9rature de d\u00e9part d\u2019eau de 70\u00b0C. Ces groupes sont cascadables jusqu\u2019\u00e0 8 appareils pour atteindre une puissance totale de 640 kW. Doc. PP<\/p>\n\n\n\n<p>Panasonic a conserv\u00e9 et m\u00eame renforc\u00e9, l\u2019ex-\u00e9quipe de prescription Systemair qui s\u2019occupait de cette gamme. L\u2019usine de Tilli\u00e8res-sur-Avre fabrique aussi des pompes \u00e0 chaleur sur boucle d\u2019eau de 2 \u00e0 40 kW en puissance chauffage. Certaines de ces pac sur boucle d\u2019eau sont r\u00e9versibles, d\u2019autres, avant tout pour les centres commerciaux, fonctionnent en froid seul. Elles n\u2019utilisent pas de R290, mais des fluides plus classiques \u00e0 fort GWP, comme le R410A (GWP = 2100) ou le R407C (1800), ainsi que le plus r\u00e9cent R513A (631) qui est un fluide de transition.<\/p>\n\n\n\n<figure class=\"wp-block-image size-large\"><img loading=\"lazy\" width=\"720\" height=\"720\" src=\"https:\/\/i0.wp.com\/batimedianews.com\/live\/wp-content\/uploads\/2024\/04\/04-panasonic-tillieres-1024x1024.jpg?resize=720%2C720&#038;ssl=1\" alt=\"\" class=\"wp-image-36835\" srcset=\"https:\/\/i2.wp.com\/batimedianews.com\/live\/wp-content\/uploads\/2024\/04\/04-panasonic-tillieres-scaled.jpg?resize=1024%2C1024 1024w, https:\/\/i2.wp.com\/batimedianews.com\/live\/wp-content\/uploads\/2024\/04\/04-panasonic-tillieres-scaled.jpg?resize=600%2C600 600w, https:\/\/i2.wp.com\/batimedianews.com\/live\/wp-content\/uploads\/2024\/04\/04-panasonic-tillieres-scaled.jpg?resize=300%2C300 300w, https:\/\/i2.wp.com\/batimedianews.com\/live\/wp-content\/uploads\/2024\/04\/04-panasonic-tillieres-scaled.jpg?resize=1536%2C1536 1536w, https:\/\/i2.wp.com\/batimedianews.com\/live\/wp-content\/uploads\/2024\/04\/04-panasonic-tillieres-scaled.jpg?resize=2048%2C2048 2048w, https:\/\/i2.wp.com\/batimedianews.com\/live\/wp-content\/uploads\/2024\/04\/04-panasonic-tillieres-scaled.jpg?resize=10%2C10 10w, https:\/\/i2.wp.com\/batimedianews.com\/live\/wp-content\/uploads\/2024\/04\/04-panasonic-tillieres-scaled.jpg?w=1440 1440w, https:\/\/i2.wp.com\/batimedianews.com\/live\/wp-content\/uploads\/2024\/04\/04-panasonic-tillieres-scaled.jpg?w=2160 2160w\" sizes=\"(max-width: 600px) 91vw, (max-width: 900px) 600px, (max-width: 1060px) 50vw, (max-width: 1200px) 520px, (max-width: 1400px) 43vw, 600px\" data-recalc-dims=\"1\" \/><figcaption>Pascal Poggi pour batim\u00e9dia<\/figcaption><\/figure>\n\n\n\n<p>L\u2019usine de Tilli\u00e8res fabrique \u00e9galement des terminaux \u00e0 eau, autrement dit, des ventiloconvecteurs de diverses formes et puissances, ainsi que des rooftops. Doc. PP<\/p>\n\n\n\n<p><strong>Un investissement de 9 millions d\u2019Euros<\/strong><\/p>\n\n\n\n<p>Lors du salon Mostra Convegno \u00e0 Milan en mars 2024, Panasonic a annonc\u00e9 la mise sur le march\u00e9 europ\u00e9en d\u2019une nouvelle gamme de pompes \u00e0 chaleur air\/eau, r\u00e9versibles, fonctionnant au R290. Panasonic disposait d\u00e9j\u00e0 de ses pompes \u00e0 chaleur domestiques Aquarea de 3 \u00e0 16 kW, r\u00e9versibles et utilisant le R290. La gamme Aquarea est plut\u00f4t destin\u00e9e \u00e0 la maison individuelle, neuve pour les petites puissances, neuve ou en r\u00e9novation pour le mod\u00e8le de 16 kW.<\/p>\n\n\n\n<figure class=\"wp-block-image size-large\"><img loading=\"lazy\" width=\"720\" height=\"720\" src=\"https:\/\/i2.wp.com\/batimedianews.com\/live\/wp-content\/uploads\/2024\/04\/05-panasonic-tillieres-1024x1024.jpg?resize=720%2C720&#038;ssl=1\" alt=\"\" class=\"wp-image-36836\" srcset=\"https:\/\/i2.wp.com\/batimedianews.com\/live\/wp-content\/uploads\/2024\/04\/05-panasonic-tillieres-scaled.jpg?resize=1024%2C1024 1024w, https:\/\/i2.wp.com\/batimedianews.com\/live\/wp-content\/uploads\/2024\/04\/05-panasonic-tillieres-scaled.jpg?resize=600%2C600 600w, https:\/\/i2.wp.com\/batimedianews.com\/live\/wp-content\/uploads\/2024\/04\/05-panasonic-tillieres-scaled.jpg?resize=300%2C300 300w, https:\/\/i2.wp.com\/batimedianews.com\/live\/wp-content\/uploads\/2024\/04\/05-panasonic-tillieres-scaled.jpg?resize=1536%2C1536 1536w, https:\/\/i2.wp.com\/batimedianews.com\/live\/wp-content\/uploads\/2024\/04\/05-panasonic-tillieres-scaled.jpg?resize=2048%2C2048 2048w, https:\/\/i2.wp.com\/batimedianews.com\/live\/wp-content\/uploads\/2024\/04\/05-panasonic-tillieres-scaled.jpg?resize=10%2C10 10w, https:\/\/i2.wp.com\/batimedianews.com\/live\/wp-content\/uploads\/2024\/04\/05-panasonic-tillieres-scaled.jpg?w=1440 1440w, https:\/\/i2.wp.com\/batimedianews.com\/live\/wp-content\/uploads\/2024\/04\/05-panasonic-tillieres-scaled.jpg?w=2160 2160w\" sizes=\"(max-width: 600px) 91vw, (max-width: 900px) 600px, (max-width: 1060px) 50vw, (max-width: 1200px) 520px, (max-width: 1400px) 43vw, 600px\" data-recalc-dims=\"1\" \/><figcaption>Pascal Poggi pour batim\u00e9dia<\/figcaption><\/figure>\n\n\n\n<p>La nouvelle gamme Big Aquarea T-CAP S\u00e9rie M, annonc\u00e9e \u00e0 Milan, offre trois puissances plus importantes&nbsp;: 20, 25 et 30 kW \u2013 et vise clairement le march\u00e9 des b\u00e2timents de logements collectifs et du tertiaire, en neuf comme en r\u00e9novation avec, certainement, une vis\u00e9e particuli\u00e8re sur le remplacement des chaudi\u00e8res fioul ou m\u00eame gaz en chaufferies existantes. Doc. Panasonic<\/p>\n\n\n\n<p>Les trois mod\u00e8les Big Aquarea T-CAP S\u00e9rie M sont cascadables jusqu&rsquo;\u00e0 10 machines, soit 300 kW. T-CAP signifie \u00ab\u00a0Total Capacity\u00a0\u00bb\u00a0: ces pac maintiennent leur rendement jusqu\u2019\u00e0 -15\u00b0C de temp\u00e9rature ext\u00e9rieure, avec une temp\u00e9rature de d\u00e9part d\u2019eau \u00e0 55\u00b0C.<\/p>\n\n\n\n<figure class=\"wp-block-image size-large\"><img loading=\"lazy\" width=\"720\" height=\"720\" src=\"https:\/\/i1.wp.com\/batimedianews.com\/live\/wp-content\/uploads\/2024\/04\/07-panasonic-tillieres-1024x1024.jpg?resize=720%2C720&#038;ssl=1\" alt=\"\" class=\"wp-image-36837\" srcset=\"https:\/\/i1.wp.com\/batimedianews.com\/live\/wp-content\/uploads\/2024\/04\/07-panasonic-tillieres-scaled.jpg?resize=1024%2C1024 1024w, https:\/\/i1.wp.com\/batimedianews.com\/live\/wp-content\/uploads\/2024\/04\/07-panasonic-tillieres-scaled.jpg?resize=600%2C600 600w, https:\/\/i1.wp.com\/batimedianews.com\/live\/wp-content\/uploads\/2024\/04\/07-panasonic-tillieres-scaled.jpg?resize=300%2C300 300w, https:\/\/i1.wp.com\/batimedianews.com\/live\/wp-content\/uploads\/2024\/04\/07-panasonic-tillieres-scaled.jpg?resize=1536%2C1536 1536w, https:\/\/i1.wp.com\/batimedianews.com\/live\/wp-content\/uploads\/2024\/04\/07-panasonic-tillieres-scaled.jpg?resize=2048%2C2048 2048w, https:\/\/i1.wp.com\/batimedianews.com\/live\/wp-content\/uploads\/2024\/04\/07-panasonic-tillieres-scaled.jpg?resize=10%2C10 10w, https:\/\/i1.wp.com\/batimedianews.com\/live\/wp-content\/uploads\/2024\/04\/07-panasonic-tillieres-scaled.jpg?w=1440 1440w, https:\/\/i1.wp.com\/batimedianews.com\/live\/wp-content\/uploads\/2024\/04\/07-panasonic-tillieres-scaled.jpg?w=2160 2160w\" sizes=\"(max-width: 600px) 91vw, (max-width: 900px) 600px, (max-width: 1060px) 50vw, (max-width: 1200px) 520px, (max-width: 1400px) 43vw, 600px\" data-recalc-dims=\"1\" \/><\/figure>\n\n\n\n<p>Ce mois-ci, avril 2024, V\u00e9ronique M\u00e9taiz aura travaill\u00e9 35 ans dans l\u2019usine de Tilli\u00e8res-sur-Avre, dont elle a connu les trois propri\u00e9taires successifs. Aujourd\u2019hui, elle installe les r\u00e9gulateurs sur les groupes d\u2019eau glac\u00e9e ECOi-W AQUA-G BLUE H R290. Ils sont pilot\u00e9s en variation de fr\u00e9quence, groupes et ventilateurs, gr\u00e2ce \u00e0 des variateurs Danfoss. \u00a9Panasonic<\/p>\n\n\n\n<figure class=\"wp-block-image size-large\"><img loading=\"lazy\" width=\"720\" height=\"720\" src=\"https:\/\/i0.wp.com\/batimedianews.com\/live\/wp-content\/uploads\/2024\/04\/08-panasonic-tillieres-1024x1024.jpg?resize=720%2C720&#038;ssl=1\" alt=\"\" class=\"wp-image-36838\" srcset=\"https:\/\/i2.wp.com\/batimedianews.com\/live\/wp-content\/uploads\/2024\/04\/08-panasonic-tillieres-scaled.jpg?resize=1024%2C1024 1024w, https:\/\/i2.wp.com\/batimedianews.com\/live\/wp-content\/uploads\/2024\/04\/08-panasonic-tillieres-scaled.jpg?resize=600%2C600 600w, https:\/\/i2.wp.com\/batimedianews.com\/live\/wp-content\/uploads\/2024\/04\/08-panasonic-tillieres-scaled.jpg?resize=300%2C300 300w, https:\/\/i2.wp.com\/batimedianews.com\/live\/wp-content\/uploads\/2024\/04\/08-panasonic-tillieres-scaled.jpg?resize=1536%2C1536 1536w, https:\/\/i2.wp.com\/batimedianews.com\/live\/wp-content\/uploads\/2024\/04\/08-panasonic-tillieres-scaled.jpg?resize=2048%2C2048 2048w, https:\/\/i2.wp.com\/batimedianews.com\/live\/wp-content\/uploads\/2024\/04\/08-panasonic-tillieres-scaled.jpg?resize=10%2C10 10w, https:\/\/i2.wp.com\/batimedianews.com\/live\/wp-content\/uploads\/2024\/04\/08-panasonic-tillieres-scaled.jpg?w=1440 1440w, https:\/\/i2.wp.com\/batimedianews.com\/live\/wp-content\/uploads\/2024\/04\/08-panasonic-tillieres-scaled.jpg?w=2160 2160w\" sizes=\"(max-width: 600px) 91vw, (max-width: 900px) 600px, (max-width: 1060px) 50vw, (max-width: 1200px) 520px, (max-width: 1400px) 43vw, 600px\" data-recalc-dims=\"1\" \/><figcaption>Pascal Poggi pour batim\u00e9dia<\/figcaption><\/figure>\n\n\n\n<p>Entre 2023 et 2025, Panasonic aura investi 9 millions d\u2019Euros dans l\u2019usine de Tilli\u00e8res-sur-Avre. Les nouvelles pac Big Aquarea T-CAP S\u00e9rie M seront commercialis\u00e9es en Europe d\u00e8s l\u2019automne 2024. Elles seront initialement fabriqu\u00e9es en R\u00e9publique Tch\u00e8que. Leur fabrication basculera enti\u00e8rement \u00e0 Tilli\u00e8res-sur-Avres d\u00e8s que l\u2019usine, qui est en cours de retooling, comme ils disent, sera pr\u00eate, sans doute \u00e0 la fin du 1<sup>er<\/sup> trimestre 2025.<\/p>\n\n\n\n<figure class=\"wp-block-image size-large\"><img loading=\"lazy\" width=\"720\" height=\"720\" src=\"https:\/\/i2.wp.com\/batimedianews.com\/live\/wp-content\/uploads\/2024\/04\/06-panasonic-tillieres-1024x1024.jpg?resize=720%2C720&#038;ssl=1\" alt=\"\" class=\"wp-image-36839\" srcset=\"https:\/\/i1.wp.com\/batimedianews.com\/live\/wp-content\/uploads\/2024\/04\/06-panasonic-tillieres.jpg?resize=1024%2C1024 1024w, https:\/\/i1.wp.com\/batimedianews.com\/live\/wp-content\/uploads\/2024\/04\/06-panasonic-tillieres.jpg?resize=600%2C600 600w, https:\/\/i1.wp.com\/batimedianews.com\/live\/wp-content\/uploads\/2024\/04\/06-panasonic-tillieres.jpg?resize=300%2C300 300w, https:\/\/i1.wp.com\/batimedianews.com\/live\/wp-content\/uploads\/2024\/04\/06-panasonic-tillieres.jpg?resize=1536%2C1536 1536w, https:\/\/i1.wp.com\/batimedianews.com\/live\/wp-content\/uploads\/2024\/04\/06-panasonic-tillieres.jpg?resize=2048%2C2048 2048w, https:\/\/i1.wp.com\/batimedianews.com\/live\/wp-content\/uploads\/2024\/04\/06-panasonic-tillieres.jpg?resize=10%2C10 10w\" sizes=\"(max-width: 600px) 91vw, (max-width: 900px) 600px, (max-width: 1060px) 50vw, (max-width: 1200px) 520px, (max-width: 1400px) 43vw, 600px\" data-recalc-dims=\"1\" \/><\/figure>\n\n\n\n<p>Cette \u00e9quipe Panasonic, tr\u00e8s masculine, a la charge du lancement des nouvelles pompes \u00e0 chaleur Big Aquarea T-CAP S\u00e9rie M, de droite \u00e0 gauche\u00a0: Thierry Ronat, Country Manager Panasonic France, Vincent Heydecker, Deputy General Manager des usines italiennes fran\u00e7aises et celle de TECNAIR, Beno\u00eet Lecornu, Marketing Manager Panasonic France, Andrea Cetrone, Managing Director PHVACFR\/IT and TECNAIR et Boris Arnaud, Deputy General Manager PHVACFR\/IT and TECNAIR. Doc. Panasonic<\/p>\n","protected":false},"excerpt":{"rendered":"<p>L\u2019usine de Tilli\u00e8res-sur-Avre est n\u00e9e en 1967. Elle a appartenu \u00e0 Airwell, puis \u00e0 Systemair et d\u00e9sormais \u00e0 Panasonic qui est en train de la r\u00e9\u00e9quiper pour fabriquer une nouvelle gamme de pompes \u00e0 chaleur air\/eau domestique au R290. Panasonic fabrique des pompes \u00e0 chaleur en France. Le 17 novembre 2022, Panasonic annon\u00e7ait l\u2019acquisition de [&hellip;]<\/p>\n","protected":false},"author":352,"featured_media":36840,"comment_status":"open","ping_status":"open","sticky":true,"template":"","format":"standard","meta":{"spay_email":""},"categories":[99],"tags":[],"jetpack_featured_media_url":"https:\/\/i2.wp.com\/batimedianews.com\/live\/wp-content\/uploads\/2024\/04\/panasonic-image--scaled.jpeg?fit=2560%2C1280","jetpack_sharing_enabled":true,"jetpack_likes_enabled":true,"jetpack-related-posts":[{"id":38348,"url":"http:\/\/batimedianews.com\/live\/index.php\/2024\/07\/10\/nouveau-catalogue-panasonic-une-gamme-elargie-de-solutions-pour-repondre-a-tous-les-besoins-en-chauffage-climatisation-et-ventilation\/","url_meta":{"origin":36832,"position":0},"title":"Nouveau catalogue Panasonic &#8211; Une gamme \u00e9largie de solutions pour r\u00e9pondre \u00e0 tous les besoins en chauffage, climatisation et ventilation","date":"10 juillet 2024","format":false,"excerpt":"\u00a0Gennevilliers \u2013 Panasonic Heating & Cooling Solutions annonce la publication de son nouveau catalogue pour les applications r\u00e9sidentielles et tertiaires.\u00a0 \u00a0Publi\u00e9 tous les ans, le catalogue g\u00e9n\u00e9ral de Panasonic Heating & Cooling Solutions rassemble l\u2019int\u00e9gralit\u00e9 des solutions de la marque. Il est l\u2019occasion de valoriser les nombreux atouts de Panasonic\u2026","rel":"","context":"Dans &quot;Actualit\u00e9 Entreprises&quot;","img":{"alt_text":"","src":"https:\/\/i0.wp.com\/batimedianews.com\/live\/wp-content\/uploads\/2024\/06\/Panasonic.jpg?fit=825%2C825&resize=350%2C200","width":350,"height":200},"classes":[]},{"id":34491,"url":"http:\/\/batimedianews.com\/live\/index.php\/2024\/01\/23\/panasonic-rejoint-lafpac\/","url_meta":{"origin":36832,"position":1},"title":"Panasonic rejoint l\u2019AFPAC","date":"23 janvier 2024","format":false,"excerpt":"Gennevilliers \u2013 Panasonic Heating & Cooling Solutions France poursuit ses actions en faveur de la fili\u00e8re PAC en France et rejoint l\u2019AFPAC, l\u2019Association Fran\u00e7aise des Pompes \u00e0 Chaleur.\u00a0 Depuis plus de 10 ans, Panasonic heating & cooling solutions France s\u2019impose comme un des acteurs majeurs du march\u00e9 de la pompe\u2026","rel":"","context":"Dans &quot;Actualit\u00e9 Entreprises&quot;","img":{"alt_text":"","src":"https:\/\/i1.wp.com\/batimedianews.com\/live\/wp-content\/uploads\/2024\/01\/Panasonic.jpg?fit=825%2C825&resize=350%2C200","width":350,"height":200},"classes":[]},{"id":26984,"url":"http:\/\/batimedianews.com\/live\/index.php\/2023\/03\/14\/le-refrigerant-naturel-r290-domine-a-ish-2023\/","url_meta":{"origin":36832,"position":2},"title":"Le r\u00e9frig\u00e9rant naturel R290 domine \u00e0 ISH 2023","date":"14 mars 2023","format":false,"excerpt":"Surprise, m\u00eame les fabricants asiatiques embrassent le propane R290 comme fluide pour leurs pompes \u00e0 chaleur, depuis les machines domestiques jusqu\u2019aux groupes froids r\u00e9versible de plus de 1 MW. Pascal Poggi pour Batim\u00e9dia L\u2019allemand Skadec ne produit que des groupes froid seul et r\u00e9versibles fonctionnant \u00e0 l\u2019aide de fluides naturels,\u2026","rel":"","context":"Dans &quot;Articles et analyses&quot;","img":{"alt_text":"","src":"https:\/\/i0.wp.com\/batimedianews.com\/live\/wp-content\/uploads\/2023\/03\/ish2.jpeg?fit=1200%2C1200&resize=350%2C200","width":350,"height":200},"classes":[]},{"id":37335,"url":"http:\/\/batimedianews.com\/live\/index.php\/2024\/05\/16\/panasonic-faconne-lavenir-avec-ses-partenariats-ecole-entreprise\/","url_meta":{"origin":36832,"position":3},"title":"Panasonic fa\u00e7onne l\u2019avenir avec ses partenariats \u00e9cole-entreprise !","date":"16 mai 2024","format":false,"excerpt":"Gennevilliers \u2013 Panasonic heating & cooling solutions annonce la signature de nouvelles conventions \u00e9cole-entreprise portant la liste \u00e0 pas moins de 14 \u00e9tablissements partenaires r\u00e9partis sur toute la France enti\u00e8re.\u00a0 En avril 2023, Panasonic heating & cooling solution initiait un projet de convention visant \u00e0 instaurer un partenariat avec un\u2026","rel":"","context":"Dans &quot;Actualit\u00e9 Entreprises&quot;","img":{"alt_text":"","src":"https:\/\/i0.wp.com\/batimedianews.com\/live\/wp-content\/uploads\/2024\/05\/Panasonic.jpg?fit=825%2C825&resize=350%2C200","width":350,"height":200},"classes":[]},{"id":30046,"url":"http:\/\/batimedianews.com\/live\/index.php\/2023\/07\/07\/panasonic-renforce-ses-capacites-de-production-de-pompes-a-chaleur-en-europe-avec-la-fabrication-dunites-interieures-et-exterieures-aquarea-generation-l-au-r290-en-republique-tcheque\/","url_meta":{"origin":36832,"position":4},"title":"Panasonic renforce ses capacit\u00e9s de production de pompes \u00e0 chaleur en Europe avec la fabrication d&rsquo;unit\u00e9s int\u00e9rieures et ext\u00e9rieures Aquarea G\u00e9n\u00e9ration L au R290 en R\u00e9publique tch\u00e8que","date":"7 juillet 2023","format":false,"excerpt":"\u00a0Gennevilliers \u2013 Panasonic heating & cooling solutions annonce un tournant majeur dans la production de ses unit\u00e9s Aquarea G\u00e9n\u00e9ration L \u2013 une nouvelle gamme de pompes \u00e0 chaleur utilisant le r\u00e9frig\u00e9rant naturel R290 \u2013 d\u00e9sormais enti\u00e8rement produites en Europe. Cette d\u00e9cision vient renforcer l'engagement de Panasonic en faveur du d\u00e9veloppement\u2026","rel":"","context":"Dans &quot;Actualit\u00e9 Entreprises&quot;","img":{"alt_text":"","src":"https:\/\/i0.wp.com\/batimedianews.com\/live\/wp-content\/uploads\/2023\/07\/Panasonic-article.jpg?fit=1080%2C1080&resize=350%2C200","width":350,"height":200},"classes":[]},{"id":37150,"url":"http:\/\/batimedianews.com\/live\/index.php\/2024\/05\/03\/applications-tertiaires-panasonic-presente-ses-nouveautes-2024\/","url_meta":{"origin":36832,"position":5},"title":"Applications tertiaires : Panasonic pr\u00e9sente ses nouveaut\u00e9s 2024","date":"3 mai 2024","format":false,"excerpt":"\u2022Nouveau gainable haute pression\u2022Nouvelle ventilation \u00e0 r\u00e9cup\u00e9ration d'\u00e9nergie \u00e0 d\u00e9tente directe\u2022Nouveaux kits de raccordement CTA (centrale de traitement d'air)\u2022Nouvelle unit\u00e9 transcritique 20 CV pour la r\u00e9frig\u00e9ration Big PACi NX et gainable haute pression\u00a0 Panasonic a \u00e9largi sa gamme PACi NX avec le lancement des unit\u00e9s Big PACi NX, d\u00e9sormais disponibles\u2026","rel":"","context":"Dans &quot;Pompe \u00e0 chaleur&quot;","img":{"alt_text":"","src":"https:\/\/i0.wp.com\/batimedianews.com\/live\/wp-content\/uploads\/2024\/04\/Panasonic.jpg?fit=825%2C825&resize=350%2C200","width":350,"height":200},"classes":[]}],"_links":{"self":[{"href":"http:\/\/batimedianews.com\/live\/index.php\/wp-json\/wp\/v2\/posts\/36832"}],"collection":[{"href":"http:\/\/batimedianews.com\/live\/index.php\/wp-json\/wp\/v2\/posts"}],"about":[{"href":"http:\/\/batimedianews.com\/live\/index.php\/wp-json\/wp\/v2\/types\/post"}],"author":[{"embeddable":true,"href":"http:\/\/batimedianews.com\/live\/index.php\/wp-json\/wp\/v2\/users\/352"}],"replies":[{"embeddable":true,"href":"http:\/\/batimedianews.com\/live\/index.php\/wp-json\/wp\/v2\/comments?post=36832"}],"version-history":[{"count":1,"href":"http:\/\/batimedianews.com\/live\/index.php\/wp-json\/wp\/v2\/posts\/36832\/revisions"}],"predecessor-version":[{"id":36841,"href":"http:\/\/batimedianews.com\/live\/index.php\/wp-json\/wp\/v2\/posts\/36832\/revisions\/36841"}],"wp:featuredmedia":[{"embeddable":true,"href":"http:\/\/batimedianews.com\/live\/index.php\/wp-json\/wp\/v2\/media\/36840"}],"wp:attachment":[{"href":"http:\/\/batimedianews.com\/live\/index.php\/wp-json\/wp\/v2\/media?parent=36832"}],"wp:term":[{"taxonomy":"category","embeddable":true,"href":"http:\/\/batimedianews.com\/live\/index.php\/wp-json\/wp\/v2\/categories?post=36832"},{"taxonomy":"post_tag","embeddable":true,"href":"http:\/\/batimedianews.com\/live\/index.php\/wp-json\/wp\/v2\/tags?post=36832"}],"curies":[{"name":"wp","href":"https:\/\/api.w.org\/{rel}","templated":true}]}}