{"id":37058,"date":"2024-04-29T11:56:01","date_gmt":"2024-04-29T09:56:01","guid":{"rendered":"http:\/\/batimedianews.com\/live\/?p=37058"},"modified":"2024-04-29T11:56:03","modified_gmt":"2024-04-29T09:56:03","slug":"equipbaie-metalexpo-une-integration-reussie-au-coeur-de-batimat","status":"publish","type":"post","link":"http:\/\/batimedianews.com\/live\/index.php\/2024\/04\/29\/equipbaie-metalexpo-une-integration-reussie-au-coeur-de-batimat\/","title":{"rendered":"EQUIPBAIE \u2013 METALEXPO : une int\u00e9gration r\u00e9ussie au c\u0153ur de b\u00e2timat"},"content":{"rendered":"\n<p><strong>EQUIPBAIE \u2013 METALEXPO s\u2019est impos\u00e9 au fil du temps comme un rendez-vous immanquable pour les fili\u00e8res de la menuiserie et de la m\u00e9tallerie. En choisissant d\u2019en faire un secteur phare de l\u2019\u00e9dition 2024 de BATIMAT les organisateurs, soutenus par les organisations professionnelles partenaires, ont r\u00e9ussi leur pari de mobiliser les exposants puisqu\u2019ils sont 311 \u00e0 \u00eatre inscrits et pr\u00eats \u00e0 accueillir les visiteurs dans les Pavillons 4, 5 et 6 du 30 septembre au 3 octobre \u00e0 Paris-Porte de Versailles.&nbsp;<\/strong><\/p>\n\n\n\n<p class=\"has-text-color\" style=\"color:#818587\"><strong>Carton plein pour EQUIPBAIE &#8211; METALEXPO&nbsp;<\/strong><\/p>\n\n\n\n<p>A 5 mois de l\u2019ouverture de <strong>BATIMAT<\/strong>, l\u2019int\u00e9gralit\u00e9 des 44 000 m2 disponibles sur les Pavillons 4, 5 et 6 d\u00e9di\u00e9s \u00e0 EQUIPBAIE \u2013 METALEXPO est d\u00e9j\u00e0 remplie ! Un v\u00e9ritable succ\u00e8s, rendu possible par la mobilisation des exposants et par celle des organisations professionnelles partenaires d\u2019EQUIPBAIE \u2013 METALEXPO (Groupement Actibaie, UFME, UMB \u2013 FFB, l\u2019Union des M\u00e9talliers et SNFA).&nbsp;<\/p>\n\n\n\n<p>Ce sont donc 311 exposants qui seront pr\u00e9sents dans 9 secteurs : Menuiserie, Fermeture, V\u00e9randas &amp; Pergolas, M\u00e9talexpo, Quincaillerie, Protection solaire, Produits verriers, Domotique &amp; syst\u00e8mes de contr\u00f4le, Machines &amp; outillages.&nbsp;<\/p>\n\n\n\n<p>Parmi eux, 143 nouveaux exposants sont inscrits et 168 sont de retour. Ce seront aussi 45 % d\u2019exposants internationaux pr\u00e9sents.&nbsp;<\/p>\n\n\n\n<p>Les exposants b\u00e9n\u00e9ficieront ainsi d\u2019un visitorat \u00e9largi \u00e0 une cible de professionnels incluant les prescripteurs (ing\u00e9nieurs, architectes\u2026) gr\u00e2ce \u00e0 cette pr\u00e9sence au coeur de <strong>BATIMAT<\/strong>.&nbsp;<\/p>\n\n\n\n<p class=\"has-text-color\" style=\"color:#818587\"><strong>Un contenu riche pour r\u00e9pondre aux enjeux de la fili\u00e8re<sup>1<\/sup>&nbsp;<\/strong><\/p>\n\n\n\n<p>Si les exposants sont autant mobilis\u00e9s, c\u2019est que le secteur de la menuiserie et de la fermeture est au coeur des enjeux de la construction et notamment ceux li\u00e9s \u00e0 l\u2019environnement et \u00e0 la r\u00e9novation. Cette derni\u00e8re reste en effet un levier important de d\u00e9veloppement des entreprises et de leur chiffre d\u2019affaires.&nbsp;<\/p>\n\n\n\n<p>Aussi, au-del\u00e0 des offres de solutions pr\u00e9sent\u00e9es par les exposants, EQUIPBAIE \u2013 METALEXPO proposera \u00e9galement d\u2019\u00e9clairer la connaissance de tous les acteurs au travers d\u2019un contenu abordant tous les sujets essentiels pour faire face aux d\u00e9fis du march\u00e9.&nbsp;<\/p>\n\n\n\n<p class=\"has-small-font-size\"><sup>1<\/sup> Programme en cours d\u2019\u00e9laboration, sous r\u00e9serve de modifications&nbsp;<\/p>\n\n\n\n<ul><li>Prendre en compte l\u2019ensemble des param\u00e8tres pour une r\u00e9novation r\u00e9ussie&nbsp;<\/li><\/ul>\n\n\n\n<p>Si le confort d\u2019hiver et la r\u00e9novation des passoires thermiques est un enjeu, le confort d\u2019\u00e9t\u00e9 est aussi un \u00e9l\u00e9ment essentiel pour r\u00e9pondre aux \u00e9pisodes caniculaires qui s\u2019\u00e9tendent aussi bien g\u00e9ographiquement que dans la dur\u00e9e. D\u00e8s 2024, les d\u00e9penses li\u00e9es au confort d\u2019\u00e9t\u00e9 et \u00e0 la r\u00e9novation des \u00ab bouilloires thermiques \u00bb sont d\u2019ailleurs prises en compte dans le cadre de MaPrimeRenov\u2019 (volets, stores\u2026).&nbsp;<\/p>\n\n\n\n<p><strong>Ces sujets seront largement abord\u00e9s lors des conf\u00e9rences et prises de parole qui se tiennent sur l\u2019Agora 5.2 <\/strong>:&nbsp;<\/p>\n\n\n\n<ul><li>Lundi 30 septembre | 16h30 \u2013 17h00 : <strong>Atelier P\u00f4le Fen\u00eatre <\/strong>\u00ab Les bonnes pratiques de mise en oeuvre des stores \u00bb&nbsp;<\/li><li>Mercredi 2 octobre | 10h30 \u2013 11h15 : <strong>Architalks <\/strong>\u00ab Confort d\u2019\u00e9t\u00e9 \u00bb, anim\u00e9 par Construction 21&nbsp;<\/li><li>Mercredi 2 octobre | 15h30 \u2013 16h00 : <strong>Atelier P\u00f4le Fen\u00eatre <\/strong>\u00ab L\u2019apport des protections solaires sur le confort thermique des b\u00e2timents r\u00e9nov\u00e9s \u00bb (Groupement Actibaie)&nbsp;<\/li><li>Mercredi 2 octobre | 16h00 \u2013 16h30 : <strong>Atelier P\u00f4le Fen\u00eatre <\/strong>\u00ab Les b\u00e9n\u00e9fices fen\u00eatres\u00bb&nbsp;<\/li><li>Toute la semaine | 14h \u2013 14h30 et 14h40 \u2013 15h10 : <strong>Masterclass RENODAYS by Equipbaie&nbsp;<\/strong><\/li><\/ul>\n\n\n\n<ul><li><strong>Les initiatives pour une construction plus vertueuse&nbsp;<\/strong><\/li><\/ul>\n\n\n\n<p>La fili\u00e8re se trouve challeng\u00e9e par de nouvelles r\u00e9glementations. C\u2019est le cas par exemple avec la REP des PMCB (Responsabilit\u00e9 \u00c9largie du Producteur pour les Produits et mat\u00e9riaux de construction du secteur du b\u00e2timent). Une nouvelle adaptation de la REP est annonc\u00e9e pour 2025 pour les Emballages Industriels et Commerciaux qui devrait permettre le recyclage des emballages des menuiseries et ainsi favoriser l\u2019\u00e9conomie circulaire en r\u00e9duisant les d\u00e9chets. Mais la question se pose plus largement sur la mani\u00e8re de rendre la construction plus vertueuse et de r\u00e9duire les \u00e9missions d\u2019empreinte carbone, et dans ce cadre, la menuiserie a un r\u00f4le \u00e0 jouer.&nbsp;<\/p>\n\n\n\n<ul><li><strong>Des prises de parole sont pr\u00e9vues sur ces diff\u00e9rents sujets sur l\u2019Agora 5.2 <\/strong>:&nbsp;<\/li><\/ul>\n\n\n\n<ul><li>Lundi 30 septembre | 10h30 \u2013 11h15 : <strong>Architalks <\/strong>\u00ab Enjeux de la requalification architecturale des b\u00e2timents \u00bb, anim\u00e9 par l\u2019UNSFA&nbsp;<\/li><li>Mardi 1er octobre | 10h30 \u2013 11h15 : <strong>Architalks <\/strong>\u00ab Construire non-standard pour une standardisation vertueuse \u00bb, anim\u00e9 par A\u2019A\u2019&nbsp;<\/li><li>Jeudi 3 octobre | 10h30 \u2013 11h15 : <strong>Architalks <\/strong>\u00ab Transformer les bureaux en logements : conditions et impacts ? L&rsquo;existant est-il un avantage ? \u00bb, anim\u00e9 par A\u2019A\u2019&nbsp;<\/li><li>Jeudi 3 octobre | 15h30 \u2013 16h00 : <strong>Atelier P\u00f4le Fen\u00eatre <\/strong>\u00ab DE-baie : comprendre le fonctionnement du configurateur des FDES des produits de la baie \u00bb (APSIVI)&nbsp;<\/li><\/ul>\n\n\n\n<ul><li><strong>Le recrutement, un sujet phare pour r\u00e9pondre \u00e0 la p\u00e9nurie de main d\u2019oeuvre&nbsp;<\/strong><\/li><\/ul>\n\n\n\n<p>Les m\u00e9tiers du b\u00e2timent sont en tension. Il manquerait actuellement 300 000 emplois pour r\u00e9pondre \u00e0 l\u2019ensemble des besoins de tous les secteurs de la fili\u00e8re. Parmi eux, 200 000 concernent la r\u00e9novation \u00e9nerg\u00e9tique. En 2023, 30 % des entreprises du b\u00e2timent ont souhait\u00e9 recruter mais seule la moiti\u00e9 y est parvenue. L\u2019attractivit\u00e9 des m\u00e9tiers de la construction est au coeur de cette probl\u00e9matique qui sera largement abord\u00e9e sur EQUIPBAIE \u2013 METALEXPO.&nbsp;<\/p>\n\n\n\n<p>De nombreux temps forts autour de ce th\u00e8me sont \u00e0 retrouver, notamment sur les stands du P\u00f4le Fen\u00eatre et de l\u2019Union des M\u00e9talliers (\u00e0 retrouver en pages 3 et 4).&nbsp;<\/p>\n\n\n\n<ul><li><strong>L\u2019innovation en vedette&nbsp;<\/strong><\/li><\/ul>\n\n\n\n<p>Les nouveaut\u00e9s des industriels et leurs innovations sont \u00e9videmment mises en lumi\u00e8re sur les stands des exposants mais aussi \u00e0 travers les <strong>Awards de l\u2019Innovation<\/strong>. Une cat\u00e9gorie Menuiserie &amp; Fa\u00e7ades est ouverte dans laquelle l\u2019ensemble des exposants inscrits peuvent candidater jusqu\u2019au 10 mai 2024.&nbsp;<\/p>\n\n\n\n<p>Les laur\u00e9ats seront d\u00e9voil\u00e9s lors d\u2019un \u00ab <strong>Press Dating <\/strong>\u00bb <strong>organis\u00e9 \u00e0 Paris, d\u00e9but juillet<\/strong>.&nbsp;<\/p>\n\n\n\n<p>La <strong>remise officielle des prix aura lieu sur le salon le 30 septembre<\/strong>. Tout au long de l\u2019\u00e9v\u00e9nement, les visiteurs auront l\u2019occasion de d\u00e9couvrir les innovations li\u00e9es \u00e0 la menuiserie \u00e0 l\u2019entr\u00e9e du salon <strong>BATIMAT <\/strong>\u00e0 travers des pitchs vid\u00e9os et des descriptifs complets, disponibles sur des \u00e9crans interactifs. Ils pourront \u00e9galement voter pour leur solution pr\u00e9f\u00e9r\u00e9e, en participant au vote du public, tous les jours \u00e0 12h et 17h.&nbsp;<\/p>\n\n\n\n<p class=\"has-text-color\" style=\"color:#818587\"><strong>Des partenaires mobilis\u00e9s&nbsp;<\/strong><\/p>\n\n\n\n<p>Tr\u00e8s impliqu\u00e9es dans la r\u00e9ussite d\u2019 EQUIPBAIE \u2013 METALEXPO, les organisations partenaires ont su mobiliser leurs adh\u00e9rents pour faire de cette \u00e9dition une pleine r\u00e9ussite. Elles ont aussi travaill\u00e9 autour d\u2019un contenu pertinent et coh\u00e9rent pour aborder l\u2019ensemble des probl\u00e9matiques de la fili\u00e8re.&nbsp;<\/p>\n\n\n\n<ul><li><strong>Stand du P\u00f4le Fen\u00eatre (Pavillon 6)&nbsp;<\/strong><ul><li>Un <strong>d\u00e9monstrateur immersif d\u2019\u00e9quipements <\/strong>du confort d\u2019\u00e9t\u00e9 pr\u00e9par\u00e9 par l\u2019\u00e9cole UPEC de Cr\u00e9teil. 16 \u00e9l\u00e8ves d\u2019une classe licence travaillent sur des propositions de maquettes avec un focus sur l\u2019\u00e9quipement du confort d\u2019\u00e9t\u00e9 dans une maison individuelle, qui d\u00e9montrera l\u2019effet du soleil. 1 maquette sera retenue pour conception et pr\u00e9sentation sur le salon.&nbsp;<\/li><li>De nombreux temps d\u2019\u00e9changes conviviaux.&nbsp;<\/li><li><strong>Et sur l\u2019Agora 5.2&nbsp;<\/strong><\/li><\/ul><\/li><\/ul>\n\n\n\n<ul><li>Lundi 30 septembre | 16h30 \u2013 16h30 : \u00ab La motorisation des portes et portails : comment faire des produits s\u00fbrs et conformes \u00bb anim\u00e9 par le Groupement Actibaie.&nbsp;<\/li><li>Jeudi 3 octobre | 16h00 \u2013 16h30 : \u00ab Etude march\u00e9 de la fen\u00eatre 2023 \u00bb.&nbsp;<\/li><\/ul>\n\n\n\n<p class=\"has-text-color\" style=\"color:#5292ad\">\u00ab <em>Le Groupement Actibaie milite activement depuis plusieurs ann\u00e9es pour que la question de l\u2019adaptation des b\u00e2timents au r\u00e9chauffement climatique soit enfin \u00e0 l\u2019ordre du jour des d\u00e9cideurs ! Le salon EQUIPBAIE sera de ce point de vue une formidable caisse de r\u00e9sonnance pour faire valoir nos arguments et promouvoir nos solutions face \u00e0 cette question soci\u00e9tale majeure. Nous donnons donc rendez-vous aux visiteurs sur le stand du P\u00f4le Fen\u00eatre pour d\u00e9couvrir notre d\u00e9monstrateur qui, je l\u2019esp\u00e8re, saura convaincre de l\u2019importance de mettre ce sujet au coeur des politiques publiques sur la r\u00e9novation des b\u00e2timents ! <\/em>\u00bb &#8211; <strong>Philippe Seas, Pr\u00e9sident Groupement Actibaie&nbsp;<\/strong><\/p>\n\n\n\n<p class=\"has-text-color\" style=\"color:#5fa0bc\"><em>\u00ab Le salon EQUIPBAIE, isol\u00e9 jusque-l\u00e0, souffrait d\u2019un manque \u00e9vident de visiteurs professionnels, ceux qui ach\u00e8tent leurs fen\u00eatres \u00e0 des fabricants pour les mettre en oeuvre sur leurs chantiers. En effet, nous avons constat\u00e9 que ces entrepreneurs de travaux se d\u00e9placent sur BATIMAT mais pas forc\u00e9ment sur EQUIPBAIE si ce salon est isol\u00e9. La raison est simple : ils profitent de ce d\u00e9placement, non seulement pour rencontrer leurs fournisseurs de fen\u00eatres, mais aussi leurs autres fournisseurs : outilleurs, n\u00e9goces de bois, fabricants de peintures\u2026 L\u2019Union des M\u00e9tiers du Bois de la FFB est convaincue que le fait qu\u2019EQUIPBAIE rejoigne BATIMAT augmentera consid\u00e9rablement ce visitorat d\u2019entrepreneurs de travaux en menuiserie du b\u00e2timent. Et si le visitorat est l\u00e0, alors les exposants r\u00e9pondront pr\u00e9sents. L\u2019UMB-FFB dont la mission premi\u00e8re est de d\u00e9fendre les int\u00e9r\u00eats des entreprises de travaux en menuiserie du b\u00e2timent r\u00e9pondra donc pr\u00e9sent de fa\u00e7on enthousiaste \u00e0 cet \u00e9v\u00e9nement majeur de la fili\u00e8re ! \u00bb &#8211; <\/em><strong><em>Christophe Bieber, repr\u00e9sentant au P\u00f4le Fen\u00eatre FFB de l\u2019Union des M\u00e9tiers du Bois de la FFB&nbsp;<\/em><\/strong><\/p>\n\n\n\n<p class=\"has-text-color\" style=\"color:#5fa0bc\"><em>\u00ab L\u2019int\u00e9gration d\u2019EQUIPBAIE dans BATIMAT signe le commencement d\u2019une nouvelle \u00e8re. Les acteurs de la menuiserie sont au rendez-vous avec un taux de r\u00e9servation qui d\u00e9passe le 100%. Ils se sont mobilis\u00e9s tr\u00e8s fortement pour faire de ce salon dans sa nouvelle formule un succ\u00e8s collectif. Nous y serons nombreux et pr\u00eats \u00e0 accueillir les visiteurs pour partager notre m\u00e9tier passion. \u00bb &#8211; <\/em><strong><em>Bruno L\u00e9ger, Pr\u00e9sident du SNFA&nbsp;<\/em><\/strong><\/p>\n\n\n\n<p class=\"has-text-color\" style=\"color:#5fa0bc\"><em>\u00ab Le mariage d\u2019EQUIPBAIE avec Le Mondial du B\u00e2timent est riche de promesses pour les professionnels de la menuiserie que nous repr\u00e9sentons et reste l\u2019\u00e9v\u00e9nement immanquable pour notre fili\u00e8re. Cette ann\u00e9e et les prochaines ann\u00e9es sont porteuses d\u2019inqui\u00e9tudes, il est indispensable de pouvoir se retrouver pour \u00e9changer et partager nos exp\u00e9riences. L\u2019UFME dont la mission premi\u00e8re est de valoriser la fili\u00e8re fran\u00e7aise Portes et Fen\u00eatres sera au rendez-vous pour \u00eatre aux c\u00f4t\u00e9s de ses adh\u00e9rents mais aussi des professionnels, prescripteurs, installateurs afin de les accompagner dans leur quotidien. Rendez-vous \u00e0 EQUIPBAIE 2024 ! \u00bb &#8211; <\/em><strong><em>Bruno Cadudal, Pr\u00e9sident UFME&nbsp;<\/em><\/strong><\/p>\n\n\n\n<ul><li><strong>Stand de l\u2019Union des M\u00e9talliers (Pavillon 6)&nbsp;<\/strong><ul><li><strong>Concours M\u00e9tal\u2019jeunes <\/strong>avec l\u2019exposition des 9 laur\u00e9ats de l\u2019\u00e9dition 2023 sur la th\u00e9matique \u00ab Les r\u00e9volutions spatiales \u00bb pour lesquels les visiteurs peuvent voter. Le prix du public sera remis le mercredi en fin de journ\u00e9e.&nbsp;<\/li><li><strong>Comp\u00e9tition des WorldSkills <\/strong>avec la pr\u00e9sence de l\u2019\u00e9quipe de la comp\u00e9tition tout au long du salon sur un corner d\u00e9di\u00e9. Une rencontre avec le champion de France de m\u00e9tallerie, Julien Abillard est aussi au programme.&nbsp;<\/li><li>Remise des dipl\u00f4mes 2024 des CQP de l\u2019Union des M\u00e9talliers (CQP Conducteur de travaux en m\u00e9tallerie ; CQP Concepteur dessinateur en m\u00e9tallerie ; CQP Chef d\u2019atelier en m\u00e9tallerie)&nbsp;<\/li><li><strong>Et sur l\u2019Agora 5.2&nbsp;<\/strong><\/li><li>Lundi 30 septembre | 15h30 \u2013 16h00 : <strong>Atelier <\/strong>\u00ab Les nouvelles r\u00e8gles de conception des garde-corps : NF P01-012-2024 \u00bb&nbsp;<\/li><\/ul><\/li><\/ul>\n\n\n\n<p class=\"has-text-color\" style=\"color:#5fa0bc\">\u00ab <em>Notre salon MetalExpo prend une nouvelle ampleur avec l\u2019int\u00e9gration au sein de Batimat. Nous attendons beaucoup des rencontres que nous pourrons faire avec les visiteurs, m\u00e9talliers et prescripteurs pour leur faire d\u00e9couvrir la richesse de notre m\u00e9tier et la passion des professionnels qui l\u2019animent. La jeunesse, l\u2019excellence et la promotion de notre m\u00e9tier seront les fils rouges de cette semaine qui s\u2019annonce captivante ! Nous vous y attendons nombreux ! <\/em>\u00bb &#8211; <strong>Christophe Bonhomme, Pr\u00e9sident de l\u2019Union des M\u00e9talliers.&nbsp;<\/strong><\/p>\n\n\n\n<p class=\"has-small-font-size\"><strong>\u00c0 propos de RX&nbsp;<\/strong><\/p>\n\n\n\n<p class=\"has-small-font-size\">RX est un leader mondial d&rsquo;\u00e9v\u00e9nements et de salons. RX s&rsquo;appuie sur son expertise sectorielle, les donn\u00e9es et la technologie pour le d\u00e9veloppement des entreprises, des collectivit\u00e9s et des individus. Pr\u00e9sent dans 25 pays et sur 42 secteurs d\u2019activit\u00e9, RX organise pr\u00e8s de 350 \u00e9v\u00e9nements par an. RX s&rsquo;engage \u00e0 cr\u00e9er un environnement de travail inclusif pour tous ses collaborateurs et collaboratrices. RX permet aux entreprises de se d\u00e9velopper gr\u00e2ce \u00e0 la donn\u00e9e et aux solutions num\u00e9riques. RX fait partie de RELX, un fournisseur mondial de donn\u00e9es, d&rsquo;outils d&rsquo;analyses et de d\u00e9cisions pour les professionnels et les entreprises.&nbsp;<\/p>\n\n\n\n<p class=\"has-small-font-size\">RX France est cr\u00e9ateur de places de rencontres \u00e0 forte valeur ajout\u00e9e, leaders sur une quinzaine de march\u00e9s diff\u00e9rents. Parmi les salons embl\u00e9matiques de RX France et incontournables sur le plan national et international, figurent MIPIM, MAPIC, Batimat, Pollutec, EquipHotel, SITL, IFTM, Big Data &amp; AI Paris, MIPCOM, Paris Photo, Maison&amp;Objet* et bien d\u2019autres\u2026 Nos \u00e9v\u00e9nements se d\u00e9roulent en France, \u00e0 Hong Kong, en Italie et au Mexique.&nbsp;<\/p>\n\n\n\n<p style=\"font-size:11px\">*Organis\u00e9 par la SAFI, filiale de RX France et Ateliers d\u2019Art de France&nbsp;<\/p>\n\n\n\n<p class=\"has-small-font-size\"><strong>\u00c0 propos de RELX&nbsp;<\/strong><\/p>\n\n\n\n<p class=\"has-small-font-size\">RELX est un fournisseur mondial de donn\u00e9es, d&rsquo;outils d&rsquo;analyses et de d\u00e9cisions pour les professionnels et les entreprises. RELX est pr\u00e9sent dans plus de 180 pays et poss\u00e8de des bureaux dans une quarantaine de pays dans le monde. RELX emploie plus de 36 000 personnes, dont plus de 40 % en Am\u00e9rique du Nord. Les actions de RELX PLC, la soci\u00e9t\u00e9 m\u00e8re, sont n\u00e9goci\u00e9es sur les bourses de Londres, d&rsquo;Amsterdam et de New York sous les symboles suivants : Londres : REL ; Amsterdam : REN ; New York : RELX.&nbsp;<\/p>\n\n\n\n<p style=\"font-size:11px\">*Note : La capitalisation boursi\u00e8re actuelle peut \u00eatre consult\u00e9e \u00e0 l&rsquo;adresse suivante : http:\/\/www.relx.com\/investors&nbsp;<\/p>\n","protected":false},"excerpt":{"rendered":"<p>EQUIPBAIE \u2013 METALEXPO s\u2019est impos\u00e9 au fil du temps comme un rendez-vous immanquable pour les fili\u00e8res de la menuiserie et de la m\u00e9tallerie. En choisissant d\u2019en faire un secteur phare de l\u2019\u00e9dition 2024 de BATIMAT les organisateurs, soutenus par les organisations professionnelles partenaires, ont r\u00e9ussi leur pari de mobiliser les exposants puisqu\u2019ils sont 311 \u00e0 [&hellip;]<\/p>\n","protected":false},"author":41,"featured_media":37059,"comment_status":"open","ping_status":"open","sticky":true,"template":"","format":"standard","meta":{"spay_email":""},"categories":[5,84],"tags":[],"jetpack_featured_media_url":"https:\/\/i2.wp.com\/batimedianews.com\/live\/wp-content\/uploads\/2024\/04\/Le-Mondial-du-batiment.jpg?fit=1513%2C825","jetpack_sharing_enabled":true,"jetpack_likes_enabled":true,"jetpack-related-posts":[{"id":35397,"url":"http:\/\/batimedianews.com\/live\/index.php\/2024\/02\/20\/mondial-du-batiment-2024-le-succes-est-dores-et-deja-au-rendez-vous\/","url_meta":{"origin":37058,"position":0},"title":"Mondial Du B\u00e2timent 2024 &#8211; Le succ\u00e8s est d\u2019ores et d\u00e9j\u00e0 au rendez-vous","date":"20 f\u00e9vrier 2024","format":false,"excerpt":"Avec un taux de remplissage de pr\u00e8s 80 %, soit pr\u00e8s de 1 000 exposants d\u00e9j\u00e0 inscrits sur BATIMAT, ID\u00c9OBAIN et INTERCLIMA, l\u2019\u00e9dition 2024 s\u2019annonce comme un v\u00e9ritable succ\u00e8s \u00e0 8 mois de son ouverture (30 septembre au 3 octobre 2024 \u00e0 Paris Expo Porte de Versailles). Dans un contexte\u2026","rel":"","context":"Dans &quot;Actualit\u00e9s salons&quot;","img":{"alt_text":"","src":"https:\/\/i2.wp.com\/batimedianews.com\/live\/wp-content\/uploads\/2024\/02\/MondialduBatiment.jpg?fit=825%2C825&resize=350%2C200","width":350,"height":200},"classes":[]},{"id":34187,"url":"http:\/\/batimedianews.com\/live\/index.php\/2024\/01\/10\/mondial-du-batiment-2024-une-edition-enrichie-concue-pour-apprehender-les-mutations-en-cours\/","url_meta":{"origin":37058,"position":1},"title":"Mondial Du B\u00e2timent 2024 &#8211; Une \u00e9dition enrichie con\u00e7ue pour appr\u00e9hender les mutations en cours","date":"10 janvier 2024","format":false,"excerpt":"Apr\u00e8s une \u00e9dition 2022 r\u00e9invent\u00e9e et pleinement r\u00e9ussie, rassemblant plus de 110 000 visiteurs et 1 720 exposants, le Mondial du B\u00e2timent et les trois salons BATIMAT, INTERCLIMA et ID\u00c9OBAIN, reviennent du 30 septembre au 3 octobre 2024 \u00e0 Paris Expo Porte de Versailles. \u00c9v\u00e8nement de convergence de toutes les\u2026","rel":"","context":"Dans &quot;Actualit\u00e9s salons&quot;","img":{"alt_text":"","src":"https:\/\/i1.wp.com\/batimedianews.com\/live\/wp-content\/uploads\/2024\/01\/Le-Mondial-du-batiment.jpg?fit=825%2C825&resize=350%2C200","width":350,"height":200},"classes":[]},{"id":40730,"url":"http:\/\/batimedianews.com\/live\/index.php\/2024\/10\/15\/mondial-du-batiment-2024-une-mobilisation-sans-precedent-de-la-filiere\/","url_meta":{"origin":37058,"position":2},"title":"MONDIAL DU B\u00c2TIMENT 2024 : Une mobilisation sans pr\u00e9c\u00e9dent de la fili\u00e8re","date":"15 octobre 2024","format":false,"excerpt":"\u00a0Du 30 septembre au 3 octobre dernier, les professionnels du b\u00e2timent et de la construction se sont mobilis\u00e9s \u00e0 l\u2019occasion de l\u2019\u00e9dition 2024 du Mondial du B\u00e2timent organis\u00e9e \u00e0 Paris Expo Porte de Versailles. Pendant 4 jours, les salons BATIMAT, ID\u00c9OBAIN, INTERCLIMA et EQUIPBAIE\/METALEXPO, ont accueilli plus de 135 000\u2026","rel":"","context":"Dans &quot;Actualit\u00e9s salons&quot;","img":{"alt_text":"","src":"https:\/\/i0.wp.com\/batimedianews.com\/live\/wp-content\/uploads\/2024\/10\/MduB.jpg?fit=825%2C825&resize=350%2C200","width":350,"height":200},"classes":[]},{"id":38641,"url":"http:\/\/batimedianews.com\/live\/index.php\/2024\/07\/09\/veka-aluconnect-un-concept-de-menuiserie-aluminium-et-pvc-signe-veka-a-decouvrir-au-salon-equipbaie-metalexpo-by-batimat\/","url_meta":{"origin":37058,"position":3},"title":"VEKA AluConnect, un concept de menuiserie aluminium et PVC sign\u00e9 VEKA \u00e0 d\u00e9couvrir au Salon Equipbaie-MetalExpo by Batimat","date":"9 juillet 2024","format":false,"excerpt":"VEKA d\u00e9voilera pour la premi\u00e8re fois en France sur le salon Equipbaie du Mondial du B\u00e2timent 2024 (Hall 6 - stand E014), VEKA AluConnect, un concept in\u00e9dit de menuiserie alliant le meilleur de deux mat\u00e9riaux, l\u2019aluminium et le PVC. Un mariage heureux donc qui conjugue toute l\u2019\u00e9l\u00e9gance des fen\u00eatres aluminium\u2026","rel":"","context":"Dans &quot;Actualit\u00e9 Entreprises&quot;","img":{"alt_text":"","src":"https:\/\/i1.wp.com\/batimedianews.com\/live\/wp-content\/uploads\/2024\/07\/Veka-articles-.jpg?fit=825%2C825&resize=350%2C200","width":350,"height":200},"classes":[]},{"id":40961,"url":"http:\/\/batimedianews.com\/live\/index.php\/2024\/10\/30\/le-mondial-du-batiment-simpose-comme-le-rendez-vous-incontournable-des-professionnels-de-la-filiere\/","url_meta":{"origin":37058,"position":4},"title":"Le Mondial Du B\u00e2timent s\u2019impose comme le rendez-vous incontournable des professionnels de la fili\u00e8re","date":"30 octobre 2024","format":false,"excerpt":"Si le succ\u00e8s du Mondial du B\u00e2timent 2024 se concr\u00e9tise par une progression de 15% du nombre de ses visiteurs, pour atteindre 135 944 participants, force est de constater que l\u2019\u00e9v\u00e8nement a su une nouvelle fois attirer l\u2019ensemble des acteurs de la fili\u00e8re : mise en \u0153uvre, fabricants, distributeurs, ma\u00eetrise\u2026","rel":"","context":"Dans &quot;Actualit\u00e9s salons&quot;","img":{"alt_text":"","src":"https:\/\/i0.wp.com\/batimedianews.com\/live\/wp-content\/uploads\/2024\/10\/MduB-1.jpg?fit=825%2C825&resize=350%2C200","width":350,"height":200},"classes":[]},{"id":31481,"url":"http:\/\/batimedianews.com\/live\/index.php\/2023\/09\/20\/renodays-une-premiere-edition-sous-le-signe-du-succes\/","url_meta":{"origin":37058,"position":5},"title":"RENODAYS, une  premi\u00e8re \u00e9dition sous le signe  du succ\u00e8s  !","date":"20 septembre 2023","format":false,"excerpt":"\u00a0Pour sa premi\u00e8re \u00e9dition, RENODAYS a rempli tous ses objectifs ! V\u00e9ritable \u00e9v\u00e8nement pour le secteur du b\u00e2timent, de la construction et de l\u2019immobilier, le forum a su s\u00e9duire par la richesse de son contenu. Ce sont ainsi plus de 5 000 visiteurs qui sont venus rencontrer les 143 exposants\u2026","rel":"","context":"Dans &quot;Actualit\u00e9s salons&quot;","img":{"alt_text":"","src":"https:\/\/i0.wp.com\/batimedianews.com\/live\/wp-content\/uploads\/2023\/09\/Renodays-articles.jpg?fit=825%2C825&resize=350%2C200","width":350,"height":200},"classes":[]}],"_links":{"self":[{"href":"http:\/\/batimedianews.com\/live\/index.php\/wp-json\/wp\/v2\/posts\/37058"}],"collection":[{"href":"http:\/\/batimedianews.com\/live\/index.php\/wp-json\/wp\/v2\/posts"}],"about":[{"href":"http:\/\/batimedianews.com\/live\/index.php\/wp-json\/wp\/v2\/types\/post"}],"author":[{"embeddable":true,"href":"http:\/\/batimedianews.com\/live\/index.php\/wp-json\/wp\/v2\/users\/41"}],"replies":[{"embeddable":true,"href":"http:\/\/batimedianews.com\/live\/index.php\/wp-json\/wp\/v2\/comments?post=37058"}],"version-history":[{"count":2,"href":"http:\/\/batimedianews.com\/live\/index.php\/wp-json\/wp\/v2\/posts\/37058\/revisions"}],"predecessor-version":[{"id":37065,"href":"http:\/\/batimedianews.com\/live\/index.php\/wp-json\/wp\/v2\/posts\/37058\/revisions\/37065"}],"wp:featuredmedia":[{"embeddable":true,"href":"http:\/\/batimedianews.com\/live\/index.php\/wp-json\/wp\/v2\/media\/37059"}],"wp:attachment":[{"href":"http:\/\/batimedianews.com\/live\/index.php\/wp-json\/wp\/v2\/media?parent=37058"}],"wp:term":[{"taxonomy":"category","embeddable":true,"href":"http:\/\/batimedianews.com\/live\/index.php\/wp-json\/wp\/v2\/categories?post=37058"},{"taxonomy":"post_tag","embeddable":true,"href":"http:\/\/batimedianews.com\/live\/index.php\/wp-json\/wp\/v2\/tags?post=37058"}],"curies":[{"name":"wp","href":"https:\/\/api.w.org\/{rel}","templated":true}]}}