{"id":37235,"date":"2024-05-14T08:02:47","date_gmt":"2024-05-14T06:02:47","guid":{"rendered":"http:\/\/batimedianews.com\/live\/?p=37235"},"modified":"2024-05-14T08:02:49","modified_gmt":"2024-05-14T06:02:49","slug":"photovoltaique-le-groupe-volta-acquiert-le-specialiste-de-letancheite-top-toit-pour-developper-une-offre-toiture-a-360-sur-tout-le-territoire","status":"publish","type":"post","link":"http:\/\/batimedianews.com\/live\/index.php\/2024\/05\/14\/photovoltaique-le-groupe-volta-acquiert-le-specialiste-de-letancheite-top-toit-pour-developper-une-offre-toiture-a-360-sur-tout-le-territoire\/","title":{"rendered":"Photovolta\u00efque : le Groupe Volta acquiert le sp\u00e9cialiste de l\u2019\u00e9tanch\u00e9it\u00e9, Top Toit, pour d\u00e9velopper une offre toiture \u00e0 360\u00b0 sur tout le territoire"},"content":{"rendered":"\n<p><strong>Le Groupe fran\u00e7ais Volta, d\u00e9veloppeur et producteur ind\u00e9pendant d\u2019\u00e9nergies renouvelables et en particulier des toitures photovolta\u00efques, reprend le sp\u00e9cialiste de l\u2019\u00e9tanch\u00e9it\u00e9 des toitures, Top Toit, pour compl\u00e9ter son offre et devenir leader de son secteur en France.<\/strong><\/p>\n\n\n\n<p>Depuis 2014, le Groupe Volta finance, construit et exploite des installations de production d\u2019\u00e9nergies renouvelables en r\u00e9gion. Il intervient en particulier dans le domaine du photovolta\u00efque, avec une multi-expertise particuli\u00e8re sur les toitures, sur b\u00e2timents et serres, qui repr\u00e9sentent actuellement 500 projets en exploitation et 500 projets en d\u00e9veloppement. Acteur national avec un fort ancrage territorial, Volta poss\u00e8de plusieurs bureaux en r\u00e9gions, regroupant au total 75 % de ses collaborateurs.<\/p>\n\n\n\n<p>L\u2019acquisition de Top Toit vient renforcer son implantation territoriale dans l\u2019Ouest de la France. Bas\u00e9e en Aquitaine, issue du groupe PLEBAC, cette soci\u00e9t\u00e9 est, en effet, sp\u00e9cialiste de la maintenance, l&rsquo;entretien et les travaux de toitures terrasses. Particuli\u00e8rement active dans la r\u00e9gion de Bordeaux et ses alentours, Top Toit va d\u00e9sormais pouvoir se projeter sur le territoire national.<\/p>\n\n\n\n<p>Au-del\u00e0 de la compl\u00e9mentarit\u00e9 g\u00e9ographique des deux entit\u00e9s, ce rapprochement rev\u00eat un triple aspect strat\u00e9gique permettant au Groupe Volta comme \u00e0 Top Toit de d\u00e9gager des synergies industrielles :<\/p>\n\n\n\n<ul><li>\u2022 Commercialement, les offres des deux groupes se compl\u00e8tent : le Groupe Volta et sa filiale Top Toit vont mettre ainsi \u00e0 la disposition des propri\u00e9taires fonciers une solution compl\u00e8te \u00e0 360\u00b0, allant de l\u2019entretien de leur couverture \u00e0 l\u2019installation d\u2019une toiture photovolta\u00efque en passant par le financement de leurs projets de r\u00e9novation ou la mise en place de programmes d\u2019autoconsommation ;<\/li><li>\u2022 Op\u00e9rationnellement, l\u2019expertise conjugu\u00e9e des deux entreprises permettra d\u2019offrir aux partenaires bailleurs une parfaite s\u00e9curit\u00e9 technique sur le long terme, compl\u00e8te et ma\u00eetris\u00e9e sous tous ses aspects<\/li><li>\u2022 Financi\u00e8rement, l\u2019expertise et les capacit\u00e9s financi\u00e8res du Groupe Volta permettront de proposer aux clients Top Toit une solution de financement de leurs projets de r\u00e9novations au travers de la mise \u00e0 disposition de leur couverture afin d\u2019y installer une centrale photovolta\u00efque<\/li><\/ul>\n\n\n\n<p>Cette alliance strat\u00e9gique porte d\u2019ores et d\u00e9j\u00e0 ses fruits avec la mise en oeuvre des premiers projets conjoints.<\/p>\n\n\n\n<p><em>\u00a0\u00bb Les m\u00e9tiers li\u00e9s \u00e0 l\u2019entretien de la couverture des b\u00e2timents ont \u00e9volu\u00e9 : d\u2019une simple probl\u00e9matique fonctionnelle -r\u00e9nover une toiture, r\u00e9parer une fuite \u2026- nous sommes pass\u00e9s \u00e0 une dimension plurielle avec des aspects financiers (comment rentabiliser ma toiture ?), des sujets \u00e9nerg\u00e9tiques (comment produire mon \u00e9lectricit\u00e9 ?) en passant par des objectifs environnementaux (comment baisser mon empreinte carbone ?). Le rapprochement avec le Groupe Volta r\u00e9pond \u00e0 cette \u00e9volution et offre \u00e0 Top Toit l\u2019opportunit\u00e9 de soutenir son d\u00e9veloppement, tout en enrichissant son offre sur des m\u00e9tiers techniques et complexes. Ainsi, Top Toit franchit une nouvelle \u00e9tape dans sa longue histoire et s\u2019inscrit d\u00e9sormais r\u00e9solument dans son \u00e9poque \u00ab\u00a0,<\/em> commente J\u00e9r\u00f4me Cohade, dirigeant de la soci\u00e9t\u00e9 Top Toit.<\/p>\n\n\n\n<p><em>\u00ab Les projets photovolta\u00efques en toiture sont au coeur de notre strat\u00e9gie car ils r\u00e9pondent parfaitement \u00e0 l\u2019ADN du Groupe Volta : Contribuer \u00e0 des projets durables, porteurs de sens et au service des territoires. Le rapprochement avec Top Toit illustre notre volont\u00e9 de porter nos projets sur le long-terme et donc de disposer en interne de l\u2019ensemble des comp\u00e9tences n\u00e9cessaires pour proposer une offre int\u00e9gr\u00e9e et professionnelle qui couvre tous les aspects de la toiture \u00bb<\/em>, conclut Pierrick Morier, co-fondateur et Pr\u00e9sident du Groupe Volta.<\/p>\n\n\n\n<p><strong>A propos du Groupe Volta<\/strong><\/p>\n\n\n\n<p>Producteur ind\u00e9pendant d\u2019\u00e9nergies renouvelables, Volta est un acteur national avec un fort ancrage territorial. Volta et ses \u00e9quipes sont anim\u00e9s par un engagement sans faille en faveur du d\u00e9veloppement des \u00e9nergies renouvelable en r\u00e9gions. Proche des projets qu\u2019il accompagne gr\u00e2ce \u00e0 ses \u00e9quipes locales, le groupe a la conviction qu\u2019ils doivent \u00eatre porteurs de sens avec un impact \u00e9conomique et environnemental positif tangible. Les solutions de Volta sont respectueuses de l\u2019environnement dans lequel elles s\u2019inscrivent, dans un souci permanent de pr\u00e9server l\u2019existant pour le rendre utile en privil\u00e9giant notamment le photovolta\u00efque en toiture et le repowering.<\/p>\n","protected":false},"excerpt":{"rendered":"<p>Le Groupe fran\u00e7ais Volta, d\u00e9veloppeur et producteur ind\u00e9pendant d\u2019\u00e9nergies renouvelables et en particulier des toitures photovolta\u00efques, reprend le sp\u00e9cialiste de l\u2019\u00e9tanch\u00e9it\u00e9 des toitures, Top Toit, pour compl\u00e9ter son offre et devenir leader de son secteur en France. Depuis 2014, le Groupe Volta finance, construit et exploite des installations de production d\u2019\u00e9nergies renouvelables en r\u00e9gion. Il [&hellip;]<\/p>\n","protected":false},"author":41,"featured_media":37285,"comment_status":"open","ping_status":"open","sticky":true,"template":"","format":"standard","meta":{"spay_email":""},"categories":[4,2322,108,126],"tags":[],"jetpack_featured_media_url":"https:\/\/i1.wp.com\/batimedianews.com\/live\/wp-content\/uploads\/2024\/05\/Volta.jpg?fit=1513%2C825","jetpack_sharing_enabled":true,"jetpack_likes_enabled":true,"jetpack-related-posts":[{"id":28807,"url":"http:\/\/batimedianews.com\/live\/index.php\/2023\/05\/22\/photovoltaique-multiplication-des-offres-techniques-et-financieres\/","url_meta":{"origin":37235,"position":0},"title":"Photovolta\u00efque : multiplication des offres techniques et financi\u00e8res","date":"22 mai 2023","format":false,"excerpt":"Gr\u00e2ce \u00e0 l\u2019augmentation rapide du co\u00fbt de l\u2019\u00e9lectricit\u00e9, m\u00eame en tenant compte du bouclier tarifaire, la production photovolta\u00efque sur site et l\u2019autoconsommation deviennent rentables. Pascal Poggi pour batim\u00e9dia Production sur site, financement des installations, \u00e9valuation du gisement, solutions de stockage d\u2019\u00e9lectricit\u00e9 en batteries, \u2026 toutes les briques d\u2019une installation photovolta\u00efque\u2026","rel":"","context":"Dans &quot;Articles et analyses&quot;","img":{"alt_text":"","src":"https:\/\/i0.wp.com\/batimedianews.com\/live\/wp-content\/uploads\/2023\/05\/photo-image-.png?fit=1200%2C1200&resize=350%2C200","width":350,"height":200},"classes":[]},{"id":41398,"url":"http:\/\/batimedianews.com\/live\/index.php\/2024\/11\/12\/a-bordeaux-la-mairie-annexe-de-cauderan-concilie-preservation-du-patrimoine-et-energies-renouvelables-grace-aux-ardoises-solaires-max-dedilians\/","url_meta":{"origin":37235,"position":1},"title":"A Bordeaux, la mairie annexe de Caud\u00e9ran concilie pr\u00e9servation du patrimoine et \u00e9nergies renouvelables gr\u00e2ce aux ARDOISES SOLAIRES MAX d\u2019EDILIANS","date":"12 novembre 2024","format":false,"excerpt":"Pour r\u00e9ussir la transition \u00e9nerg\u00e9tique et r\u00e9pondre \u00e0 l\u2019urgence climatique, d\u00e9velopper les \u00e9nergies renouvelables, parmi lesquelles le solaire, est l\u2019une des priorit\u00e9s. Avec 2.100 heures d\u2019ensoleillement par an, la Ville de Bordeaux l\u2019a bien compris et donne l\u2019exemple, avec pour objectif d\u2019installer 60.000 m2 de panneaux photovolta\u00efques sur les sites\u2026","rel":"","context":"Dans &quot;Actualit\u00e9 Entreprises&quot;","img":{"alt_text":"","src":"https:\/\/i1.wp.com\/batimedianews.com\/live\/wp-content\/uploads\/2024\/11\/Edilians.jpg?fit=825%2C825&resize=350%2C200","width":350,"height":200},"classes":[]},{"id":40400,"url":"http:\/\/batimedianews.com\/live\/index.php\/2024\/10\/16\/des-solutions-de-montage-pour-panneaux-photovoltaiques-specifiquement-concues-pour-le-marche-francais\/","url_meta":{"origin":37235,"position":2},"title":"Des solutions de montage pour panneaux photovolta\u00efques, sp\u00e9cifiquement con\u00e7ues pour le march\u00e9 fran\u00e7ais","date":"16 octobre 2024","format":false,"excerpt":"Leader mondial des syst\u00e8mes de fixations r\u00e9pondant aux besoins des professionnels et des bricoleurs, fischer conforte sa position de r\u00e9f\u00e9rent du march\u00e9 des fixations en offrant \u00e0 ses clients une solution compl\u00e8te de fixation pour panneaux photovolta\u00efques : Solar Systems. La marque poursuit ainsi son d\u00e9veloppement sur un march\u00e9 en\u2026","rel":"","context":"Dans &quot;Actualit\u00e9 Entreprises&quot;","img":{"alt_text":"","src":"https:\/\/i0.wp.com\/batimedianews.com\/live\/wp-content\/uploads\/2024\/10\/fischer-articles-1-4.jpg?fit=825%2C825&resize=350%2C200","width":350,"height":200},"classes":[]},{"id":43476,"url":"http:\/\/batimedianews.com\/live\/index.php\/2025\/03\/12\/sur-be-positive-edilians-demontre-comment-ses-solutions-de-renovation-energetique-et-solaires-repondent-aux-besoins-dun-batiment-plus-durable\/","url_meta":{"origin":37235,"position":3},"title":"Sur BE POSITIVE, EDILIANS d\u00e9montre comment ses solutions de r\u00e9novation \u00e9nerg\u00e9tique et solaires r\u00e9pondent aux besoins d\u2019un b\u00e2timent plus durable","date":"12 mars 2025","format":false,"excerpt":"Avec plus de 500 000 installations photovolta\u00efques mises en services en 2024, le solaire constitue un levier essentiel de la transition \u00e9cologique et de la r\u00e9duction des \u00e9missions de CO2. Pourtant, le gouvernement envisage de r\u00e9duire les subventions, suscitant une vive inqui\u00e9tude de l\u2019ensemble de la fili\u00e8re. C\u2019est dans ce\u2026","rel":"","context":"Dans &quot;Actualit\u00e9 Entreprises&quot;","img":{"alt_text":"","src":"https:\/\/i0.wp.com\/batimedianews.com\/live\/wp-content\/uploads\/2025\/03\/Edilians.jpg?fit=825%2C825&resize=350%2C200","width":350,"height":200},"classes":[]},{"id":34480,"url":"http:\/\/batimedianews.com\/live\/index.php\/2024\/01\/23\/pour-aider-les-couvreurs-a-developper-leur-activite-et-conquerir-le-marche-du-photovoltaique-edilians-signe-un-partenariat-inedit-avec-april-construction\/","url_meta":{"origin":37235,"position":4},"title":"Pour aider les couvreurs \u00e0 d\u00e9velopper leur activit\u00e9 et conqu\u00e9rir le march\u00e9 du photovolta\u00efque,  EDILIANS signe un partenariat in\u00e9dit avec APRIL Construction","date":"23 janvier 2024","format":false,"excerpt":"Pour faire face \u00e0 l\u2019inflation et r\u00e9aliser des \u00e9conomies d\u2019\u00e9nergie sur leur facture d\u2019\u00e9lectricit\u00e9, les particuliers se tournent de plus en plus vers l\u2019\u00e9nergie solaire. Cet engouement devrait se traduire par de nouvelles installations photovolta\u00efques, jusqu\u2019\u00e0 207.000 par an d\u2019ici 2030 dans le r\u00e9sidentiel*.\u00a0 Disposant d\u2019une large gamme solaire photovolta\u00efque,\u2026","rel":"","context":"Dans &quot;Actualit\u00e9 Entreprises&quot;","img":{"alt_text":"","src":"https:\/\/i1.wp.com\/batimedianews.com\/live\/wp-content\/uploads\/2024\/01\/Edilians.jpg?fit=825%2C825&resize=350%2C200","width":350,"height":200},"classes":[]},{"id":41913,"url":"http:\/\/batimedianews.com\/live\/index.php\/2024\/12\/16\/iko-excel-solar-la-solution-photovoltaique-de-demain\/","url_meta":{"origin":37235,"position":5},"title":"IKO EXCEL\u00ae SOLAR, la solution photovolta\u00efque de demain","date":"16 d\u00e9cembre 2024","format":false,"excerpt":"\u00c9DITO \u00ab Chez IKO, nous croyons fermement que l\u2019innovation et la durabilit\u00e9 sont les piliers d\u2019un avenir responsable. Depuis toujours, notre mission est de prot\u00e9ger les b\u00e2timents tout en r\u00e9pondant aux d\u00e9fis de demain. Aujourd\u2019hui, gr\u00e2ce \u00e0 nos solutions comme IKO EXCEL\u00ae SOLAR, nous faisons bien plus : nous transformons\u2026","rel":"","context":"Dans &quot;Actualit\u00e9 Entreprises&quot;","img":{"alt_text":"","src":"https:\/\/i2.wp.com\/batimedianews.com\/live\/wp-content\/uploads\/2024\/12\/IKO-Enertherm.jpg?fit=825%2C825&resize=350%2C200","width":350,"height":200},"classes":[]}],"_links":{"self":[{"href":"http:\/\/batimedianews.com\/live\/index.php\/wp-json\/wp\/v2\/posts\/37235"}],"collection":[{"href":"http:\/\/batimedianews.com\/live\/index.php\/wp-json\/wp\/v2\/posts"}],"about":[{"href":"http:\/\/batimedianews.com\/live\/index.php\/wp-json\/wp\/v2\/types\/post"}],"author":[{"embeddable":true,"href":"http:\/\/batimedianews.com\/live\/index.php\/wp-json\/wp\/v2\/users\/41"}],"replies":[{"embeddable":true,"href":"http:\/\/batimedianews.com\/live\/index.php\/wp-json\/wp\/v2\/comments?post=37235"}],"version-history":[{"count":1,"href":"http:\/\/batimedianews.com\/live\/index.php\/wp-json\/wp\/v2\/posts\/37235\/revisions"}],"predecessor-version":[{"id":37286,"href":"http:\/\/batimedianews.com\/live\/index.php\/wp-json\/wp\/v2\/posts\/37235\/revisions\/37286"}],"wp:featuredmedia":[{"embeddable":true,"href":"http:\/\/batimedianews.com\/live\/index.php\/wp-json\/wp\/v2\/media\/37285"}],"wp:attachment":[{"href":"http:\/\/batimedianews.com\/live\/index.php\/wp-json\/wp\/v2\/media?parent=37235"}],"wp:term":[{"taxonomy":"category","embeddable":true,"href":"http:\/\/batimedianews.com\/live\/index.php\/wp-json\/wp\/v2\/categories?post=37235"},{"taxonomy":"post_tag","embeddable":true,"href":"http:\/\/batimedianews.com\/live\/index.php\/wp-json\/wp\/v2\/tags?post=37235"}],"curies":[{"name":"wp","href":"https:\/\/api.w.org\/{rel}","templated":true}]}}