{"id":37457,"date":"2024-05-28T14:55:45","date_gmt":"2024-05-28T12:55:45","guid":{"rendered":"http:\/\/batimedianews.com\/live\/?p=37457"},"modified":"2024-05-28T14:55:47","modified_gmt":"2024-05-28T12:55:47","slug":"la-renovation-energetique-en-tournee-avec-point-p","status":"publish","type":"post","link":"http:\/\/batimedianews.com\/live\/index.php\/2024\/05\/28\/la-renovation-energetique-en-tournee-avec-point-p\/","title":{"rendered":"La r\u00e9novation \u00e9nerg\u00e9tique en tourn\u00e9e avec POINT.P"},"content":{"rendered":"\n<p class=\"has-sm-light-primary-color has-text-color has-background\" style=\"background-color:#f75b36\"><strong>Habitu\u00e9 des roadshows, POINT.P repart sur les routes en ce mois de mai. L&rsquo;Enseigne abordera une nouvelle fois  l&rsquo;un des sujets de pr\u00e9dilection : la r\u00e9novation \u00e9nerg\u00e9tique. Apr\u00e8s les outils et services en r\u00e9novation \u00e9nerg\u00e9tique de POINT.P en 2023, la lumi\u00e8re se porte \u00e0 pr\u00e9sent sur les produits et solutions innovantes d&rsquo;une trentaine de partenaires industriels. Jusqu&rsquo;en Juillet, 3 camions sillonneront la France pour se rendre \u00e0 la rencontre des artisans dans plus de 90 points de vente. De nombreuses nouveaut\u00e9s sont aussi au programme dont des matin\u00e9es consacr\u00e9es \u00e0 des visites chez les clients POINT.P et la mise \u00e0 disposition d&rsquo;un casque de r\u00e9alit\u00e9 virtuelle pour visualiser des ouvrages de r\u00e9novation \u00e9nerg\u00e9tique.<\/strong><\/p>\n\n\n\n<div class=\"wp-block-media-text alignwide is-stacked-on-mobile\" style=\"grid-template-columns:24% auto\"><figure class=\"wp-block-media-text__media\"><img loading=\"lazy\" width=\"720\" height=\"927\" src=\"https:\/\/i1.wp.com\/batimedianews.com\/live\/wp-content\/uploads\/2024\/05\/image-58.png?resize=720%2C927\" alt=\"\" class=\"wp-image-37458 size-full\" srcset=\"https:\/\/i1.wp.com\/batimedianews.com\/live\/wp-content\/uploads\/2024\/05\/image-58.png?w=1500 1500w, https:\/\/i1.wp.com\/batimedianews.com\/live\/wp-content\/uploads\/2024\/05\/image-58.png?resize=768%2C989 768w, https:\/\/i1.wp.com\/batimedianews.com\/live\/wp-content\/uploads\/2024\/05\/image-58.png?resize=432%2C556 432w, https:\/\/i1.wp.com\/batimedianews.com\/live\/wp-content\/uploads\/2024\/05\/image-58.png?resize=396%2C510 396w, https:\/\/i1.wp.com\/batimedianews.com\/live\/wp-content\/uploads\/2024\/05\/image-58.png?resize=1120%2C1443 1120w, https:\/\/i1.wp.com\/batimedianews.com\/live\/wp-content\/uploads\/2024\/05\/image-58.png?resize=660%2C850 660w, https:\/\/i1.wp.com\/batimedianews.com\/live\/wp-content\/uploads\/2024\/05\/image-58.png?w=1440 1440w\" sizes=\"(max-width: 600px) 91vw, (max-width: 900px) 600px, (max-width: 1060px) 50vw, (max-width: 1200px) 520px, (max-width: 1400px) 43vw, 600px\" data-recalc-dims=\"1\" \/><\/figure><div class=\"wp-block-media-text__content\">\n<p class=\"has-sm-light-primary-color has-text-color has-background has-normal-font-size\" style=\"background-color:#f75b36\"><strong>UN PROGRAMME UNIQUE ET AMBITIEUX AUTOUR DE LA R\u00c9NOVATION \u00c9NERG\u00c9TIQUE<\/strong><\/p>\n\n\n\n<p>Forte de son implantation r\u00e9gionale et de sa parfaite connaissance des besoins de ses clients artisans, l\u2019Enseigne POINT.P a lanc\u00e9 un vaste programme pour venir \u00e0 la rencontre des professionnels et les sensibiliser aux enjeux de la r\u00e9novation \u00e9nerg\u00e9tique.&nbsp; <\/p>\n\n\n\n<p>Cette ann\u00e9e, ce sont donc trois camions qui parcourent la France, du 14 mai au 18 juillet pour plus de 90 dates dans l\u2019ensemble des r\u00e9gions du territoire. Avec pour objectif de rencontrer 3 500 clients.&nbsp; <\/p>\n\n\n\n<p>Apr\u00e8s avoir pr\u00e9sent\u00e9 l\u2019ensemble de ses outils et services autour de la r\u00e9novation \u00e9nerg\u00e9tique en 2023, POINT.P engage 33 de ses partenaires industriels dans cette nouvelle tourn\u00e9e.<\/p>\n\n\n\n<p>Sur chacune des dates, les professionnels auront ainsi l\u2019occasion de rencontrer une quinzaine de fournisseurs qui parleront produits et innovation et r\u00e9pondront \u00e0 toutes les questions autour de 14 th\u00e9matiques : laine de roche, laine de verre, plaques, fen\u00eatres, volets roulants, sols, ITE, portes d\u2019entr\u00e9e, photovolta\u00efque, bardage, laine de bois, chanvre\/coton, isolant alv\u00e9olaire, fen\u00eatre de toit, sarking<sup>1<\/sup>&nbsp;. <\/p>\n\n\n\n<p>POINT.P sait par ailleurs faire preuve d\u2019inventivit\u00e9 quand il s\u2019agit de mobiliser autour d\u2019un sujet. La tourn\u00e9e int\u00e8gre donc des nouveaut\u00e9s comme la visite des \u00e9quipes de l\u2019Enseigne chez les clients et la possibilit\u00e9 de s\u2019immerger au coeur de chantiers gr\u00e2ce \u00e0 un casque de r\u00e9alit\u00e9 virtuelle.&nbsp;<\/p>\n<\/div><\/div>\n\n\n\n<div class=\"wp-block-media-text alignwide is-stacked-on-mobile\" style=\"grid-template-columns:27% auto\"><figure class=\"wp-block-media-text__media\"><img loading=\"lazy\" width=\"342\" height=\"276\" src=\"https:\/\/i2.wp.com\/batimedianews.com\/live\/wp-content\/uploads\/2024\/05\/image-59.png?resize=342%2C276\" alt=\"\" class=\"wp-image-37459 size-full\" srcset=\"https:\/\/i2.wp.com\/batimedianews.com\/live\/wp-content\/uploads\/2024\/05\/image-59.png?w=342 342w, https:\/\/i2.wp.com\/batimedianews.com\/live\/wp-content\/uploads\/2024\/05\/image-59.png?resize=768%2C619 768w\" sizes=\"(max-width: 600px) 91vw, (max-width: 900px) 600px, (max-width: 1060px) 50vw, (max-width: 1200px) 520px, (max-width: 1400px) 43vw, 600px\" data-recalc-dims=\"1\" \/><\/figure><div class=\"wp-block-media-text__content\">\n<p class=\"has-sm-light-primary-color has-text-color has-background has-normal-font-size\" style=\"background-color:#f75b36\"><strong>UNE TOURN\u00c9E AU PLUS PR\u00c8S DES ARTISANS<\/strong><\/p>\n\n\n\n<p>Lib\u00e9rer du temps pour se rendre en agence et d\u00e9couvrir les nouveaut\u00e9s n\u2019est pas toujours facile, notamment pour les petites entreprises. C\u2019est pour cette raison que POINT.P a choisi de se rendre directement chez les artisans. Chaque matin durant les 90 jours que dure la tourn\u00e9e, un attach\u00e9 technico-commercial et l\u2019un des R\u00e9f\u00e9rents d&rsquo;Aide \u00e0 la R\u00e9novation (RAR) de POINT.P se rendront chez 4 clients de l\u2019Enseigne pour leur parler r\u00e9novation \u00e9nerg\u00e9tique, services et solutions, opportunit\u00e9s de d\u00e9veloppement.&nbsp;<\/p>\n<\/div><\/div>\n\n\n\n<p class=\"has-small-font-size\"><sup>&nbsp;1<\/sup> Actis, Bel\u2019M, Biofib Isolation, Br\u00e9maud, Edilteco, Eveno, Gimm, Isonat, Isover, James Hardie, Knauf, Knauf Insulation, Metisse, Parexlanco, Pavatex, Placo, POwR, PRB, Protac, Rockwoll, Salola, Silverwood, Siniat, Soprema, Steico, Systovi, TBS Pro, Unilin, URSA, Velux, Weber, Wibaie, Zilten.&nbsp;<\/p>\n\n\n\n<div class=\"wp-block-media-text alignwide is-stacked-on-mobile\" style=\"grid-template-columns:27% auto\"><figure class=\"wp-block-media-text__media\"><img loading=\"lazy\" width=\"304\" height=\"282\" src=\"https:\/\/i0.wp.com\/batimedianews.com\/live\/wp-content\/uploads\/2024\/05\/image-60.png?resize=304%2C282\" alt=\"\" class=\"wp-image-37460 size-full\" srcset=\"https:\/\/i0.wp.com\/batimedianews.com\/live\/wp-content\/uploads\/2024\/05\/image-60.png?w=304 304w, https:\/\/i0.wp.com\/batimedianews.com\/live\/wp-content\/uploads\/2024\/05\/image-60.png?resize=768%2C712 768w, https:\/\/i0.wp.com\/batimedianews.com\/live\/wp-content\/uploads\/2024\/05\/image-60.png?resize=10%2C10 10w\" sizes=\"(max-width: 600px) 91vw, (max-width: 900px) 600px, (max-width: 1060px) 50vw, (max-width: 1200px) 520px, (max-width: 1400px) 43vw, 600px\" data-recalc-dims=\"1\" \/><\/figure><div class=\"wp-block-media-text__content\">\n<p>Ils pr\u00e9senteront aussi, gr\u00e2ce \u00e0 un casque de r\u00e9alit\u00e9 virtuelle, une s\u00e9lection de 5 ouvrages (combles perdus, combles am\u00e9nag\u00e9s, isolation des murs par l\u2019int\u00e9rieur, isolation des murs par l\u2019ext\u00e9rieur, menuiserie en r\u00e9novation).&nbsp; <\/p>\n\n\n\n<p>L\u2019apr\u00e8s-midi, place aux produits des industriels en agence. L\u00e0 aussi, les nouveaut\u00e9s sont \u00e0 l\u2019honneur. Une quinzaine d\u2019industriels seront pr\u00e9sents sur place pour pr\u00e9senter leurs solutions \u00e0 une quarantaine de clients.&nbsp; <\/p>\n\n\n\n<p>Un stand POINT.P leur permettra de b\u00e9n\u00e9ficier d\u2019une d\u00e9monstration en r\u00e9alit\u00e9 virtuelle des 5 ouvrages li\u00e9s \u00e0 la r\u00e9novation \u00e9nerg\u00e9tique.&nbsp; <\/p>\n\n\n\n<p>Et parce que l\u2019\u00e9change est essentiel, l\u2019Enseigne mettra \u00e0 disposition une bo\u00eete \u00e0 id\u00e9es dans laquelle les clients pourront glisser leurs diff\u00e9rentes suggestions.&nbsp; <\/p>\n\n\n\n<p>La tourn\u00e9e sera par ailleurs l\u2019occasion de permettre aux clients professionnels de rencontrer les RAR de POINT.P d\u00e9sormais pr\u00e9sents dans chacun des 1 000 points de vente de l\u2019Enseigne.<\/p>\n\n\n\n<figure class=\"wp-block-table\"><table><tbody><tr><td><strong>Les RAR de POINT.P : un dispositif unique en n\u00e9goce&nbsp;<\/strong> <br>Lanc\u00e9 en fin d\u2019ann\u00e9e 2023, le programme de POINT.P pour former l\u2019ensemble de ses attach\u00e9s technico-commerciaux aux fonctions de RAR est arriv\u00e9 \u00e0 son terme. 1000 collaborateurs certifi\u00e9s sont aujourd\u2019hui pr\u00eats \u00e0 r\u00e9pondre aux clients de l&rsquo;Enseigne. La totalit\u00e9 des points de vente est dot\u00e9e d&rsquo;un r\u00e9f\u00e9rent.&nbsp;<br><\/td><\/tr><\/tbody><\/table><\/figure>\n<\/div><\/div>\n\n\n\n<p class=\"has-sm-light-primary-color has-text-color has-background\" style=\"background-color:#f75b36\"><strong>A PROPOS DE POINT.P<\/strong><\/p>\n\n\n\n<p class=\"has-small-font-size\">Gr\u00e2ce \u00e0 son r\u00e9seau de plus de 1 000 points de vente et de 235 showrooms, POINT.P accompagne tous les projets de construction, de r\u00e9novation et d\u2019am\u00e9nagement. Acteur de la r\u00e9novation \u00e9nerg\u00e9tique et de la d\u00e9carbonation, l\u2019enseigne commercialise tous les produits, solutions et services, permettant de construire un habitat \u00e9conome, confortable et durable. Elle offre des conseils d\u2019experts dans les gammes gros oeuvre, pl\u00e2trerie, isolation, couverture, carrelage et rev\u00eatements, menuiserie int\u00e9rieure et ext\u00e9rieure. Proche des professionnels du b\u00e2timent comme des particuliers, POINT.P mobilise le meilleur de la communaut\u00e9 de l\u2019habitat (partenaires industriels, artisans, prescripteurs\u2026) et d\u00e9veloppe des outils digitaux innovants pour faciliter la r\u00e9ussite de leurs projets. Principale enseigne de Saint-Gobain Distribution B\u00e2timent France, POINT.P compte 11 000 collaborateurs.&nbsp;<\/p>\n\n\n\n<p class=\"has-sm-light-primary-color has-text-color has-background\" style=\"background-color:#f75b36\"><strong>A PROPOS DE SAINT GOBAIN DISTRIBUTION B\u00c2TIMENT FRANCE<\/strong><\/p>\n\n\n\n<p class=\"has-small-font-size\">Saint-Gobain Distribution B\u00e2timent France (SGDB France), filiale du Groupe Saint-Gobain, est le premier distributeur de mat\u00e9riaux de construction en France, au service des professionnels et de ceux qui s\u2019investissent dans l\u2019am\u00e9lioration de leur habitat. Ses principales enseignes sont POINT.P, Cedeo, Asturienne, PUM, SFIC, La Plateforme du B\u00e2timent, Dispano, Panofrance, CLIM+ et CDL Elec. Gr\u00e2ce \u00e0 ces derni\u00e8res, Saint-Gobain Distribution B\u00e2timent France dispose d\u2019un r\u00e9seau de plus de 2 000 points de vente \u00e0 travers l\u2019hexagone. Pour compl\u00e9ter son offre, SGDB France a lanc\u00e9 La Maison Saint-Gobain (lamaisonsaintgobain.fr), une plateforme d\u2019inspiration, de conseils et de services pour accompagner les particuliers de A \u00e0 Z dans leurs projets d\u2019am\u00e9nagement et de r\u00e9novation pour un habitat plus confortable, plus sain et plus responsable.&nbsp;<\/p>\n","protected":false},"excerpt":{"rendered":"<p>Habitu\u00e9 des roadshows, POINT.P repart sur les routes en ce mois de mai. L&rsquo;Enseigne abordera une nouvelle fois l&rsquo;un des sujets de pr\u00e9dilection : la r\u00e9novation \u00e9nerg\u00e9tique. Apr\u00e8s les outils et services en r\u00e9novation \u00e9nerg\u00e9tique de POINT.P en 2023, la lumi\u00e8re se porte \u00e0 pr\u00e9sent sur les produits et solutions innovantes d&rsquo;une trentaine de partenaires [&hellip;]<\/p>\n","protected":false},"author":41,"featured_media":37462,"comment_status":"open","ping_status":"open","sticky":true,"template":"","format":"standard","meta":{"spay_email":""},"categories":[4,1145,89,108],"tags":[],"jetpack_featured_media_url":"https:\/\/i2.wp.com\/batimedianews.com\/live\/wp-content\/uploads\/2024\/05\/PointP-articles-.jpg?fit=1513%2C825","jetpack_sharing_enabled":true,"jetpack_likes_enabled":true,"jetpack-related-posts":[{"id":6762,"url":"http:\/\/batimedianews.com\/live\/index.php\/2020\/11\/23\/point-p-acteur-cle-de-la-reussite-de-la-renovation-energetique-en-france\/","url_meta":{"origin":37457,"position":0},"title":"POINT.P, ACTEUR CL\u00c9 DE LA R\u00c9USSITE DE LA R\u00c9NOVATION \u00c9NERG\u00c9TIQUE EN FRANCE","date":"23 novembre 2020","format":false,"excerpt":"POINT.P s\u2019engage depuis de nombreuses ann\u00e9es aupr\u00e8s des professionnels du b\u00e2timent pour les aider \u00e0 monter en comp\u00e9tences et \u00e0 r\u00e9pondre aux diff\u00e9rents enjeux du secteur. Qu\u2019ils soient r\u00e9glementaires ou qu\u2019ils correspondent \u00e0 de nouveaux usages, ces derniers ne cessent d\u2019\u00e9voluer. Parmi eux, la r\u00e9novation \u00e9nerg\u00e9tique est au coeur des\u2026","rel":"","context":"Dans &quot;Actualit\u00e9 Entreprises&quot;","img":{"alt_text":"","src":"https:\/\/i0.wp.com\/batimedianews.com\/live\/wp-content\/uploads\/2020\/11\/image-120.png?fit=942%2C340&resize=350%2C200","width":350,"height":200},"classes":[]},{"id":37170,"url":"http:\/\/batimedianews.com\/live\/index.php\/2024\/05\/02\/construction-durable-point-p-sengage-avec-les-castors\/","url_meta":{"origin":37457,"position":1},"title":"Construction Durable : Point.P s&rsquo;engage avec \u00ab\u00a0Les Castors\u00a0\u00bb","date":"2 mai 2024","format":false,"excerpt":"POINT.P a scell\u00e9 un partenariat national avec l'association Les-castors.fr. L'Enseigne s'engage \u00e0 les soutenir et \u00e0 faciliter leurs projets d'auto-construction ou de r\u00e9novation gr\u00e2ce \u00e0 ses 900 agences partout en France. Ce partenariat s'inscrit dans une logique commune de solidarit\u00e9, d'entraide et de promotion d'une construction durable et respectueuse de\u2026","rel":"","context":"Dans &quot;Actualit\u00e9 Entreprises&quot;","img":{"alt_text":"","src":"https:\/\/i1.wp.com\/batimedianews.com\/live\/wp-content\/uploads\/2024\/05\/PointP-.jpg?fit=825%2C825&resize=350%2C200","width":350,"height":200},"classes":[]},{"id":31923,"url":"http:\/\/batimedianews.com\/live\/index.php\/2023\/10\/02\/point-p-et-hoffman-signent-un-partenariat-structurant\/","url_meta":{"origin":37457,"position":2},"title":"POINT.P et Hoffmann Green signent un partenariat structurant pour diffuser un ciment sans clinker  \ufeff","date":"2 octobre 2023","format":false,"excerpt":"Avec ce partenariat, le ciment H-UKR sans clinker de Hoffmann Green Cement Technologies sera diffus\u00e9 dans les centrales \u00e0 b\u00e9ton et les usines de pr\u00e9fabrication de POINT.P, une enseigne de Saint-Gobain Distribution B\u00e2timent France. Avec cet accord, POINT.P poursuit son action en faveur du d\u00e9ploiement de solutions bas carbone et\u2026","rel":"","context":"Dans &quot;Actualit\u00e9 Entreprises&quot;","img":{"alt_text":"","src":"https:\/\/i0.wp.com\/batimedianews.com\/live\/wp-content\/uploads\/2023\/09\/PointP-articles.jpg?fit=825%2C825&resize=350%2C200","width":350,"height":200},"classes":[]},{"id":45471,"url":"http:\/\/batimedianews.com\/live\/index.php\/2025\/06\/24\/point-p-et-carbicrete-lancent-les-premiers-blocs-beton-sans-ciment-en-france\/","url_meta":{"origin":37457,"position":3},"title":"POINT.P et CarbiCrete lancent les premiers blocs b\u00e9ton sans ciment en France","date":"24 juin 2025","format":false,"excerpt":"POINT.P, marque du groupe Saint-Gobain, et la soci\u00e9t\u00e9 canadienne CarbiCrete annoncent une premi\u00e8re en France : le d\u00e9marrage, au premier trimestre 2026, d'une ligne de production de plots de b\u00e9ton sans ciment dans les Hauts-de-France. Une ligne de production au service de la construction durable Deux ans apr\u00e8s la signature\u2026","rel":"","context":"Dans &quot;Actualit\u00e9 Entreprises&quot;","img":{"alt_text":"","src":"https:\/\/i1.wp.com\/batimedianews.com\/live\/wp-content\/uploads\/2025\/06\/POINT.P_CarbiCrete.jpg?fit=825%2C825&resize=350%2C200","width":350,"height":200},"classes":[]},{"id":20711,"url":"http:\/\/batimedianews.com\/live\/index.php\/2022\/06\/13\/point-p-etoffe-son-expertise-carrelage-a-albi-81-avec-lacquisition-dun-point-de-vente-sup-caro\/","url_meta":{"origin":37457,"position":4},"title":"POINT.P \u00c9TOFFE son expertise carrelage \u00e0 ALBI  (81) avec l&rsquo;acquisition d&rsquo;un point de vente sup caro","date":"13 juin 2022","format":false,"excerpt":"POINT.P, n\u00e9goce g\u00e9n\u00e9raliste et multi sp\u00e9cialiste et enseigne principale de Saint-Gobain Distribution B\u00e2timent France, vient de finaliser l\u2019acquisition du point de vente SUP CARO d\u2019Albi. Situ\u00e9e plus pr\u00e9cis\u00e9ment sur la commune de Puygouzon, cette agence compte 5 collaborateurs. Elle est sp\u00e9cialis\u00e9e en carrelage, am\u00e9nagement ext\u00e9rieur, parquet et sanitaire.\u00a0 \u00ab Cette\u2026","rel":"","context":"Dans &quot;Actualit\u00e9 Entreprises&quot;","img":{"alt_text":"","src":"https:\/\/i1.wp.com\/batimedianews.com\/live\/wp-content\/uploads\/2022\/06\/Point.P-Article.jpg?fit=1080%2C1080&resize=350%2C200","width":350,"height":200},"classes":[]},{"id":42274,"url":"http:\/\/batimedianews.com\/live\/index.php\/2025\/01\/22\/du-20-janvier-au-1er-fevrier-la-plateforme-du-batiment-embarque-clients-collaborateurs-et-fournisseurs-dans-un-evenement-inedit-en-depots-la-quinzaine-de-la-renovation-energetique\/","url_meta":{"origin":37457,"position":5},"title":"Du 20 janvier au 1er f\u00e9vrier, La Plateforme du B\u00e2timent embarque clients, collaborateurs et fournisseurs dans un \u00e9v\u00e9nement in\u00e9dit en d\u00e9p\u00f4ts : \u00ab La quinzaine de la R\u00e9novation \u00c9nerg\u00e9tique \u00bb","date":"22 janvier 2025","format":false,"excerpt":"L\u2019enseigne 100% Pro de Saint-Gobain Distribution B\u00e2timent France confirme son engagement \u00e0 booster la r\u00e9novation \u00e9nerg\u00e9tique avec une op\u00e9ration d\u2019envergure d\u00e9ploy\u00e9e pendant 15 jours dans les 68 d\u00e9p\u00f4ts de La Plateforme. Apr\u00e8s un parcours de formation complet aux nouveaux besoins des artisans concernant la r\u00e9novation \u00e9nerg\u00e9tique, les collaborateurs de La\u2026","rel":"","context":"Dans &quot;b\u00e2timent&quot;","img":{"alt_text":"","src":"https:\/\/i0.wp.com\/batimedianews.com\/live\/wp-content\/uploads\/2025\/01\/PDB-articles-.jpg?fit=825%2C825&resize=350%2C200","width":350,"height":200},"classes":[]}],"_links":{"self":[{"href":"http:\/\/batimedianews.com\/live\/index.php\/wp-json\/wp\/v2\/posts\/37457"}],"collection":[{"href":"http:\/\/batimedianews.com\/live\/index.php\/wp-json\/wp\/v2\/posts"}],"about":[{"href":"http:\/\/batimedianews.com\/live\/index.php\/wp-json\/wp\/v2\/types\/post"}],"author":[{"embeddable":true,"href":"http:\/\/batimedianews.com\/live\/index.php\/wp-json\/wp\/v2\/users\/41"}],"replies":[{"embeddable":true,"href":"http:\/\/batimedianews.com\/live\/index.php\/wp-json\/wp\/v2\/comments?post=37457"}],"version-history":[{"count":2,"href":"http:\/\/batimedianews.com\/live\/index.php\/wp-json\/wp\/v2\/posts\/37457\/revisions"}],"predecessor-version":[{"id":37692,"href":"http:\/\/batimedianews.com\/live\/index.php\/wp-json\/wp\/v2\/posts\/37457\/revisions\/37692"}],"wp:featuredmedia":[{"embeddable":true,"href":"http:\/\/batimedianews.com\/live\/index.php\/wp-json\/wp\/v2\/media\/37462"}],"wp:attachment":[{"href":"http:\/\/batimedianews.com\/live\/index.php\/wp-json\/wp\/v2\/media?parent=37457"}],"wp:term":[{"taxonomy":"category","embeddable":true,"href":"http:\/\/batimedianews.com\/live\/index.php\/wp-json\/wp\/v2\/categories?post=37457"},{"taxonomy":"post_tag","embeddable":true,"href":"http:\/\/batimedianews.com\/live\/index.php\/wp-json\/wp\/v2\/tags?post=37457"}],"curies":[{"name":"wp","href":"https:\/\/api.w.org\/{rel}","templated":true}]}}