{"id":37739,"date":"2024-05-30T14:36:57","date_gmt":"2024-05-30T12:36:57","guid":{"rendered":"http:\/\/batimedianews.com\/live\/?p=37739"},"modified":"2024-06-04T13:54:46","modified_gmt":"2024-06-04T11:54:46","slug":"genese-dun-travail-de-reception-carrefour-du-bois-2024","status":"publish","type":"post","link":"http:\/\/batimedianews.com\/live\/index.php\/2024\/05\/30\/genese-dun-travail-de-reception-carrefour-du-bois-2024\/","title":{"rendered":"Gen\u00e8se d\u2019un travail de r\u00e9ception &#8211; Carrefour du bois 2024"},"content":{"rendered":"\n<div class=\"wp-block-columns\">\n<div class=\"wp-block-column\" style=\"flex-basis:33.33%\">\n<figure class=\"wp-block-image size-full\"><img loading=\"lazy\" width=\"670\" height=\"684\" src=\"https:\/\/i1.wp.com\/batimedianews.com\/live\/wp-content\/uploads\/2024\/05\/DurieuPhoto1.jpg?resize=670%2C684\" alt=\"\" class=\"wp-image-37746\" srcset=\"https:\/\/i1.wp.com\/batimedianews.com\/live\/wp-content\/uploads\/2024\/05\/DurieuPhoto1.jpg?w=670 670w, https:\/\/i1.wp.com\/batimedianews.com\/live\/wp-content\/uploads\/2024\/05\/DurieuPhoto1.jpg?resize=768%2C784 768w, https:\/\/i1.wp.com\/batimedianews.com\/live\/wp-content\/uploads\/2024\/05\/DurieuPhoto1.jpg?resize=10%2C10 10w, https:\/\/i1.wp.com\/batimedianews.com\/live\/wp-content\/uploads\/2024\/05\/DurieuPhoto1.jpg?resize=432%2C441 432w, https:\/\/i1.wp.com\/batimedianews.com\/live\/wp-content\/uploads\/2024\/05\/DurieuPhoto1.jpg?resize=396%2C404 396w, https:\/\/i1.wp.com\/batimedianews.com\/live\/wp-content\/uploads\/2024\/05\/DurieuPhoto1.jpg?resize=660%2C674 660w\" sizes=\"(max-width: 600px) 91vw, (max-width: 900px) 600px, (max-width: 1060px) 50vw, (max-width: 1200px) 520px, (max-width: 1400px) 43vw, 600px\" data-recalc-dims=\"1\" \/><\/figure>\n\n\n\n<figure class=\"wp-block-image size-full\"><img loading=\"lazy\" width=\"670\" height=\"366\" src=\"https:\/\/i1.wp.com\/batimedianews.com\/live\/wp-content\/uploads\/2024\/05\/DurieuPhoto2.jpg?resize=670%2C366\" alt=\"\" class=\"wp-image-37747\" srcset=\"https:\/\/i1.wp.com\/batimedianews.com\/live\/wp-content\/uploads\/2024\/05\/DurieuPhoto2.jpg?w=670 670w, https:\/\/i1.wp.com\/batimedianews.com\/live\/wp-content\/uploads\/2024\/05\/DurieuPhoto2.jpg?resize=768%2C419 768w, https:\/\/i1.wp.com\/batimedianews.com\/live\/wp-content\/uploads\/2024\/05\/DurieuPhoto2.jpg?resize=432%2C236 432w, https:\/\/i1.wp.com\/batimedianews.com\/live\/wp-content\/uploads\/2024\/05\/DurieuPhoto2.jpg?resize=396%2C216 396w, https:\/\/i1.wp.com\/batimedianews.com\/live\/wp-content\/uploads\/2024\/05\/DurieuPhoto2.jpg?resize=660%2C361 660w\" sizes=\"(max-width: 600px) 91vw, (max-width: 900px) 600px, (max-width: 1060px) 50vw, (max-width: 1200px) 520px, (max-width: 1400px) 43vw, 600px\" data-recalc-dims=\"1\" \/><\/figure>\n\n\n\n<figure class=\"wp-block-image size-full\"><img loading=\"lazy\" width=\"670\" height=\"366\" src=\"https:\/\/i0.wp.com\/batimedianews.com\/live\/wp-content\/uploads\/2024\/05\/DurieuPhoto3.jpg?resize=670%2C366\" alt=\"\" class=\"wp-image-37748\" srcset=\"https:\/\/i0.wp.com\/batimedianews.com\/live\/wp-content\/uploads\/2024\/05\/DurieuPhoto3.jpg?w=670 670w, https:\/\/i0.wp.com\/batimedianews.com\/live\/wp-content\/uploads\/2024\/05\/DurieuPhoto3.jpg?resize=768%2C419 768w, https:\/\/i0.wp.com\/batimedianews.com\/live\/wp-content\/uploads\/2024\/05\/DurieuPhoto3.jpg?resize=432%2C236 432w, https:\/\/i0.wp.com\/batimedianews.com\/live\/wp-content\/uploads\/2024\/05\/DurieuPhoto3.jpg?resize=396%2C216 396w, https:\/\/i0.wp.com\/batimedianews.com\/live\/wp-content\/uploads\/2024\/05\/DurieuPhoto3.jpg?resize=660%2C361 660w\" sizes=\"(max-width: 600px) 91vw, (max-width: 900px) 600px, (max-width: 1060px) 50vw, (max-width: 1200px) 520px, (max-width: 1400px) 43vw, 600px\" data-recalc-dims=\"1\" \/><\/figure>\n<\/div>\n\n\n\n<div class=\"wp-block-column\" style=\"flex-basis:66.66%\">\n<p><em>En 2023, Durieu Groupe f\u00eatait ses 100 ans et d\u00e9cidait pour l\u2019occasion de soutenir le travail de r\u00e9ception d\u2019un aspirant Compagnon charpentier Kilian Choloux. 510 heures de travail plus tard, un travail de r\u00e9ception, sous la forme d\u2019un tr\u00e9teau est apparu. Et en 2024, Durieu a l\u2019honneur d\u2019exposer ce travail de r\u00e9ception sur son stand du Carrefour du bois (Hall XXL, Stand XXL-D5). Toute l\u2019\u00e9quipe est ravie de vous accueillir pour l\u2019admirer et partager notre passion du bois.<\/em><\/p>\n\n\n\n<p><strong>Kilian Choloux<\/strong>, devenu Compagnon charpentier en mars 2023, est pour ainsi dire tomb\u00e9 \u00ab dans la charpente \u00bb d\u00e8s l\u2019enfance !<\/p>\n\n\n\n<p>\u00c0 10 ans, \u00e0 l\u2019occasion de travaux de r\u00e9novation de ses parents dans leur maison, il d\u00e9couvre les travaux de charpenterie, il est fascin\u00e9 et la passion commence\u2026<\/p>\n\n\n\n<p>Tr\u00e8s jeune, d\u00e8s qu\u2019il est en \u00e2ge de faire des stages, il r\u00e9alise des stages en charpenterie l\u2019\u00e9t\u00e9. \u00c0 15 ans il choisit la voie du CAP charpentier puis du BTP CFA en charpenterie. \u00c0 18 ans son formateur du BTA, apr\u00e8s avoir d\u00e9cel\u00e9 en lui les valeurs et les capacit\u00e9s \u00e0 int\u00e9grer les Compagnons, lui conseille cette nouvelle voie. C\u2019est ainsi que Kilian int\u00e8gre les Compagnons du Devoir et du Tour de France \u00e0 ses 18 ans en 2018.<\/p>\n\n\n\n<p>Son tour de France d\u00e9bute, il commence par Angers -d\u2019o\u00f9 il est originaire- puis Grenoble, Gap, Bayonne, Paris, Tours o\u00f9 il va r\u00e9aliser son travail de r\u00e9ception, puis Reims et Dijon. \u00c0 partir de septembre 2024, il va devenir formateur des Compagnons tout en continuant son tour de France jusqu\u2019en 2026, 8 ans d\u2019itin\u00e9rance pour devenir Compagnon, acqu\u00e9rir et parfaire son savoir-faire puis enfin le transmettre. Il sera alors pr\u00eat \u00e0 vivre son aventure de charpentier professionnel.<\/p>\n\n\n\n<p>Son travail de r\u00e9ception, qui a pris la forme d\u2019un tr\u00e9teau, a \u00e9t\u00e9 r\u00e9alis\u00e9 en fr\u00eane et en ch\u00eane et a repr\u00e9sent\u00e9 510 heures de travail.<\/p>\n<\/div>\n<\/div>\n\n\n\n<p><\/p>\n","protected":false},"excerpt":{"rendered":"<p>En 2023, Durieu Groupe f\u00eatait ses 100 ans et d\u00e9cidait pour l\u2019occasion de soutenir le travail de r\u00e9ception d\u2019un aspirant Compagnon charpentier Kilian Choloux. 510 heures de travail plus tard, un travail de r\u00e9ception, sous la forme d\u2019un tr\u00e9teau est apparu. Et en 2024, Durieu a l\u2019honneur d\u2019exposer ce travail de r\u00e9ception sur son stand [&hellip;]<\/p>\n","protected":false},"author":41,"featured_media":37749,"comment_status":"open","ping_status":"open","sticky":false,"template":"","format":"standard","meta":{"spay_email":""},"categories":[4,5,24,30,673],"tags":[],"jetpack_featured_media_url":"https:\/\/i0.wp.com\/batimedianews.com\/live\/wp-content\/uploads\/2024\/05\/Durieu.jpg?fit=1513%2C825","jetpack_sharing_enabled":true,"jetpack_likes_enabled":true,"jetpack-related-posts":[{"id":16611,"url":"http:\/\/batimedianews.com\/live\/index.php\/2022\/03\/02\/nouveau-president-nouvelles-perspectives-le-carrefour-international-du-bois-fetera-ses-30-ans-du-1er-au-3-juin-2022\/","url_meta":{"origin":37739,"position":0},"title":"Nouveau  pr\u00e9sident , nouvelles perspectives : le carrefour international du bois f\u00eatera ses 30 ans du 1er au 3 juin 2022","date":"2 mars 2022","format":false,"excerpt":"Apr\u00e8s une \u00e9dition 2020 annul\u00e9e et 4 ans d\u2019absence dues \u00e0 l\u2019in\u00e9dite pand\u00e9mie de COVID-19, le Carrefour International du Bois, organis\u00e9 par l\u2019interprofession Fibois Pays de la Loire, revient du 1er au 3 juin 2022 au Parc des Expositions de Nantes.\u00a0 En 2022, ce RDV unique en Europe f\u00eatera \u00e9galement\u2026","rel":"","context":"Dans &quot;Actualit\u00e9 Entreprises&quot;","img":{"alt_text":"","src":"https:\/\/i0.wp.com\/batimedianews.com\/live\/wp-content\/uploads\/2022\/02\/CarrefourInternationalduBois-Article.jpg?fit=512%2C512&resize=350%2C200","width":350,"height":200},"classes":[]},{"id":20072,"url":"http:\/\/batimedianews.com\/live\/index.php\/2022\/05\/16\/kebony-annonce-sa-presence-au-salon-carrefour-international-du-bois-2022\/","url_meta":{"origin":37739,"position":1},"title":"Kebony annonce sa pr\u00e9sence au salon Carrefour International du Bois 2022","date":"16 mai 2022","format":false,"excerpt":"Le Carrefour International du Bois se tiendra du 1er au 3 juin 2022 \u00e0 Nantes. Pour la toute premi\u00e8re fois, la marque de bois \u00e9cologique Kebony y sera pr\u00e9sente. Ce sera l\u2019occasion pour l\u2019entreprise norv\u00e9gienne d\u2019accro\u00eetre sa notori\u00e9t\u00e9 en France et de pr\u00e9senter ses deux gammes pour le bardage et\u2026","rel":"","context":"Dans &quot;Actualit\u00e9 Entreprises&quot;","img":{"alt_text":"","src":"https:\/\/i1.wp.com\/batimedianews.com\/live\/wp-content\/uploads\/2022\/05\/Kenoby-Article.jpg?fit=1080%2C1080&resize=350%2C200","width":350,"height":200},"classes":[]},{"id":31708,"url":"http:\/\/batimedianews.com\/live\/index.php\/2023\/10\/05\/eurobois-2024-une-nouvelle-edition-au-coeur-des-defis-de-lindustrie-du-bois\/","url_meta":{"origin":37739,"position":2},"title":"EUROBOIS 2024 : une nouvelle \u00e9dition au coeur des d\u00e9fis de l\u2019industrie du bois","date":"5 octobre 2023","format":false,"excerpt":"\u00a9Alexandre Moulard\u00a0 Au fil des d\u00e9cennies, Eurobois s'est impos\u00e9 comme l'\u00e9v\u00e9nement de r\u00e9f\u00e9rence pour les professionnels fran\u00e7ais et internationaux du secteur du bois. Unique en France, ce salon rassemble en un m\u00eame lieu tous les acteurs fran\u00e7ais et internationaux qui fa\u00e7onnent le bois et sa fili\u00e8re au quotidien. La prochaine\u2026","rel":"","context":"Dans &quot;Actualit\u00e9s salons&quot;","img":{"alt_text":"","src":"https:\/\/i2.wp.com\/batimedianews.com\/live\/wp-content\/uploads\/2023\/09\/EuroBois-articles.jpg?fit=825%2C825&resize=350%2C200","width":350,"height":200},"classes":[]},{"id":35464,"url":"http:\/\/batimedianews.com\/live\/index.php\/2024\/02\/19\/eurobois-2024-edition-record-le-salon-confirme-son-leadership\/","url_meta":{"origin":37739,"position":3},"title":"EUROBOIS 2024 : \u00e9dition record ! Le salon confirme son leadership.","date":"19 f\u00e9vrier 2024","format":false,"excerpt":"Cr\u00e9dit @alexandremoulard\u00a0 \u00a0Avec 29 363 professionnels r\u00e9unis pendant 4 jours \u00e0 Eurexpo Lyon, cette nouvelle \u00e9dition d\u2019EUROBOIS \u00e9tablit un nouveau record de fr\u00e9quentation.\u00a0 Cette ann\u00e9e, 523 exposants et marques ont \u00e9t\u00e9 repr\u00e9sent\u00e9s, dont un tiers d\u2019internationaux.\u00a0 Des chiffres exceptionnels qui confirment la position d\u2019EUROBOIS comme le salon repr\u00e9sentatif de toute\u2026","rel":"","context":"Dans &quot;Actualit\u00e9s salons&quot;","img":{"alt_text":"","src":"https:\/\/i1.wp.com\/batimedianews.com\/live\/wp-content\/uploads\/2024\/02\/Eurobois-1.jpg?fit=825%2C825&resize=350%2C200","width":350,"height":200},"classes":[]},{"id":34383,"url":"http:\/\/batimedianews.com\/live\/index.php\/2024\/02\/01\/eurobois-awards-30-innovations-en-lice-pour-devenir-laureates-de-ledition-2024\/","url_meta":{"origin":37739,"position":4},"title":"EUROBOIS AWARDS : 30 innovations en lice pour devenir laur\u00e9ates de l\u2019\u00e9dition 2024 !","date":"1 f\u00e9vrier 2024","format":false,"excerpt":"\u00a0Le salon Eurobois se tiendra du 6 au 9 f\u00e9vrier 2024 \u00e0 Eurexpo Lyon (France)\u00a0 Cr\u00e9dit photo @alexandremoulard\u00a0 \u00a0Parmi les temps forts du salon, les EUROBOIS AWARDS, concours de r\u00e9f\u00e9rence valorisant l\u2019innovation, les nouveaut\u00e9s, et \u00e9volutions technologiques des industriels et acteurs de la fili\u00e8re bois, se tiendront \u00e0 nouveau en\u2026","rel":"","context":"Dans &quot;Actualit\u00e9s salons&quot;","img":{"alt_text":"","src":"https:\/\/i0.wp.com\/batimedianews.com\/live\/wp-content\/uploads\/2024\/01\/Eurobois.jpg?fit=863%2C863&resize=350%2C200","width":350,"height":200},"classes":[]},{"id":33063,"url":"http:\/\/batimedianews.com\/live\/index.php\/2023\/11\/14\/special-100-ans-durieu-et-les-compagnons-du-devoir\/","url_meta":{"origin":37739,"position":5},"title":"Sp\u00e9cial 100 ans Durieu et les  Compagnons Du Devoir","date":"14 novembre 2023","format":false,"excerpt":"100 ans d\u00e9j\u00e0 ! Sans une ride ! Pionnier, dynamique et innovant, le Groupe Durieu s\u2019attache \u00e0 transmettre ces valeurs coupl\u00e9es \u00e0 3 ma\u00eetres mots : Passion, Qualit\u00e9 et Savoir-Faire. Depuis 1923, cette soci\u00e9t\u00e9 familiale transmet son engagement pour la p\u00e9rennisation des mat\u00e9riaux. Et chaque gamme de produit int\u00e8gre :\u2026","rel":"","context":"Dans &quot;Actualit\u00e9 Entreprises&quot;","img":{"alt_text":"","src":"https:\/\/i1.wp.com\/batimedianews.com\/live\/wp-content\/uploads\/2023\/11\/Durieu-Image-articles-.jpg?fit=825%2C825&resize=350%2C200","width":350,"height":200},"classes":[]}],"_links":{"self":[{"href":"http:\/\/batimedianews.com\/live\/index.php\/wp-json\/wp\/v2\/posts\/37739"}],"collection":[{"href":"http:\/\/batimedianews.com\/live\/index.php\/wp-json\/wp\/v2\/posts"}],"about":[{"href":"http:\/\/batimedianews.com\/live\/index.php\/wp-json\/wp\/v2\/types\/post"}],"author":[{"embeddable":true,"href":"http:\/\/batimedianews.com\/live\/index.php\/wp-json\/wp\/v2\/users\/41"}],"replies":[{"embeddable":true,"href":"http:\/\/batimedianews.com\/live\/index.php\/wp-json\/wp\/v2\/comments?post=37739"}],"version-history":[{"count":2,"href":"http:\/\/batimedianews.com\/live\/index.php\/wp-json\/wp\/v2\/posts\/37739\/revisions"}],"predecessor-version":[{"id":37768,"href":"http:\/\/batimedianews.com\/live\/index.php\/wp-json\/wp\/v2\/posts\/37739\/revisions\/37768"}],"wp:featuredmedia":[{"embeddable":true,"href":"http:\/\/batimedianews.com\/live\/index.php\/wp-json\/wp\/v2\/media\/37749"}],"wp:attachment":[{"href":"http:\/\/batimedianews.com\/live\/index.php\/wp-json\/wp\/v2\/media?parent=37739"}],"wp:term":[{"taxonomy":"category","embeddable":true,"href":"http:\/\/batimedianews.com\/live\/index.php\/wp-json\/wp\/v2\/categories?post=37739"},{"taxonomy":"post_tag","embeddable":true,"href":"http:\/\/batimedianews.com\/live\/index.php\/wp-json\/wp\/v2\/tags?post=37739"}],"curies":[{"name":"wp","href":"https:\/\/api.w.org\/{rel}","templated":true}]}}