{"id":37751,"date":"2024-05-30T14:41:19","date_gmt":"2024-05-30T12:41:19","guid":{"rendered":"http:\/\/batimedianews.com\/live\/?p=37751"},"modified":"2024-06-04T13:54:46","modified_gmt":"2024-06-04T11:54:46","slug":"ecovegetal-1-vegetalise-le-stade-nautique-olympique-roucas-blanc-de-marseille-qui-accueillera-les-epreuves-de-voile-des-j-o-2024","status":"publish","type":"post","link":"http:\/\/batimedianews.com\/live\/index.php\/2024\/05\/30\/ecovegetal-1-vegetalise-le-stade-nautique-olympique-roucas-blanc-de-marseille-qui-accueillera-les-epreuves-de-voile-des-j-o-2024\/","title":{"rendered":"ECOVEGETAL (1) v\u00e9g\u00e9talise le stade nautique olympique Roucas Blanc de Marseille qui accueillera les \u00e9preuves de voile des J O 2024"},"content":{"rendered":"\n<p>Cette toiture a \u00e9t\u00e9 v\u00e9g\u00e9talis\u00e9e avec un syst\u00e8me end\u00e9mique qui s\u2019appuie sur la gamme, ENDEMIS PACA, \u00e0 savoir des esp\u00e8ces locales. Il repose sur un substrat JARDILIGHT 1.1 enrichi pour une r\u00e9tention d\u2019eau accrue et un meilleur d\u00e9veloppement des v\u00e9g\u00e9taux. Ce type de substrat, compos\u00e9 de compost, argile expans\u00e9e, pouzzolane et de terre cuite, est ici utilis\u00e9 pour une toiture en semi-intensive (2). Une natte absorbante AP32 et un drain DK20 sont install\u00e9s sous le substrat pour augmenter la r\u00e9tention d\u2019eau du syst\u00e8me v\u00e9g\u00e9talis\u00e9. L\u2019arrosage se fait gr\u00e2ce \u00e0 un goutte \u00e0 goutte g\u00e9r\u00e9 \u00e0 distance pour une irrigation raisonn\u00e9e.&nbsp;<\/p>\n\n\n\n<figure class=\"wp-block-gallery columns-2 is-cropped\"><ul class=\"blocks-gallery-grid\"><li class=\"blocks-gallery-item\"><figure><img loading=\"lazy\" width=\"678\" height=\"518\" src=\"https:\/\/i1.wp.com\/batimedianews.com\/live\/wp-content\/uploads\/2024\/05\/EcovegetalPhoto1.jpg?resize=678%2C518\" alt=\"\" data-id=\"37752\" data-full-url=\"https:\/\/i1.wp.com\/batimedianews.com\/live\/wp-content\/uploads\/2024\/05\/EcovegetalPhoto1.jpg?resize=678%2C518\" data-link=\"http:\/\/batimedianews.com\/live\/?attachment_id=37752\" class=\"wp-image-37752\" srcset=\"https:\/\/i1.wp.com\/batimedianews.com\/live\/wp-content\/uploads\/2024\/05\/EcovegetalPhoto1.jpg?w=678 678w, https:\/\/i1.wp.com\/batimedianews.com\/live\/wp-content\/uploads\/2024\/05\/EcovegetalPhoto1.jpg?resize=768%2C586 768w, https:\/\/i1.wp.com\/batimedianews.com\/live\/wp-content\/uploads\/2024\/05\/EcovegetalPhoto1.jpg?resize=432%2C330 432w, https:\/\/i1.wp.com\/batimedianews.com\/live\/wp-content\/uploads\/2024\/05\/EcovegetalPhoto1.jpg?resize=396%2C303 396w, https:\/\/i1.wp.com\/batimedianews.com\/live\/wp-content\/uploads\/2024\/05\/EcovegetalPhoto1.jpg?resize=660%2C504 660w\" sizes=\"(max-width: 600px) 91vw, (max-width: 900px) 600px, (max-width: 1060px) 50vw, (max-width: 1200px) 520px, (max-width: 1400px) 43vw, 600px\" data-recalc-dims=\"1\" \/><\/figure><\/li><li class=\"blocks-gallery-item\"><figure><img loading=\"lazy\" width=\"720\" height=\"720\" src=\"https:\/\/i0.wp.com\/batimedianews.com\/live\/wp-content\/uploads\/2024\/05\/EcovegetalPhoto2.jpg?resize=720%2C720\" alt=\"\" data-id=\"37753\" data-full-url=\"http:\/\/batimedianews.com\/live\/wp-content\/uploads\/2024\/05\/EcovegetalPhoto2.jpg\" data-link=\"http:\/\/batimedianews.com\/live\/?attachment_id=37753\" class=\"wp-image-37753\" srcset=\"https:\/\/i0.wp.com\/batimedianews.com\/live\/wp-content\/uploads\/2024\/05\/EcovegetalPhoto2.jpg?resize=1024%2C1024 1024w, https:\/\/i0.wp.com\/batimedianews.com\/live\/wp-content\/uploads\/2024\/05\/EcovegetalPhoto2.jpg?resize=600%2C600 600w, https:\/\/i0.wp.com\/batimedianews.com\/live\/wp-content\/uploads\/2024\/05\/EcovegetalPhoto2.jpg?resize=300%2C300 300w, https:\/\/i0.wp.com\/batimedianews.com\/live\/wp-content\/uploads\/2024\/05\/EcovegetalPhoto2.jpg?resize=1536%2C1536 1536w, https:\/\/i0.wp.com\/batimedianews.com\/live\/wp-content\/uploads\/2024\/05\/EcovegetalPhoto2.jpg?resize=2048%2C2048 2048w, https:\/\/i0.wp.com\/batimedianews.com\/live\/wp-content\/uploads\/2024\/05\/EcovegetalPhoto2.jpg?resize=10%2C10 10w\" sizes=\"(max-width: 600px) 91vw, (max-width: 900px) 600px, (max-width: 1060px) 50vw, (max-width: 1200px) 520px, (max-width: 1400px) 43vw, 600px\" data-recalc-dims=\"1\" \/><\/figure><\/li><\/ul><figcaption class=\"blocks-gallery-caption\"><em>Le stade nautique Roucas blanc de Marseille et ses 5 terrasses v\u00e9g\u00e9talis\u00e9es <\/em><\/figcaption><\/figure>\n\n\n\n<p>Ce b\u00e2timent, con\u00e7u pour le Comit\u00e9 d&rsquo;organisation des Jeux Olympiques et Paralympiques de 2024 et la F\u00e9d\u00e9ration Fran\u00e7aise de Voile, accueillera les \u00e9preuves de voile des jeux olympiques de Paris 2024. La toiture v\u00e9g\u00e9talis\u00e9e a \u00e9t\u00e9 con\u00e7ue pour recr\u00e9er des \u00e9cosyst\u00e8mes de substitution pour des esp\u00e8ces menac\u00e9e dans une zone urbanis\u00e9e. On note la pr\u00e9sence de micro-habitats en toiture pour la microfaune (d\u00e9pressions de sable, bois mort pr\u00e9lev\u00e9 sur site et pierrier). L\u2019ensemble a obtenu la certification Effinature pour la pr\u00e9servation de la biodiversit\u00e9&nbsp;<\/p>\n\n\n\n<p>Les toitures v\u00e9g\u00e9tales contribuent \u00e0 l\u2019am\u00e9lioration de la biodiversit\u00e9 dans les villes, \u00e0 limiter le ruissellement des eaux de pluie, \u00e0 lutter contre les ilots de chaleur et \u00e0 fixer les particules polluantes en suspension.&nbsp;<\/p>\n\n\n\n<figure class=\"wp-block-image size-full\"><img loading=\"lazy\" width=\"720\" height=\"207\" src=\"https:\/\/i2.wp.com\/batimedianews.com\/live\/wp-content\/uploads\/2024\/05\/image-130.png?resize=720%2C207\" alt=\"\" class=\"wp-image-37754\" srcset=\"https:\/\/i2.wp.com\/batimedianews.com\/live\/wp-content\/uploads\/2024\/05\/image-130.png?w=1390 1390w, https:\/\/i2.wp.com\/batimedianews.com\/live\/wp-content\/uploads\/2024\/05\/image-130.png?resize=768%2C221 768w, https:\/\/i2.wp.com\/batimedianews.com\/live\/wp-content\/uploads\/2024\/05\/image-130.png?resize=432%2C124 432w, https:\/\/i2.wp.com\/batimedianews.com\/live\/wp-content\/uploads\/2024\/05\/image-130.png?resize=396%2C114 396w, https:\/\/i2.wp.com\/batimedianews.com\/live\/wp-content\/uploads\/2024\/05\/image-130.png?resize=1120%2C322 1120w, https:\/\/i2.wp.com\/batimedianews.com\/live\/wp-content\/uploads\/2024\/05\/image-130.png?resize=660%2C190 660w\" sizes=\"(max-width: 600px) 91vw, (max-width: 900px) 600px, (max-width: 1060px) 50vw, (max-width: 1200px) 520px, (max-width: 1400px) 43vw, 600px\" data-recalc-dims=\"1\" \/><\/figure>\n\n\n\n<p class=\"has-small-font-size\">(1) ECOVEGETAL, leader en France des parkings perm\u00e9ables et co-leader des toitures v\u00e9g\u00e9talis\u00e9es emploie 120 personnes r\u00e9parties sur 5 sites de production en France : Brou\u00e9 (28), Le Thor (84), Poussignac (47) et S\u00e9raucourt-le-Grand (02) et Bouzonville (57). A ce jour, ECOVEGETAL a r\u00e9alis\u00e9 plus de 4,5 millions de m2 de parkings perm\u00e9ables et 3 millions de m2 de toitures v\u00e9g\u00e9talis\u00e9es.&nbsp;<\/p>\n\n\n\n<p class=\"has-small-font-size\">(2) Le syst\u00e8me semi-intensif permet de r\u00e9aliser un jardin sur terrasse sans les contraintes de poids d\u2019une terrasse jardin traditionnelle. Les composants du syst\u00e8me de v\u00e9g\u00e9talisation sont choisis sp\u00e9cialement pour accueillir une palette v\u00e9g\u00e9tale diversifi\u00e9e tout en promettant un poids l\u00e9ger&nbsp;<\/p>\n\n\n\n<p><\/p>\n","protected":false},"excerpt":{"rendered":"<p>Cette toiture a \u00e9t\u00e9 v\u00e9g\u00e9talis\u00e9e avec un syst\u00e8me end\u00e9mique qui s\u2019appuie sur la gamme, ENDEMIS PACA, \u00e0 savoir des esp\u00e8ces locales. Il repose sur un substrat JARDILIGHT 1.1 enrichi pour une r\u00e9tention d\u2019eau accrue et un meilleur d\u00e9veloppement des v\u00e9g\u00e9taux. Ce type de substrat, compos\u00e9 de compost, argile expans\u00e9e, pouzzolane et de terre cuite, est [&hellip;]<\/p>\n","protected":false},"author":41,"featured_media":37755,"comment_status":"open","ping_status":"open","sticky":false,"template":"","format":"standard","meta":{"spay_email":""},"categories":[5,29,707,2310,736],"tags":[],"jetpack_featured_media_url":"https:\/\/i0.wp.com\/batimedianews.com\/live\/wp-content\/uploads\/2024\/05\/ecovegetal.jpg?fit=1513%2C825","jetpack_sharing_enabled":true,"jetpack_likes_enabled":true,"jetpack-related-posts":[{"id":20843,"url":"http:\/\/batimedianews.com\/live\/index.php\/2022\/06\/15\/lutte-contre-les-ilots-de-chaleur-ecovegetal-vegetalise-le-toit-de-la-capitainerie-de-sanary-sur-mer-83\/","url_meta":{"origin":37751,"position":0},"title":"Lutte contre les ilots de chaleur : ECOVEGETAL v\u00e9g\u00e9talise le toit de la Capitainerie de Sanary-sur-Mer (83)","date":"15 juin 2022","format":false,"excerpt":"Pour lutter contre les effets du r\u00e9chauffement et les ilots de chaleurs, ECOVEGETAL (1) vient de v\u00e9g\u00e9taliser, pour le compte d\u2019une entreprise de travaux publics locale, SMC BTP, la toiture de la capitainerie de Sanary-sur-Mer pour une surface totale de 195 m\u00b2.\u00a0 photos avant\/apr\u00e8s Les toitures-terrasses v\u00e9g\u00e9talis\u00e9es sont de plus\u2026","rel":"","context":"Dans &quot;Actualit\u00e9 Entreprises&quot;","img":{"alt_text":"","src":"https:\/\/i0.wp.com\/batimedianews.com\/live\/wp-content\/uploads\/2022\/06\/EcoVegetal-Article.jpg?fit=1080%2C1080&resize=350%2C200","width":350,"height":200},"classes":[]},{"id":36967,"url":"http:\/\/batimedianews.com\/live\/index.php\/2024\/04\/24\/ecovegetal-realise-1200-m2-de-toiture-vegetale-au-marche-des-avelines-a-st-cloud-92\/","url_meta":{"origin":37751,"position":1},"title":"ECOVEGETAL r\u00e9alise 1200 m2 de toiture v\u00e9g\u00e9tale au march\u00e9 des Avelines \u00e0 St Cloud (92)","date":"24 avril 2024","format":false,"excerpt":"Le nouveau march\u00e9 de la ville de St Cloud a pour ambition de devenir un v\u00e9ritable lien entre le boulevard de la R\u00e9publique et la rue Gounod. Lieux de vie, il va accueillir de nombreux commerces, une brasserie \u00e9toil\u00e9e, ainsi que \u00b2 commer\u00e7ants habituels du march\u00e9. Il a \u00e9t\u00e9 con\u00e7u\u2026","rel":"","context":"Dans &quot;toiture v\u00e9g\u00e9talis\u00e9e&quot;","img":{"alt_text":"","src":"https:\/\/i2.wp.com\/batimedianews.com\/live\/wp-content\/uploads\/2024\/04\/ecovegetal.jpg?fit=825%2C825&resize=350%2C200","width":350,"height":200},"classes":[]},{"id":32555,"url":"http:\/\/batimedianews.com\/live\/index.php\/2023\/10\/25\/ecovegetal-vegetalise-lilot-4b-du-projet-euronantes-gare-44\/","url_meta":{"origin":37751,"position":2},"title":"ECOVEGETAL v\u00e9g\u00e9talise l\u2019ilot 4B du projet Euronantes gare (44)","date":"25 octobre 2023","format":false,"excerpt":"\u00a0ECOVEGETAL (1) a utilis\u00e9 le syst\u00e8me SAXATILIS \u00ae semi intensif (2) pour v\u00e9g\u00e9taliser la toiture de 1000 m2 de l\u2019\u00eelot 4B d\u2019Euronantes.\u00a0 \u00a0SAXATILIS \u00ae est une solution de v\u00e9g\u00e9talisation de toiture semi-intensive \u00e0 faible \u00e9paisseur compos\u00e9e de sedums, de vivaces couvrantes (sedums, cerastium tomentosa, etc.) et de vivaces alpines dites\u2026","rel":"","context":"Dans &quot;Actualit\u00e9 Entreprises&quot;","img":{"alt_text":"","src":"https:\/\/i1.wp.com\/batimedianews.com\/live\/wp-content\/uploads\/2023\/10\/Ecovegetal-Image-articles-.jpg?fit=825%2C825&resize=350%2C200","width":350,"height":200},"classes":[]},{"id":18014,"url":"http:\/\/batimedianews.com\/live\/index.php\/2022\/04\/05\/ecovegetal-vegetalise-le-boulevard-peripherique-et-deux-stations-total-en-vis-a-vis-porte-daubervilliers\/","url_meta":{"origin":37751,"position":3},"title":"ECOVEGETAL v\u00e9g\u00e9talise le boulevard p\u00e9riph\u00e9rique et deux stations Total en vis-\u00e0-vis porte d\u2019Aubervilliers","date":"5 avril 2022","format":false,"excerpt":"ECOVEGETAL (1), coleader des toitures v\u00e9g\u00e9talis\u00e9es et leader des parking perm\u00e9ables, vient de r\u00e9aliser la toiture v\u00e9g\u00e9talis\u00e9e des deux stations d\u2019essence Total, situ\u00e9es en vis-\u00e0-vis, porte d\u2019Aubervilliers, pour un total de 1240 m2. La premi\u00e8re station Total, situ\u00e9e sur le boulevard p\u00e9riph\u00e9rique ext\u00e9rieur, repr\u00e9sente 600 m\u00b2\u00a0de toiture v\u00e9g\u00e9talis\u00e9e, y compris\u2026","rel":"","context":"Dans &quot;Toiture terrasse&quot;","img":{"alt_text":"","src":"https:\/\/i1.wp.com\/batimedianews.com\/live\/wp-content\/uploads\/2022\/03\/Ecovegetal-Article.jpg?fit=512%2C512&resize=350%2C200","width":350,"height":200},"classes":[]},{"id":31801,"url":"http:\/\/batimedianews.com\/live\/index.php\/2023\/09\/28\/etancheite-isolation-vegetalisation-deux-chantiers-de-soprema-entreprises-a-strasbourg\/","url_meta":{"origin":37751,"position":4},"title":"Etanch\u00e9it\u00e9, isolation, v\u00e9g\u00e9talisation : deux chantiers de Soprema Entreprises \u00e0 Strasbourg","date":"28 septembre 2023","format":false,"excerpt":"Soprema Entreprises est intervenue sur l\u2019extension de deux b\u00e2timents embl\u00e9matiques de Strasbourg\u00a0- la Manufacture des Tabacs et l\u2019H\u00f4tel des Postes \u2013 pour r\u00e9aliser l\u2019\u00e9tanch\u00e9it\u00e9, l\u2019isolation thermique et la v\u00e9g\u00e9talisation des toitures terrasses. Pascal Poggi pour Batim\u00e9dia Soprema Entreprises constitue la branche travaux \u2013 isolation thermique, \u00e9tanch\u00e9it\u00e9 des toitures, d\u00e9samiantage, cool\u2026","rel":"","context":"Dans &quot;Articles et analyses&quot;","img":{"alt_text":"","src":"https:\/\/i0.wp.com\/batimedianews.com\/live\/wp-content\/uploads\/2023\/09\/article-vocal.jpeg?fit=675%2C675&resize=350%2C200","width":350,"height":200},"classes":[]},{"id":31853,"url":"http:\/\/batimedianews.com\/live\/index.php\/2023\/10\/03\/aquapack-mousses-pp\/","url_meta":{"origin":37751,"position":5},"title":"AQUAPACK MOUSSES PP \u00ae","date":"3 octobre 2023","format":false,"excerpt":"ECOVEGETAL (1) commercialise AQUAPACK MOUSSES PP \u00ae, un nouveau syst\u00e8me sp\u00e9cialement con\u00e7u pour am\u00e9liorer la r\u00e9partition, le stockage et le drainage de l\u2019eau pour les parkings perm\u00e9ables (PP) v\u00e9g\u00e9talis\u00e9s.\u00a0 La solution AQUAPACK MOUSSES PP \u00ae d\u2019une dalle ECORASTER en PEBD 100% recycl\u00e9e et recyclable, pr\u00e9cultiv\u00e9e avec des v\u00e9g\u00e9taux r\u00e9sistants de\u2026","rel":"","context":"Dans &quot;Actualit\u00e9 Entreprises&quot;","img":{"alt_text":"","src":"https:\/\/i1.wp.com\/batimedianews.com\/live\/wp-content\/uploads\/2023\/09\/Ecovegetal-articles.jpg?fit=825%2C825&resize=350%2C200","width":350,"height":200},"classes":[]}],"_links":{"self":[{"href":"http:\/\/batimedianews.com\/live\/index.php\/wp-json\/wp\/v2\/posts\/37751"}],"collection":[{"href":"http:\/\/batimedianews.com\/live\/index.php\/wp-json\/wp\/v2\/posts"}],"about":[{"href":"http:\/\/batimedianews.com\/live\/index.php\/wp-json\/wp\/v2\/types\/post"}],"author":[{"embeddable":true,"href":"http:\/\/batimedianews.com\/live\/index.php\/wp-json\/wp\/v2\/users\/41"}],"replies":[{"embeddable":true,"href":"http:\/\/batimedianews.com\/live\/index.php\/wp-json\/wp\/v2\/comments?post=37751"}],"version-history":[{"count":2,"href":"http:\/\/batimedianews.com\/live\/index.php\/wp-json\/wp\/v2\/posts\/37751\/revisions"}],"predecessor-version":[{"id":37770,"href":"http:\/\/batimedianews.com\/live\/index.php\/wp-json\/wp\/v2\/posts\/37751\/revisions\/37770"}],"wp:featuredmedia":[{"embeddable":true,"href":"http:\/\/batimedianews.com\/live\/index.php\/wp-json\/wp\/v2\/media\/37755"}],"wp:attachment":[{"href":"http:\/\/batimedianews.com\/live\/index.php\/wp-json\/wp\/v2\/media?parent=37751"}],"wp:term":[{"taxonomy":"category","embeddable":true,"href":"http:\/\/batimedianews.com\/live\/index.php\/wp-json\/wp\/v2\/categories?post=37751"},{"taxonomy":"post_tag","embeddable":true,"href":"http:\/\/batimedianews.com\/live\/index.php\/wp-json\/wp\/v2\/tags?post=37751"}],"curies":[{"name":"wp","href":"https:\/\/api.w.org\/{rel}","templated":true}]}}