{"id":37763,"date":"2024-05-30T14:53:01","date_gmt":"2024-05-30T12:53:01","guid":{"rendered":"http:\/\/batimedianews.com\/live\/?p=37763"},"modified":"2024-06-04T13:54:46","modified_gmt":"2024-06-04T11:54:46","slug":"publication-du-livre-blanc-pour-une-filiere-de-la-renovation-globale-et-performante-des-batiments","status":"publish","type":"post","link":"http:\/\/batimedianews.com\/live\/index.php\/2024\/05\/30\/publication-du-livre-blanc-pour-une-filiere-de-la-renovation-globale-et-performante-des-batiments\/","title":{"rendered":"Publication du Livre blanc  \u00ab Pour une fili\u00e8re de la       r\u00e9novation globale et performante des b\u00e2timents \u00bb"},"content":{"rendered":"\n<p><strong>Le Comit\u00e9 Strat\u00e9gique de Fili\u00e8re Industries Pour la Construction (CSF IPC) publie son Livre blanc \u00ab Pour une fili\u00e8re de la r\u00e9novation globale et performante des b\u00e2timents&nbsp;\u00bb, qui a \u00e9t\u00e9 pr\u00e9sent\u00e9 par son pr\u00e9sident, Pierre-Etienne Bindschedler, le 28 mai \u00e0 Paris.<\/strong><\/p>\n\n\n\n<figure class=\"wp-block-image size-large\"><img loading=\"lazy\" width=\"720\" height=\"720\" src=\"https:\/\/i0.wp.com\/batimedianews.com\/live\/wp-content\/uploads\/2024\/05\/Conference-CSF-IPC-2.jpg?resize=720%2C720\" alt=\"\" class=\"wp-image-37765\" srcset=\"https:\/\/i0.wp.com\/batimedianews.com\/live\/wp-content\/uploads\/2024\/05\/Conference-CSF-IPC-2-rotated.jpg?resize=1024%2C1024 1024w, https:\/\/i0.wp.com\/batimedianews.com\/live\/wp-content\/uploads\/2024\/05\/Conference-CSF-IPC-2-rotated.jpg?resize=600%2C600 600w, https:\/\/i0.wp.com\/batimedianews.com\/live\/wp-content\/uploads\/2024\/05\/Conference-CSF-IPC-2-rotated.jpg?resize=300%2C300 300w, https:\/\/i0.wp.com\/batimedianews.com\/live\/wp-content\/uploads\/2024\/05\/Conference-CSF-IPC-2-rotated.jpg?resize=1536%2C1536 1536w, https:\/\/i0.wp.com\/batimedianews.com\/live\/wp-content\/uploads\/2024\/05\/Conference-CSF-IPC-2-rotated.jpg?resize=2048%2C2048 2048w, https:\/\/i0.wp.com\/batimedianews.com\/live\/wp-content\/uploads\/2024\/05\/Conference-CSF-IPC-2-rotated.jpg?resize=10%2C10 10w\" sizes=\"(max-width: 600px) 91vw, (max-width: 900px) 600px, (max-width: 1060px) 50vw, (max-width: 1200px) 520px, (max-width: 1400px) 43vw, 600px\" data-recalc-dims=\"1\" \/><\/figure>\n\n\n\n<p>La France n\u2019atteindra pas la neutralit\u00e9 carbone en 2050 sans la contribution de la fili\u00e8re de la construction. Car, le secteur du b\u00e2timent, loin devant celui des transports, repr\u00e9sente 44 % de l\u2019\u00e9nergie consomm\u00e9e en France et \u00e9met plus de 123 millions de tonnes de CO<sub>2<\/sub>&nbsp;chaque ann\u00e9e<strong>*<\/strong>.&nbsp;<\/p>\n\n\n\n<p>La Strat\u00e9gie Nationale Bas Carbone (SNBC) pr\u00e9voit donc fort opportun\u00e9ment la r\u00e9novation performante (au niveau BBC) de 500&nbsp;000 logements par an jusqu\u2019en 2030, puis 900&nbsp;000 entre 2030 et 2050<strong>*<\/strong>. Or, nous en sommes tr\u00e8s loin puisqu\u2019en 2023 nous avons r\u00e9nov\u00e9 de mani\u00e8re performante, comme les ann\u00e9es pr\u00e9c\u00e9dentes, environ 50&nbsp;000 logements.<\/p>\n\n\n\n<p>Atteindre les objectifs fix\u00e9s par la SNBC est un enjeu majeur puisqu\u2019il repr\u00e9sente, \u00e0 \u00e9ch\u00e9ance 2050, l\u2019\u00e9quivalent de la production de 65 centrales nucl\u00e9aires. Non seulement c\u2019est consid\u00e9rable, mais le b\u00e2timent performant pr\u00e9sente de plus un double avantage&nbsp;:&nbsp;<\/p>\n\n\n\n<ul><li>d\u2019une part, il est capable de faire plus que compenser ses besoins futurs en \u00e9lectrification de ses modes de chauffage par ses gains d\u2019efficacit\u00e9 \u00e9nerg\u00e9tique et de sobri\u00e9t\u00e9, permettant d\u2019affecter les nouvelles capacit\u00e9s de production d\u2019\u00e9lectricit\u00e9 d\u00e9carbon\u00e9e aux besoins importants des secteurs de l\u2019industrie et des transports.<\/li><li>d\u2019autre part, il est capable de produire de l\u2019\u00e9nergie renouvelable gr\u00e2ce au photovolta\u00efque, au solaire thermique, \u00e0 la biomasse et \u00e0 la g\u00e9othermie.<\/li><\/ul>\n\n\n\n<p>Malgr\u00e9 la mont\u00e9e en puissance du dispositif France Renov, nous n\u2019y parvenons pas. C\u2019est pourquoi, compte tenu de l\u2019importance de l\u2019enjeu, le CSF IPC propose de changer de m\u00e9thode pour faire \u00e9merger une fili\u00e8re de la r\u00e9novation globale et performante des b\u00e2timents. Il s\u2019agit, dans le domaine du b\u00e2timent, d\u2019une mutation aussi cruciale&nbsp;&nbsp;que celle que vit actuellement l\u2019industrie automobile qui bascule du thermique vers l\u2019\u00e9lectrique.&nbsp;<\/p>\n\n\n\n<p><strong>Le CSF IPC propose donc de lancer trois chantiers d\u2019innovation et un programme d\u2019exp\u00e9rimentation, en partenariat avec l\u2019Etat, les collectivit\u00e9s territoriales, les assureurs et les banques.&nbsp;<\/strong><\/p>\n\n\n\n<p>1 \u2013&nbsp;<strong>La garantie de performance<\/strong><\/p>\n\n\n\n<p>Ce sujet est central pour d\u00e9clencher la prise de d\u00e9cision&nbsp;: le propri\u00e9taire, qu\u2019il soit public ou priv\u00e9, ne sera pr\u00eat \u00e0 investir que s\u2019il a l\u2019assurance que les \u00e9conomies pr\u00e9vues seront effectives.&nbsp;<\/p>\n\n\n\n<p>&nbsp;&nbsp;&nbsp;&nbsp;&nbsp;&nbsp;&nbsp;&nbsp;&nbsp;&nbsp;&nbsp;&nbsp;2 &#8211;&nbsp;<strong>L\u2019\u00e9volution des modes constructifs<\/strong><\/p>\n\n\n\n<p>Il n\u2019y a actuellement pas de changement de mod\u00e8le \u00e9conomico-technique de la fili\u00e8re de la construction au profit de la r\u00e9novation. Or, le savoir-faire pour une r\u00e9novation performante existe comme en t\u00e9moignent de nombreux exemples.&nbsp;<\/p>\n\n\n\n<p>&nbsp;&nbsp;&nbsp;&nbsp;&nbsp;&nbsp;&nbsp;&nbsp;&nbsp;&nbsp;&nbsp;&nbsp;3 \u2013&nbsp;<strong>La coordination des acteurs sur les territoires<\/strong><\/p>\n\n\n\n<p>La territorialisation permettra l\u2019\u00e9mergence de champions r\u00e9gionaux de la r\u00e9novation globale et performante. Le CSF IPC appelle de ses v\u0153ux, avec le soutien de l\u2019Etat et de R\u00e9gions de France, la mise en place d\u2019un programme d\u2019exp\u00e9rimentation dans deux r\u00e9gions pilotes le Grand Est et l\u2019Occitanie. Ce programme, intitul\u00e9 RENOBATI, permettra d\u2019accompagner techniquement et financi\u00e8rement 20 territoires portant des programmes ambitieux de r\u00e9novation performante qui devront int\u00e9grer tous les types de b\u00e2timents (maisons individuelles, copropri\u00e9t\u00e9s, tertiaire public, tertiaire priv\u00e9, parc social, passoires thermiques, \u2026).<\/p>\n\n\n\n<p><em>Nous n\u2019atteindrons les 900&nbsp;000 r\u00e9novations de logements par an, indispensables pour que la France respecte l\u2019Accord de Paris et cruciales pour notre \u00e9conomie, que si la fili\u00e8re gagne en productivit\u00e9 gr\u00e2ce \u00e0 un ambitieux programme d\u2019innovation de rupture qui passe notamment par sa num\u00e9risation. Cette condition n\u00e9cessaire ne sera pas suffisante. La cr\u00e9ation de la fili\u00e8re de la r\u00e9novation globale et performante ne sera rendue possible que gr\u00e2ce \u00e0 une \u00e9volution en profondeur de l\u2019implication des assurances et des banques. Le CSF IPC souhaite ouvrir ce chantier en partenariat avec elles,&nbsp;<\/em>souligne son pr\u00e9sident Pierre-Etienne Bindschedler.<\/p>\n\n\n\n<figure class=\"wp-block-image size-full\"><a href=\"https:\/\/adrienvisano.fr\/LIVRE-BLANC-2024-11.pdf\"><img loading=\"lazy\" width=\"276\" height=\"390\" src=\"https:\/\/i2.wp.com\/batimedianews.com\/live\/wp-content\/uploads\/2024\/05\/image-131.png?resize=276%2C390\" alt=\"\" class=\"wp-image-37764\" srcset=\"https:\/\/i2.wp.com\/batimedianews.com\/live\/wp-content\/uploads\/2024\/05\/image-131.png?w=276 276w, https:\/\/i2.wp.com\/batimedianews.com\/live\/wp-content\/uploads\/2024\/05\/image-131.png?resize=768%2C1085 768w\" sizes=\"(max-width: 600px) 91vw, (max-width: 900px) 600px, (max-width: 1060px) 50vw, (max-width: 1200px) 520px, (max-width: 1400px) 43vw, 600px\" data-recalc-dims=\"1\" \/><\/a><\/figure>\n\n\n\n<p><\/p>\n","protected":false},"excerpt":{"rendered":"<p>Le Comit\u00e9 Strat\u00e9gique de Fili\u00e8re Industries Pour la Construction (CSF IPC) publie son Livre blanc \u00ab Pour une fili\u00e8re de la r\u00e9novation globale et performante des b\u00e2timents&nbsp;\u00bb, qui a \u00e9t\u00e9 pr\u00e9sent\u00e9 par son pr\u00e9sident, Pierre-Etienne Bindschedler, le 28 mai \u00e0 Paris. La France n\u2019atteindra pas la neutralit\u00e9 carbone en 2050 sans la contribution de la [&hellip;]<\/p>\n","protected":false},"author":41,"featured_media":37766,"comment_status":"open","ping_status":"open","sticky":false,"template":"","format":"standard","meta":{"spay_email":""},"categories":[4,1364,108],"tags":[],"jetpack_featured_media_url":"https:\/\/i1.wp.com\/batimedianews.com\/live\/wp-content\/uploads\/2024\/05\/cni.jpg?fit=1513%2C825","jetpack_sharing_enabled":true,"jetpack_likes_enabled":true,"jetpack-related-posts":[{"id":3556,"url":"http:\/\/batimedianews.com\/live\/index.php\/2019\/12\/02\/evolution-de-la-demande-finale-du-bois-dans-la-construction-la-renovation-et-lamenagement-des-batiments-prospective-a-2020-2035-et-2050\/","url_meta":{"origin":37763,"position":0},"title":"\u00c9volution de la demande finale du bois dans la construction, la r\u00e9novation et l\u2019am\u00e9nagement des b\u00e2timents : prospective \u00e0 2020, 2035 et 2050","date":"2 d\u00e9cembre 2019","format":false,"excerpt":"L\u2019\u00e9tude, initi\u00e9e par le CSF Bois avec le soutien des quatre ministres signataires de son contrat strat\u00e9gique, a \u00e9t\u00e9 diligent\u00e9e conjointement par l\u2019ADEME, le CODIFAB (porteur du projet) et France Bois For\u00eat. Son objectif est d\u2019enrichir la r\u00e9flexion pour le d\u00e9veloppement du bois dans la construction, premier march\u00e9 pour l\u2019exploitation\u2026","rel":"","context":"Dans &quot;Actualit\u00e9 Entreprises&quot;","img":{"alt_text":"","src":"https:\/\/i0.wp.com\/batimedianews.com\/live\/wp-content\/uploads\/2019\/12\/csf_bois.jpg?resize=350%2C200","width":350,"height":200},"classes":[]},{"id":9799,"url":"http:\/\/batimedianews.com\/live\/index.php\/2021\/05\/17\/re2020-moment-charniere-pour-la-filiere-bois-francaise\/","url_meta":{"origin":37763,"position":1},"title":"RE2020 : MOMENT CHARNI\u00c8RE POUR LA FILI\u00c8RE BOIS FRAN\u00c7AISE","date":"17 mai 2021","format":false,"excerpt":"LES FRAN\u00c7AIS PL\u00c9BISCITENT LE BOIS DANS LE SECTEUR DU B\u00c2TIMENT POUR DIMINUER L\u2019EMPREINTE CARBONE DES CONSTRUCTIONS\u00a0 Le bois a un r\u00f4le essentiel \u00e0 jouer dans la r\u00e9duction de l\u2019empreinte carbone des b\u00e2timents et ce sont les Fran\u00e7ais eux-m\u00eames qui le disent ! D\u2019apr\u00e8s la r\u00e9cente enqu\u00eate men\u00e9e par CSA pour\u2026","rel":"","context":"Dans &quot;Actualit\u00e9 Entreprises&quot;","img":{"alt_text":"","src":"https:\/\/i2.wp.com\/batimedianews.com\/live\/wp-content\/uploads\/2021\/05\/Fili\u00e8reBois-Article.jpg?fit=512%2C512&resize=350%2C200","width":350,"height":200},"classes":[]},{"id":32464,"url":"http:\/\/batimedianews.com\/live\/index.php\/2023\/10\/23\/aides-a-la-renovation-energetique-des-batiments-lufme-propose-dadapter-les-criteres-deligibilite-des-fenetres-au-parc-residentiel-existant\/","url_meta":{"origin":37763,"position":2},"title":"Aides \u00e0 la r\u00e9novation \u00e9nerg\u00e9tique des b\u00e2timents : l\u2019UFME propose d\u2019adapter les crit\u00e8res d\u2019\u00e9ligibilit\u00e9 des fen\u00eatres au parc r\u00e9sidentiel existant","date":"23 octobre 2023","format":false,"excerpt":"\u00a0Une brique essentielle pour une r\u00e9novation globale efficace\u00a0 L\u2019abaissement des consommations \u00e9nerg\u00e9tiques des b\u00e2timents est un enjeu majeur de la Strat\u00e9gie Nationale Bas Carbone, le plan d\u2019actions visant notamment la massification de la r\u00e9novation du parc r\u00e9sidentiel existant. L\u2019Union des Fabricants de Menuiseries (UFME) met en lumi\u00e8re la n\u00e9cessit\u00e9 d\u2019int\u00e9grer\u2026","rel":"","context":"Dans &quot;Actualit\u00e9 Entreprises&quot;","img":{"alt_text":"","src":"https:\/\/i1.wp.com\/batimedianews.com\/live\/wp-content\/uploads\/2023\/10\/UFME-Image-articles-.jpg?fit=825%2C825&resize=350%2C200","width":350,"height":200},"classes":[]},{"id":42601,"url":"http:\/\/batimedianews.com\/live\/index.php\/2025\/02\/04\/conjoncture-et-perspectives-des-industries-des-produits-de-construction-les-resultats-de-lenquete-de-tendances-de-laimcc-2\/","url_meta":{"origin":37763,"position":3},"title":"Conjoncture et perspectives des industries des produits de construction : les r\u00e9sultats de l\u2019enqu\u00eate de tendances de l\u2019AIMCC","date":"4 f\u00e9vrier 2025","format":false,"excerpt":"L\u2019AIMCC a organis\u00e9 le 30 janvier une conf\u00e9rence pour pr\u00e9senter les r\u00e9sultats de son enqu\u00eate annuelle de tendances.\u00a0Les pr\u00e9sidents de l\u2019ensemble des organisations professionnelles, membres de l\u2019AIMCC, fabricants de produits de gros \u0153uvre, second \u0153uvre et \u00e9quipements ont \u00e9t\u00e9 invit\u00e9s \u00e0 y r\u00e9pondre en ligne en d\u00e9cembre 2024.\u00a024 des 39\u2026","rel":"","context":"Dans &quot;Actualit\u00e9 Entreprises&quot;","img":{"alt_text":"","src":"https:\/\/i1.wp.com\/batimedianews.com\/live\/wp-content\/uploads\/2025\/02\/AIMCC-articles-.jpg?fit=825%2C825&resize=350%2C200","width":350,"height":200},"classes":[]},{"id":7020,"url":"http:\/\/batimedianews.com\/live\/index.php\/2020\/11\/26\/reglementation-environnementale-re2020-et-calcul-du-bilan-carbone-des-materiaux-de-construction-la-filiere-bois-appelle-des-criteres-plus-ambitieux-pour-relever-les-defis-de-la-neutral\/","url_meta":{"origin":37763,"position":4},"title":"R\u00c9GLEMENTATION ENVIRONNEMENTALE \u00ab RE2020 \u00bb ET CALCUL DU BILAN CARBONE DES MAT\u00c9RIAUX DE CONSTRUCTION : LA FILI\u00c8RE BOIS APPELLE DES CRIT\u00c8RES PLUS AMBITIEUX POUR RELEVER LES D\u00c9FIS DE LA NEUTRALIT\u00c9 CARBONE","date":"26 novembre 2020","format":false,"excerpt":"Au moment o\u00f9 la R\u00e9glementation Environnementale 2020, qui orientera les constructions de demain, doit faire l\u2019objet d\u2019arbitrages au sein du Gouvernement, la fili\u00e8re for\u00eat-bois appelle \u00e0 la plus grande vigilance. La RE2020 aura en effet valeur d\u2019un signal consid\u00e9rable adress\u00e9 aux acteurs \u00e9conomiques pour atteindre en 2030 l\u2019objectif de r\u00e9duction\u2026","rel":"","context":"Dans &quot;Actualit\u00e9 Entreprises&quot;","img":{"alt_text":"","src":"","width":0,"height":0},"classes":[]},{"id":17054,"url":"http:\/\/batimedianews.com\/live\/index.php\/2022\/03\/08\/la-transition-ecologique-du-bati-faire-de-la-transition-ecologique-du-bati-un-sujet-central-du-prochain-quinquennat\/","url_meta":{"origin":37763,"position":5},"title":"La transition \u00e9cologique du b\u00e2ti : faire de la transition \u00e9cologique du b\u00e2ti un sujet central du prochain quinquennat","date":"8 mars 2022","format":false,"excerpt":"Un comit\u00e9 de r\u00e9flexion s\u2019est r\u00e9uni le mercredi 23 f\u00e9vrier 2022 pour r\u00e9fl\u00e9chir \u00e0 des propositions concr\u00e8tes et op\u00e9rationnelles \u00e0 pr\u00e9senter aux candidats \u00e0 l\u2019\u00e9lection pr\u00e9sidentielle. Acteurs priv\u00e9s, issus du secteur industriel, du conseil ou de la soci\u00e9t\u00e9\u2002civile, tous partagent le m\u00eame constat : la transition \u00e9cologique du b\u00e2ti et\u2026","rel":"","context":"Dans &quot;Actualit\u00e9 Entreprises&quot;","img":{"alt_text":"","src":"https:\/\/i1.wp.com\/batimedianews.com\/live\/wp-content\/uploads\/2022\/03\/KnaufInsulation-Article.jpg?fit=512%2C512&resize=350%2C200","width":350,"height":200},"classes":[]}],"_links":{"self":[{"href":"http:\/\/batimedianews.com\/live\/index.php\/wp-json\/wp\/v2\/posts\/37763"}],"collection":[{"href":"http:\/\/batimedianews.com\/live\/index.php\/wp-json\/wp\/v2\/posts"}],"about":[{"href":"http:\/\/batimedianews.com\/live\/index.php\/wp-json\/wp\/v2\/types\/post"}],"author":[{"embeddable":true,"href":"http:\/\/batimedianews.com\/live\/index.php\/wp-json\/wp\/v2\/users\/41"}],"replies":[{"embeddable":true,"href":"http:\/\/batimedianews.com\/live\/index.php\/wp-json\/wp\/v2\/comments?post=37763"}],"version-history":[{"count":2,"href":"http:\/\/batimedianews.com\/live\/index.php\/wp-json\/wp\/v2\/posts\/37763\/revisions"}],"predecessor-version":[{"id":37775,"href":"http:\/\/batimedianews.com\/live\/index.php\/wp-json\/wp\/v2\/posts\/37763\/revisions\/37775"}],"wp:featuredmedia":[{"embeddable":true,"href":"http:\/\/batimedianews.com\/live\/index.php\/wp-json\/wp\/v2\/media\/37766"}],"wp:attachment":[{"href":"http:\/\/batimedianews.com\/live\/index.php\/wp-json\/wp\/v2\/media?parent=37763"}],"wp:term":[{"taxonomy":"category","embeddable":true,"href":"http:\/\/batimedianews.com\/live\/index.php\/wp-json\/wp\/v2\/categories?post=37763"},{"taxonomy":"post_tag","embeddable":true,"href":"http:\/\/batimedianews.com\/live\/index.php\/wp-json\/wp\/v2\/tags?post=37763"}],"curies":[{"name":"wp","href":"https:\/\/api.w.org\/{rel}","templated":true}]}}