{"id":37890,"date":"2024-06-05T10:21:54","date_gmt":"2024-06-05T08:21:54","guid":{"rendered":"http:\/\/batimedianews.com\/live\/?p=37890"},"modified":"2024-06-05T10:21:56","modified_gmt":"2024-06-05T08:21:56","slug":"bjelin-lance-son-parquet-a-batons-rompus-en-france","status":"publish","type":"post","link":"http:\/\/batimedianews.com\/live\/index.php\/2024\/06\/05\/bjelin-lance-son-parquet-a-batons-rompus-en-france\/","title":{"rendered":"Bjelin lance son parquet \u00e0 b\u00e2tons rompus en France"},"content":{"rendered":"\n<p class=\"has-text-align-center\"><em>Bjelin pr\u00e9sente son parquet \u00e0 b\u00e2tons rompus au march\u00e9 fran\u00e7ais \u00e0 l\u2019occasion du Carrefour International du Bois (CIB). Cet \u00e9v\u00e9nement qui se d\u00e9roule du 28 au 30 mai est un salon professionnel de premier plan consacr\u00e9 aux produits du bois.<\/em><\/p>\n\n\n\n<figure class=\"wp-block-image size-large\"><img loading=\"lazy\" width=\"720\" height=\"720\" src=\"https:\/\/i0.wp.com\/batimedianews.com\/live\/wp-content\/uploads\/2024\/06\/image-15.png?resize=720%2C720\" alt=\"\" class=\"wp-image-37891\" srcset=\"https:\/\/i0.wp.com\/batimedianews.com\/live\/wp-content\/uploads\/2024\/06\/image-15.png?resize=1024%2C1024 1024w, https:\/\/i0.wp.com\/batimedianews.com\/live\/wp-content\/uploads\/2024\/06\/image-15.png?resize=600%2C600 600w, https:\/\/i0.wp.com\/batimedianews.com\/live\/wp-content\/uploads\/2024\/06\/image-15.png?resize=300%2C300 300w, https:\/\/i0.wp.com\/batimedianews.com\/live\/wp-content\/uploads\/2024\/06\/image-15.png?resize=1536%2C1536 1536w, https:\/\/i0.wp.com\/batimedianews.com\/live\/wp-content\/uploads\/2024\/06\/image-15.png?resize=2048%2C2048 2048w, https:\/\/i0.wp.com\/batimedianews.com\/live\/wp-content\/uploads\/2024\/06\/image-15.png?resize=10%2C10 10w\" sizes=\"(max-width: 600px) 91vw, (max-width: 900px) 600px, (max-width: 1060px) 50vw, (max-width: 1200px) 520px, (max-width: 1400px) 43vw, 600px\" data-recalc-dims=\"1\" \/><\/figure>\n\n\n\n<p class=\"has-text-color\" style=\"color:#8c3c2c\"><em><strong>\u00abLe parquet \u00e0 b\u00e2tons rompus est un style de parquet populaire en Europe, et nous avons constat\u00e9 une augmentation de la demande en France\u00bb, a d\u00e9clar\u00e9 David Sarcinella, directeur de Bjelin France.<\/strong><\/em><\/p>\n\n\n\n<p class=\"has-text-color\" style=\"color:#8c3c2c\"><em><strong>\u00abCe parquet \u00e0 b\u00e2tons rompus dot\u00e9 de la technologie click 5G viendra compl\u00e9ter notre \u00e9tendue de produits et nous rendra encore plus comp\u00e9titifs sur le march\u00e9.\u00bb<\/strong><\/em><\/p>\n\n\n\n<p>D\u00e9velopp\u00e9 et fabriqu\u00e9 en Europe, le parquet \u00e0 b\u00e2tons rompus de conception scandinave de Bjelin est dot\u00e9 de la technologie brevet\u00e9e 5G\u00ae click, qui rend les sols faciles \u00e0 installer. Les lames sont simplement embo\u00eet\u00e9es sans clou ni colle, ce qui r\u00e9duit consid\u00e9rablement le temps de pose.<\/p>\n\n\n\n<p>Le parquet \u00e0 b\u00e2tons rompus de Bjelin est fabriqu\u00e9 \u00e0 partir de ch\u00eane, r\u00e9colt\u00e9 de mani\u00e8re responsable dans la c\u00e9l\u00e8bre for\u00eat de Spa\u010dva en Croatie. Classique et intemporel, ce sol peut \u00eatre install\u00e9 selon de multiples combinaisons cr\u00e9atives.<\/p>\n\n\n\n<p>Le syst\u00e8me de verrouillage des sols 5G, d\u00e9velopp\u00e9 par la soci\u00e9t\u00e9 soeur V\u00e4linge Innovation, est r\u00e9put\u00e9. En installant le rev\u00eatement en lames individuelles assembl\u00e9es m\u00e9caniquement entre elles, le mouvement naturel du bois est neutralis\u00e9.<\/p>\n\n\n\n<p>Ce parquet a \u00e9t\u00e9 con\u00e7u pour une installation flottante, ce qui minimise les probl\u00e8mes de tuilage, de craquements et d\u2019espacements entre les lames.<\/p>\n\n\n\n<p>Bjelin est impatient de communiquer davantage d\u2019actualit\u00e9s au fur et \u00e0 mesure de la croissance de l\u2019entreprise.<\/p>\n\n\n\n<p style=\"font-size:29px\"><em>Le parquet \u00e0 b\u00e2tons rompus dot\u00e9 de la technologie 5G click.<\/em><\/p>\n\n\n\n<div class=\"wp-block-columns\">\n<div class=\"wp-block-column\">\n<figure class=\"wp-block-image size-large\"><img loading=\"lazy\" width=\"720\" height=\"720\" src=\"https:\/\/i1.wp.com\/batimedianews.com\/live\/wp-content\/uploads\/2024\/06\/image-16.png?resize=720%2C720\" alt=\"\" class=\"wp-image-37892\" srcset=\"https:\/\/i1.wp.com\/batimedianews.com\/live\/wp-content\/uploads\/2024\/06\/image-16.png?resize=1024%2C1024 1024w, https:\/\/i1.wp.com\/batimedianews.com\/live\/wp-content\/uploads\/2024\/06\/image-16.png?resize=600%2C600 600w, https:\/\/i1.wp.com\/batimedianews.com\/live\/wp-content\/uploads\/2024\/06\/image-16.png?resize=300%2C300 300w, https:\/\/i1.wp.com\/batimedianews.com\/live\/wp-content\/uploads\/2024\/06\/image-16.png?resize=1536%2C1536 1536w, https:\/\/i1.wp.com\/batimedianews.com\/live\/wp-content\/uploads\/2024\/06\/image-16.png?resize=2048%2C2048 2048w, https:\/\/i1.wp.com\/batimedianews.com\/live\/wp-content\/uploads\/2024\/06\/image-16.png?resize=10%2C10 10w\" sizes=\"(max-width: 600px) 91vw, (max-width: 900px) 600px, (max-width: 1060px) 50vw, (max-width: 1200px) 520px, (max-width: 1400px) 43vw, 600px\" data-recalc-dims=\"1\" \/><\/figure>\n\n\n\n<p><em>Apr\u00e8s la pose, il n\u2019est pas n\u00e9cessaire de poncer ou de traiter la surface du sol. Toutefois, le sol pourra \u00eatre ponc\u00e9 et r\u00e9nov\u00e9 \u00e0 l\u2019avenir pour durer plus longtemps.<\/em><\/p>\n\n\n\n<figure class=\"wp-block-image size-full\"><img loading=\"lazy\" width=\"522\" height=\"160\" src=\"https:\/\/i1.wp.com\/batimedianews.com\/live\/wp-content\/uploads\/2024\/06\/image-17.png?resize=522%2C160\" alt=\"\" class=\"wp-image-37893\" srcset=\"https:\/\/i1.wp.com\/batimedianews.com\/live\/wp-content\/uploads\/2024\/06\/image-17.png?w=522 522w, https:\/\/i1.wp.com\/batimedianews.com\/live\/wp-content\/uploads\/2024\/06\/image-17.png?resize=768%2C235 768w, https:\/\/i1.wp.com\/batimedianews.com\/live\/wp-content\/uploads\/2024\/06\/image-17.png?resize=432%2C132 432w, https:\/\/i1.wp.com\/batimedianews.com\/live\/wp-content\/uploads\/2024\/06\/image-17.png?resize=396%2C121 396w\" sizes=\"(max-width: 600px) 91vw, (max-width: 900px) 600px, (max-width: 1060px) 50vw, (max-width: 1200px) 520px, (max-width: 1400px) 43vw, 600px\" data-recalc-dims=\"1\" \/><\/figure>\n\n\n\n<p><em>L\u2019assemblage permet un alignement parfait, et dans la mesure o\u00f9 les lames individuelles sont verrouill\u00e9es m\u00e9caniquement entre elles, le mouvement naturel du bois est neutralis\u00e9.<\/em><\/p>\n\n\n\n<figure class=\"wp-block-image size-full\"><img loading=\"lazy\" width=\"296\" height=\"80\" src=\"https:\/\/i2.wp.com\/batimedianews.com\/live\/wp-content\/uploads\/2024\/06\/image-18.png?resize=296%2C80\" alt=\"\" class=\"wp-image-37894\" srcset=\"https:\/\/i2.wp.com\/batimedianews.com\/live\/wp-content\/uploads\/2024\/06\/image-18.png?w=296 296w, https:\/\/i2.wp.com\/batimedianews.com\/live\/wp-content\/uploads\/2024\/06\/image-18.png?resize=768%2C207 768w\" sizes=\"(max-width: 600px) 91vw, (max-width: 900px) 600px, (max-width: 1060px) 50vw, (max-width: 1200px) 520px, (max-width: 1400px) 43vw, 600px\" data-recalc-dims=\"1\" \/><\/figure>\n\n\n\n<p><em>L\u2019\u00e2me centrale en HDF permet au parquet de r\u00e9sister aux contraintes cr\u00e9\u00e9es par les variations d\u2019humidit\u00e9.<\/em><\/p>\n<\/div>\n\n\n\n<div class=\"wp-block-column\">\n<figure class=\"wp-block-image size-full\"><img loading=\"lazy\" width=\"432\" height=\"308\" src=\"https:\/\/i2.wp.com\/batimedianews.com\/live\/wp-content\/uploads\/2024\/06\/image-19.png?resize=432%2C308\" alt=\"\" class=\"wp-image-37895\" srcset=\"https:\/\/i2.wp.com\/batimedianews.com\/live\/wp-content\/uploads\/2024\/06\/image-19.png?w=432 432w, https:\/\/i2.wp.com\/batimedianews.com\/live\/wp-content\/uploads\/2024\/06\/image-19.png?resize=768%2C547 768w, https:\/\/i2.wp.com\/batimedianews.com\/live\/wp-content\/uploads\/2024\/06\/image-19.png?resize=396%2C282 396w\" sizes=\"(max-width: 600px) 91vw, (max-width: 900px) 600px, (max-width: 1060px) 50vw, (max-width: 1200px) 520px, (max-width: 1400px) 43vw, 600px\" data-recalc-dims=\"1\" \/><\/figure>\n\n\n\n<p>Con\u00e7u en 3 plis, ce sol classique est le premier parquet \u00e0 b\u00e2tons rompus Bjelin \u00e0 int\u00e9grer la technologie d\u2019assemblage du sol. Le syst\u00e8me brevet\u00e9 5G\u2122, d\u00e9velopp\u00e9 par la soci\u00e9t\u00e9 soeur V\u00e4linge Innovation, associ\u00e9 \u00e0 des lames de sol trait\u00e9es en surface et d\u00e9j\u00e0 teint\u00e9es, permet d\u2019\u00e9viter les \u00e9tapes n\u00e9cessitant une forte capacit\u00e9 de main-d\u2019oeuvre et ainsi de r\u00e9duire les co\u00fbts. Son design intemporel, sa conception et la possibilit\u00e9 de le poncer et de le traiter \u00e0 l\u2019avenir, en font un choix v\u00e9ritablement durable.<\/p>\n\n\n\n<figure class=\"wp-block-image size-full\"><img loading=\"lazy\" width=\"524\" height=\"372\" src=\"https:\/\/i2.wp.com\/batimedianews.com\/live\/wp-content\/uploads\/2024\/06\/image-20.png?resize=524%2C372\" alt=\"\" class=\"wp-image-37896\" srcset=\"https:\/\/i2.wp.com\/batimedianews.com\/live\/wp-content\/uploads\/2024\/06\/image-20.png?w=524 524w, https:\/\/i2.wp.com\/batimedianews.com\/live\/wp-content\/uploads\/2024\/06\/image-20.png?resize=768%2C545 768w, https:\/\/i2.wp.com\/batimedianews.com\/live\/wp-content\/uploads\/2024\/06\/image-20.png?resize=432%2C307 432w, https:\/\/i2.wp.com\/batimedianews.com\/live\/wp-content\/uploads\/2024\/06\/image-20.png?resize=396%2C281 396w\" sizes=\"(max-width: 600px) 91vw, (max-width: 900px) 600px, (max-width: 1060px) 50vw, (max-width: 1200px) 520px, (max-width: 1400px) 43vw, 600px\" data-recalc-dims=\"1\" \/><\/figure>\n\n\n\n<p><strong>Installation facile<\/strong><\/p>\n\n\n\n<p>Le syst\u00e8me de verrouillage des lames 5G\u2122 est r\u00e9put\u00e9 pour sa facilit\u00e9, sa rapidit\u00e9 et sa fiabilit\u00e9 d\u2019installation. Aucun outil, colle ou clou n\u2019est n\u00e9cessaire. Il suffit simplement de clipser les lames entre elles, ce qui limite les risques d\u2019\u00e9carts entre les lames. Des triangles de d\u00e9part pr\u00eats \u00e0 l\u2019emploi permettent une installation encore plus rapide.<\/p>\n\n\n\n<p><strong>Choix de bois<\/strong><\/p>\n\n\n\n<figure class=\"wp-block-image size-full\"><img loading=\"lazy\" width=\"524\" height=\"64\" src=\"https:\/\/i2.wp.com\/batimedianews.com\/live\/wp-content\/uploads\/2024\/06\/image-21.png?resize=524%2C64\" alt=\"\" class=\"wp-image-37897\" srcset=\"https:\/\/i2.wp.com\/batimedianews.com\/live\/wp-content\/uploads\/2024\/06\/image-21.png?w=524 524w, https:\/\/i2.wp.com\/batimedianews.com\/live\/wp-content\/uploads\/2024\/06\/image-21.png?resize=768%2C93 768w, https:\/\/i2.wp.com\/batimedianews.com\/live\/wp-content\/uploads\/2024\/06\/image-21.png?resize=432%2C53 432w, https:\/\/i2.wp.com\/batimedianews.com\/live\/wp-content\/uploads\/2024\/06\/image-21.png?resize=396%2C48 396w\" sizes=\"(max-width: 600px) 91vw, (max-width: 900px) 600px, (max-width: 1060px) 50vw, (max-width: 1200px) 520px, (max-width: 1400px) 43vw, 600px\" data-recalc-dims=\"1\" \/><\/figure>\n<\/div>\n<\/div>\n","protected":false},"excerpt":{"rendered":"<p>Bjelin pr\u00e9sente son parquet \u00e0 b\u00e2tons rompus au march\u00e9 fran\u00e7ais \u00e0 l\u2019occasion du Carrefour International du Bois (CIB). Cet \u00e9v\u00e9nement qui se d\u00e9roule du 28 au 30 mai est un salon professionnel de premier plan consacr\u00e9 aux produits du bois. \u00abLe parquet \u00e0 b\u00e2tons rompus est un style de parquet populaire en Europe, et nous [&hellip;]<\/p>\n","protected":false},"author":41,"featured_media":37898,"comment_status":"open","ping_status":"open","sticky":true,"template":"","format":"standard","meta":{"spay_email":""},"categories":[4,24,91],"tags":[],"jetpack_featured_media_url":"https:\/\/i2.wp.com\/batimedianews.com\/live\/wp-content\/uploads\/2024\/06\/Bjelin.jpg?fit=1513%2C825","jetpack_sharing_enabled":true,"jetpack_likes_enabled":true,"jetpack-related-posts":[{"id":41413,"url":"http:\/\/batimedianews.com\/live\/index.php\/2024\/11\/13\/bjelin-lance-un-revetement-de-sol-baton-rompu-innovant\/","url_meta":{"origin":37890,"position":0},"title":"Bjelin lance un rev\u00eatement de sol b\u00e2ton rompu innovant","date":"13 novembre 2024","format":false,"excerpt":"Bjelin pr\u00e9sente un sol b\u00e2ton rompu durable, dot\u00e9 de technologies brevet\u00e9es, qui offre une conception moderne d\u2019un classique ind\u00e9modable. Woodura B\u00e2ton Rompu 2.0 pr\u00e9sente des lames plus grandes, trois fois plus r\u00e9sistantes que les options en bois traditionnelles, et qui s\u2019installent sans effort gr\u00e2ce \u00e0 la \u201cclick technology\u201d dont elles\u2026","rel":"","context":"Dans &quot;Actualit\u00e9 Entreprises&quot;","img":{"alt_text":"","src":"https:\/\/i2.wp.com\/batimedianews.com\/live\/wp-content\/uploads\/2024\/11\/Bjelin.jpg?fit=825%2C825&resize=350%2C200","width":350,"height":200},"classes":[]},{"id":49072,"url":"http:\/\/batimedianews.com\/live\/index.php\/2026\/01\/28\/bjelin-lance-sa-nouvelle-gamme-woodura-baton-rompu-3-0\/","url_meta":{"origin":37890,"position":1},"title":"Bjelin lance sa nouvelle gamme Woodura B\u00e2ton Rompu 3.0","date":"28 janvier 2026","format":false,"excerpt":"Bjelin pr\u00e9sente avec enthousiasme sa toute derni\u00e8re collection Woodura B\u00e2ton Rompu, revisit\u00e9e dans un nouvel \u00e9ventail de couleurs et de formats. Ce sol au design scandinave est con\u00e7u \u00e0 partir de technologies brevet\u00e9es pour offrir une exp\u00e9rience \u00e0 la fois plus durable et plus r\u00e9sistante. La collection Woodura B\u00e2ton Rompu\u2026","rel":"","context":"Dans &quot;Actualit\u00e9 Entreprises&quot;","img":{"alt_text":"","src":"https:\/\/i1.wp.com\/batimedianews.com\/live\/wp-content\/uploads\/2026\/01\/BJELIN.jpg?fit=825%2C825&resize=350%2C200","width":350,"height":200},"classes":[]},{"id":44660,"url":"http:\/\/batimedianews.com\/live\/index.php\/2025\/04\/29\/bjelin-restructure-son-usine-ogulin-1\/","url_meta":{"origin":37890,"position":2},"title":"Bjelin restructure son usine Ogulin 1","date":"29 avril 2025","format":false,"excerpt":"L'usine de parquet Ogulin 1 de Bjelin, propri\u00e9t\u00e9 de l'entreprise depuis 2016, va \u00eatre restructur\u00e9e pour accompagner la croissance future. L'objectif est de d\u00e9velopper la production de placage bois utilisant la technologie Woodura\u00ae, une approche plus \u00e9conome en ressources, qui soutiendra en priorit\u00e9 le lancement imminent de la gamme de\u2026","rel":"","context":"Dans &quot;Actualit\u00e9 Entreprises&quot;","img":{"alt_text":"","src":"https:\/\/i0.wp.com\/batimedianews.com\/live\/wp-content\/uploads\/2025\/04\/Bjelin-1.jpg?fit=825%2C825&resize=350%2C200","width":350,"height":200},"classes":[]},{"id":29776,"url":"http:\/\/batimedianews.com\/live\/index.php\/2023\/07\/06\/bjelin-lance-le-choix-select-en-france\/","url_meta":{"origin":37890,"position":3},"title":"BJELIN lance le choix select en France","date":"6 juillet 2023","format":false,"excerpt":"La derni\u00e8re gamme de rev\u00eatements de sol en bois densifi\u00e9 Bjelin, qui pr\u00e9sente la nouvelle finition mat r\u00e9cemment prim\u00e9e, a \u00e9t\u00e9 lanc\u00e9e en choix de bois Select. Au d\u00e9but de l\u2019ann\u00e9e, Bjelin a d\u00e9j\u00e0 pr\u00e9sent\u00e9 de nouveaux produits avec des teintes, des formats et des technologies actualis\u00e9s et am\u00e9lior\u00e9s. Le\u2026","rel":"","context":"Dans &quot;Actualit\u00e9 Entreprises&quot;","img":{"alt_text":"","src":"https:\/\/i1.wp.com\/batimedianews.com\/live\/wp-content\/uploads\/2023\/07\/Bjelin-Article.png?fit=1080%2C1080&resize=350%2C200","width":350,"height":200},"classes":[]},{"id":32303,"url":"http:\/\/batimedianews.com\/live\/index.php\/2023\/10\/13\/bjelin-lance-deux-nouvelles-tailles-de-lames-s-et-l\/","url_meta":{"origin":37890,"position":4},"title":"Bjelin lance deux nouvelles tailles de lames: S et L","date":"13 octobre 2023","format":false,"excerpt":"\u00c0 la demande de ses clients, Bjelin a lanc\u00e9 dans toute l'Europe deux nouvelles tailles de lames pour ses rev\u00eatements de sol en bois densifi\u00e9 : S et L. Dot\u00e9s de technologies r\u00e9volutionnaires, ces rev\u00eatements de sol de conception scandinave sont d\u00e9velopp\u00e9s et fabriqu\u00e9s en Europe, \u00e0 partir de bois\u2026","rel":"","context":"Dans &quot;Actualit\u00e9 Entreprises&quot;","img":{"alt_text":"","src":"https:\/\/i2.wp.com\/batimedianews.com\/live\/wp-content\/uploads\/2023\/10\/Bjelin-articles.jpg?fit=825%2C825&resize=350%2C200","width":350,"height":200},"classes":[]},{"id":35317,"url":"http:\/\/batimedianews.com\/live\/index.php\/2024\/02\/15\/bjelin-devoile-sa-collection-contrast\/","url_meta":{"origin":37890,"position":5},"title":"Bjelin d\u00e9voile sa collection CONTRAST","date":"15 f\u00e9vrier 2024","format":false,"excerpt":"Soigneusement \u00e9labor\u00e9e, la collection Contrast honore les caract\u00e9ristiques distinctes du c\u00e9l\u00e8bre ch\u00eane slave. Cette nouvelle gamme en bois densifi\u00e9 a vu le jour gr\u00e2ce \u00e0 la fusion de la technologie et d\u2019un savoir-faire artisanal intemporel; elle convient aussi bien aux espaces r\u00e9sidentiels qu\u2019aux environnements commerciaux \u00e0 fort trafic. \u00abNous avons\u2026","rel":"","context":"Dans &quot;Actualit\u00e9 Entreprises&quot;","img":{"alt_text":"","src":"https:\/\/i0.wp.com\/batimedianews.com\/live\/wp-content\/uploads\/2024\/02\/Bjelin.jpg?fit=825%2C825&resize=350%2C200","width":350,"height":200},"classes":[]}],"_links":{"self":[{"href":"http:\/\/batimedianews.com\/live\/index.php\/wp-json\/wp\/v2\/posts\/37890"}],"collection":[{"href":"http:\/\/batimedianews.com\/live\/index.php\/wp-json\/wp\/v2\/posts"}],"about":[{"href":"http:\/\/batimedianews.com\/live\/index.php\/wp-json\/wp\/v2\/types\/post"}],"author":[{"embeddable":true,"href":"http:\/\/batimedianews.com\/live\/index.php\/wp-json\/wp\/v2\/users\/41"}],"replies":[{"embeddable":true,"href":"http:\/\/batimedianews.com\/live\/index.php\/wp-json\/wp\/v2\/comments?post=37890"}],"version-history":[{"count":2,"href":"http:\/\/batimedianews.com\/live\/index.php\/wp-json\/wp\/v2\/posts\/37890\/revisions"}],"predecessor-version":[{"id":37915,"href":"http:\/\/batimedianews.com\/live\/index.php\/wp-json\/wp\/v2\/posts\/37890\/revisions\/37915"}],"wp:featuredmedia":[{"embeddable":true,"href":"http:\/\/batimedianews.com\/live\/index.php\/wp-json\/wp\/v2\/media\/37898"}],"wp:attachment":[{"href":"http:\/\/batimedianews.com\/live\/index.php\/wp-json\/wp\/v2\/media?parent=37890"}],"wp:term":[{"taxonomy":"category","embeddable":true,"href":"http:\/\/batimedianews.com\/live\/index.php\/wp-json\/wp\/v2\/categories?post=37890"},{"taxonomy":"post_tag","embeddable":true,"href":"http:\/\/batimedianews.com\/live\/index.php\/wp-json\/wp\/v2\/tags?post=37890"}],"curies":[{"name":"wp","href":"https:\/\/api.w.org\/{rel}","templated":true}]}}