{"id":3807,"date":"2020-02-10T15:03:17","date_gmt":"2020-02-10T14:03:17","guid":{"rendered":"http:\/\/batimedianews.com\/live\/?p=3807"},"modified":"2021-10-20T13:04:32","modified_gmt":"2021-10-20T11:04:32","slug":"demain-tous-solaire-par-terreal","status":"publish","type":"post","link":"http:\/\/batimedianews.com\/live\/index.php\/2020\/02\/10\/demain-tous-solaire-par-terreal\/","title":{"rendered":"Demain, tous solaire par TERREAL"},"content":{"rendered":"\n<h2>TERREAL marque un tournant dans son d\u00e9veloppement avec le<br>\nlancement du programme \u00ab demain tous solaire \u00bb<\/h2>\n\n\n\n<p style=\"text-align:justify\">TERREAL, qui f\u00eate ses 20 ans cette ann\u00e9e, est le leader fran\u00e7ais en \u00e9nergie solaire int\u00e9gr\u00e9e \u00e0 la toiture sur le march\u00e9  r\u00e9sidentiel avec plus de 50% de parts de march\u00e9.<br> V\u00e9ritable march\u00e9 en devenir, Terreal souhaite accompagner ses clients  historiques constructeurs et couvreurs vers  cette grande mutation en lan\u00e7ant un vaste programme \u00ab Demain tous solaire \u00bb.<\/p>\n\n\n\n<figure class=\"wp-block-embed-youtube wp-block-embed is-type-video is-provider-youtube wp-embed-aspect-16-9 wp-has-aspect-ratio\"><div class=\"wp-block-embed__wrapper\">\n<div class=\"jetpack-video-wrapper\"><iframe loading=\"lazy\" title=\"Demain Tous Solaire par TERREAL\" width=\"720\" height=\"405\" src=\"https:\/\/www.youtube.com\/embed\/vdCE_JXzAwU?start=1&#038;feature=oembed\" frameborder=\"0\" allow=\"accelerometer; autoplay; clipboard-write; encrypted-media; gyroscope; picture-in-picture\" allowfullscreen><\/iframe><\/div>\n<\/div><\/figure>\n\n\n\n<h2>Le march\u00e9 du solaire, une ambition majeure pour TERREAL<\/h2>\n\n\n\n<p style=\"text-align:justify\">Le toit solaire n\u2019est aujourd\u2019hui plus une option. Il r\u00e9pond en effet aux  attentes des occupants et aux enjeux de  pr\u00e9servation de la plan\u00e8te, et prend l\u00e9gitimement sa place dans les modes de construction de l\u2019habitat 2020 aussi bien  en neuf qu\u2019en r\u00e9novation. Alors que pr\u00e8s de 54 % des  r\u00e9sidences principales, en France, sont class\u00e9es en cat\u00e9gories E  \u00e0 G, la consommation d\u2019\u00e9nergie finale du secteur r\u00e9sidentiel doit d\u00e9cro\u00eetre afin d\u2019acc\u00e9der \u00e0 la neutralit\u00e9 carbone \u00e0  l\u2019horizon 2050.<br> TERREAL, partenaire de proximit\u00e9 privil\u00e9gi\u00e9 des professionnels de la  couverture depuis maintenant 150 ans, propose  de les accompagner sur ce  march\u00e9 prometteur avec la mise en place d\u2019un programme sp\u00e9cifique leur  proposant :<\/p>\n\n\n\n<ul><li>des solutions optimis\u00e9es, simples \u00e0 poser et fiables<\/li><li>un programme de formation et de monitorat,<\/li><li>des outils et des guides sp\u00e9cifiques.<\/li><\/ul>\n\n\n\n<div class=\"wp-block-image\"><figure class=\"alignleft is-resized\"><img loading=\"lazy\" src=\"https:\/\/i1.wp.com\/batimedianews.com\/live\/wp-content\/uploads\/2020\/02\/Laurent_Musy_TERREAL.jpg?resize=123%2C165\" alt=\"\" class=\"wp-image-3808\" width=\"123\" height=\"165\" srcset=\"https:\/\/i1.wp.com\/batimedianews.com\/live\/wp-content\/uploads\/2020\/02\/Laurent_Musy_TERREAL.jpg?w=666 666w, https:\/\/i1.wp.com\/batimedianews.com\/live\/wp-content\/uploads\/2020\/02\/Laurent_Musy_TERREAL.jpg?resize=222%2C300 222w, https:\/\/i1.wp.com\/batimedianews.com\/live\/wp-content\/uploads\/2020\/02\/Laurent_Musy_TERREAL.jpg?resize=7%2C10 7w, https:\/\/i1.wp.com\/batimedianews.com\/live\/wp-content\/uploads\/2020\/02\/Laurent_Musy_TERREAL.jpg?resize=432%2C583 432w, https:\/\/i1.wp.com\/batimedianews.com\/live\/wp-content\/uploads\/2020\/02\/Laurent_Musy_TERREAL.jpg?resize=396%2C535 396w, https:\/\/i1.wp.com\/batimedianews.com\/live\/wp-content\/uploads\/2020\/02\/Laurent_Musy_TERREAL.jpg?resize=660%2C891 660w, https:\/\/i1.wp.com\/batimedianews.com\/live\/wp-content\/uploads\/2020\/02\/Laurent_Musy_TERREAL.jpg?resize=163%2C220 163w\" sizes=\"(max-width: 600px) 91vw, (max-width: 900px) 600px, (max-width: 1060px) 50vw, (max-width: 1200px) 520px, (max-width: 1400px) 43vw, 600px\" data-recalc-dims=\"1\" \/><\/figure><\/div>\n\n\n\n<blockquote class=\"wp-block-quote\"><p>\u00ab Il existe une r\u00e9elle opportunit\u00e9 d\u2019allier le d\u00e9veloppement du solaire et la r\u00e9novation des toits. Le couvreur ne doit pas  perdre sa place de leader du toit et nous devons l\u2019aider \u00e0 se saisir de ce march\u00e9 en neuf mais aussi sur le toit  existant. TERREAL est cr\u00e9dible et comp\u00e9titif pour d\u00e9velopper ce  segment \u00bb explique Laurent Musy, Pr\u00e9sident de  TERREAL.<\/p><\/blockquote>\n\n\n\n<h2>\u00ab Demain tous solaire \u00bb, un programme sur-mesure pour d\u00e9velopper le march\u00e9 du solaire en r\u00e9sidentiel<\/h2>\n\n\n\n<figure class=\"wp-block-image\"><img loading=\"lazy\" width=\"461\" height=\"342\" src=\"https:\/\/i2.wp.com\/batimedianews.com\/live\/wp-content\/uploads\/2020\/02\/demain2.jpg?resize=461%2C342\" alt=\"\" class=\"wp-image-3815\" srcset=\"https:\/\/i2.wp.com\/batimedianews.com\/live\/wp-content\/uploads\/2020\/02\/demain2.jpg?w=461 461w, https:\/\/i2.wp.com\/batimedianews.com\/live\/wp-content\/uploads\/2020\/02\/demain2.jpg?resize=300%2C223 300w, https:\/\/i2.wp.com\/batimedianews.com\/live\/wp-content\/uploads\/2020\/02\/demain2.jpg?resize=10%2C7 10w, https:\/\/i2.wp.com\/batimedianews.com\/live\/wp-content\/uploads\/2020\/02\/demain2.jpg?resize=432%2C320 432w, https:\/\/i2.wp.com\/batimedianews.com\/live\/wp-content\/uploads\/2020\/02\/demain2.jpg?resize=396%2C294 396w, https:\/\/i2.wp.com\/batimedianews.com\/live\/wp-content\/uploads\/2020\/02\/demain2.jpg?resize=297%2C220 297w\" sizes=\"(max-width: 600px) 91vw, (max-width: 900px) 600px, (max-width: 1060px) 50vw, (max-width: 1200px) 520px, (max-width: 1400px) 43vw, 600px\" data-recalc-dims=\"1\" \/><\/figure>\n\n\n\n<p style=\"text-align:justify\">Avec \u00ab Demain tous solaire \u00bb, TERREAL apporte une r\u00e9ponse esth\u00e9tique et durable parfaitement segment\u00e9e selon les besoins de chaque utilisateur. Cette nouvelle offre est en effet :<\/p>\n\n\n\n<ul><li>adapt\u00e9e \u00e0 toutes les configurations de toitures,<\/li><li>r\u00e9alis\u00e9e avec des syst\u00e8mes certifi\u00e9s,<\/li><li>compos\u00e9es de solutions fiables et simples \u00e0 poser,<\/li><li>accompagn\u00e9e d\u2019outils d\u00e9di\u00e9s d\u2019aide \u00e0 la vente, dont une application digitale d\u00e9di\u00e9e<\/li><li>accompagn\u00e9e par des services cibl\u00e9s d\u2019assistance technique.<br><\/li><\/ul>\n\n\n\n<p> Elle r\u00e9pond ainsi aux besoins sp\u00e9cifiques des :<\/p>\n\n\n\n<ul><li>constructeurs de maisons individuelles, qui souhaitent d\u00e9velopper leur champ d\u2019expertise en proposant des solutions innovantes porteuses d\u2019activit\u00e9 tout en privil\u00e9giant une production utile et locale.<\/li><li>entreprises de couverture, en les aidant \u00e0 d\u00e9velopper leur savoir-faire et leur activit\u00e9 gr\u00e2ce \u00e0 des solutions simples \u00e0 poser et \u00e9conomiques avec un acteur de proximit\u00e9.<\/li><li>particuliers, en leur permettant de gagner en pouvoir d\u2019achat tout en faisant un geste vertueux pour la plan\u00e8te, et en \u00e9tant accompagn\u00e9 de professionnels experts pour favoriser les circuits d\u2019achat courts.<\/li><\/ul>\n\n\n\n<figure class=\"wp-block-image\"><img loading=\"lazy\" width=\"453\" height=\"333\" src=\"https:\/\/i2.wp.com\/batimedianews.com\/live\/wp-content\/uploads\/2020\/02\/demain1.jpg?resize=453%2C333\" alt=\"\" class=\"wp-image-3814\" srcset=\"https:\/\/i2.wp.com\/batimedianews.com\/live\/wp-content\/uploads\/2020\/02\/demain1.jpg?w=453 453w, https:\/\/i2.wp.com\/batimedianews.com\/live\/wp-content\/uploads\/2020\/02\/demain1.jpg?resize=300%2C221 300w, https:\/\/i2.wp.com\/batimedianews.com\/live\/wp-content\/uploads\/2020\/02\/demain1.jpg?resize=10%2C7 10w, https:\/\/i2.wp.com\/batimedianews.com\/live\/wp-content\/uploads\/2020\/02\/demain1.jpg?resize=432%2C318 432w, https:\/\/i2.wp.com\/batimedianews.com\/live\/wp-content\/uploads\/2020\/02\/demain1.jpg?resize=396%2C291 396w, https:\/\/i2.wp.com\/batimedianews.com\/live\/wp-content\/uploads\/2020\/02\/demain1.jpg?resize=299%2C220 299w\" sizes=\"(max-width: 600px) 91vw, (max-width: 900px) 600px, (max-width: 1060px) 50vw, (max-width: 1200px) 520px, (max-width: 1400px) 43vw, 600px\" data-recalc-dims=\"1\" \/><\/figure>\n\n\n\n<p> Avec une organisation commerciale de 70 commerciaux pour le segment couverture, 8 sp\u00e9cialistes solaires et 10 techniciens SAV pour lancer ce programme, TERREAL ambitionne de renforcer sa position de leader sur le march\u00e9 du solaire r\u00e9sidentiel. <\/p>\n\n\n\n<h2>Une offre \u00e0 3 niveaux pour le r\u00e9sidentiel individuel<\/h2>\n\n\n\n<p style=\"text-align:justify\">Avec une croissance attendue estim\u00e9e \u00e0 15% par an, le march\u00e9 du solaire r\u00e9sidentiel est un march\u00e9 cl\u00e9 sur lequel TERREAL souhaite se d\u00e9velopper en mettant \u00e0 contribution ses 150 ann\u00e9es d\u2019exp\u00e9rience. Le march\u00e9 du solaire r\u00e9sidentiel se d\u00e9veloppe en autoconsommation sous l\u2019effet combin\u00e9 d\u2019une baisse continue du co\u00fbt de revient de l\u2019\u00e9lectricit\u00e9 solaire (-10% par an sur les 5 derni\u00e8res ann\u00e9es) et d\u2019une hausse des tarifs de l\u2019\u00e9lectricit\u00e9 (+20% sur les 5 derni\u00e8res ann\u00e9es). Et d\u2019apr\u00e8s la commission de r\u00e9gulation de l\u2019Energie, la facture d\u2019\u00e9lectricit\u00e9 des m\u00e9nages pourrait continuer \u00e0 grimper \u00e0 un rythme de +5% par an jusqu\u2019en 2023.<br>\nDans son programme \u00ab Demain tous solaire \u00bb, TERREAL propose aux particuliers un choix de 3 offres fiables et simples qui leur permettent :<\/p>\n\n\n\n<ul><li>de r\u00e9aliser des \u00e9conomies d\u2019\u00e9nergie et d\u2019all\u00e9ger leur facture  d\u2019\u00e9lectricit\u00e9 de 50%,<\/li><li>d\u2019augmenter la valeur de revente de leur maison,<\/li><li>de disposer de solutions esth\u00e9tiques et bien int\u00e9gr\u00e9es \u00e0 leur toiture,<\/li><li>l\u2019autoproduction, c\u2019est-\u00e0-dire consommer plus localement et de mani\u00e8re respectueuse de l\u2019environnement.<\/li><\/ul>\n\n\n\n<p>Le march\u00e9 du solaire repr\u00e9sente aujourd\u2019hui une v\u00e9ritable alternative \u00e9conomique permettant aux particuliers de r\u00e9aliser de vraies \u00e9conomies et d\u2019all\u00e9ger leur empreinte carbone.<\/p>\n\n\n\n<div class=\"wp-block-image\"><figure class=\"alignleft is-resized\"><img loading=\"lazy\" src=\"https:\/\/i2.wp.com\/batimedianews.com\/live\/wp-content\/uploads\/2020\/02\/decouverte.jpg?resize=125%2C209\" alt=\"\" class=\"wp-image-3811\" width=\"125\" height=\"209\" srcset=\"https:\/\/i2.wp.com\/batimedianews.com\/live\/wp-content\/uploads\/2020\/02\/decouverte.jpg?w=207 207w, https:\/\/i2.wp.com\/batimedianews.com\/live\/wp-content\/uploads\/2020\/02\/decouverte.jpg?resize=179%2C300 179w, https:\/\/i2.wp.com\/batimedianews.com\/live\/wp-content\/uploads\/2020\/02\/decouverte.jpg?resize=6%2C10 6w, https:\/\/i2.wp.com\/batimedianews.com\/live\/wp-content\/uploads\/2020\/02\/decouverte.jpg?resize=132%2C220 132w\" sizes=\"(max-width: 600px) 91vw, (max-width: 900px) 600px, (max-width: 1060px) 50vw, (max-width: 1200px) 520px, (max-width: 1400px) 43vw, 600px\" data-recalc-dims=\"1\" \/><\/figure><\/div>\n\n\n\n<h2>Programme d\u00e9couverte, un premier pas vers les solutions solaires <\/h2>\n\n\n\n<p>1 \u00e0 4 panneaux solaires photovolta\u00efque,  Moins 10 % de consommation d&rsquo;\u00e9lectricit\u00e9 <\/p>\n\n\n\n<p><\/p>\n\n\n\n<p><\/p>\n\n\n\n<div class=\"wp-block-image\"><figure class=\"alignright is-resized\"><img loading=\"lazy\" src=\"https:\/\/i0.wp.com\/batimedianews.com\/live\/wp-content\/uploads\/2020\/02\/independance.jpg?resize=128%2C209\" alt=\"\" class=\"wp-image-3812\" width=\"128\" height=\"209\" srcset=\"https:\/\/i0.wp.com\/batimedianews.com\/live\/wp-content\/uploads\/2020\/02\/independance.jpg?w=214 214w, https:\/\/i0.wp.com\/batimedianews.com\/live\/wp-content\/uploads\/2020\/02\/independance.jpg?resize=184%2C300 184w, https:\/\/i0.wp.com\/batimedianews.com\/live\/wp-content\/uploads\/2020\/02\/independance.jpg?resize=6%2C10 6w, https:\/\/i0.wp.com\/batimedianews.com\/live\/wp-content\/uploads\/2020\/02\/independance.jpg?resize=135%2C220 135w\" sizes=\"(max-width: 600px) 91vw, (max-width: 900px) 600px, (max-width: 1060px) 50vw, (max-width: 1200px) 520px, (max-width: 1400px) 43vw, 600px\" data-recalc-dims=\"1\" \/><\/figure><\/div>\n\n\n\n<h2>Programme ind\u00e9pendance, une solution pour plus de pouvoir d&rsquo;achat<\/h2>\n\n\n\n<p>6 \u00e0 10 panneaux photovolta\u00efque, Monitoring, Moins 50 % de consommation d&rsquo;\u00e9lectricit\u00e9 <\/p>\n\n\n\n<div class=\"wp-block-image\"><figure class=\"alignleft is-resized\"><img loading=\"lazy\" src=\"https:\/\/i2.wp.com\/batimedianews.com\/live\/wp-content\/uploads\/2020\/02\/libert\u00e9.jpg?resize=132%2C219\" alt=\"\" class=\"wp-image-3813\" width=\"132\" height=\"219\" srcset=\"https:\/\/i2.wp.com\/batimedianews.com\/live\/wp-content\/uploads\/2020\/02\/libert\u00e9.jpg?w=210 210w, https:\/\/i2.wp.com\/batimedianews.com\/live\/wp-content\/uploads\/2020\/02\/libert\u00e9.jpg?resize=181%2C300 181w, https:\/\/i2.wp.com\/batimedianews.com\/live\/wp-content\/uploads\/2020\/02\/libert\u00e9.jpg?resize=6%2C10 6w, https:\/\/i2.wp.com\/batimedianews.com\/live\/wp-content\/uploads\/2020\/02\/libert\u00e9.jpg?resize=133%2C220 133w\" sizes=\"(max-width: 600px) 91vw, (max-width: 900px) 600px, (max-width: 1060px) 50vw, (max-width: 1200px) 520px, (max-width: 1400px) 43vw, 600px\" data-recalc-dims=\"1\" \/><\/figure><\/div>\n\n\n\n<h2>Programme Libert\u00e9 , l&rsquo;ind\u00e9pendance \u00e9nerg\u00e9tique pour plus de libert\u00e9 <\/h2>\n\n\n\n<p>10 \u00e0 20 Panneaux solaires photovolta\u00efques, batterie, monitoring, Moins 70% de consommation d\u2019\u00e9lectricit\u00e9 <\/p>\n\n\n\n<h2> A propos de TERREAL<\/h2>\n\n\n\n<p style=\"text-align:justify\"> Inspir\u00e9 par plus de 150 ans d\u2019expertise dans les mat\u00e9riaux de construction en terre cuite, TERREAL cr\u00e9e des solutions innovantes pour l\u2019enveloppe du b\u00e2timent. Sp\u00e9cialis\u00e9 dans quatre domaines (toiture, solaire, structure, fa\u00e7ade et d\u00e9coration) et pr\u00e9sent sur 23 sites en France et \u00e0 l\u2019international avec plus de 2 200 collaborateurs, le chiffre d\u2019affaires annuel de TERREAL s\u2019\u00e9l\u00e8ve \u00e0 376 millions d\u2019euros en 2018 (412 millions d\u2019euros incluant GSE Int\u00e9gration sur 12 mois). TERREAL contribue \u00e0 l\u2019am\u00e9lioration du logement en accompagnant ses clients dans la cr\u00e9ation de leurs projets, tout en veillant au bien-\u00eatre des personnes et en respectant l\u2019environnement. En r\u00e9v\u00e9lant chaque jour la beaut\u00e9 de la terre dans chaque cr\u00e9ation, TERREAL met son \u00e9nergie au service de ses partenaires et de leur imagination.<\/p>\n","protected":false},"excerpt":{"rendered":"<p>TERREAL marque un tournant dans son d\u00e9veloppement avec le lancement du programme \u00ab demain tous solaire \u00bb TERREAL, qui f\u00eate ses 20 ans cette ann\u00e9e, est le leader fran\u00e7ais en \u00e9nergie solaire int\u00e9gr\u00e9e \u00e0 la toiture sur le march\u00e9 r\u00e9sidentiel avec plus de 50% de parts de march\u00e9. V\u00e9ritable march\u00e9 en devenir, Terreal souhaite accompagner [&hellip;]<\/p>\n","protected":false},"author":1,"featured_media":3816,"comment_status":"open","ping_status":"open","sticky":false,"template":"","format":"standard","meta":{"spay_email":""},"categories":[4,43,56,553,126],"tags":[],"jetpack_featured_media_url":"https:\/\/i1.wp.com\/batimedianews.com\/live\/wp-content\/uploads\/2020\/02\/demain4.jpg?fit=1382%2C1017","jetpack_sharing_enabled":true,"jetpack_likes_enabled":true,"jetpack-related-posts":[{"id":32374,"url":"http:\/\/batimedianews.com\/live\/index.php\/2023\/10\/16\/terreal-lance-solterre-batterie-la-solution-autonome-de-gestion-de-lenergie-solaire-dans-la-maison\/","url_meta":{"origin":3807,"position":0},"title":"TERREAL lance SOLTERRE Batterie, la solution autonome de gestion de l\u2019\u00e9nergie solaire dans la maison","date":"16 octobre 2023","format":false,"excerpt":"TERREAL, leader fran\u00e7ais des solutions solaires pour le march\u00e9 r\u00e9sidentiel, va plus loin dans les capacit\u00e9s de l\u2019autoconsommation r\u00e9sidentielle avec l\u2019armoire de stockage d\u2019\u00e9nergie photovolta\u00efque SOLTERRE Batterie. Elle stocke le surplus d\u2019\u00e9nergie solaire et le restitue en dehors des heures d\u2019ensoleillement. Programmable et \u00e9volutive, elle permet de couvrir jusqu\u2019\u00e0 70\u2026","rel":"","context":"Dans &quot;Actualit\u00e9 Entreprises&quot;","img":{"alt_text":"","src":"https:\/\/i2.wp.com\/batimedianews.com\/live\/wp-content\/uploads\/2023\/10\/Image-articles_Terreal.jpg?fit=825%2C825&resize=350%2C200","width":350,"height":200},"classes":[]},{"id":39158,"url":"http:\/\/batimedianews.com\/live\/index.php\/2024\/08\/01\/pour-terreal-le-solaire-est-laffaire-de-tous\/","url_meta":{"origin":3807,"position":1},"title":"Pour TERREAL, le solaire est l\u2019affaire de tous","date":"1 ao\u00fbt 2024","format":false,"excerpt":"Pour faire face aux crises \u00e9nerg\u00e9tiques et aux d\u00e9fis environnementaux, les \u00e9nergies renouvelables sont des leviers incontournables. Parmi ces \u00e9nergies, le solaire connait un engouement certain mais qui demande encore \u00e0 se d\u00e9velopper en France. Pour permettre son essor et aider les professionnels \u00e0 monter en comp\u00e9tences et \u00e0 saisir\u2026","rel":"","context":"Dans &quot;Actualit\u00e9 Entreprises&quot;","img":{"alt_text":"","src":"https:\/\/i1.wp.com\/batimedianews.com\/live\/wp-content\/uploads\/2024\/07\/Wienerberger.jpg?fit=825%2C825&resize=350%2C200","width":350,"height":200},"classes":[]},{"id":50114,"url":"http:\/\/batimedianews.com\/live\/index.php\/2026\/04\/07\/wienerberger-equipe-le-museum-aquarium-de-nancy-dune-centrale-photovoltaique-integree-de-36-kwc\/","url_meta":{"origin":3807,"position":2},"title":"wienerberger \u00e9quipe le Museum-Aquarium de Nancy d\u2019une centrale photovolta\u00efque int\u00e9gr\u00e9e de 36 kWc","date":"7 avril 2026","format":false,"excerpt":"Le Museum-Aquarium de Nancy, b\u00e2timent Art-D\u00e9co class\u00e9 au titre des monuments historiques, est d\u00e9sormais \u00e9quip\u00e9 d\u2019une centrale photovolta\u00efque int\u00e9gr\u00e9e en toiture. Ce projet de 36 kWc a \u00e9t\u00e9 r\u00e9alis\u00e9 avec les solutions photovolta\u00efques Terreal, marque du groupe wienerberger, et illustre l\u2019int\u00e9gration de syst\u00e8mes solaires sur un site patrimonial dans le\u2026","rel":"","context":"Dans &quot;Actualit\u00e9 Entreprises&quot;","img":{"alt_text":"","src":"https:\/\/i2.wp.com\/batimedianews.com\/live\/wp-content\/uploads\/2026\/04\/wienerberger.jpg?fit=825%2C825&resize=350%2C200","width":350,"height":200},"classes":[]},{"id":32423,"url":"http:\/\/batimedianews.com\/live\/index.php\/2023\/10\/25\/artibat-2023-terreal-met-a-lhonneur-ses-nouveautes-et-solutions-pour-la-construction-durable\/","url_meta":{"origin":3807,"position":3},"title":"Artibat 2023  TERREAL met \u00e0 l\u2019honneur ses nouveaut\u00e9s et solutions  pour la construction durable","date":"25 octobre 2023","format":false,"excerpt":"\u00a0STAND D13 - HALL A\u00a0 du 18 au 20 octobre au Parc des Expositions de Rennes\u00a0 TERREAL, acteur de la construction durable et leader sur l\u2019offre solaire pour le r\u00e9sidentiel en France, revient sur Artibat avec ses derni\u00e8res innovations pour le b\u00e2timent et la maison en couverture, solaire, fa\u00e7ade et\u2026","rel":"","context":"Dans &quot;Actualit\u00e9 Entreprises&quot;","img":{"alt_text":"","src":"https:\/\/i2.wp.com\/batimedianews.com\/live\/wp-content\/uploads\/2023\/10\/Terreal-article-scaled.jpg?fit=1200%2C1200&resize=350%2C200","width":350,"height":200},"classes":[]},{"id":26147,"url":"http:\/\/batimedianews.com\/live\/index.php\/2023\/02\/15\/terreal-lance-une-nouvelle-tuile-de-tradition-plate-origine-pour-une-renovation-authentique-des-toitures-ancestrales\/","url_meta":{"origin":3807,"position":4},"title":"TERREAL lance une nouvelle tuile de tradition \u00ab Plate Origine \u00bb pour une r\u00e9novation authentique des toitures ancestrales","date":"15 f\u00e9vrier 2023","format":false,"excerpt":"TERREAL, sp\u00e9cialiste des solutions innovantes en terre cuite pour l\u2019enveloppe du b\u00e2timent, enrichit sa gamme Vieilles Tuiles de Tradition avec le lancement de la tuile \u00ab Plate Origine \u00bb. Produite \u00e0 l\u2019usine des Mureaux dans les Yvelines \u00e0 partir d\u2019argiles g\u00e9o-sourc\u00e9es localement, cette nouvelle tuile a \u00e9t\u00e9 d\u00e9velopp\u00e9e pour r\u00e9pondre\u2026","rel":"","context":"Dans &quot;Actualit\u00e9 Entreprises&quot;","img":{"alt_text":"","src":"https:\/\/i2.wp.com\/batimedianews.com\/live\/wp-content\/uploads\/2023\/02\/Terreal-Article.jpg?fit=1080%2C1080&resize=350%2C200","width":350,"height":200},"classes":[]},{"id":11919,"url":"http:\/\/batimedianews.com\/live\/index.php\/2021\/09\/13\/terreal-lance-mon-toit-terreal-lapplication-innovante-pour-simuler-lesthetique-de-son-toit\/","url_meta":{"origin":3807,"position":5},"title":"TERREAL lance \u00ab Mon Toit TERREAL \u00bb, l\u2019application innovante pour simuler l\u2019esth\u00e9tique de son toit","date":"13 septembre 2021","format":false,"excerpt":"\u00a0TERREAL, leader fran\u00e7ais des produits de couverture, lance \u00ab Mon toit TERREAL \u00bb : une nouvelle solution innovante de simulation du toit en r\u00e9alit\u00e9 augment\u00e9e. Utile et interactif, ce service in\u00e9dit permet aux professionnels et particuliers de visualiser en quelques clics le rendu des tuiles de la gamme TERREAL, et\u2026","rel":"","context":"Dans &quot;Actualit\u00e9 Entreprises&quot;","img":{"alt_text":"","src":"https:\/\/i1.wp.com\/batimedianews.com\/live\/wp-content\/uploads\/2021\/09\/Terreal-Article.jpg?fit=512%2C512&resize=350%2C200","width":350,"height":200},"classes":[]}],"_links":{"self":[{"href":"http:\/\/batimedianews.com\/live\/index.php\/wp-json\/wp\/v2\/posts\/3807"}],"collection":[{"href":"http:\/\/batimedianews.com\/live\/index.php\/wp-json\/wp\/v2\/posts"}],"about":[{"href":"http:\/\/batimedianews.com\/live\/index.php\/wp-json\/wp\/v2\/types\/post"}],"author":[{"embeddable":true,"href":"http:\/\/batimedianews.com\/live\/index.php\/wp-json\/wp\/v2\/users\/1"}],"replies":[{"embeddable":true,"href":"http:\/\/batimedianews.com\/live\/index.php\/wp-json\/wp\/v2\/comments?post=3807"}],"version-history":[{"count":6,"href":"http:\/\/batimedianews.com\/live\/index.php\/wp-json\/wp\/v2\/posts\/3807\/revisions"}],"predecessor-version":[{"id":3821,"href":"http:\/\/batimedianews.com\/live\/index.php\/wp-json\/wp\/v2\/posts\/3807\/revisions\/3821"}],"wp:featuredmedia":[{"embeddable":true,"href":"http:\/\/batimedianews.com\/live\/index.php\/wp-json\/wp\/v2\/media\/3816"}],"wp:attachment":[{"href":"http:\/\/batimedianews.com\/live\/index.php\/wp-json\/wp\/v2\/media?parent=3807"}],"wp:term":[{"taxonomy":"category","embeddable":true,"href":"http:\/\/batimedianews.com\/live\/index.php\/wp-json\/wp\/v2\/categories?post=3807"},{"taxonomy":"post_tag","embeddable":true,"href":"http:\/\/batimedianews.com\/live\/index.php\/wp-json\/wp\/v2\/tags?post=3807"}],"curies":[{"name":"wp","href":"https:\/\/api.w.org\/{rel}","templated":true}]}}