{"id":38299,"date":"2024-07-09T10:26:49","date_gmt":"2024-07-09T08:26:49","guid":{"rendered":"http:\/\/batimedianews.com\/live\/?p=38299"},"modified":"2024-07-09T10:26:51","modified_gmt":"2024-07-09T08:26:51","slug":"nouveau-kit-de-percage-terrasse-bois-edma","status":"publish","type":"post","link":"http:\/\/batimedianews.com\/live\/index.php\/2024\/07\/09\/nouveau-kit-de-percage-terrasse-bois-edma\/","title":{"rendered":"Nouveau kit de per\u00e7age &#8211; Terrasse bois EDMA"},"content":{"rendered":"\n<div class=\"wp-block-image\"><figure class=\"aligncenter size-full\"><img loading=\"lazy\" width=\"718\" height=\"344\" src=\"https:\/\/i1.wp.com\/batimedianews.com\/live\/wp-content\/uploads\/2024\/06\/image-157.png?resize=718%2C344\" alt=\"\" class=\"wp-image-38300\" srcset=\"https:\/\/i1.wp.com\/batimedianews.com\/live\/wp-content\/uploads\/2024\/06\/image-157.png?w=718 718w, https:\/\/i1.wp.com\/batimedianews.com\/live\/wp-content\/uploads\/2024\/06\/image-157.png?resize=768%2C367 768w, https:\/\/i1.wp.com\/batimedianews.com\/live\/wp-content\/uploads\/2024\/06\/image-157.png?resize=432%2C207 432w, https:\/\/i1.wp.com\/batimedianews.com\/live\/wp-content\/uploads\/2024\/06\/image-157.png?resize=396%2C190 396w, https:\/\/i1.wp.com\/batimedianews.com\/live\/wp-content\/uploads\/2024\/06\/image-157.png?resize=660%2C316 660w\" sizes=\"(max-width: 600px) 91vw, (max-width: 900px) 600px, (max-width: 1060px) 50vw, (max-width: 1200px) 520px, (max-width: 1400px) 43vw, 600px\" data-recalc-dims=\"1\" \/><\/figure><\/div>\n\n\n\n<p class=\"has-text-color\" style=\"color:#f57a05\"><strong><em>EDMA \u00e9toffe sa gamme d\u00e9di\u00e9e au m\u00e9tier du paysagiste&nbsp;en int\u00e9grant un nouveau kit de per\u00e7age pour terrasse en bois.&nbsp;<\/em><\/strong><\/p>\n\n\n\n<p>Le nouveau kit de per\u00e7age pour terrasse en bois EDMA permet de pr\u00e9-percer et fraiser le logement de la vis en une seule action pour un gain de temps et d\u2019effort. Il offre un r\u00e9sultat soign\u00e9, plus naturel (t\u00eates de vis affleurantes \u00e0 la surface de la lame) et facilite le vissage.&nbsp;<\/p>\n\n\n\n<p>Le pr\u00e9-per\u00e7age \u00e9vite que les lames de bois ne se fissurent et est particuli\u00e8rement requis pour les bois durs (bois exotiques). Il convient \u00e9galement aux bois tendres et apporte un grand confort lors de l\u2019utilisation.&nbsp;<\/p>\n\n\n\n<p>Le nouveau kit de per\u00e7age pour terrasse en bois EDMA dispose d\u2019une but\u00e9e m\u00e9tallique antifriction, r\u00e9glable en profondeur pour l\u2019ajuster au besoin sur chantier. De plus, son fraisoir 45\u00b0 poss\u00e8de une pointe en carbure de tungst\u00e8ne qui lui conf\u00e8re une dur\u00e9e de vie plus longue.&nbsp;<\/p>\n\n\n\n<p>&nbsp;Le kit de per\u00e7age de terrasse en bois est compos\u00e9 de :&nbsp;<\/p>\n\n\n\n<ul><li>1 foret 3 pointes HSS \u00f8 4 x 55 mm&nbsp;<\/li><li>1 foret 3 pointes HSS \u00f8 4 x 75 mm&nbsp;<\/li><li>1 fraisoir \u00f8 9,5 mm avec embout hexagonal de 6,35 mm \u00e0 verrouillage rapide&nbsp;<\/li><li>1 cl\u00e9 hexagonale&nbsp;<\/li><\/ul>\n\n\n\n<p class=\"has-text-color\" style=\"color:#f57a05\">&nbsp;Kit de per\u00e7age Terrasse bois (R\u00e9f. : 274855) : 35 euros HT&nbsp;<\/p>\n\n\n\n<p class=\"has-text-color\" style=\"color:#f57a05\"><strong>Disponible dans tous les points de vente sp\u00e9cialistes de l\u2019outillage pour les artisans.&nbsp;<\/strong><\/p>\n\n\n\n<p class=\"has-sm-light-primary-color has-text-color has-background\" style=\"background-color:#f57a05\"><strong>\u00c0 propos d\u2019EDMA <\/strong>&#8211; Depuis plus de 85 ans, EDMA fabrique et commercialise des outils destin\u00e9s aux professionnels du second oeuvre du b\u00e2timent et aux bricoleurs avertis. Des gammes compl\u00e8tes de produits innovants et tr\u00e8s qualitatifs sont ainsi propos\u00e9es aux carreleurs, plaquistes, peintres, ma\u00e7ons, couvreurs, fa\u00e7adiers, soliers et paysagistes pour leur apporter de vraies solutions de gain de temps et d\u2019efforts dans leur m\u00e9tier au quotidien. EDMA est \u00e9galement le distributeur exclusif en France des appareils de mesure et diagnostic laser CONDTROL. EDMA a r\u00e9alis\u00e9 un chiffre d\u2019affaires global de 19 millions d\u2019euros en 2022 et exporte ses produits dans plus de 60 pays, sur les 5 continents.<\/p>\n","protected":false},"excerpt":{"rendered":"<p>EDMA \u00e9toffe sa gamme d\u00e9di\u00e9e au m\u00e9tier du paysagiste&nbsp;en int\u00e9grant un nouveau kit de per\u00e7age pour terrasse en bois.&nbsp; Le nouveau kit de per\u00e7age pour terrasse en bois EDMA permet de pr\u00e9-percer et fraiser le logement de la vis en une seule action pour un gain de temps et d\u2019effort. Il offre un r\u00e9sultat soign\u00e9, [&hellip;]<\/p>\n","protected":false},"author":41,"featured_media":38302,"comment_status":"open","ping_status":"open","sticky":true,"template":"","format":"standard","meta":{"spay_email":""},"categories":[4,24,89,125],"tags":[],"jetpack_featured_media_url":"https:\/\/i1.wp.com\/batimedianews.com\/live\/wp-content\/uploads\/2024\/06\/EDMA-articles-1-2.jpg?fit=1513%2C825","jetpack_sharing_enabled":true,"jetpack_likes_enabled":true,"jetpack-related-posts":[{"id":19459,"url":"http:\/\/batimedianews.com\/live\/index.php\/2022\/05\/02\/solutions-pour-la-pose-et-la-fixation-de-terrasse-en-bois-terradec\/","url_meta":{"origin":38299,"position":0},"title":"Solutions pour la pose et la fixation de terrasse en bois TERRADEC","date":"2 mai 2022","format":false,"excerpt":"\u00a0Une gamme d\u2019accessoires et de vis pour r\u00e9ussir\u00a0la pose des terrasses en bois\u00a0 \u00a0Le march\u00e9 de la terrasse bois et ses d\u00e9riv\u00e9s est un march\u00e9 dynamique, avec une progression de 34 % entre 2019 et 2021*. Il a b\u00e9n\u00e9fici\u00e9 d\u2019un contexte favorable ces 2 derni\u00e8res ann\u00e9es avec l\u2019envie de s\u2019approprier\u2026","rel":"","context":"Dans &quot;D\u00e9coration&quot;","img":{"alt_text":"","src":"https:\/\/i1.wp.com\/batimedianews.com\/live\/wp-content\/uploads\/2022\/04\/Fischer-article.jpg?fit=1182%2C1182&resize=350%2C200","width":350,"height":200},"classes":[]},{"id":9068,"url":"http:\/\/batimedianews.com\/live\/index.php\/2021\/04\/26\/des-lames-au-naturel-a-la-solution-en-kit-une-offre-complete-pour-terrasses-en-bois-massif\/","url_meta":{"origin":38299,"position":1},"title":"DES LAMES AU NATUREL \u00c0 LA SOLUTION EN KIT : UNE OFFRE COMPL\u00c8TE POUR TERRASSES EN BOIS MASSIF","date":"26 avril 2021","format":false,"excerpt":"Mat\u00e9riau noble par excellence, le bois massif n'est pas seulement appr\u00e9ci\u00e9 pour sa beaut\u00e9. H\u00e9t\u00e9roclite, naturel et vivant, il peut rev\u00eatir diff\u00e9rents aspects. Un am\u00e9nagement ext\u00e9rieur en bois convient ainsi \u00e0 tous les styles de vie : d\u2019un aspect rustique ou r\u00e9solument moderne, la terrasse ou le balcon en bois\u2026","rel":"","context":"Dans &quot;Actualit\u00e9 Entreprises&quot;","img":{"alt_text":"","src":"https:\/\/i1.wp.com\/batimedianews.com\/live\/wp-content\/uploads\/2021\/04\/image-17.png?fit=1052%2C1124&resize=350%2C200","width":350,"height":200},"classes":[]},{"id":41354,"url":"http:\/\/batimedianews.com\/live\/index.php\/2024\/11\/12\/france-fermetures-investit-18-me-pour-renouveler-integralement-sa-ligne-de-production-de-volets-battants-bois\/","url_meta":{"origin":38299,"position":2},"title":"FRANCE FERMETURES investit 1,8 m\u20ac pour renouveler int\u00e9gralement sa ligne de production de volets battants bois","date":"12 novembre 2024","format":false,"excerpt":"Apr\u00e8s avoir \u00e9t\u00e9 d\u00e9laiss\u00e9s pendant plusieurs ann\u00e9es au profit du PVC puis de l\u2019aluminium, les volets battants en bois font leur grand retour sur le march\u00e9 et repr\u00e9sentent d\u00e9sormais pr\u00e8s d\u2019un tiers des demandes. Cette tendance s\u2019explique par la prise en compte croissante des enjeux environnementaux dans la construction et\u2026","rel":"","context":"Dans &quot;Actualit\u00e9 Entreprises&quot;","img":{"alt_text":"","src":"https:\/\/i0.wp.com\/batimedianews.com\/live\/wp-content\/uploads\/2024\/11\/FranceFermetures.jpg?fit=825%2C825&resize=350%2C200","width":350,"height":200},"classes":[]},{"id":39136,"url":"http:\/\/batimedianews.com\/live\/index.php\/2024\/08\/02\/nouvelles-lames-de-terrasses-accoya-lalliance-de-la-durabilite-et-de-leco-responsabilite\/","url_meta":{"origin":38299,"position":3},"title":"Nouvelles lames de terrasses ACCOYA, l\u2019alliance de la durabilit\u00e9 et de l\u2019\u00e9co-responsabilit\u00e9","date":"2 ao\u00fbt 2024","format":false,"excerpt":"Lames de terrasses ACCOYA, profil 21x145 cm, coloris gris, finitions invisibles. Sp\u00e9cialiste des produits bois pour l\u2019habitat et l\u2019ext\u00e9rieur (bardage, lambris, terrasse, cl\u00f4ture et bois de construction), PROTAC \u00e9largit son offre de solutions d\u2019am\u00e9nagements ext\u00e9rieurs avec 3 nouveaux profils de lames de terrasses ACCOYA. Disponibles en 2 dimensions, 21 x\u2026","rel":"","context":"Dans &quot;Actualit\u00e9 Entreprises&quot;","img":{"alt_text":"","src":"https:\/\/i0.wp.com\/batimedianews.com\/live\/wp-content\/uploads\/2024\/07\/Protac-articles-.jpg?fit=825%2C825&resize=350%2C200","width":350,"height":200},"classes":[]},{"id":41751,"url":"http:\/\/batimedianews.com\/live\/index.php\/2024\/11\/27\/nouvelles-lames-de-terrasses-accoya-lalliance-de-la-durabilite-et-de-leco-responsabilite-2\/","url_meta":{"origin":38299,"position":4},"title":"Nouvelles lames de terrasses ACCOYA, l\u2019alliance de la durabilit\u00e9 et de l\u2019\u00e9co-responsabilit\u00e9","date":"27 novembre 2024","format":false,"excerpt":"Lames de terrasses ACCOYA, profil 21x145 cm, coloris gris, finitions invisibles. Sp\u00e9cialiste des produits bois pour l\u2019habitat et l\u2019ext\u00e9rieur (bardage, lambris, terrasse, cl\u00f4ture et bois de construction), PROTAC \u00e9largit son offre de solutions d\u2019am\u00e9nagements ext\u00e9rieurs avec 3 nouveaux profils de lames de terrasses ACCOYA. Disponibles en 2 dimensions, 21 x\u2026","rel":"","context":"Dans &quot;Bardage&quot;","img":{"alt_text":"","src":"https:\/\/i1.wp.com\/batimedianews.com\/live\/wp-content\/uploads\/2024\/11\/Protac-articles-.jpg?fit=825%2C825&resize=350%2C200","width":350,"height":200},"classes":[]},{"id":8570,"url":"http:\/\/batimedianews.com\/live\/index.php\/2021\/04\/30\/felix-clercx-et-fiberdeck-donnent-naissance-a\/","url_meta":{"origin":38299,"position":5},"title":"Felix Clercx et Fiberdeck donnent naissance \u00e0\u2026","date":"30 avril 2021","format":false,"excerpt":"Il y a plus d\u2019un an, le groupe fran\u00e7ais Forestia, principalement connu pour sa filiale de bois composite Fiberdeck a repris l\u2019importateur de bois tropicaux n\u00e9erlandais Felix Clercx, fond\u00e9 en 1891. Malgr\u00e9 la pand\u00e9mie de Coronavirus, l\u2019ann\u00e9e \u00e9coul\u00e9e s\u2019est av\u00e9r\u00e9e tr\u00e8s fructueuse et les soci\u00e9t\u00e9s Felix Clercx (BV & Gmbh)\u2026","rel":"","context":"Dans &quot;Actualit\u00e9 Entreprises&quot;","img":{"alt_text":"","src":"https:\/\/i0.wp.com\/batimedianews.com\/live\/wp-content\/uploads\/2021\/02\/image-206.png?fit=1082%2C558&resize=350%2C200","width":350,"height":200},"classes":[]}],"_links":{"self":[{"href":"http:\/\/batimedianews.com\/live\/index.php\/wp-json\/wp\/v2\/posts\/38299"}],"collection":[{"href":"http:\/\/batimedianews.com\/live\/index.php\/wp-json\/wp\/v2\/posts"}],"about":[{"href":"http:\/\/batimedianews.com\/live\/index.php\/wp-json\/wp\/v2\/types\/post"}],"author":[{"embeddable":true,"href":"http:\/\/batimedianews.com\/live\/index.php\/wp-json\/wp\/v2\/users\/41"}],"replies":[{"embeddable":true,"href":"http:\/\/batimedianews.com\/live\/index.php\/wp-json\/wp\/v2\/comments?post=38299"}],"version-history":[{"count":2,"href":"http:\/\/batimedianews.com\/live\/index.php\/wp-json\/wp\/v2\/posts\/38299\/revisions"}],"predecessor-version":[{"id":38756,"href":"http:\/\/batimedianews.com\/live\/index.php\/wp-json\/wp\/v2\/posts\/38299\/revisions\/38756"}],"wp:featuredmedia":[{"embeddable":true,"href":"http:\/\/batimedianews.com\/live\/index.php\/wp-json\/wp\/v2\/media\/38302"}],"wp:attachment":[{"href":"http:\/\/batimedianews.com\/live\/index.php\/wp-json\/wp\/v2\/media?parent=38299"}],"wp:term":[{"taxonomy":"category","embeddable":true,"href":"http:\/\/batimedianews.com\/live\/index.php\/wp-json\/wp\/v2\/categories?post=38299"},{"taxonomy":"post_tag","embeddable":true,"href":"http:\/\/batimedianews.com\/live\/index.php\/wp-json\/wp\/v2\/tags?post=38299"}],"curies":[{"name":"wp","href":"https:\/\/api.w.org\/{rel}","templated":true}]}}