{"id":38638,"date":"2024-07-09T14:29:24","date_gmt":"2024-07-09T12:29:24","guid":{"rendered":"http:\/\/batimedianews.com\/live\/?p=38638"},"modified":"2024-07-09T14:29:27","modified_gmt":"2024-07-09T12:29:27","slug":"les-acteurs-du-btp-sengagent-aupres-de-lafm-telethon-et-de-linstitut-de-myologie-avec-le-1er-telethon-de-la-filiere-du-batiment","status":"publish","type":"post","link":"http:\/\/batimedianews.com\/live\/index.php\/2024\/07\/09\/les-acteurs-du-btp-sengagent-aupres-de-lafm-telethon-et-de-linstitut-de-myologie-avec-le-1er-telethon-de-la-filiere-du-batiment\/","title":{"rendered":"Les acteurs du BTP s\u2019engagent aupr\u00e8s de l\u2019AFM T\u00e9l\u00e9thon et de l\u2019Institut de Myologie avec le 1er T\u00e9l\u00e9thon de la Fili\u00e8re du B\u00e2timent"},"content":{"rendered":"\n<p class=\"has-medium-font-size\"><strong>Rendez-vous le 28 novembre prochain pour la plus grande manifestation sportive solidaire du secteur du BTP&nbsp;!<\/strong><\/p>\n\n\n\n<p>Dans un contexte o\u00f9&nbsp;les troubles musculo-squelettiques (TMS) repr\u00e9sentent la premi\u00e8re cause de maladies professionnelles dans le secteur du B\u00e2timent, diff\u00e9rents acteurs de la fili\u00e8re s\u2019associent aujourd\u2019hui dans l\u2019organisation de la premi\u00e8re \u00e9dition du \u00ab\u00a0T\u00e9l\u00e9thon de la Fili\u00e8re du B\u00e2timent\u00a0\u00bb.&nbsp;<\/p>\n\n\n\n<p>Constructeurs, industriels, distributeurs, partenaires de services, \u00e9coles de formation ou encore r\u00e9seaux du BTP sont invit\u00e9s \u00e0 se retrouver en fin de journ\u00e9e du jeudi 28 novembre 2024, au stade Emile Anthoine, un lieu d\u2019exception situ\u00e9 au pied de la Tour Eiffel. En parall\u00e8le, un T\u00e9l\u00e9thon Challenge sera organis\u00e9 pour les entreprises souhaitant participer \u00e0 distance.<\/p>\n\n\n\n<p>Objectif&nbsp;: courir et bouger au profit de l\u2019AFM-T\u00e9l\u00e9thon et notamment de son Institut de Myologie, centre d\u2019expertise d\u00e9di\u00e9 \u00e0 la science et \u00e0 la m\u00e9decine du muscle et de ses maladies.&nbsp;<\/p>\n\n\n\n<p>Le coup d\u2019envoi de cet \u00e9v\u00e8nement a \u00e9t\u00e9 donn\u00e9 le lundi 18 mars dernier \u00e0 l\u2019occasion d\u2019une soir\u00e9e de lancement au c\u0153ur des laboratoires de l\u2019Institut de Myologie (Piti\u00e9 Salp\u00eatri\u00e8re) avec la pr\u00e9sentation de son Comit\u00e9 d\u2019Organisation.<\/p>\n\n\n\n<p>La premi\u00e8re \u00e9dition du \u00ab\u00a0T\u00e9l\u00e9thon de la Fili\u00e8re du B\u00e2timent\u00a0\u00bb r\u00e9unit d\u00e9j\u00e0 de nombreux acteurs du secteur<sup>&nbsp;(1)<\/sup>convaincus de la n\u00e9cessit\u00e9 de concr\u00e9tiser leurs engagements dans des actions RSE fortes incarnant leurs valeurs.<\/p>\n\n\n\n<p>En cette ann\u00e9e Olympique, les partenaires du \u00ab\u00a0T\u00e9l\u00e9thon de la Fili\u00e8re du B\u00e2timent\u00a0\u00bb appellent toutes les entreprises du secteur du BTP, quelles qu\u2019elles soient, \u00e0 rejoindre cette op\u00e9ration in\u00e9dite pour proposer \u00e0 leurs collaborateurs de passer un moment f\u00e9d\u00e9rateur et convivial afin de collecter des dons en faveur de la lutte contre les TMS&nbsp;et pour faire avancer la recherche au sein de la future fondation de Myologie.<\/p>\n\n\n\n<p><em>&nbsp;(1) Ils ont d\u00e9j\u00e0 rejoint le mouvement&nbsp;:&nbsp;<\/em><\/p>\n\n\n\n<figure class=\"wp-block-image size-full\"><img loading=\"lazy\" width=\"720\" height=\"379\" src=\"https:\/\/i1.wp.com\/batimedianews.com\/live\/wp-content\/uploads\/2024\/07\/image-35.png?resize=720%2C379\" alt=\"\" class=\"wp-image-38639\" srcset=\"https:\/\/i1.wp.com\/batimedianews.com\/live\/wp-content\/uploads\/2024\/07\/image-35.png?w=1620 1620w, https:\/\/i1.wp.com\/batimedianews.com\/live\/wp-content\/uploads\/2024\/07\/image-35.png?resize=768%2C403 768w, https:\/\/i1.wp.com\/batimedianews.com\/live\/wp-content\/uploads\/2024\/07\/image-35.png?resize=432%2C227 432w, https:\/\/i1.wp.com\/batimedianews.com\/live\/wp-content\/uploads\/2024\/07\/image-35.png?resize=396%2C208 396w, https:\/\/i1.wp.com\/batimedianews.com\/live\/wp-content\/uploads\/2024\/07\/image-35.png?resize=1120%2C589 1120w, https:\/\/i1.wp.com\/batimedianews.com\/live\/wp-content\/uploads\/2024\/07\/image-35.png?resize=660%2C347 660w, https:\/\/i1.wp.com\/batimedianews.com\/live\/wp-content\/uploads\/2024\/07\/image-35.png?w=1440 1440w\" sizes=\"(max-width: 600px) 91vw, (max-width: 900px) 600px, (max-width: 1060px) 50vw, (max-width: 1200px) 520px, (max-width: 1400px) 43vw, 600px\" data-recalc-dims=\"1\" \/><\/figure>\n\n\n\n<p class=\"has-text-align-center is-style-lead has-medium-font-size\"><strong>TOUS ENSEMBLE, mobilisons-nous pour d\u00e9montrer l\u2019engagement de la Fili\u00e8re du BTP&nbsp;en faveur du muscle&nbsp;!<\/strong><\/p>\n","protected":false},"excerpt":{"rendered":"<p>Rendez-vous le 28 novembre prochain pour la plus grande manifestation sportive solidaire du secteur du BTP&nbsp;! Dans un contexte o\u00f9&nbsp;les troubles musculo-squelettiques (TMS) repr\u00e9sentent la premi\u00e8re cause de maladies professionnelles dans le secteur du B\u00e2timent, diff\u00e9rents acteurs de la fili\u00e8re s\u2019associent aujourd\u2019hui dans l\u2019organisation de la premi\u00e8re \u00e9dition du \u00ab\u00a0T\u00e9l\u00e9thon de la Fili\u00e8re du B\u00e2timent\u00a0\u00bb.&nbsp; [&hellip;]<\/p>\n","protected":false},"author":41,"featured_media":38653,"comment_status":"open","ping_status":"open","sticky":true,"template":"","format":"standard","meta":{"spay_email":""},"categories":[1364,2155],"tags":[],"jetpack_featured_media_url":"https:\/\/i0.wp.com\/batimedianews.com\/live\/wp-content\/uploads\/2024\/07\/FFB.jpg?fit=1513%2C825","jetpack_sharing_enabled":true,"jetpack_likes_enabled":true,"jetpack-related-posts":[{"id":26971,"url":"http:\/\/batimedianews.com\/live\/index.php\/2023\/03\/20\/cercle-promodul-inef4-et-le-ccca-btp-renforcent-leur-partenariat-autour-dune-experimentation\/","url_meta":{"origin":38638,"position":0},"title":"Cercle Promodul \/ INEF4 et le CCCA-BTP renforcent leur partenariat autour d\u2019une exp\u00e9rimentation","date":"20 mars 2023","format":false,"excerpt":"Face aux mutations importantes du secteur du b\u00e2timent (\u00e9volution rapide des technologies et des r\u00e9glementations), la formation aux outils de demain devient un objectif majeur pour les professionnels et acteurs de la transition \u00e9nerg\u00e9tique, environnementale et num\u00e9rique. C\u2019est pourquoi, dans leurs missions respectives d\u2019accompagnement \u00e0 la formation et \u00e0 la\u2026","rel":"","context":"Dans &quot;Actualit\u00e9 Entreprises&quot;","img":{"alt_text":"","src":"https:\/\/i1.wp.com\/batimedianews.com\/live\/wp-content\/uploads\/2023\/03\/INEF-Article.jpg?fit=1080%2C1080&resize=350%2C200","width":350,"height":200},"classes":[]},{"id":14018,"url":"http:\/\/batimedianews.com\/live\/index.php\/2021\/12\/02\/prevention-des-risques-professionnels-dans-lapprentissage-btp\/","url_meta":{"origin":38638,"position":1},"title":"Pr\u00e9vention des risques professionnels dans l\u2019apprentissage BTP","date":"2 d\u00e9cembre 2021","format":false,"excerpt":"Le CCCA-BTP et l\u2019OPPBTP partenaires pour inscrire la dimension sant\u00e9 et s\u00e9curit\u00e9 au travail comme une comp\u00e9tence professionnelle essentielle\u00a0 \u00c9ric Routier, pr\u00e9sident du CCCA-BTP, et Didier Bouvelle, secr\u00e9taire g\u00e9n\u00e9ral du CCCA-BTP, Giovanni Verrecchia, pr\u00e9sident de l\u2019OPPBTP, et Paul Duphil, secr\u00e9taire g\u00e9n\u00e9ral de l\u2019OPPBTP, ont sign\u00e9 le 24 novembre 2021 une\u2026","rel":"","context":"Dans &quot;Batiment connect\u00e9&quot;","img":{"alt_text":"","src":"https:\/\/i1.wp.com\/batimedianews.com\/live\/wp-content\/uploads\/2021\/11\/CCCABTP-Article.jpg?fit=512%2C512&resize=350%2C200","width":350,"height":200},"classes":[]},{"id":11670,"url":"http:\/\/batimedianews.com\/live\/index.php\/2021\/09\/01\/la-filiere-btp-se-donne-rendez-vous-sur-artibat-en-octobre\/","url_meta":{"origin":38638,"position":2},"title":"La fili\u00e8re BTP se donne rendez-vous sur ARTIBAT en octobre","date":"1 septembre 2021","format":false,"excerpt":"\u00a0Ev\u00e9nement majeur de la rentr\u00e9e pour tous les acteurs de la fili\u00e8re BTP, la 17\u00e8me \u00e9dition du Salon ARTIBAT, qui se tiendra \u00e0 Rennes les 13, 14 et 15 octobre prochains, s\u2019annonce d\u2019ores et d\u00e9j\u00e0 exceptionnelle. Synonyme de rencontres et d\u2019affaires, ARTIBAT, le salon des territoires, s\u2019impose \u00e9galement comme une\u2026","rel":"","context":"Dans &quot;Actualit\u00e9 Entreprises&quot;","img":{"alt_text":"","src":"https:\/\/i2.wp.com\/batimedianews.com\/live\/wp-content\/uploads\/2021\/09\/1-ARTIBAT-2021_Nouveautes.jpg?fit=849%2C567&resize=350%2C200","width":350,"height":200},"classes":[]},{"id":7727,"url":"http:\/\/batimedianews.com\/live\/index.php\/2021\/01\/11\/aos-la-plateforme-qui-digitalise-les-appels-doffres-du-btp-frappe-encore-avec-une-nouvelle-version-de-la-signature-electronique-des-marches-traites\/","url_meta":{"origin":38638,"position":3},"title":"AOS, la plateforme qui digitalise les appels d\u2019offres du BTP, frappe encore avec une nouvelle version de la signature \u00e9lectronique des march\u00e9s trait\u00e9s.","date":"11 janvier 2021","format":false,"excerpt":"Paris, le 7 Janvier 2021.\u00a0 Depuis 2018, AOS s\u2019inscrit comme \u00ab facilitateur \u00bb pour les professionnels du secteur du BTP avec sa plateforme qui propose aux acteurs de la profession (ma\u00eetres d\u2019oeuvre et ma\u00eetres d\u2019ouvrage) une offre 100% digitale pour lancer et suivre leurs appels d\u2019offres. Aujourd\u2019hui, pour aller encore\u2026","rel":"","context":"Dans &quot;Actualit\u00e9 Entreprises&quot;","img":{"alt_text":"","src":"https:\/\/i2.wp.com\/batimedianews.com\/live\/wp-content\/uploads\/2021\/01\/image-39.png?fit=1146%2C524&resize=350%2C200","width":350,"height":200},"classes":[]},{"id":17559,"url":"http:\/\/batimedianews.com\/live\/index.php\/2022\/03\/18\/le-ministere-delegue-au-logement-et-lademe-lancent-une-campagne-pour-favoriser-le-recrutement-dans-le-secteur-du-btp-et-de-la-renovation-energetique-des-batiments\/","url_meta":{"origin":38638,"position":4},"title":"Le minist\u00e8re d\u00e9l\u00e9gu\u00e9 au logement et l&rsquo;ADEME lancent une campagne pour favoriser le recrutement dans le secteur du BTP et de la r\u00e9novation \u00e9nerg\u00e9tique des b\u00e2timents","date":"18 mars 2022","format":false,"excerpt":"\u00a0En France, le secteur du b\u00e2timent est responsable de 47% des consommations finales \u00e9nerg\u00e9tiques et de 25% des \u00e9missions de gaz \u00e0 effet de serre. Dans l\u2019objectif de r\u00e9duire de 50% les \u00e9missions de CO2 d\u2019ici \u00e0 2030, la r\u00e9novation \u00e9nerg\u00e9tique des b\u00e2timents est une priorit\u00e9.\u00a0 Cependant, la construction fait\u2026","rel":"","context":"Dans &quot;Actualit\u00e9 Entreprises&quot;","img":{"alt_text":"","src":"https:\/\/i1.wp.com\/batimedianews.com\/live\/wp-content\/uploads\/2022\/03\/ADEME-Article.jpg?fit=512%2C512&resize=350%2C200","width":350,"height":200},"classes":[]},{"id":24972,"url":"http:\/\/batimedianews.com\/live\/index.php\/2022\/11\/25\/recyclage-des-dechets-du-batiment-ecomaison-organise-les-rencontres-regionales-6-dates-pour-echanger-avec-acteurs-locaux\/","url_meta":{"origin":38638,"position":5},"title":"Recyclage des d\u00e9chets du b\u00e2timent : Ecomaison organise les Rencontres R\u00e9gionales, 6 dates pour \u00e9changer avec acteurs locaux","date":"25 novembre 2022","format":false,"excerpt":"Ecomaison\u00a0(pr\u00e9c\u00e9demment Eco-mobilier) est\u00a0agr\u00e9\u00e9\u00a0par les pouvoirs publics pour\u00a0prendre en charge\u00a0la fili\u00e8re de recyclage\u00a0des\u00a0produits et mat\u00e9riaux de construction du b\u00e2timent.\u00a0Il\u00a0organise\u00a0les\u00a0Rencontres R\u00e9gionales\u00a0: 6\u00a0journ\u00e9es\u00a0d'information\u00a0et d'\u00e9changes\u00a0d\u00e9di\u00e9es aux\u00a0entreprises et\u00a0aux\u00a0collectivit\u00e9s locales. Au programme de ces Rencontres R\u00e9gionales, informations r\u00e9glementaires sur la fili\u00e8re de recyclage du b\u00e2timent, offre de services et d'accompagnement partenarial\u00a0Ecomaison, d\u00e9ploiement op\u00e9rationnel de la\u00a0fili\u00e8re\u00a0\u00e0 l'\u00e9chelle\u2026","rel":"","context":"Dans &quot;Actualit\u00e9 Entreprises&quot;","img":{"alt_text":"","src":"https:\/\/i0.wp.com\/batimedianews.com\/live\/wp-content\/uploads\/2022\/11\/Ecomobilier-Article.jpg?fit=1080%2C1080&resize=350%2C200","width":350,"height":200},"classes":[]}],"_links":{"self":[{"href":"http:\/\/batimedianews.com\/live\/index.php\/wp-json\/wp\/v2\/posts\/38638"}],"collection":[{"href":"http:\/\/batimedianews.com\/live\/index.php\/wp-json\/wp\/v2\/posts"}],"about":[{"href":"http:\/\/batimedianews.com\/live\/index.php\/wp-json\/wp\/v2\/types\/post"}],"author":[{"embeddable":true,"href":"http:\/\/batimedianews.com\/live\/index.php\/wp-json\/wp\/v2\/users\/41"}],"replies":[{"embeddable":true,"href":"http:\/\/batimedianews.com\/live\/index.php\/wp-json\/wp\/v2\/comments?post=38638"}],"version-history":[{"count":3,"href":"http:\/\/batimedianews.com\/live\/index.php\/wp-json\/wp\/v2\/posts\/38638\/revisions"}],"predecessor-version":[{"id":38780,"href":"http:\/\/batimedianews.com\/live\/index.php\/wp-json\/wp\/v2\/posts\/38638\/revisions\/38780"}],"wp:featuredmedia":[{"embeddable":true,"href":"http:\/\/batimedianews.com\/live\/index.php\/wp-json\/wp\/v2\/media\/38653"}],"wp:attachment":[{"href":"http:\/\/batimedianews.com\/live\/index.php\/wp-json\/wp\/v2\/media?parent=38638"}],"wp:term":[{"taxonomy":"category","embeddable":true,"href":"http:\/\/batimedianews.com\/live\/index.php\/wp-json\/wp\/v2\/categories?post=38638"},{"taxonomy":"post_tag","embeddable":true,"href":"http:\/\/batimedianews.com\/live\/index.php\/wp-json\/wp\/v2\/tags?post=38638"}],"curies":[{"name":"wp","href":"https:\/\/api.w.org\/{rel}","templated":true}]}}