{"id":38882,"date":"2024-07-12T10:18:53","date_gmt":"2024-07-12T08:18:53","guid":{"rendered":"http:\/\/batimedianews.com\/live\/?p=38882"},"modified":"2024-07-12T10:18:55","modified_gmt":"2024-07-12T08:18:55","slug":"nous-serons-la-et-vous","status":"publish","type":"post","link":"http:\/\/batimedianews.com\/live\/index.php\/2024\/07\/12\/nous-serons-la-et-vous\/","title":{"rendered":"Nous serons l\u00e0, et vous ?"},"content":{"rendered":"\n<div class=\"wp-block-image\"><figure class=\"aligncenter size-full is-resized\"><img loading=\"lazy\" src=\"https:\/\/i2.wp.com\/batimedianews.com\/live\/wp-content\/uploads\/2024\/07\/image-111.png?resize=232%2C85\" alt=\"\" class=\"wp-image-38881\" width=\"232\" height=\"85\" srcset=\"https:\/\/i2.wp.com\/batimedianews.com\/live\/wp-content\/uploads\/2024\/07\/image-111.png?w=342 342w, https:\/\/i2.wp.com\/batimedianews.com\/live\/wp-content\/uploads\/2024\/07\/image-111.png?resize=768%2C282 768w\" sizes=\"(max-width: 600px) 91vw, (max-width: 900px) 600px, (max-width: 1060px) 50vw, (max-width: 1200px) 520px, (max-width: 1400px) 43vw, 600px\" data-recalc-dims=\"1\" \/><\/figure><\/div>\n\n\n\n<p class=\"has-text-color\" style=\"color:#02067d;font-size:25px\">&nbsp;Glass Systems de retour au Salon International du B\u00e2timent !&nbsp;<\/p>\n\n\n\n<p>Nous sommes ravis d\u2019annoncer que l\u2019\u00e9quipe de <strong>Glass Systems <\/strong>participera au salon <strong>BATIMAT <\/strong>en septembre prochain. Lors de cet \u00e9v\u00e9nement, nous mettrons en avant notre gamme innovante de garde-corps, r\u00e9pondant \u00e0 la demande croissante des professionnels de la menuiserie et des particuliers. En plus de pr\u00e9senter nos produits, notre \u00e9quipe sera disponible pour rencontrer nos clients, mieux les conna\u00eetre, et partager des moments privil\u00e9gi\u00e9s avec eux. Nous sommes convaincus que le succ\u00e8s de nos produits repose sur une relation \u00e9troite et de confiance avec nos clients.&nbsp;<\/p>\n\n\n\n<blockquote class=\"wp-block-quote\"><p><strong>&nbsp;Partageons une solution sur mesure pour l\u2019ext\u00e9rieur.&nbsp;<\/strong><\/p><\/blockquote>\n\n\n\n<p>Parmi les produits que nous pr\u00e9senterons, vous trouverez notre produit phare, le <strong>Garde-Corps en Verre, <\/strong>qui, avec ses divers mod\u00e8les de profil\u00e9s, est facile \u00e0 installer et conforme aux normes en vigueur, offrant \u00e0 la fois s\u00e9curit\u00e9 et esth\u00e9tique.&nbsp;<\/p>\n\n\n\n<p><strong>Balustrade en Verre : <\/strong>sp\u00e9cialement con\u00e7ue pour les fen\u00eatres et balcons, allie \u00e9l\u00e9gance et robustesse.&nbsp;<\/p>\n\n\n\n<p><strong>Protection Vitr\u00e9e : <\/strong>un garde-corps avec poteaux id\u00e9al pour les terrasses, combinant s\u00e9curit\u00e9 et design moderne.&nbsp;<\/p>\n\n\n\n<p><strong>Points de Fixation avec Vitrage : <\/strong>pour un rendu \u00e9pur\u00e9 sans profil\u00e9, ces points de fixation s\u00e9curisent l\u2019int\u00e9rieur de l\u2019habitat, particuli\u00e8rement pour les escaliers et les \u00e9tages sup\u00e9rieurs. En exclusivit\u00e9 pour <strong>Batimat 2024, <\/strong>nous d\u00e9voilerons deux innovations majeures. Soyez patients, \u00e7a vaut le coup d\u2019attendre ! Pour d\u00e9couvrir ces nouveaut\u00e9s et bien plus encore, nous vous invitons \u00e0 nous rejoindre sur notre stand : <strong>Halle 6, B082. <\/strong>Notre \u00e9quipe se fera un plaisir de vous pr\u00e9senter nos produits, de r\u00e9pondre \u00e0 vos questions et d\u2019\u00e9changer sur vos projets.&nbsp;<\/p>\n\n\n\n<p><\/p>\n","protected":false},"excerpt":{"rendered":"<p>&nbsp;Glass Systems de retour au Salon International du B\u00e2timent !&nbsp; Nous sommes ravis d\u2019annoncer que l\u2019\u00e9quipe de Glass Systems participera au salon BATIMAT en septembre prochain. Lors de cet \u00e9v\u00e9nement, nous mettrons en avant notre gamme innovante de garde-corps, r\u00e9pondant \u00e0 la demande croissante des professionnels de la menuiserie et des particuliers. En plus de [&hellip;]<\/p>\n","protected":false},"author":41,"featured_media":38884,"comment_status":"open","ping_status":"open","sticky":true,"template":"","format":"standard","meta":{"spay_email":""},"categories":[4,140,84,538],"tags":[],"jetpack_featured_media_url":"https:\/\/i2.wp.com\/batimedianews.com\/live\/wp-content\/uploads\/2024\/07\/GlassSystem-articles-.jpg?fit=1513%2C825","jetpack_sharing_enabled":true,"jetpack_likes_enabled":true,"jetpack-related-posts":[{"id":28760,"url":"http:\/\/batimedianews.com\/live\/index.php\/2023\/05\/25\/hydro-building-systems-et-saint-gobain-glass-unissent-leurs-forces-pour-ouvrir-la-voie-vers-des-facades-a-faible-emission-de-carbone\/","url_meta":{"origin":38882,"position":0},"title":"Hydro Building Systems et Saint-Gobain Glass unissent leurs forces pour ouvrir la voie vers des fa\u00e7ades \u00e0 faible \u00e9mission de carbone","date":"25 mai 2023","format":false,"excerpt":"Bruno Mauvernay (\u00e0 gauche), directeur g\u00e9n\u00e9ral de la Business Unit Glass Facades de Saint-Gobainet Henri Gomez (\u00e0 droite), vice-pr\u00e9sident d\u2019Hydro Building Systems Hydro Building Systems et Saint-Gobain Glass unissent leurs forces pour favoriser la d\u00e9carbonation en aidant le secteur du b\u00e2timent \u00e0 concevoir des fa\u00e7ades durables qui int\u00e8grent la circularit\u00e9.\u2026","rel":"","context":"Dans &quot;Association&quot;","img":{"alt_text":"","src":"https:\/\/i1.wp.com\/batimedianews.com\/live\/wp-content\/uploads\/2023\/05\/Hydro-Article.jpg?fit=1080%2C1080&resize=350%2C200","width":350,"height":200},"classes":[]},{"id":22258,"url":"http:\/\/batimedianews.com\/live\/index.php\/2022\/08\/02\/la-societe-rairies-montrieux-presente-au-salon-batimat-en-octobre-prochain\/","url_meta":{"origin":38882,"position":1},"title":"LA SOCI\u00c9T\u00c9 RAIRIES MONTRIEUX pr\u00e9sente au salon BATIMAT en octobre prochain","date":"2 ao\u00fbt 2022","format":false,"excerpt":"C\u2019est une nouvelle qui r\u00e9jouit les professionnels de la construction et de l\u2019architecture : le retour de la soci\u00e9t\u00e9 Rairies Montrieux \u00e0 l\u2019\u00e9dition 2022 du salon Batimat PAV.1-R036. Batimat est depuis 60 ans le rendez-vous des professionnels du b\u00e2timent. V\u00e9ritable lieu d\u2019\u00e9change et de rencontres, le salon Batimat est un\u2026","rel":"","context":"Dans &quot;Actualit\u00e9 Entreprises&quot;","img":{"alt_text":"","src":"https:\/\/i1.wp.com\/batimedianews.com\/live\/wp-content\/uploads\/2022\/07\/Rairies-Article.jpg?fit=1080%2C1080&resize=350%2C200","width":350,"height":200},"classes":[]},{"id":34187,"url":"http:\/\/batimedianews.com\/live\/index.php\/2024\/01\/10\/mondial-du-batiment-2024-une-edition-enrichie-concue-pour-apprehender-les-mutations-en-cours\/","url_meta":{"origin":38882,"position":2},"title":"Mondial Du B\u00e2timent 2024 &#8211; Une \u00e9dition enrichie con\u00e7ue pour appr\u00e9hender les mutations en cours","date":"10 janvier 2024","format":false,"excerpt":"Apr\u00e8s une \u00e9dition 2022 r\u00e9invent\u00e9e et pleinement r\u00e9ussie, rassemblant plus de 110 000 visiteurs et 1 720 exposants, le Mondial du B\u00e2timent et les trois salons BATIMAT, INTERCLIMA et ID\u00c9OBAIN, reviennent du 30 septembre au 3 octobre 2024 \u00e0 Paris Expo Porte de Versailles. \u00c9v\u00e8nement de convergence de toutes les\u2026","rel":"","context":"Dans &quot;Actualit\u00e9s salons&quot;","img":{"alt_text":"","src":"https:\/\/i1.wp.com\/batimedianews.com\/live\/wp-content\/uploads\/2024\/01\/Le-Mondial-du-batiment.jpg?fit=825%2C825&resize=350%2C200","width":350,"height":200},"classes":[]},{"id":39152,"url":"http:\/\/batimedianews.com\/live\/index.php\/2024\/08\/02\/iso-chemie-au-salon-batimat-equipbaie-2024-des-solutions-detancheite-et-disolation-faciles-a-mettre-en-oeuvre\/","url_meta":{"origin":38882,"position":3},"title":"ISO-CHEMIE au salon BATIMAT\/EQUIPBAIE 2024: des solutions d&rsquo;\u00e9tanch\u00e9it\u00e9 et d\u2019isolation, faciles \u00e0 mettre en \u0153uvre","date":"2 ao\u00fbt 2024","format":false,"excerpt":"ISO-Chemie pr\u00e9sente au salon BATIMAT\/\u00c9QUIPBAIE 2024 des solutions pratiques pour l'\u00e9tanch\u00e9it\u00e9 et isolation \u00e9nerg\u00e9tique des b\u00e2timents. Le professionnel de solutions innovantes met en 2024 fortement l'accent sur la facilit\u00e9 de la mise en \u0153uvre de ses produits et sur une grande flexibilit\u00e9 d'utilisation. Dans ce contexte, les visiteurs du salon\u2026","rel":"","context":"Dans &quot;Actualit\u00e9 Entreprises&quot;","img":{"alt_text":"","src":"https:\/\/i2.wp.com\/batimedianews.com\/live\/wp-content\/uploads\/2024\/07\/IsoChemie-articles-.jpg?fit=825%2C825&resize=350%2C200","width":350,"height":200},"classes":[]},{"id":23765,"url":"http:\/\/batimedianews.com\/live\/index.php\/2022\/09\/29\/le-stand-siniat-sera-entierement-concu-en-plaque-de-platre-et-recycle-a-la-fin-du-salon\/","url_meta":{"origin":38882,"position":4},"title":"Le stand SINIAT sera enti\u00e8rement con\u00e7u en plaque de pl\u00e2tre et recycl\u00e9\u2002\u00e0 la fin du salon !","date":"29 septembre 2022","format":false,"excerpt":"Le leader technique de la plaque de pl\u00e2tre s\u2019engage \u00e0 r\u00e9utiliser et \u00e0 recycler 100% des \u00e9l\u00e9ments en plaque de pl\u00e2tre de son stand Batimat. De la conception \u00e0 la d\u00e9construction, tout a \u00e9t\u00e9 pens\u00e9 dans les moindres d\u00e9tails pour un impact environnemental le plus faible possible. Une prouesse en\u2026","rel":"","context":"Dans &quot;Actualit\u00e9 Entreprises&quot;","img":{"alt_text":"","src":"https:\/\/i0.wp.com\/batimedianews.com\/live\/wp-content\/uploads\/2022\/09\/Siniat-Article-1.jpg?fit=1080%2C1080&resize=350%2C200","width":350,"height":200},"classes":[]},{"id":16531,"url":"http:\/\/batimedianews.com\/live\/index.php\/2022\/02\/24\/mondial-du-batiment2022-une-mobilisation-sans-precedent-pour-porter-toutes-les-reponses-aux-defis-actuels-et-futur-batiment\/","url_meta":{"origin":38882,"position":5},"title":"Mondial du b\u00e2timent2022 une mobilisation sans pr\u00e9c\u00e8dent pour porter toutes les r\u00e9ponses aux d\u00e9fis actuels et futur b\u00e2timent","date":"24 f\u00e9vrier 2022","format":false,"excerpt":"\u00a0\u00c9v\u00e9nement international de r\u00e9f\u00e9rence des secteurs du b\u00e2timent, de la construction et de l\u2019architecture, le Mondial du B\u00e2timent ouvrira ses portes \u00e0 Paris Expo Porte de Versailles du\u00a03 au 6 octobre 2022. En phase avec toutes les grandes mutations du secteur, il s\u2019affirme comme un \u00e9v\u00e8nement incontournable pour tous les\u2026","rel":"","context":"Dans &quot;Actualit\u00e9 Entreprises&quot;","img":{"alt_text":"","src":"https:\/\/i0.wp.com\/batimedianews.com\/live\/wp-content\/uploads\/2022\/02\/MdB-Article.jpg?fit=512%2C512&resize=350%2C200","width":350,"height":200},"classes":[]}],"_links":{"self":[{"href":"http:\/\/batimedianews.com\/live\/index.php\/wp-json\/wp\/v2\/posts\/38882"}],"collection":[{"href":"http:\/\/batimedianews.com\/live\/index.php\/wp-json\/wp\/v2\/posts"}],"about":[{"href":"http:\/\/batimedianews.com\/live\/index.php\/wp-json\/wp\/v2\/types\/post"}],"author":[{"embeddable":true,"href":"http:\/\/batimedianews.com\/live\/index.php\/wp-json\/wp\/v2\/users\/41"}],"replies":[{"embeddable":true,"href":"http:\/\/batimedianews.com\/live\/index.php\/wp-json\/wp\/v2\/comments?post=38882"}],"version-history":[{"count":3,"href":"http:\/\/batimedianews.com\/live\/index.php\/wp-json\/wp\/v2\/posts\/38882\/revisions"}],"predecessor-version":[{"id":38913,"href":"http:\/\/batimedianews.com\/live\/index.php\/wp-json\/wp\/v2\/posts\/38882\/revisions\/38913"}],"wp:featuredmedia":[{"embeddable":true,"href":"http:\/\/batimedianews.com\/live\/index.php\/wp-json\/wp\/v2\/media\/38884"}],"wp:attachment":[{"href":"http:\/\/batimedianews.com\/live\/index.php\/wp-json\/wp\/v2\/media?parent=38882"}],"wp:term":[{"taxonomy":"category","embeddable":true,"href":"http:\/\/batimedianews.com\/live\/index.php\/wp-json\/wp\/v2\/categories?post=38882"},{"taxonomy":"post_tag","embeddable":true,"href":"http:\/\/batimedianews.com\/live\/index.php\/wp-json\/wp\/v2\/tags?post=38882"}],"curies":[{"name":"wp","href":"https:\/\/api.w.org\/{rel}","templated":true}]}}