{"id":38934,"date":"2024-07-15T09:30:43","date_gmt":"2024-07-15T07:30:43","guid":{"rendered":"http:\/\/batimedianews.com\/live\/?p=38934"},"modified":"2024-07-15T09:30:45","modified_gmt":"2024-07-15T07:30:45","slug":"bosch-professional-sponsor-bronze-de-la-47eme-competition-mondiale-des-metiers-worldskills-lyon-2024","status":"publish","type":"post","link":"http:\/\/batimedianews.com\/live\/index.php\/2024\/07\/15\/bosch-professional-sponsor-bronze-de-la-47eme-competition-mondiale-des-metiers-worldskills-lyon-2024\/","title":{"rendered":"Bosch Professional, Sponsor Bronze de la 47\u00e8me Comp\u00e9tition Mondiale des M\u00e9tiers WorldSkills Lyon 2024"},"content":{"rendered":"\n<div class=\"wp-block-media-text alignwide has-media-on-the-right is-stacked-on-mobile\" style=\"grid-template-columns:auto 41%\"><figure class=\"wp-block-media-text__media\"><img loading=\"lazy\" width=\"720\" height=\"479\" src=\"https:\/\/i2.wp.com\/batimedianews.com\/live\/wp-content\/uploads\/2024\/07\/image-126.png?resize=720%2C479\" alt=\"\" class=\"wp-image-38935 size-full\" srcset=\"https:\/\/i2.wp.com\/batimedianews.com\/live\/wp-content\/uploads\/2024\/07\/image-126.png?w=854 854w, https:\/\/i2.wp.com\/batimedianews.com\/live\/wp-content\/uploads\/2024\/07\/image-126.png?resize=768%2C510 768w, https:\/\/i2.wp.com\/batimedianews.com\/live\/wp-content\/uploads\/2024\/07\/image-126.png?resize=432%2C287 432w, https:\/\/i2.wp.com\/batimedianews.com\/live\/wp-content\/uploads\/2024\/07\/image-126.png?resize=396%2C263 396w, https:\/\/i2.wp.com\/batimedianews.com\/live\/wp-content\/uploads\/2024\/07\/image-126.png?resize=660%2C439 660w\" sizes=\"(max-width: 600px) 91vw, (max-width: 900px) 600px, (max-width: 1060px) 50vw, (max-width: 1200px) 520px, (max-width: 1400px) 43vw, 600px\" data-recalc-dims=\"1\" \/><\/figure><div class=\"wp-block-media-text__content\">\n<div class=\"wp-block-group has-sm-light-primary-color has-text-color has-background\" style=\"background-color:#023c6c\"><div class=\"wp-block-group__inner-container\">\n<h2><strong>BOSCH, SPONSOR DE BRONZE<\/strong> <strong>DE WORLDSKILLS LYON 2024<\/strong><\/h2>\n\n\n\n<p>Organis\u00e9e tous les 2 ans, WorldSkills est la plus grande comp\u00e9tition de m\u00e9tiers au monde. Elle permet \u00e0 des jeunes de moins de 23 ans, issus de 65 nations, de repr\u00e9senter leur pays et leur m\u00e9tier lors d\u2019une comp\u00e9tition internationale. Pour cette 47<sup>\u00e8me <\/sup>\u00e9dition, la France accueille la Comp\u00e9tition Mondiale des M\u00e9tiers WorldSkills du 10 au 15 septembre 2024 \u00e0 Lyon. Cet \u00e9v\u00e8nement d\u2019envergure qui mobilise de nombreux acteurs &#8211; instances de l\u2019\u00c9tat fran\u00e7ais, fili\u00e8res professionnelles, organismes de formation, territoires et institutions en faveur de la jeunesse et des m\u00e9tiers &#8211; permet de pousser les jeunes g\u00e9n\u00e9rations de professionnels vers l\u2019excellence, de valoriser leur savoir-faire, leur passion et leur engagement.<\/p>\n<\/div><\/div>\n<\/div><\/div>\n\n\n\n<p class=\"has-sm-light-primary-color has-text-color has-background\" style=\"background-color:#023c6c\"><strong>Pour cette nouvelle \u00e9dition, Bosch Outillage a souhait\u00e9 participer \u00e0 l\u2019aventure WorldSkills en sponsorisant l\u2019\u00e9v\u00e8nement. En tant que partenaire et sponsor de bronze de cette comp\u00e9tition internationale, la division Outillage du groupe Bosch met \u00e0 la disposition des comp\u00e9titeurs diff\u00e9rents outils \u00e9lectroportatifs qui leur permettront de perfectionner leur technique et leur savoir-faire lors des \u00e9preuves.&nbsp;<\/strong><\/p>\n\n\n\n<p class=\"has-sm-color-tertiary-color has-text-color has-medium-font-size\"><strong>Soutenir l\u2019apprentissage et le talent : c\u2019est investir sur l\u2019avenir<\/strong><\/p>\n\n\n\n<p>La comp\u00e9tition WorldSkills vise \u00e0 promouvoir les fili\u00e8res professionnelles et les m\u00e9tiers aupr\u00e8s des jeunes, \u00e0 susciter des vocations, \u00e0 valoriser la formation et les comp\u00e9tences acquises. Cette mise en lumi\u00e8re au niveau mondiale est un v\u00e9ritable acc\u00e9l\u00e9rateur de carri\u00e8re, favorisant les opportunit\u00e9s professionnelles et le d\u00e9veloppement de r\u00e9seau pour les jeunes comp\u00e9titeurs. Lors de la comp\u00e9tition, 6 secteurs m\u00e9tiers sont repr\u00e9sent\u00e9s : Construction &amp; Technologie du B\u00e2timent, Communication et Num\u00e9rique, Mode et Arts Cr\u00e9atifs, Industrie et Ing\u00e9nierie, Social et Services, Transport et Logistique.<\/p>\n\n\n\n<div class=\"wp-block-media-text alignwide has-media-on-the-right is-stacked-on-mobile\" style=\"grid-template-columns:auto 42%\"><figure class=\"wp-block-media-text__media\"><img loading=\"lazy\" width=\"720\" height=\"379\" src=\"https:\/\/i1.wp.com\/batimedianews.com\/live\/wp-content\/uploads\/2024\/07\/image-127.png?resize=720%2C379\" alt=\"\" class=\"wp-image-38936 size-full\" srcset=\"https:\/\/i1.wp.com\/batimedianews.com\/live\/wp-content\/uploads\/2024\/07\/image-127.png?w=810 810w, https:\/\/i1.wp.com\/batimedianews.com\/live\/wp-content\/uploads\/2024\/07\/image-127.png?resize=768%2C403 768w, https:\/\/i1.wp.com\/batimedianews.com\/live\/wp-content\/uploads\/2024\/07\/image-127.png?resize=432%2C227 432w, https:\/\/i1.wp.com\/batimedianews.com\/live\/wp-content\/uploads\/2024\/07\/image-127.png?resize=396%2C208 396w, https:\/\/i1.wp.com\/batimedianews.com\/live\/wp-content\/uploads\/2024\/07\/image-127.png?resize=660%2C347 660w\" sizes=\"(max-width: 600px) 91vw, (max-width: 900px) 600px, (max-width: 1060px) 50vw, (max-width: 1200px) 520px, (max-width: 1400px) 43vw, 600px\" data-recalc-dims=\"1\" \/><\/figure><div class=\"wp-block-media-text__content\">\n<p class=\"has-normal-font-size\"><strong>Dans le cadre de ce partenariat avec WorldSkills Lyon 2024, Bosch va \u00e9quiper 392 participants avec des outils \u00e9lectroportatifs Bosch Professional pendant les 4 jours de comp\u00e9tition<\/strong>. <strong>C\u2019est une formidable occasion pour les jeunes de d\u00e9couvrir les outils et technologies Bosch, de les prendre en main et d\u2019appr\u00e9cier leur performance dans le cadre de leur \u00e9preuve.&nbsp;<\/strong><\/p>\n<\/div><\/div>\n\n\n\n<p><strong>6 secteurs seront sponsoris\u00e9s avec des produits Bosch Outillage :&nbsp;<\/strong><\/p>\n\n\n\n<ul><li>Technologie de fabrication et d\u2019ing\u00e9nierie : Usinage CNC, Tournage CNC, Soudage, \u00c9nergie renouvelable, Ing\u00e9nierie m\u00e9canique CAD, M\u00e9canique industrielle, Technologie du design industriel, Contr\u00f4le industriel.<\/li><li>Technologie de l\u2019information et la communication : C\u00e2blage des r\u00e9seaux tr\u00e8s haut d\u00e9bit.<\/li><li>Services sociaux et services \u00e0 la personne : P\u00e2tisserie et confiserie.<\/li><li>Arts cr\u00e9atifs et mode : Bijouterie-Joaillerie, Fleuristerie, Mode et technologie, Technologie du graphisme.<\/li><li>M\u00e9tier en d\u00e9monstration : Technologie des v\u00e9hicules ferroviaires.<\/li><\/ul>\n\n\n\n<p>\u00c0 l\u2019issue de la comp\u00e9tition, tous les outils Bosch Professional seront redistribu\u00e9s \u00e0 des \u00e9coles de la r\u00e9gion lyonnaise.<\/p>\n\n\n\n<p><strong>Pour Bosch Outillage, \u00eatre partenaire de WorldSkills Lyon 2024 est un moyen de s\u2019engager aux c\u00f4t\u00e9s des jeunes en formation, d\u2019encourager l\u2019apprentissage, de sensibiliser cette nouvelle g\u00e9n\u00e9ration de professionnels aux outils \u00e9lectroportatifs Bosch Professional et de contribuer \u00e0 l\u2019am\u00e9lioration de leurs comp\u00e9tences.&nbsp;<\/strong><\/p>\n\n\n\n<p>Bosch soutient non seulement le savoir-faire mais <strong>il partage les valeurs d\u2019ouverture, de g\u00e9n\u00e9rosit\u00e9, d\u2019unit\u00e9 et d\u2019excellence des WorldSkills.<\/strong><\/p>\n\n\n\n<p>Enfin, ce partenariat permet \u00e9galement de faire rayonner la marque dans le monde, et d\u2019associer Bosch \u00e0 un r\u00e9seau fort et unique en France et \u00e0 l\u2019\u00e9tranger.<\/p>\n","protected":false},"excerpt":{"rendered":"<p>Pour cette nouvelle \u00e9dition, Bosch Outillage a souhait\u00e9 participer \u00e0 l\u2019aventure WorldSkills en sponsorisant l\u2019\u00e9v\u00e8nement. En tant que partenaire et sponsor de bronze de cette comp\u00e9tition internationale, la division Outillage du groupe Bosch met \u00e0 la disposition des comp\u00e9titeurs diff\u00e9rents outils \u00e9lectroportatifs qui leur permettront de perfectionner leur technique et leur savoir-faire lors des \u00e9preuves.&nbsp; [&hellip;]<\/p>\n","protected":false},"author":41,"featured_media":38937,"comment_status":"open","ping_status":"open","sticky":true,"template":"","format":"standard","meta":{"spay_email":""},"categories":[4,5],"tags":[2533,2534],"jetpack_featured_media_url":"https:\/\/i0.wp.com\/batimedianews.com\/live\/wp-content\/uploads\/2024\/07\/Bosch.jpg?fit=1513%2C825","jetpack_sharing_enabled":true,"jetpack_likes_enabled":true,"jetpack-related-posts":[{"id":47268,"url":"http:\/\/batimedianews.com\/live\/index.php\/2025\/10\/07\/worldskills-competition-nationale-des-metiers-2025-dewalt-accelere-son-engagement-en-faveur-de-la-nouvelle-generation-de-professionnels\/","url_meta":{"origin":38934,"position":0},"title":"WORLDSKILLS comp\u00e9tition nationale des m\u00e9tiers 2025 &#8211; DEWALT acc\u00e9l\u00e8re son engagement en faveur de la nouvelle g\u00e9n\u00e9ration de professionnels","date":"7 octobre 2025","format":false,"excerpt":"Marque r\u00e9f\u00e9rente de l\u2019outillage \u00e9lectroportatif en France, DEWALT (groupe mondial Stanley Black&Decker) s\u2019engage toujours plus aux c\u00f4t\u00e9s de la jeunesse et de la fili\u00e8re du b\u00e2timent. Du 16 au 18 octobre prochains, la 48e \u00e9dition des WorldSkills r\u00e9unit au Parc Chanot \u00e0 Marseille 800 jeunes talents dans pr\u00e8s de 70\u2026","rel":"","context":"Dans &quot;Actualit\u00e9 Entreprises&quot;","img":{"alt_text":"","src":"https:\/\/i2.wp.com\/batimedianews.com\/live\/wp-content\/uploads\/2025\/10\/DeWalt.jpg?fit=825%2C825&resize=350%2C200","width":350,"height":200},"classes":[]},{"id":31717,"url":"http:\/\/batimedianews.com\/live\/index.php\/2023\/10\/05\/le-point-de-vente-de-cholet-du-groupe-champion-toujours-plus-engage-aupres-de-la-filiere-metallurgie\/","url_meta":{"origin":38934,"position":1},"title":"Le point de vente de Cholet du Groupe CHAMPION toujours plus engag\u00e9 aupr\u00e8s de la fili\u00e8re m\u00e9tallurgie","date":"5 octobre 2023","format":false,"excerpt":"\u00a0La sp\u00e9cialisation dans le n\u00e9goce des aciers est ancr\u00e9e dans l\u2019ADN du Groupe familial CHAMPION qui a d\u00e9but\u00e9 son histoire il y a plus de 100 ans par la distribution de poutrelles et de t\u00f4les. Acteur r\u00e9gional de r\u00e9f\u00e9rence dans le Grand Ouest, CHAMPION a constitu\u00e9 un maillage de proximit\u00e9\u2026","rel":"","context":"Dans &quot;Actualit\u00e9 Entreprises&quot;","img":{"alt_text":"","src":"https:\/\/i0.wp.com\/batimedianews.com\/live\/wp-content\/uploads\/2023\/09\/Champion-articles.jpg?fit=825%2C825&resize=350%2C200","width":350,"height":200},"classes":[]},{"id":31798,"url":"http:\/\/batimedianews.com\/live\/index.php\/2023\/10\/03\/la-capeb-offre-une-maison-durable-a-lassociation-habitat-et-humanisme\/","url_meta":{"origin":38934,"position":2},"title":"La CAPEB offre une maison durable \u00e0 l\u2019association Habitat et Humanisme","date":"3 octobre 2023","format":false,"excerpt":"\u00a0Apr\u00e8s avoir r\u00e9ussi le pari fou de construire une maison durable en deux jours pendant les 47\u00e8me comp\u00e9titions Worldskills, et parce que les artisans sont pleinement acteurs de la cit\u00e9 et de la solidarit\u00e9 urbaine, la CAPEB fait le choix d\u2019offrir cette maison \u00e0 l\u2019association Habitat et Humanisme pour cr\u00e9er\u2026","rel":"","context":"Dans &quot;Actualit\u00e9 Entreprises&quot;","img":{"alt_text":"","src":"https:\/\/i0.wp.com\/batimedianews.com\/live\/wp-content\/uploads\/2023\/09\/CAPEB-articles-1.jpg?fit=825%2C825&resize=350%2C200","width":350,"height":200},"classes":[]},{"id":37058,"url":"http:\/\/batimedianews.com\/live\/index.php\/2024\/04\/29\/equipbaie-metalexpo-une-integration-reussie-au-coeur-de-batimat\/","url_meta":{"origin":38934,"position":3},"title":"EQUIPBAIE \u2013 METALEXPO : une int\u00e9gration r\u00e9ussie au c\u0153ur de b\u00e2timat","date":"29 avril 2024","format":false,"excerpt":"EQUIPBAIE \u2013 METALEXPO s\u2019est impos\u00e9 au fil du temps comme un rendez-vous immanquable pour les fili\u00e8res de la menuiserie et de la m\u00e9tallerie. En choisissant d\u2019en faire un secteur phare de l\u2019\u00e9dition 2024 de BATIMAT les organisateurs, soutenus par les organisations professionnelles partenaires, ont r\u00e9ussi leur pari de mobiliser les\u2026","rel":"","context":"Dans &quot;Actualit\u00e9s salons&quot;","img":{"alt_text":"","src":"https:\/\/i2.wp.com\/batimedianews.com\/live\/wp-content\/uploads\/2024\/04\/Le-Mondial-du-batiment.jpg?fit=825%2C825&resize=350%2C200","width":350,"height":200},"classes":[]},{"id":37176,"url":"http:\/\/batimedianews.com\/live\/index.php\/2024\/05\/02\/tournee-europeenne-bosch-pro-tour-pour-decouvrir-en-direct-les-outils-et-services-bosch-professional\/","url_meta":{"origin":38934,"position":4},"title":"TOURN\u00c9E EUROP\u00c9ENNE BOSCH PRO TOUR &#8211; Pour d\u00e9couvrir en direct les outils et services Bosch Professional","date":"2 mai 2024","format":false,"excerpt":"BOSCH PRO TOUR LA TOURN\u00c9E EUROP\u00c9ENNE D\u00e8s le mois d\u2019avril, le nouveau camion de d\u00e9monstration Bosch Pro Tour prend la route pour faire le tour de l\u2019Europe, apr\u00e8s avoir sillonn\u00e9 l\u2019Allemagne, l\u2019Autriche et la Suisse. Cette deuxi\u00e8me tourn\u00e9e de pr\u00e9sentation offrira aux professionnels de tous corps de m\u00e9tiers l\u2019occasion de\u2026","rel":"","context":"Dans &quot;Actualit\u00e9 Entreprises&quot;","img":{"alt_text":"","src":"https:\/\/i1.wp.com\/batimedianews.com\/live\/wp-content\/uploads\/2024\/05\/Bosch.jpg?fit=825%2C825&resize=350%2C200","width":350,"height":200},"classes":[]},{"id":43617,"url":"http:\/\/batimedianews.com\/live\/index.php\/2025\/03\/17\/soraya-arrar-nommee-directrice-marketing-et-communication-de-bosch-home-comfort-france\/","url_meta":{"origin":38934,"position":5},"title":"Soraya ARRAR nomm\u00e9e Directrice Marketing et Communication de Bosch Home Comfort France","date":"17 mars 2025","format":false,"excerpt":"Depuis le 3 f\u00e9vrier dernier, Soraya ARRAR a \u00e9t\u00e9 nomm\u00e9e Directrice Marketing & Communication de Bosch Home Comfort France. Forte d\u2019une expertise de plus de 15 ans dans la transformation digitale, et le d\u00e9veloppement de strat\u00e9gies marketing et communication innovantes, elle ambitionne de renforcer la notori\u00e9t\u00e9 et l\u2019image de marque\u2026","rel":"","context":"Dans &quot;Actualit\u00e9 Entreprises&quot;","img":{"alt_text":"","src":"https:\/\/i1.wp.com\/batimedianews.com\/live\/wp-content\/uploads\/2025\/03\/Bosch.jpg?fit=825%2C825&resize=350%2C200","width":350,"height":200},"classes":[]}],"_links":{"self":[{"href":"http:\/\/batimedianews.com\/live\/index.php\/wp-json\/wp\/v2\/posts\/38934"}],"collection":[{"href":"http:\/\/batimedianews.com\/live\/index.php\/wp-json\/wp\/v2\/posts"}],"about":[{"href":"http:\/\/batimedianews.com\/live\/index.php\/wp-json\/wp\/v2\/types\/post"}],"author":[{"embeddable":true,"href":"http:\/\/batimedianews.com\/live\/index.php\/wp-json\/wp\/v2\/users\/41"}],"replies":[{"embeddable":true,"href":"http:\/\/batimedianews.com\/live\/index.php\/wp-json\/wp\/v2\/comments?post=38934"}],"version-history":[{"count":2,"href":"http:\/\/batimedianews.com\/live\/index.php\/wp-json\/wp\/v2\/posts\/38934\/revisions"}],"predecessor-version":[{"id":38975,"href":"http:\/\/batimedianews.com\/live\/index.php\/wp-json\/wp\/v2\/posts\/38934\/revisions\/38975"}],"wp:featuredmedia":[{"embeddable":true,"href":"http:\/\/batimedianews.com\/live\/index.php\/wp-json\/wp\/v2\/media\/38937"}],"wp:attachment":[{"href":"http:\/\/batimedianews.com\/live\/index.php\/wp-json\/wp\/v2\/media?parent=38934"}],"wp:term":[{"taxonomy":"category","embeddable":true,"href":"http:\/\/batimedianews.com\/live\/index.php\/wp-json\/wp\/v2\/categories?post=38934"},{"taxonomy":"post_tag","embeddable":true,"href":"http:\/\/batimedianews.com\/live\/index.php\/wp-json\/wp\/v2\/tags?post=38934"}],"curies":[{"name":"wp","href":"https:\/\/api.w.org\/{rel}","templated":true}]}}