{"id":38951,"date":"2024-07-15T09:46:59","date_gmt":"2024-07-15T07:46:59","guid":{"rendered":"http:\/\/batimedianews.com\/live\/?p=38951"},"modified":"2024-10-28T16:03:08","modified_gmt":"2024-10-28T15:03:08","slug":"avant-premiere-batimat-hall-4-stand-g043-louineau-engagee-dans-une-demarche-proactive-dobtention-des-fdes-pour-ses-solutions-habillages-et-cornieres-et-precadres-de","status":"publish","type":"post","link":"http:\/\/batimedianews.com\/live\/index.php\/2024\/07\/15\/avant-premiere-batimat-hall-4-stand-g043-louineau-engagee-dans-une-demarche-proactive-dobtention-des-fdes-pour-ses-solutions-habillages-et-cornieres-et-precadres-de\/","title":{"rendered":"AVANT PREMI\u00c8RE  BATIMAT &#8211; HALL 4 STAND G043 &#8211; LOUINEAU ENGAG\u00c9E DANS UNE D\u00c9MARCHE PROACTIVE D\u2019OBTENTION DES FDES POUR SES SOLUTIONS \u00ab HABILLAGES \u00bb ET \u00ab CORNI\u00c8RES et PR\u00c9CADRES DE FIXATION \u00bb"},"content":{"rendered":"\n<figure class=\"wp-block-embed is-type-video is-provider-youtube wp-block-embed-youtube wp-embed-aspect-16-9 wp-has-aspect-ratio\"><div class=\"wp-block-embed__wrapper\">\n<div class=\"jetpack-video-wrapper\"><iframe loading=\"lazy\" title=\"CHRISTOPHE LOMBARDOT de LOUINEAU BATIMAT 2024\" width=\"720\" height=\"405\" src=\"https:\/\/www.youtube.com\/embed\/XCnjQepVjfs?feature=oembed\" frameborder=\"0\" allow=\"accelerometer; autoplay; clipboard-write; encrypted-media; gyroscope; picture-in-picture; web-share\" referrerpolicy=\"strict-origin-when-cross-origin\" allowfullscreen><\/iframe><\/div>\n<\/div><\/figure>\n\n\n\n<p>&nbsp;L\u2019entreprise familiale LOUINEAU est engag\u00e9e depuis plusieurs ann\u00e9es dans la transition environnementale \u00e0 travers de multiples actions port\u00e9es par son dirigeant Jean-Fran\u00e7ois ROBERGEAU. Des pratiques et partenariats durables mat\u00e9rialis\u00e9s dans son programme RSE \u00ab Demain by Louineau &#8211; Transmettre un monde meilleur \u00bb, d\u00e9voil\u00e9 en 2021 \u00e0 l\u2019occasion de ses 40 ans et fruit d\u2019un travail collaboratif avec l\u2019ensemble des collaborateurs. C\u2019est par cette conscience environnementale ancr\u00e9e dans son ADN et par son esprit pr\u00e9curseur que le fabricant LOUINEAU s\u2019est inscrit dans une <strong>approche volontaire et proactive d\u2019obtention de FDES pour deux familles de produits \u00ab Habillages \u00bb et \u00ab Corni\u00e8res &amp; Pr\u00e9cadres de fixation \u00bb<\/strong>. Initi\u00e9e d\u00e8s fin 2023, elle se <strong>concr\u00e9tisera \u00e0 la rentr\u00e9e avec la validation des FDES et leur int\u00e9gration dans la base INIES<\/strong>.&nbsp;<\/p>\n\n\n\n<div class=\"wp-block-media-text alignwide is-stacked-on-mobile\" style=\"grid-template-columns:27% auto\"><figure class=\"wp-block-media-text__media\"><img loading=\"lazy\" width=\"424\" height=\"442\" src=\"https:\/\/i1.wp.com\/batimedianews.com\/live\/wp-content\/uploads\/2024\/07\/image-130.png?resize=424%2C442\" alt=\"\" class=\"wp-image-38952 size-full\" srcset=\"https:\/\/i1.wp.com\/batimedianews.com\/live\/wp-content\/uploads\/2024\/07\/image-130.png?w=424 424w, https:\/\/i1.wp.com\/batimedianews.com\/live\/wp-content\/uploads\/2024\/07\/image-130.png?resize=768%2C800 768w, https:\/\/i1.wp.com\/batimedianews.com\/live\/wp-content\/uploads\/2024\/07\/image-130.png?resize=10%2C10 10w, https:\/\/i1.wp.com\/batimedianews.com\/live\/wp-content\/uploads\/2024\/07\/image-130.png?resize=396%2C413 396w\" sizes=\"(max-width: 600px) 91vw, (max-width: 900px) 600px, (max-width: 1060px) 50vw, (max-width: 1200px) 520px, (max-width: 1400px) 43vw, 600px\" data-recalc-dims=\"1\" \/><\/figure><div class=\"wp-block-media-text__content\">\n<p>&nbsp;<em>C\u00f4t\u00e9 march\u00e9, ces FDES \u00ab Habillages \u00bb et \u00ab Corni\u00e8res &amp; Pr\u00e9cadres de fixation \u00bb <\/em><strong><em>apporteront des donn\u00e9es mesurables aux professionnels <\/em><\/strong><em>en d\u00e9taillant leurs impacts environnementaux et sanitaires sur l&rsquo;ensemble de leur cycle de vie. <\/em><strong><em>Premi\u00e8res du secteur, elles serviront de r\u00e9f\u00e9rentiel pour les futures demandes<\/em><\/strong><em>. C\u00f4t\u00e9 LOUINEAU, elles seront \u00e9galement une <\/em><strong><em>base chiffr\u00e9e pour poursuivre notre d\u00e9marche d\u2019am\u00e9lioration continue de tous les postes <\/em><\/strong><em>(consommation de mati\u00e8re, moyens de production, emballages, transports\u2026). \u00bb&nbsp;<\/em><\/p>\n\n\n\n<p>Guillaume DUFAIX, Directeur Technique LOUINEAU&nbsp;<\/p>\n<\/div><\/div>\n\n\n\n<div class=\"wp-block-media-text alignwide has-media-on-the-right is-stacked-on-mobile\" style=\"grid-template-columns:auto 32%\"><figure class=\"wp-block-media-text__media\"><img loading=\"lazy\" width=\"466\" height=\"642\" src=\"https:\/\/i2.wp.com\/batimedianews.com\/live\/wp-content\/uploads\/2024\/07\/image-131.png?resize=466%2C642\" alt=\"\" class=\"wp-image-38953 size-full\" srcset=\"https:\/\/i2.wp.com\/batimedianews.com\/live\/wp-content\/uploads\/2024\/07\/image-131.png?w=466 466w, https:\/\/i2.wp.com\/batimedianews.com\/live\/wp-content\/uploads\/2024\/07\/image-131.png?resize=768%2C1058 768w, https:\/\/i2.wp.com\/batimedianews.com\/live\/wp-content\/uploads\/2024\/07\/image-131.png?resize=432%2C595 432w, https:\/\/i2.wp.com\/batimedianews.com\/live\/wp-content\/uploads\/2024\/07\/image-131.png?resize=396%2C546 396w\" sizes=\"(max-width: 600px) 91vw, (max-width: 900px) 600px, (max-width: 1060px) 50vw, (max-width: 1200px) 520px, (max-width: 1400px) 43vw, 600px\" data-recalc-dims=\"1\" \/><\/figure><div class=\"wp-block-media-text__content\">\n<p>&nbsp;<em>Les habillages et fixations de menuiseries ne font pas partie des premiers postes en termes d\u2019impact carbone du b\u00e2timent et ce n\u2019est donc pas une obligation aujourd\u2019hui de fournir des FDES pour ces produits. Notre philosophie chez LOUINEAU est que chaque acteur du b\u00e2timent, quelle que soit sa taille, doit faire sa part au-del\u00e0 des r\u00e9glementations pour assurer un avenir aux futures g\u00e9n\u00e9rations. Nous souhaitons anticiper les \u00e9volutions de la RE2020 qui, au vu de l\u2019enjeu environnemental, vont in\u00e9vitablement tendre vers plus de rigueur. L\u2019obtention de ces FDES ne fera que confirmer la d\u00e9marche profonde que nous appliquons depuis longtemps et qui jusqu\u2019alors n\u2019\u00e9tait pas r\u00e9ellement mesurable au sein de l\u2019entreprise. Elle va permettre de mieux valoriser nos actions, de mieux nous structurer aussi en int\u00e9grant l\u2019impact carbone dans le cahier des charges de nos futures innovations \u00e0 l\u2019instar d\u2019une caract\u00e9ristique technique ou d\u2019un prix par exemple. \u00bb&nbsp;<\/em><\/p>\n\n\n\n<p>Jean-Fran\u00e7ois ROBERGEAU, Pr\u00e9sident Directeur G\u00e9n\u00e9ral LOUINEAU&nbsp;<\/p>\n<\/div><\/div>\n\n\n\n<p class=\"has-text-color\" style=\"color:#6fbf08\"><strong>DES PROCESS TOUJOURS PLUS DURABLES\u2026&nbsp;<\/strong><\/p>\n\n\n\n<div class=\"wp-block-media-text alignwide has-media-on-the-right is-stacked-on-mobile\" style=\"grid-template-columns:auto 26%\"><figure class=\"wp-block-media-text__media\"><img loading=\"lazy\" width=\"720\" height=\"720\" src=\"https:\/\/i1.wp.com\/batimedianews.com\/live\/wp-content\/uploads\/2024\/07\/image-132.png?resize=720%2C720\" alt=\"\" class=\"wp-image-38954 size-full\" srcset=\"https:\/\/i1.wp.com\/batimedianews.com\/live\/wp-content\/uploads\/2024\/07\/image-132.png?resize=1024%2C1024 1024w, https:\/\/i1.wp.com\/batimedianews.com\/live\/wp-content\/uploads\/2024\/07\/image-132.png?resize=600%2C600 600w, https:\/\/i1.wp.com\/batimedianews.com\/live\/wp-content\/uploads\/2024\/07\/image-132.png?resize=300%2C300 300w, https:\/\/i1.wp.com\/batimedianews.com\/live\/wp-content\/uploads\/2024\/07\/image-132.png?resize=1536%2C1536 1536w, https:\/\/i1.wp.com\/batimedianews.com\/live\/wp-content\/uploads\/2024\/07\/image-132.png?resize=2048%2C2048 2048w, https:\/\/i1.wp.com\/batimedianews.com\/live\/wp-content\/uploads\/2024\/07\/image-132.png?resize=10%2C10 10w\" sizes=\"(max-width: 600px) 91vw, (max-width: 900px) 600px, (max-width: 1060px) 50vw, (max-width: 1200px) 520px, (max-width: 1400px) 43vw, 600px\" data-recalc-dims=\"1\" \/><\/figure><div class=\"wp-block-media-text__content\">\n<p class=\"has-text-color\" style=\"color:#6fbf08\"><strong>\u2026<\/strong><strong>DE LA FABRICATION&nbsp;<\/strong><\/p>\n\n\n\n<p>LOUINEAU travaille sur <strong>l\u2019optimisation de sa mati\u00e8re l\u2019acier et de sa valeur carbone en limitant au maximum les chutes lors de la fabrication des pi\u00e8ces en atelier<\/strong>. Au lieu de stocker uniquement des dimensions de t\u00f4les standards, le fabricant est d\u00e9sormais dans une <strong>logique \u00ab chantiers \u00bb avec une plus grande vari\u00e9t\u00e9 de dimensions <\/strong>disponibles dans son entrep\u00f4t afin de rationaliser le taux de chute.&nbsp;<\/p>\n\n\n\n<p class=\"has-text-align-right has-small-font-size\">Cr\u00e9dit photo LOUINEAU&nbsp;<\/p>\n<\/div><\/div>\n\n\n\n<p class=\"has-text-color\" style=\"color:#6fbf08\"><strong>\u2026\u00c0 LA LIVRAISON&nbsp;<\/strong><\/p>\n\n\n\n<p>Pour ses solutions pr\u00e9cadres de fixation et habillages sous FDES, LOUINEAU met en place un <strong>process de r\u00e9cup\u00e9ration de ses chevalets<\/strong>. Il est en phase de test, depuis le projet du Village pour les athl\u00e8tes, et permettra de reprendre les chevalets sur les chantiers et de les r\u00e9utiliser pour les autres livraisons une fois v\u00e9rifi\u00e9s et r\u00e9par\u00e9s si besoin en amont.&nbsp;<\/p>\n\n\n\n<figure class=\"wp-block-image size-full\"><img loading=\"lazy\" width=\"720\" height=\"243\" src=\"https:\/\/i0.wp.com\/batimedianews.com\/live\/wp-content\/uploads\/2024\/07\/image-133.png?resize=720%2C243\" alt=\"\" class=\"wp-image-38955\" srcset=\"https:\/\/i0.wp.com\/batimedianews.com\/live\/wp-content\/uploads\/2024\/07\/image-133.png?w=1572 1572w, https:\/\/i0.wp.com\/batimedianews.com\/live\/wp-content\/uploads\/2024\/07\/image-133.png?resize=768%2C258 768w, https:\/\/i0.wp.com\/batimedianews.com\/live\/wp-content\/uploads\/2024\/07\/image-133.png?resize=432%2C146 432w, https:\/\/i0.wp.com\/batimedianews.com\/live\/wp-content\/uploads\/2024\/07\/image-133.png?resize=396%2C134 396w, https:\/\/i0.wp.com\/batimedianews.com\/live\/wp-content\/uploads\/2024\/07\/image-133.png?resize=1120%2C378 1120w, https:\/\/i0.wp.com\/batimedianews.com\/live\/wp-content\/uploads\/2024\/07\/image-133.png?resize=660%2C223 660w, https:\/\/i0.wp.com\/batimedianews.com\/live\/wp-content\/uploads\/2024\/07\/image-133.png?w=1440 1440w\" sizes=\"(max-width: 600px) 91vw, (max-width: 900px) 600px, (max-width: 1060px) 50vw, (max-width: 1200px) 520px, (max-width: 1400px) 43vw, 600px\" data-recalc-dims=\"1\" \/><figcaption>Cr\u00e9dit photos LOUINEAU&nbsp;<\/figcaption><\/figure>\n\n\n\n<p class=\"has-text-color\" style=\"color:#6fbf08\"><strong>\u2026 ET DEMAIN&nbsp;<\/strong><\/p>\n\n\n\n<p>Fin juin, un <strong>Responsable Achats et RSE vient d\u2019\u00eatre recrut\u00e9 <\/strong>au sein de l\u2019entreprise. Cette double casquette mat\u00e9rialise parfaitement la strat\u00e9gie profonde de LOUINEAU, qui souhaite <strong>poursuivre les efforts sur ses mod\u00e8les d\u2019achats et de consommation durables<\/strong>. Une mani\u00e8re de lier les deux pour avancer plus vite vers la d\u00e9carbonation du b\u00e2timent. Des pistes de r\u00e9flexion sont par exemple d\u00e9j\u00e0 en cours autour de l\u2019int\u00e9gration d\u2019acier recycl\u00e9 \u00e0 l\u2019impact carbone plus faible, de la s\u00e9lection de fournisseurs tels que les transporteurs roulant aux \u00e9nergies renouvelables\u2026 LOUINEAU ambitionne \u00e9galement d\u2019\u00e9valuer ses performances RSE via une notation Ecovadis.&nbsp;<\/p>\n","protected":false},"excerpt":{"rendered":"<p>&nbsp;L\u2019entreprise familiale LOUINEAU est engag\u00e9e depuis plusieurs ann\u00e9es dans la transition environnementale \u00e0 travers de multiples actions port\u00e9es par son dirigeant Jean-Fran\u00e7ois ROBERGEAU. Des pratiques et partenariats durables mat\u00e9rialis\u00e9s dans son programme RSE \u00ab Demain by Louineau &#8211; Transmettre un monde meilleur \u00bb, d\u00e9voil\u00e9 en 2021 \u00e0 l\u2019occasion de ses 40 ans et fruit d\u2019un [&hellip;]<\/p>\n","protected":false},"author":41,"featured_media":38956,"comment_status":"open","ping_status":"open","sticky":true,"template":"","format":"standard","meta":{"spay_email":""},"categories":[4,140,690,718,84],"tags":[],"jetpack_featured_media_url":"https:\/\/i0.wp.com\/batimedianews.com\/live\/wp-content\/uploads\/2024\/07\/Louineau-articles-.jpg?fit=1513%2C825","jetpack_sharing_enabled":true,"jetpack_likes_enabled":true,"jetpack-related-posts":[{"id":2545,"url":"http:\/\/batimedianews.com\/live\/index.php\/2019\/08\/29\/innovation-louineau-le-prechab-wood-volet-roulant-devoile-sur-le-salon-batimat\/","url_meta":{"origin":38951,"position":0},"title":"INNOVATION LOUINEAU : Le PrecHab Wood volet roulant d\u00e9voil\u00e9 sur le salon Batimat","date":"29 ao\u00fbt 2019","format":false,"excerpt":"Louineau, concepteur et fabricant de solutions de mises en oeuvre de menuiseries ext\u00e9rieures, poursuit sa route de l\u2019innovation.Objectif ? Anticiper les \u00e9volutions du march\u00e9 et r\u00e9pondre \u00e0 de nouveaux besoins, m\u00eame les plus sp\u00e9cifiques. \u00c0 l\u2019occasion de sa participation \u00e0 Batimat, Louineau d\u00e9voile PrecHab Wood volet roulant, une solution innovante\u2026","rel":"","context":"Dans &quot;Actualit\u00e9 Entreprises&quot;","img":{"alt_text":"","src":"https:\/\/i2.wp.com\/batimedianews.com\/live\/wp-content\/uploads\/2019\/08\/louineau_image.jpg?fit=1046%2C549&resize=350%2C200","width":350,"height":200},"classes":[]},{"id":2814,"url":"http:\/\/batimedianews.com\/live\/index.php\/2019\/09\/25\/un-nouveau-souffle-sur-la-boite-a-louineau\/","url_meta":{"origin":38951,"position":1},"title":"UN NOUVEAU SOUFFLE SUR LA BO\u00ceTE \u00c0 LOUINEAU","date":"25 septembre 2019","format":false,"excerpt":"Louineau, concepteur et fabricant de solutions de mise en oeuvre des menuiseries, signe une nouvelle participation \u00e0 Batimat. Objectif ? Renforcer son positionnement aupr\u00e8s des clients historiques en pr\u00e9sentant ses innovations, et d\u00e9couvrir de nouveaux potentiels. Pour cette nouvelle \u00e9dition 2019, un renouveau souffle sur \u00ab La Bo\u00eete \u00e0 Louineau\u2026","rel":"","context":"Dans &quot;Batimat&quot;","img":{"alt_text":"","src":"https:\/\/i2.wp.com\/batimedianews.com\/live\/wp-content\/uploads\/2019\/09\/louineauimage.jpg?fit=1088%2C637&resize=350%2C200","width":350,"height":200},"classes":[]},{"id":40564,"url":"http:\/\/batimedianews.com\/live\/index.php\/2024\/10\/16\/anticiper-les-attentes-du-terrain-et-du-marche-une-philosophie-ancree-dans-ladn-de-louineau\/","url_meta":{"origin":38951,"position":2},"title":"Anticiper les attentes du terrain et du march\u00e9 :  une philosophie ancr\u00e9e dans l\u2019ADN de LOUINEAU","date":"16 octobre 2024","format":false,"excerpt":"Cr\u00e9dit photo LOUINEAU\u00a0 UN FABRICANT FRAN\u00c7AIS PORT\u00c9 PAR L\u2019INNOVATION\u00a0 L\u2019entreprise familiale LOUINEAU con\u00e7oit et fabrique, depuis plus de 40 ans, des syst\u00e8mes de fixation et d\u2019habillage pour les menuiseries et murs-rideaux. Son moteur : anticiper les besoins des professionnels (industriels, artisans installateurs, fa\u00e7adiers, entreprises g\u00e9n\u00e9rales, architectes et bureaux d\u2019\u00e9tudes) en\u2026","rel":"","context":"Dans &quot;Actualit\u00e9 Entreprises&quot;","img":{"alt_text":"","src":"https:\/\/i2.wp.com\/batimedianews.com\/live\/wp-content\/uploads\/2024\/10\/Louineau-articles-.jpg?fit=825%2C825&resize=350%2C200","width":350,"height":200},"classes":[]},{"id":21750,"url":"http:\/\/batimedianews.com\/live\/index.php\/2022\/07\/08\/linnovation-la-raison-detre-de-louineau-depuis-plus-de-40-ans\/","url_meta":{"origin":38951,"position":3},"title":"L\u2019innovation : la raison d&rsquo;\u00eatre de LOUINEAU depuis plus de 40 ans","date":"8 juillet 2022","format":false,"excerpt":"PR\u00c9-BATIMAT 2022\u00a0 HALL 6 - STAND B056\u00a0 \u00a0NOUVEAUX SYST\u00c8MES DE FIXATION ET D\u2019HABILLAGE, ET NOUVEL OUTIL DIGITAL POUR FACILITER TOUJOURS PLUS LE QUOTIDIEN DES PROFESSIONNELS\u00a0 Chantier Auriol -Cr\u00e9dit photo Louineau Cyril Badet Un industriel qui place le savoir-faire de l\u2019artisan\u00a0au coeur de ses lignes de production\u00a0 Concepteur et fabricant fran\u00e7ais\u2026","rel":"","context":"Dans &quot;Actualit\u00e9 Entreprises&quot;","img":{"alt_text":"","src":"https:\/\/i0.wp.com\/batimedianews.com\/live\/wp-content\/uploads\/2022\/07\/Louineau-Article.jpg?fit=1080%2C1080&resize=350%2C200","width":350,"height":200},"classes":[]},{"id":24226,"url":"http:\/\/batimedianews.com\/live\/index.php\/2022\/10\/13\/linnovation-la-raison-detre-de-louineau-innovation-depuis-plus-de-40-ans\/","url_meta":{"origin":38951,"position":4},"title":"L\u2019innovation : la raison d&rsquo;\u00eatre  de Louineau  Innovation depuis plus de 40 ans","date":"13 octobre 2022","format":false,"excerpt":"\u00a0NOUVEAUX SYSTEMES DE FIXATION ET D\u2019HABILLAGE, ET NOUVEL OUTIL DIGITAL POUR FACILITER TOUJOURS PLUS LE QUOTIDIEN DES PROFESSIONNELS\u00a0 Chantier Auriol - Cr\u00e9dit photo Louineau \/ Cyril Badet\u00a0 Un industriel qui place le savoir-faire de l\u2019artisan\u00a0au coeur de ses lignes de production\u00a0 Concepteur et fabricant fran\u00e7ais de syst\u00e8mes de fixation et\u2026","rel":"","context":"Dans &quot;Actualit\u00e9 Entreprises&quot;","img":{"alt_text":"","src":"https:\/\/i1.wp.com\/batimedianews.com\/live\/wp-content\/uploads\/2022\/10\/Louineau-Article.jpg?fit=1080%2C1080&resize=350%2C200","width":350,"height":200},"classes":[]},{"id":304,"url":"http:\/\/batimedianews.com\/live\/index.php\/2018\/10\/16\/offre-digitale-louineau-lance-mylouineau-une-solution-globale-pour-les-professionnels-de-la-menuiserie\/","url_meta":{"origin":38951,"position":5},"title":"Offre digitale : Louineau lance MyLouineau, une solution globale pour les professionnels de la menuiserie","date":"16 octobre 2018","format":false,"excerpt":"Louineau, concepteur et fabricant de solutions de mise en oeuvre de menuiseries ext\u00e9rieures, lance la plateforme\u00a0en ligne MyLouineau sur les prochains salons Artibat et Equipbaie. Pr\u00e9sent\u00e9e aux Troph\u00e9es de l\u2019Innovation du\u00a0salon Equipbaie 2018, MyLouineau est la premi\u00e8re plateforme en ligne participative et collaborative de la conception \u00e0 la mise en\u2026","rel":"","context":"Dans &quot;Artibat 2018&quot;","img":{"alt_text":"","src":"https:\/\/i2.wp.com\/batimedianews.com\/live\/wp-content\/uploads\/2018\/10\/louineau.jpg?fit=781%2C580&resize=350%2C200","width":350,"height":200},"classes":[]}],"_links":{"self":[{"href":"http:\/\/batimedianews.com\/live\/index.php\/wp-json\/wp\/v2\/posts\/38951"}],"collection":[{"href":"http:\/\/batimedianews.com\/live\/index.php\/wp-json\/wp\/v2\/posts"}],"about":[{"href":"http:\/\/batimedianews.com\/live\/index.php\/wp-json\/wp\/v2\/types\/post"}],"author":[{"embeddable":true,"href":"http:\/\/batimedianews.com\/live\/index.php\/wp-json\/wp\/v2\/users\/41"}],"replies":[{"embeddable":true,"href":"http:\/\/batimedianews.com\/live\/index.php\/wp-json\/wp\/v2\/comments?post=38951"}],"version-history":[{"count":3,"href":"http:\/\/batimedianews.com\/live\/index.php\/wp-json\/wp\/v2\/posts\/38951\/revisions"}],"predecessor-version":[{"id":40960,"href":"http:\/\/batimedianews.com\/live\/index.php\/wp-json\/wp\/v2\/posts\/38951\/revisions\/40960"}],"wp:featuredmedia":[{"embeddable":true,"href":"http:\/\/batimedianews.com\/live\/index.php\/wp-json\/wp\/v2\/media\/38956"}],"wp:attachment":[{"href":"http:\/\/batimedianews.com\/live\/index.php\/wp-json\/wp\/v2\/media?parent=38951"}],"wp:term":[{"taxonomy":"category","embeddable":true,"href":"http:\/\/batimedianews.com\/live\/index.php\/wp-json\/wp\/v2\/categories?post=38951"},{"taxonomy":"post_tag","embeddable":true,"href":"http:\/\/batimedianews.com\/live\/index.php\/wp-json\/wp\/v2\/tags?post=38951"}],"curies":[{"name":"wp","href":"https:\/\/api.w.org\/{rel}","templated":true}]}}