{"id":39075,"date":"2024-08-12T15:36:54","date_gmt":"2024-08-12T13:36:54","guid":{"rendered":"http:\/\/batimedianews.com\/live\/?p=39075"},"modified":"2024-08-12T15:36:56","modified_gmt":"2024-08-12T13:36:56","slug":"swao-celebre-ses-10-ans-au-salon-equipbaie-by-batimat","status":"publish","type":"post","link":"http:\/\/batimedianews.com\/live\/index.php\/2024\/08\/12\/swao-celebre-ses-10-ans-au-salon-equipbaie-by-batimat\/","title":{"rendered":"SWAO c\u00e9l\u00e8bre ses 10 ans au salon \u00c9QUIPbaie by Batimat"},"content":{"rendered":"\n<p class=\"has-text-align-center has-text-color has-medium-font-size\" style=\"color:#f6a204\"><strong>Hall 6 \u2013 Stand H054<\/strong><\/p>\n\n\n\n<p style=\"font-size:18px\">Swao, la marque du groupe CETIH experte en Fen\u00eatre et Porte depuis 2013, f\u00eate ses 10 ans au salon \u00c9QUIPbaie by Batimat et ses 45 ans de savoir-faire et technicit\u00e9. Cr\u00e9\u00e9e en 2013, SWAO a su s\u2019imposer comme une r\u00e9f\u00e9rence en mati\u00e8re de qualit\u00e9 et d\u2019innovation dans le domaine de la construction neuve et de la r\u00e9novation.&nbsp;<\/p>\n\n\n\n<p style=\"font-size:18px\">Fervent d\u00e9fenseur de la fabrication 100% fran\u00e7aise, SWAO propose une offre globale et diversifi\u00e9e en fen\u00eatres et coulissants en Aluminium et en PVC ainsi que plus de 170 mod\u00e8les de portes d\u2019entr\u00e9e en acier, aluminium, mixte, PVC et bois. Ce Salon sera l\u2019occasion d\u2019officialiser une offre encore plus compl\u00e8te avec l\u2019int\u00e9gration des menuiseries Bois et Mixte Bois-Aluminium pour r\u00e9pondre aux besoins vari\u00e9s des professionnels.&nbsp;<\/p>\n\n\n\n<p style=\"font-size:18px\">Les produits SWAO sont \u00e9tudi\u00e9s et con\u00e7us dans une d\u00e9marche RSE rigoureuse pour r\u00e9pondre aux attentes de confort, de sant\u00e9 et de s\u00e9curit\u00e9 tout en int\u00e9grant la r\u00e9duction de l\u2019impact environnemental. Gr\u00e2ce \u00e0 leurs performances, ils contribuent \u00e0 un habitat plus responsable, en ad\u00e9quation avec la r\u00e9glementation RE 2020. L\u2019offre SWAO est \u00e9labor\u00e9e avec une attention particuli\u00e8re port\u00e9e \u00e0 l\u2019analyse du cycle de vie des produits \u2013 de l\u2019extraction des mati\u00e8res premi\u00e8res \u00e0 leur fin de vie, en passant par les transports, la mise en oeuvre et l\u2019utilisation m\u00eame des produits.<\/p>\n\n\n\n<p><strong>Pour cette \u00e9dition d\u2019\u00c9QUIPbaie by Batimat, SWAO met \u00e0 l\u2019honneur plusieurs nouveaut\u00e9s symboles de son savoir-faire pour des menuiseries uniques et sur-mesure id\u00e9ales en r\u00e9novation.<\/strong><\/p>\n\n\n\n<div class=\"wp-block-media-text alignwide has-media-on-the-right is-stacked-on-mobile\" style=\"grid-template-columns:auto 38%\"><figure class=\"wp-block-media-text__media\"><img loading=\"lazy\" width=\"720\" height=\"720\" src=\"https:\/\/i1.wp.com\/batimedianews.com\/live\/wp-content\/uploads\/2024\/07\/SWAO_FENETRES_MENUISERIE-A-LANCIENNE.jpg?resize=720%2C720\" alt=\"\" class=\"wp-image-39076 size-full\" srcset=\"https:\/\/i0.wp.com\/batimedianews.com\/live\/wp-content\/uploads\/2024\/07\/SWAO_FENETRES_MENUISERIE-A-LANCIENNE-scaled.jpg?resize=1024%2C1024 1024w, https:\/\/i0.wp.com\/batimedianews.com\/live\/wp-content\/uploads\/2024\/07\/SWAO_FENETRES_MENUISERIE-A-LANCIENNE-scaled.jpg?resize=600%2C600 600w, https:\/\/i0.wp.com\/batimedianews.com\/live\/wp-content\/uploads\/2024\/07\/SWAO_FENETRES_MENUISERIE-A-LANCIENNE-scaled.jpg?resize=300%2C300 300w, https:\/\/i0.wp.com\/batimedianews.com\/live\/wp-content\/uploads\/2024\/07\/SWAO_FENETRES_MENUISERIE-A-LANCIENNE-scaled.jpg?resize=1536%2C1536 1536w, https:\/\/i0.wp.com\/batimedianews.com\/live\/wp-content\/uploads\/2024\/07\/SWAO_FENETRES_MENUISERIE-A-LANCIENNE-scaled.jpg?resize=2048%2C2048 2048w, https:\/\/i0.wp.com\/batimedianews.com\/live\/wp-content\/uploads\/2024\/07\/SWAO_FENETRES_MENUISERIE-A-LANCIENNE-scaled.jpg?resize=10%2C10 10w, https:\/\/i0.wp.com\/batimedianews.com\/live\/wp-content\/uploads\/2024\/07\/SWAO_FENETRES_MENUISERIE-A-LANCIENNE-scaled.jpg?w=1440 1440w, https:\/\/i0.wp.com\/batimedianews.com\/live\/wp-content\/uploads\/2024\/07\/SWAO_FENETRES_MENUISERIE-A-LANCIENNE-scaled.jpg?w=2160 2160w\" sizes=\"(max-width: 600px) 91vw, (max-width: 900px) 600px, (max-width: 1060px) 50vw, (max-width: 1200px) 520px, (max-width: 1400px) 43vw, 600px\" data-recalc-dims=\"1\" \/><\/figure><div class=\"wp-block-media-text__content\">\n<p class=\"has-text-color has-medium-font-size\" style=\"color:#f6a204\">&nbsp;<strong>\u2022 La Menuiserie \u00e0 l\u2019ancienne&nbsp;<\/strong><\/p>\n\n\n\n<p>Depuis l\u2019int\u00e9gration en mars 2022 des \u00e9tablissements Bignon, SWAO s\u2019appuie sur un savoir-faire historique pour les fen\u00eatres en bois, qui viennent compl\u00e9ter son offre globale multi-mat\u00e9riaux.&nbsp;<\/p>\n\n\n\n<p>La menuiserie \u00e0 l\u2019ancienne est parfaite pour la r\u00e9novation de maisons, ch\u00e2teaux, appartements haussmanniens et demeures proches de centres historiques ou en zones class\u00e9es par les B\u00e2timents de France. Offrant une polyvalence esth\u00e9tique et une personnalisation pouss\u00e9e, elle est certifi\u00e9e Menuiserie 21.&nbsp;<\/p>\n\n\n\n<p>Les fen\u00eatres de cette gamme sont con\u00e7ues en ch\u00eane ou en bois exotique et sont disponibles avec une finition lasur\u00e9e ou peinte parmi un large choix de couleurs RAL. Fabriqu\u00e9es par assemblage traditionnel \u00e0 double enfourchement, elles sont \u00e9quip\u00e9es d\u2019un ferrage sur paumelles et d\u2019une cr\u00e9mone. De plus, les fen\u00eatres \u00e0 fermeture \u00abmouton et gueule de loup\u00bb peuvent accueillir un double vitrage allant jusqu\u2019\u00e0 41 mm.<\/p>\n\n\n\n<p class=\"has-text-color has-medium-font-size\" style=\"color:#f6a204\"><strong>\u2022 La menuiserie \u00e0 recouvrement<\/strong><\/p>\n\n\n\n<p>La menuiserie en bois \u00e0 recouvrement (BR) est pr\u00e9sent\u00e9e avec la <strong>finition NABOCO <\/strong>en couleur 1015, un proc\u00e9d\u00e9 unique appliqu\u00e9 en usine, offrant une garantie de 10 ans sans entretien, avec contrat d\u2019assurance (sur ton opaque, monocolore).<\/p>\n<\/div><\/div>\n\n\n\n<div class=\"wp-block-media-text alignwide is-stacked-on-mobile\" style=\"grid-template-columns:30% auto\"><figure class=\"wp-block-media-text__media\"><img loading=\"lazy\" width=\"720\" height=\"720\" src=\"https:\/\/i0.wp.com\/batimedianews.com\/live\/wp-content\/uploads\/2024\/07\/SWAO_Porte_ACIER_Catane-1.jpg?resize=720%2C720\" alt=\"\" class=\"wp-image-39078 size-full\" srcset=\"https:\/\/i0.wp.com\/batimedianews.com\/live\/wp-content\/uploads\/2024\/07\/SWAO_Porte_ACIER_Catane-1.jpg?resize=1024%2C1024 1024w, https:\/\/i0.wp.com\/batimedianews.com\/live\/wp-content\/uploads\/2024\/07\/SWAO_Porte_ACIER_Catane-1.jpg?resize=600%2C600 600w, https:\/\/i0.wp.com\/batimedianews.com\/live\/wp-content\/uploads\/2024\/07\/SWAO_Porte_ACIER_Catane-1.jpg?resize=300%2C300 300w, https:\/\/i0.wp.com\/batimedianews.com\/live\/wp-content\/uploads\/2024\/07\/SWAO_Porte_ACIER_Catane-1.jpg?resize=1536%2C1536 1536w, https:\/\/i0.wp.com\/batimedianews.com\/live\/wp-content\/uploads\/2024\/07\/SWAO_Porte_ACIER_Catane-1.jpg?resize=2048%2C2048 2048w, https:\/\/i0.wp.com\/batimedianews.com\/live\/wp-content\/uploads\/2024\/07\/SWAO_Porte_ACIER_Catane-1.jpg?resize=10%2C10 10w\" sizes=\"(max-width: 600px) 91vw, (max-width: 900px) 600px, (max-width: 1060px) 50vw, (max-width: 1200px) 520px, (max-width: 1400px) 43vw, 600px\" data-recalc-dims=\"1\" \/><\/figure><div class=\"wp-block-media-text__content\">\n<p class=\"has-text-color has-medium-font-size\" style=\"color:#f6a204\"><strong>\u2022 Porte Aluminium 80 &#8211; L\u00e9onie<\/strong><\/p>\n\n\n\n<p>Le mod\u00e8le L\u00e9onie allie charme traditionnel et performances robustes de la conception de l\u2019Aluminium 80. Avec deux s\u00e9rigraphies au choix, son d\u00e9cor esprit grille se d\u00e9cline \u00e9galement dans l\u2019imposte vitr\u00e9e en dormant pour un ensemble \u00e9l\u00e9gant. Ses moulures et sa cimaise ext\u00e9rieure s\u2019inspirent du charme des portes en bois.<\/p>\n\n\n\n<p><strong>Caract\u00e9ristiques :<\/strong><\/p>\n\n\n\n<ul><li>Dimensions : 2150 H x 900 L&nbsp;<\/li><li>Ouvrant : 80 mm pour une isolation thermique et phonique optimale en standard<\/li><li>Seuil en aluminium de 20 mm (PMR) \u00e0 rupture de pont thermique<\/li><li>Couleurs garanties 20 ans (anti-corrosion, couleur et brillance)&nbsp;<\/li><li>Conception compatible I-Secure porte&nbsp;<\/li><li>Cimaise d\u00e9montable qui facilite le recyclage et am\u00e9liore ainsi l\u2019impact carbone.<\/li><\/ul>\n<\/div><\/div>\n\n\n\n<div class=\"wp-block-media-text alignwide has-media-on-the-right is-stacked-on-mobile\" style=\"grid-template-columns:auto 41%\"><figure class=\"wp-block-media-text__media\"><img loading=\"lazy\" width=\"720\" height=\"720\" src=\"https:\/\/i2.wp.com\/batimedianews.com\/live\/wp-content\/uploads\/2024\/07\/SWAO_Porte_ACIER_Catane-2.jpg?resize=720%2C720\" alt=\"\" class=\"wp-image-39079 size-full\" srcset=\"https:\/\/i2.wp.com\/batimedianews.com\/live\/wp-content\/uploads\/2024\/07\/SWAO_Porte_ACIER_Catane-2.jpg?resize=1024%2C1024 1024w, https:\/\/i2.wp.com\/batimedianews.com\/live\/wp-content\/uploads\/2024\/07\/SWAO_Porte_ACIER_Catane-2.jpg?resize=600%2C600 600w, https:\/\/i2.wp.com\/batimedianews.com\/live\/wp-content\/uploads\/2024\/07\/SWAO_Porte_ACIER_Catane-2.jpg?resize=300%2C300 300w, https:\/\/i2.wp.com\/batimedianews.com\/live\/wp-content\/uploads\/2024\/07\/SWAO_Porte_ACIER_Catane-2.jpg?resize=1536%2C1536 1536w, https:\/\/i2.wp.com\/batimedianews.com\/live\/wp-content\/uploads\/2024\/07\/SWAO_Porte_ACIER_Catane-2.jpg?resize=2048%2C2048 2048w, https:\/\/i2.wp.com\/batimedianews.com\/live\/wp-content\/uploads\/2024\/07\/SWAO_Porte_ACIER_Catane-2.jpg?resize=10%2C10 10w\" sizes=\"(max-width: 600px) 91vw, (max-width: 900px) 600px, (max-width: 1060px) 50vw, (max-width: 1200px) 520px, (max-width: 1400px) 43vw, 600px\" data-recalc-dims=\"1\" \/><\/figure><div class=\"wp-block-media-text__content\">\n<p class=\"has-text-color has-medium-font-size\" style=\"color:#f6a204\"><strong>\u2022 Porte Acier- Catane&nbsp;<\/strong><\/p>\n\n\n\n<p>Le mod\u00e8le Catane est une alternative accessible pour la r\u00e9novation. Sa nouveaut\u00e9 r\u00e9side dans le design de sa moulure et de sa cimaise qui apporte une touche de charme et d\u2019\u00e9l\u00e9gance. Dot\u00e9e de poign\u00e9es et de paumelles en inox, et d\u2019un vitrage s\u00e9rigraphi\u00e9 rappelant les grilles traditionnelles en fer forg\u00e9, cette porte s\u2019int\u00e8gre parfaitement dans le style architectural traditionnel.<\/p>\n\n\n\n<p>La conception acier composant ce mod\u00e8le offre durabilit\u00e9, performance thermique et un meilleur respect de l\u2019environnement gr\u00e2ce \u00e0 un impact carbone am\u00e9lior\u00e9 tout au long de son cycle de vie. Il b\u00e9n\u00e9ficie \u00e9galement d\u2019une garantie de 15 ans, offrant une solution durable et \u00e9conomique gr\u00e2ce \u00e0 son excellente isolation thermique pour un int\u00e9rieur confortable et sans perte d\u2019\u00e9nergie.<\/p>\n\n\n\n<p><strong>Caract\u00e9ristiques :<\/strong><\/p>\n\n\n\n<p>Dimensions de 2150 H x 900 L<\/p>\n\n\n\n<ul><li>Ouvrant de 48 mm post form\u00e9 deux faces&nbsp;<\/li><li>Parement deux faces en acier trait\u00e9 anti-corrosion<\/li><li>Couleurs garanties 15 ans (anti-corrosion, couleur et brillance)<\/li><li>Dormant aluminium<\/li><li>Seuil en aluminium de 20 mm (PMR) \u00e0 rupture de pont thermique<\/li><li>Conception compatible I-Secure porte<\/li><li>Cimaise d\u00e9montable qui facilite le recyclage et am\u00e9liore ainsi l\u2019impact carbone<\/li><\/ul>\n<\/div><\/div>\n\n\n\n<p>En plus de ces innovations, SWAO pr\u00e9sente son nouveau catalogue 2024-2025, un support optimiste, p\u00e9tillant et collaboratif pour les professionnels du b\u00e2timent, les accompagnant au mieux dans les projets de leurs clients en termes d\u2019inspirations et de technicit\u00e9 autour de l\u2019offre globale.<\/p>\n\n\n\n<div class=\"wp-block-media-text alignwide is-stacked-on-mobile\" style=\"grid-template-columns:16% auto\"><figure class=\"wp-block-media-text__media\"><img loading=\"lazy\" width=\"720\" height=\"720\" src=\"https:\/\/i2.wp.com\/batimedianews.com\/live\/wp-content\/uploads\/2024\/07\/image-173.png?resize=720%2C720\" alt=\"\" class=\"wp-image-39080 size-full\" srcset=\"https:\/\/i2.wp.com\/batimedianews.com\/live\/wp-content\/uploads\/2024\/07\/image-173.png?resize=1024%2C1024 1024w, https:\/\/i2.wp.com\/batimedianews.com\/live\/wp-content\/uploads\/2024\/07\/image-173.png?resize=600%2C600 600w, https:\/\/i2.wp.com\/batimedianews.com\/live\/wp-content\/uploads\/2024\/07\/image-173.png?resize=300%2C300 300w, https:\/\/i2.wp.com\/batimedianews.com\/live\/wp-content\/uploads\/2024\/07\/image-173.png?resize=1536%2C1536 1536w, https:\/\/i2.wp.com\/batimedianews.com\/live\/wp-content\/uploads\/2024\/07\/image-173.png?resize=2048%2C2048 2048w, https:\/\/i2.wp.com\/batimedianews.com\/live\/wp-content\/uploads\/2024\/07\/image-173.png?resize=10%2C10 10w\" sizes=\"(max-width: 600px) 91vw, (max-width: 900px) 600px, (max-width: 1060px) 50vw, (max-width: 1200px) 520px, (max-width: 1400px) 43vw, 600px\" data-recalc-dims=\"1\" \/><\/figure><div class=\"wp-block-media-text__content\">\n<p><strong>\u00c0 PROPOS DE SWAO<\/strong><\/p>\n\n\n\n<p>Depuis 2013, Swao propose une offre compl\u00e8te de fen\u00eatres, de portes d\u2019entr\u00e9e et de garage, accessibles, performantes et r\u00e9alisables dans toutes les dimensions. Gr\u00e2ce \u00e0 la vari\u00e9t\u00e9 de mat\u00e9riaux et de mod\u00e8les, la marque parvient \u00e0 r\u00e9pondre \u00e0 toutes les configurations. Attentive aux \u00e9volutions du march\u00e9, l\u2019offre SWAO \u00e9volue constamment. Elle propose notamment des solutions pour la maison connect\u00e9e directement int\u00e9gr\u00e9es \u00e0 ses menuiseries&nbsp;<\/p>\n<\/div><\/div>\n","protected":false},"excerpt":{"rendered":"<p>Hall 6 \u2013 Stand H054 Swao, la marque du groupe CETIH experte en Fen\u00eatre et Porte depuis 2013, f\u00eate ses 10 ans au salon \u00c9QUIPbaie by Batimat et ses 45 ans de savoir-faire et technicit\u00e9. Cr\u00e9\u00e9e en 2013, SWAO a su s\u2019imposer comme une r\u00e9f\u00e9rence en mati\u00e8re de qualit\u00e9 et d\u2019innovation dans le domaine de [&hellip;]<\/p>\n","protected":false},"author":41,"featured_media":39081,"comment_status":"open","ping_status":"open","sticky":true,"template":"","format":"standard","meta":{"spay_email":""},"categories":[4,5,690],"tags":[2535],"jetpack_featured_media_url":"https:\/\/i1.wp.com\/batimedianews.com\/live\/wp-content\/uploads\/2024\/07\/SWAO-articles-.jpg?fit=1513%2C825","jetpack_sharing_enabled":true,"jetpack_likes_enabled":true,"jetpack-related-posts":[{"id":38641,"url":"http:\/\/batimedianews.com\/live\/index.php\/2024\/07\/09\/veka-aluconnect-un-concept-de-menuiserie-aluminium-et-pvc-signe-veka-a-decouvrir-au-salon-equipbaie-metalexpo-by-batimat\/","url_meta":{"origin":39075,"position":0},"title":"VEKA AluConnect, un concept de menuiserie aluminium et PVC sign\u00e9 VEKA \u00e0 d\u00e9couvrir au Salon Equipbaie-MetalExpo by Batimat","date":"9 juillet 2024","format":false,"excerpt":"VEKA d\u00e9voilera pour la premi\u00e8re fois en France sur le salon Equipbaie du Mondial du B\u00e2timent 2024 (Hall 6 - stand E014), VEKA AluConnect, un concept in\u00e9dit de menuiserie alliant le meilleur de deux mat\u00e9riaux, l\u2019aluminium et le PVC. Un mariage heureux donc qui conjugue toute l\u2019\u00e9l\u00e9gance des fen\u00eatres aluminium\u2026","rel":"","context":"Dans &quot;Actualit\u00e9 Entreprises&quot;","img":{"alt_text":"","src":"https:\/\/i1.wp.com\/batimedianews.com\/live\/wp-content\/uploads\/2024\/07\/Veka-articles-.jpg?fit=825%2C825&resize=350%2C200","width":350,"height":200},"classes":[]},{"id":39152,"url":"http:\/\/batimedianews.com\/live\/index.php\/2024\/08\/02\/iso-chemie-au-salon-batimat-equipbaie-2024-des-solutions-detancheite-et-disolation-faciles-a-mettre-en-oeuvre\/","url_meta":{"origin":39075,"position":1},"title":"ISO-CHEMIE au salon BATIMAT\/EQUIPBAIE 2024: des solutions d&rsquo;\u00e9tanch\u00e9it\u00e9 et d\u2019isolation, faciles \u00e0 mettre en \u0153uvre","date":"2 ao\u00fbt 2024","format":false,"excerpt":"ISO-Chemie pr\u00e9sente au salon BATIMAT\/\u00c9QUIPBAIE 2024 des solutions pratiques pour l'\u00e9tanch\u00e9it\u00e9 et isolation \u00e9nerg\u00e9tique des b\u00e2timents. Le professionnel de solutions innovantes met en 2024 fortement l'accent sur la facilit\u00e9 de la mise en \u0153uvre de ses produits et sur une grande flexibilit\u00e9 d'utilisation. Dans ce contexte, les visiteurs du salon\u2026","rel":"","context":"Dans &quot;Actualit\u00e9 Entreprises&quot;","img":{"alt_text":"","src":"https:\/\/i2.wp.com\/batimedianews.com\/live\/wp-content\/uploads\/2024\/07\/IsoChemie-articles-.jpg?fit=825%2C825&resize=350%2C200","width":350,"height":200},"classes":[]},{"id":37058,"url":"http:\/\/batimedianews.com\/live\/index.php\/2024\/04\/29\/equipbaie-metalexpo-une-integration-reussie-au-coeur-de-batimat\/","url_meta":{"origin":39075,"position":2},"title":"EQUIPBAIE \u2013 METALEXPO : une int\u00e9gration r\u00e9ussie au c\u0153ur de b\u00e2timat","date":"29 avril 2024","format":false,"excerpt":"EQUIPBAIE \u2013 METALEXPO s\u2019est impos\u00e9 au fil du temps comme un rendez-vous immanquable pour les fili\u00e8res de la menuiserie et de la m\u00e9tallerie. En choisissant d\u2019en faire un secteur phare de l\u2019\u00e9dition 2024 de BATIMAT les organisateurs, soutenus par les organisations professionnelles partenaires, ont r\u00e9ussi leur pari de mobiliser les\u2026","rel":"","context":"Dans &quot;Actualit\u00e9s salons&quot;","img":{"alt_text":"","src":"https:\/\/i2.wp.com\/batimedianews.com\/live\/wp-content\/uploads\/2024\/04\/Le-Mondial-du-batiment.jpg?fit=825%2C825&resize=350%2C200","width":350,"height":200},"classes":[]},{"id":39936,"url":"http:\/\/batimedianews.com\/live\/index.php\/2024\/09\/25\/deceuninck-reaffirme-son-engagement-en-faveur-de-la-durabilite-au-salon-equipbaie\/","url_meta":{"origin":39075,"position":3},"title":"Deceuninck r\u00e9affirme son engagement en faveur  de la durabilit\u00e9 au salon Equipbaie.","date":"25 septembre 2024","format":false,"excerpt":"Deceuninck sera pr\u00e9sent au salon Equipbaie, qui se tiendra du lundi 30 septembre aujeudi 3 octobre 2024 \u00e0 la Porte de Versailles. \u00c0 cette occasion, les \u00e9quipes commerciales,techniques et marketing seront ravies de pr\u00e9senter les derni\u00e8res innovations de l\u2019entreprise.Avec elles, le sp\u00e9cialiste des profil\u00e9s en PVC et composite pour la\u2026","rel":"","context":"Dans &quot;Actualit\u00e9 Entreprises&quot;","img":{"alt_text":"","src":"https:\/\/i1.wp.com\/batimedianews.com\/live\/wp-content\/uploads\/2024\/09\/deceuninck.jpg?fit=825%2C825&resize=350%2C200","width":350,"height":200},"classes":[]},{"id":39066,"url":"http:\/\/batimedianews.com\/live\/index.php\/2024\/08\/12\/belm-choisit-equipbaie-by-batimat-pour-presenter-ses-nombreuses-nouveautes-en-reponse-aux-attentes-et-aux-defis-du-marche-de-la-renovation\/","url_meta":{"origin":39075,"position":4},"title":"Bel\u2019M choisit \u00c9QUIPbaie by Batimat pour pr\u00e9senter ses nombreuses nouveaut\u00e9s en r\u00e9ponse aux attentes et aux d\u00e9fis du march\u00e9 de la r\u00e9novation","date":"12 ao\u00fbt 2024","format":false,"excerpt":"\u00a0Hall 6 \u2013 Stand E32 Dans un contexte o\u00f9 le march\u00e9 du neuf enregistre un fort recul, Bel\u2019M, sp\u00e9cialiste de la porte d\u2019entr\u00e9e, renforce son offre pour le segment de la r\u00e9novation pour r\u00e9pondre aux besoins actuels du march\u00e9 et affirmer sa position de leader. Ainsi, \u00e0 l\u2019occasion du salon\u2026","rel":"","context":"Dans &quot;Actualit\u00e9 Entreprises&quot;","img":{"alt_text":"","src":"https:\/\/i1.wp.com\/batimedianews.com\/live\/wp-content\/uploads\/2024\/07\/BelM-articles-.jpg?fit=825%2C825&resize=350%2C200","width":350,"height":200},"classes":[]},{"id":12356,"url":"http:\/\/batimedianews.com\/live\/index.php\/2021\/10\/04\/veka-et-ferco-une-association-prometteuse-autour-de-linnovation-vekaslide-hi-5-deja-couronnee-sur-equipbaie-2021\/","url_meta":{"origin":39075,"position":5},"title":"VEKA et FERCO : une association prometteuse autour de l\u2019innovation VEKASLIDE Hi-5, d\u00e9j\u00e0 couronn\u00e9e sur EQUIPBAIE 2021","date":"4 octobre 2021","format":false,"excerpt":"La filiale fran\u00e7aise de VEKA, leader mondial des profil\u00e9s pour fen\u00eatres PVC, a profit\u00e9 du salon EQUIPBAIE 2021 pour confirmer son association avec FERCO, leader fran\u00e7ais de la ferrure et filiale du groupe GU. \u00c0 gauche, Jos Lenferink, CEO SOUTH WEST EUROPEand NORTH AFRICA chez VEKA, \u00e0 droite, Fabien Schmitz,Pr\u00e9sident\u2026","rel":"","context":"Dans &quot;Actualit\u00e9 Entreprises&quot;","img":{"alt_text":"","src":"https:\/\/i2.wp.com\/batimedianews.com\/live\/wp-content\/uploads\/2021\/09\/Veka_Ferco-Article.jpg?fit=512%2C512&resize=350%2C200","width":350,"height":200},"classes":[]}],"_links":{"self":[{"href":"http:\/\/batimedianews.com\/live\/index.php\/wp-json\/wp\/v2\/posts\/39075"}],"collection":[{"href":"http:\/\/batimedianews.com\/live\/index.php\/wp-json\/wp\/v2\/posts"}],"about":[{"href":"http:\/\/batimedianews.com\/live\/index.php\/wp-json\/wp\/v2\/types\/post"}],"author":[{"embeddable":true,"href":"http:\/\/batimedianews.com\/live\/index.php\/wp-json\/wp\/v2\/users\/41"}],"replies":[{"embeddable":true,"href":"http:\/\/batimedianews.com\/live\/index.php\/wp-json\/wp\/v2\/comments?post=39075"}],"version-history":[{"count":3,"href":"http:\/\/batimedianews.com\/live\/index.php\/wp-json\/wp\/v2\/posts\/39075\/revisions"}],"predecessor-version":[{"id":39310,"href":"http:\/\/batimedianews.com\/live\/index.php\/wp-json\/wp\/v2\/posts\/39075\/revisions\/39310"}],"wp:featuredmedia":[{"embeddable":true,"href":"http:\/\/batimedianews.com\/live\/index.php\/wp-json\/wp\/v2\/media\/39081"}],"wp:attachment":[{"href":"http:\/\/batimedianews.com\/live\/index.php\/wp-json\/wp\/v2\/media?parent=39075"}],"wp:term":[{"taxonomy":"category","embeddable":true,"href":"http:\/\/batimedianews.com\/live\/index.php\/wp-json\/wp\/v2\/categories?post=39075"},{"taxonomy":"post_tag","embeddable":true,"href":"http:\/\/batimedianews.com\/live\/index.php\/wp-json\/wp\/v2\/tags?post=39075"}],"curies":[{"name":"wp","href":"https:\/\/api.w.org\/{rel}","templated":true}]}}