{"id":39189,"date":"2024-08-01T13:09:02","date_gmt":"2024-08-01T11:09:02","guid":{"rendered":"http:\/\/batimedianews.com\/live\/?p=39189"},"modified":"2024-08-01T13:09:05","modified_gmt":"2024-08-01T11:09:05","slug":"atlantem-propose-une-experience-au-coeur-de-linnovation","status":"publish","type":"post","link":"http:\/\/batimedianews.com\/live\/index.php\/2024\/08\/01\/atlantem-propose-une-experience-au-coeur-de-linnovation\/","title":{"rendered":"Atlantem propose une exp\u00e9rience au coeur de l\u2019innovation"},"content":{"rendered":"\n<h1 class=\"has-text-align-center has-sm-dark-primary-color has-text-color\">&nbsp;PRE-BATIMAT 2024&nbsp;<\/h1>\n\n\n\n<p class=\"has-text-align-center has-text-color\" style=\"color:#f70295\"><strong>HALL 6 &#8211; STANDS E022 ET F032&nbsp;<\/strong><\/p>\n\n\n\n<p class=\"has-sm-dark-primary-color has-text-color has-medium-font-size\"><strong>Une \u00e9dition qui marque un tournant historique pour Atlantem&nbsp;<\/strong><\/p>\n\n\n\n<p>Filiale d\u2019HERIGE Industries, Atlantem est l\u2019activit\u00e9 sp\u00e9cialis\u00e9e dans la fabrication de menuiseries industrielles, qui se distingue sur le march\u00e9 par une offre multi-produits et multi-mat\u00e9riaux couvrant l\u2019ensemble des ouvertures et fermetures de l\u2019habitat et des b\u00e2timents : fen\u00eatres, coulissants, volets roulants et battants, portes d\u2019entr\u00e9e et de garage, portails, cl\u00f4tures, domotique\u2026 Atlantem emploie 1 400 collaborateurs, avec 16 usines en France et 3 au Canada. Port\u00e9e par l\u2019esprit de conqu\u00eate du groupe, Atlantem est anim\u00e9e par des projets ambitieux majeurs pilot\u00e9s par Richard Marchant, Directeur G\u00e9n\u00e9ral, \u00e0 travers son programme \u00ab HISSER* \u00bb. Parmi ses axes strat\u00e9giques de d\u00e9veloppement : <strong>l\u2019exp\u00e9rience client \u00ab best in class \u00bb ou encore l\u2019innovation de rupture. Deux ingr\u00e9dients fondamentaux qui se retrouveront en ligne conductrice de Batimat 2024.&nbsp;<\/strong><\/p>\n\n\n\n<p><strong>L\u2019approche qu\u2019Atlantem a choisie pour aborder et cr\u00e9er l\u2019\u00e9v\u00e8nement lors de cette \u00e9dition illustre son ambition de se d\u00e9marquer en mettant \u00e0 l\u2019honneur son esprit d\u2019innovation et en permettant aux visiteurs de vivre une nouvelle exp\u00e9rience.&nbsp;<\/strong><\/p>\n\n\n\n<p>\u00ab Bienvenue dans la maison Atlantem \u00bb, la signature du nouveau <strong>stand <em>feel good<\/em><\/strong>, donnera le ton. Le visiteur est plong\u00e9 directement dans une atmosph\u00e8re chaleureuse, mise en sc\u00e8ne par des voilages qui m\u00ealent ouverture et intimit\u00e9, des \u00e9clairages LED, une musique d\u2019ambiance et de la v\u00e9g\u00e9talisation. Un corridor de l\u2019innovation le conduit au fil des pas \u00e0 la d\u00e9couverte des concepts novateurs, des nouveaut\u00e9s prochainement commercialis\u00e9es et des produits phares expos\u00e9s. Des \u00e9crans diffuseront des vid\u00e9os valorisant le savoir-faire industriel d\u2019Atlantem, qui lui a valu d\u00e9but 2024 l\u2019obtention du label Vitrine Industrie du Futur, ou pr\u00e9sentant son nouveau concept de proximit\u00e9 Le Comptoir Atlantem.&nbsp;<\/p>\n\n\n\n<p class=\"has-small-font-size\"><em>* \u00ab HISSER \u00bb repose sur un socle de valeurs partag\u00e9es : Humanisme, Int\u00e9grit\u00e9, Soci\u00e9tal, Satisfaction client, Engagement, R\u00e9sultat.&nbsp;<\/em><\/p>\n\n\n\n<div class=\"wp-block-columns\">\n<div class=\"wp-block-column\">\n<p class=\"has-sm-dark-primary-color has-text-color has-medium-font-size\"><strong>Corridor de l\u2019<\/strong><strong>innovation :&nbsp;<\/strong><\/p>\n\n\n\n<p class=\"has-sm-dark-primary-color has-text-color has-medium-font-size\"><strong>la vitrine des axes de <\/strong><strong>recherche&nbsp;<\/strong><\/p>\n\n\n\n<p>Deux prototypes &#8211; AIRSAFE et SMART &amp; SLIM &#8211; et deux nouveaut\u00e9s produits en Frappe AM-X, se feront miroir dans un corridor de l\u2019innovation. Le visiteur pourra tester et exp\u00e9rimenter des dizaines de scenarios autour de la ma\u00eetrise de la qualit\u00e9 de l\u2019air int\u00e9rieur, de la s\u00e9curit\u00e9, du confort d\u2019\u00e9t\u00e9 et d\u2019hiver. Chacun sera invit\u00e9 \u00e0 donner son avis sur les deux prototypes, via un \u00e9cran tactile, afin d\u2019aiguiller Atlantem sur la pertinence de ses choix de d\u00e9veloppement.&nbsp;<\/p>\n\n\n\n<p class=\"has-sm-dark-primary-color has-text-color has-medium-font-size\"><strong>Le stand \u00ab <\/strong><strong>Experts chantier \u00bb :&nbsp;<\/strong><\/p>\n\n\n\n<p class=\"has-sm-dark-primary-color has-text-color has-medium-font-size\"><strong>Un acteur incontournable <\/strong><strong>qui s\u2019affirme&nbsp;<\/strong><\/p>\n\n\n\n<p>Un autre stand \u00e0 proximit\u00e9, \u00ab Expert chantiers \u00bb, port\u00e9 par Atlantem et Poralu, mettra en lumi\u00e8re l\u2019offre de produits chantiers et l\u2019activit\u00e9 de pose qu\u2019Atlantem a int\u00e9gr\u00e9e dans son sillon lors de l\u2019acquisition de Poralu et Coferming. Ce lieu de rencontre sera aussi l\u2019occasion pour les promoteurs, entreprises g\u00e9n\u00e9rales, \u00e9conomistes, architectes, prescripteurs et bailleurs sociaux de d\u00e9couvrir des r\u00e9alisations embl\u00e9matiques neuves, de r\u00e9novation et de r\u00e9habilitation.&nbsp;<\/p>\n<\/div>\n\n\n\n<div class=\"wp-block-column\">\n<p class=\"has-sm-dark-primary-color has-text-color has-medium-font-size\"><strong>Corner <\/strong><strong>Solabaie\u00ae :&nbsp;<\/strong><\/p>\n\n\n\n<p class=\"has-sm-dark-primary-color has-text-color has-medium-font-size\"><strong>lancement de la campagne de <\/strong><strong>recrutement&nbsp;<\/strong><\/p>\n\n\n\n<p>Atlantem ambitionne que Solabaie\u00ae devienne le 1er r\u00e9seau national affili\u00e9 \u00e0 un industriel, en doublant le nombre de points de ventes (de 150 \u00e0 300) d\u2019ici 2028. Batimat marquera le point de d\u00e9part d\u2019une <strong>large campagne de recrutement au cours d\u2019une journ\u00e9e d\u00e9di\u00e9e le mardi 1<\/strong><strong>er <\/strong><strong>octobre<\/strong>.&nbsp;<\/p>\n\n\n\n<p><strong>Le mercredi 2 octobre<\/strong>, Fabrice Tomas, nomm\u00e9 Directeur R\u00e9seaux, accueillera les adh\u00e9rents et mettra l\u2019accent sur l\u2019accompagnement et la palette de services propos\u00e9e : <strong>formations (management, commerce, produits\u2026), campagnes promotionnelles, kits de communication, \u00e9changes autour d\u2019un futur concept de show-room&#8230;&nbsp;<\/strong><\/p>\n\n\n\n<p class=\"has-sm-dark-primary-color has-text-color has-medium-font-size\"><strong>Des temps <\/strong><strong>forts <\/strong><strong>et <\/strong><strong>uniques&nbsp;<\/strong><\/p>\n\n\n\n<p>Chaque journ\u00e9e sera ponctu\u00e9e par des moments de partage. Tout d\u2019abord le <strong>mardi 1<\/strong><strong>er <\/strong><strong>octobre \u00e0 11h <\/strong>avec les \u00ab Regards crois\u00e9s \u00bb de deux grandes figures de l\u2019architecture ancienne (b\u00e2timent de France), moderne et verte (B\u00e2timent du futur).&nbsp;<\/p>\n\n\n\n<p>Le <strong>mercredi 2 octobre \u00e0 11h<\/strong>, c\u2019est Maxime Thomas, num\u00e9ro 3 mondial et multi-m\u00e9daill\u00e9 paralympique au tennis de table, en pr\u00e9sence des pongistes sponsoris\u00e9s par Atlantem, qui interviendra lors d\u2019une conf\u00e9rence \u00ab Au-del\u00e0 des limites : performance et r\u00e9silience \u00bb.&nbsp;<\/p>\n\n\n\n<p>Chaque jour, des <em>Happy hours<\/em>, de 17h30 \u00e0 19h, permettront de cl\u00f4turer dans la bonne humeur chaque journ\u00e9e de salon.&nbsp;<\/p>\n<\/div>\n<\/div>\n\n\n\n<p class=\"has-text-align-center has-sm-dark-primary-color has-text-color has-medium-font-size\"><strong>Pr\u00e9sentation en avant-premi\u00e8re de deux concepts de frappe :&nbsp;<\/strong><\/p>\n\n\n\n<p class=\"has-text-align-center has-text-color has-medium-font-size\" style=\"color:#f70295\"><strong>La qualit\u00e9 de l\u2019air int\u00e9rieur au coeur de la d\u00e9marche&nbsp;<\/strong><\/p>\n\n\n\n<p>Atlantem d\u00e9voilera deux prototypes de frappe pens\u00e9s en synergie avec des partenaires de renom dans leur domaine d\u2019expertise. Une volont\u00e9 : participer \u00e0 la qualit\u00e9 de vie des foyers et des occupants d\u2019un b\u00e2timent. Sa promesse : d\u00e9velopper des solutions globales \u00ab tout-en-un \u00bb performantes pour r\u00e9pondre \u00e0 toute une palette de conforts. L\u2019industriel a \u00e9galement la volont\u00e9 de simplifier, \u00e0 terme, la mise en service lors de la pose avec des solutions \u00ab <em>plug and play <\/em>\u00bb. Int\u00e9grant des solutions innovantes sur le march\u00e9, ces deux concepts associent \u00e0 cet enjeu d\u2019air assaini les notions de s\u00e9curit\u00e9, de protection solaire, de confort d\u2019\u00e9t\u00e9 et d\u2019hiver, et d\u2019\u00e9conomies d\u2019\u00e9nergie.&nbsp;<\/p>\n\n\n\n<p class=\"has-text-color\" style=\"color:#f70295;font-size:18px\"><strong>[CONCEPT] Nouvelle menuiserie frappe \u00ab AIRSAFE \u00bb PVC motoris\u00e9e :&nbsp;<\/strong><\/p>\n\n\n\n<p class=\"has-sm-dark-primary-color has-text-color\" style=\"font-size:18px\"><strong>Pour am\u00e9liorer la qualit\u00e9 de vie en toute s\u00e9r\u00e9nit\u00e9&nbsp;<\/strong><\/p>\n\n\n\n<p>Destin\u00e9 \u00e0 la maison individuelle et au r\u00e9sidentiel collectif, pour des projets en neuf comme en r\u00e9novation, le concept de nouvelle frappe AIRSAFE est le r\u00e9sultat d\u2019une combinaison de solutions habituellement propos\u00e9es de mani\u00e8re unitaire :&nbsp;<\/p>\n\n\n\n<ul><li>un ouvrant PVC motoris\u00e9, avec vitrage permettant de maximiser les apports solaires et la transmission lumineuse,&nbsp;<\/li><li>un bloc baie comportant un tablier \u00e0 lames orientables en aluminium extrud\u00e9,&nbsp;<\/li><li>un capteur de qualit\u00e9 d&rsquo;air int\u00e9rieur connect\u00e9 au syst\u00e8me de contr\u00f4le de l\u2019habitat,&nbsp;<\/li><li>un d\u00e9tecteur d\u2019ouverture dissimul\u00e9 dans l\u2019ouvrant.&nbsp;<\/li><\/ul>\n\n\n\n<p>Cette solution globale et novatrice constitue une r\u00e9ponse performante et efficace \u00e0 un ensemble d\u2019enjeux et de crit\u00e8res d\u00e9cisifs pour les utilisateurs :&nbsp;<\/p>\n\n\n\n<ul><li>renouveler l\u2019air int\u00e9rieur de mani\u00e8re autonome et s\u00e9curis\u00e9e,&nbsp;<\/li><li>optimiser la gestion des apports solaires,&nbsp;<\/li><li>maximiser les \u00e9conomies d\u2019\u00e9nergie.&nbsp;<\/li><\/ul>\n\n\n\n<p class=\"has-text-color\" style=\"color:#f70295;font-size:18px\"><strong>[CONCEPT] Nouvelle menuiserie frappe PVC \u00ab SMART &amp; SLIM \u00bb :&nbsp;<\/strong><\/p>\n\n\n\n<p class=\"has-sm-dark-primary-color has-text-color\" style=\"font-size:18px\"><strong>Air purifi\u00e9 et design \u00e9pur\u00e9&nbsp;<\/strong><\/p>\n\n\n\n<p>Ce concept part du constat g\u00e9n\u00e9ral que la qualit\u00e9 de l\u2019air int\u00e9rieur figure parmi les priorit\u00e9s pour les habitants, alors que l\u2019air d\u2019une maison est 5 \u00e0 10 fois plus pollu\u00e9 que l\u2019air ext\u00e9rieur. Pr\u00e9sent\u00e9 lors de Batimat, le prototype SMART &amp; SLIM associe plusieurs technologies exclusives qui le rendent unique sur le march\u00e9 et en font <strong>la premi\u00e8re fen\u00eatre \u00e9co-con\u00e7ue capable de renouveler l\u2019air int\u00e9rieur sans ouvrir les fen\u00eatres pour une s\u00e9curit\u00e9 maximale<\/strong>. Int\u00e9grant dans son dormant un syst\u00e8me de filtration par ionisation, la solution SMART &amp; SLIM analyse en permanence et de mani\u00e8re intelligente la qualit\u00e9 de l&rsquo;air int\u00e9rieur (temp\u00e9rature, taux de CO2, taux d\u2019humidit\u00e9, taux de COV, taux de particules fines) et pilote de mani\u00e8re autonome, sc\u00e9naris\u00e9e ou forc\u00e9e, l\u2019extraction de l\u2019air int\u00e9rieur pollu\u00e9 afin d\u2019y insuffler un air ext\u00e9rieur assaini et r\u00e9chauff\u00e9. <strong>Cette technologie brevet\u00e9e sera \u00e0 d\u00e9couvrir plus amplement sur le salon !&nbsp;<\/strong><\/p>\n\n\n\n<p class=\"has-text-align-center has-sm-dark-primary-color has-text-color has-medium-font-size\"><strong>La frappe hybride AM-X \u00e9volue avec deux nouvelles d\u00e9clinaisons&nbsp;<\/strong><\/p>\n\n\n\n<p class=\"has-text-color has-normal-font-size\" style=\"color:#f70295\"><strong>[NOUVEAUTE] Menuiserie frappe AM-X alu cintr\u00e9e avec volets battants cintr\u00e9s motoris\u00e9s :&nbsp;<\/strong><\/p>\n\n\n\n<p class=\"has-sm-dark-primary-color has-text-color has-normal-font-size\"><strong>Un style de tradition sublim\u00e9 par une technologie anti-intrusion&nbsp;<\/strong><\/p>\n\n\n\n<p>Le design de fen\u00eatre cintr\u00e9e est pris\u00e9 tout particuli\u00e8rement pour les maisons au style authentique, demeures de charme et appartements de ville \u00e0 l\u2019architecture historique, et se d\u00e9veloppe sur les villas contemporaines pour apporter une touche d\u2019\u00e9l\u00e9gance. Dans sa collection hybride AM-X, Atlantem propose d\u00e9sormais une version compl\u00e8te frappe et volets battants cintr\u00e9s, fabriqu\u00e9s par Atlantem pour renforcer l\u2019effet architectural recherch\u00e9 et r\u00e9pondre en m\u00eame temps au besoin de s\u00e9curit\u00e9.&nbsp;<\/p>\n\n\n\n<p>Si ce style est synonyme d\u2019authenticit\u00e9, il fait preuve de modernit\u00e9 et de s\u00e9curit\u00e9. <strong>Pourquoi devoir choisir entre une signature architecturale de tradition et une technologie pour r\u00e9duire les risques d\u2019intrusion dans le domicile ? <\/strong>Atlantem pr\u00e9sentera une solution globale int\u00e9grant en option un d\u00e9tecteur d\u2019ouverture. Il analyse les vibrations et diff\u00e9rencie celles \u00e9manant d\u2019une tentative d\u2019intrusion avec masse ou pied de biche par exemple, de celles provenant d\u2019un vent fort ou d\u2019une personne qui toque \u00e0 la porte. Dans une situation de for\u00e7age, le d\u00e9tecteur pr\u00e9vient l\u2019utilisateur sur son smartphone avant que l\u2019intrus n\u2019ait p\u00e9n\u00e9tr\u00e9 dans l\u2019habitation.&nbsp;<\/p>\n\n\n\n<p>Autre valeur ajout\u00e9e, le syst\u00e8me permet de conna\u00eetre en temps r\u00e9el la position de la fen\u00eatre, ouverte ou ferm\u00e9e. Pratique lorsque par exemple on a oubli\u00e9 de la fermer en partant un matin d\u2019hiver, on peut alors d\u00e9sactiver le chauffage.&nbsp;<\/p>\n\n\n\n<p class=\"has-text-color\" style=\"color:#f70295\"><strong>[NOUVEAUTE] Menuiserie frappe AM-X avec volet roulant \u00e0 lames bioclimatiques et motorisation solaire :&nbsp;<\/strong><\/p>\n\n\n\n<p class=\"has-sm-dark-primary-color has-text-color\"><strong>Pour une gestion ma\u00eetris\u00e9e de l\u2019apport solaire et de la ventilation&nbsp;<\/strong><\/p>\n\n\n\n<p>Le confort de l\u2019utilisateur au sein du foyer est au coeur de la d\u00e9marche d\u2019Atlantem qui r\u00e9fl\u00e9chit constamment \u00e0 des solutions pour am\u00e9liorer la qualit\u00e9 de vie quotidienne. L\u2019industriel propose une nouvelle version de la frappe hybride AM-X int\u00e9grant un volet roulant avec tablier bioclimatique <strong>Le micro-poin\u00e7onnage (3 % de surface ajour\u00e9e contre 0,7 % pour une lame standard) r\u00e9gulier de la Lame Bioclimatique\u00ae permet de ma\u00eetriser l\u2019apport solaire, de multiplier par quatre la luminosit\u00e9 et d\u2019apporter une sur ventilation par rapport \u00e0 une lame standard (Qa=939 m3 \/ h par m\u00b2)<\/strong>.&nbsp;<\/p>\n\n\n\n<p>Une solution qui garantit le confort d\u2019\u00e9t\u00e9 tout en conservant la vue vers l\u2019ext\u00e9rieur en position ajour\u00e9e et un facteur de transmission lumineuse (Tvnh = 3 %). <strong>Sa finesse pr\u00e9serve la vue sur le jardin, tout en constituant un rempart contre la chaleur et le passage des moustiques et nuisibles.&nbsp;<\/strong><\/p>\n\n\n\n<p>L\u2019ensemble est dot\u00e9 d\u2019un d\u00e9tecteur qui permet de consulter \u00e0 distance si la frappe est verrouill\u00e9e ou non, et s\u2019il y a une tentative d&rsquo;intrusion gr\u00e2ce \u00e0 une mesure de vibration. Un gage de s\u00e9r\u00e9nit\u00e9 lorsqu\u2019on est absent pendant les vacances ou un d\u00e9placement professionnel.&nbsp;<\/p>\n\n\n\n<p class=\"has-text-align-center has-sm-dark-primary-color has-text-color has-medium-font-size\"><strong>Stand \u00ab P\u00f4le Experts chantier \u00bb :&nbsp;<\/strong><\/p>\n\n\n\n<p class=\"has-text-align-center has-text-color has-medium-font-size\" style=\"color:#f70295\"><strong>Une offre globale pour les chantiers&nbsp;<\/strong><\/p>\n\n\n\n<p>Avec l\u2019acquisition et l\u2019int\u00e9gration de Poralu, Atlantem s\u2019est ouvert au march\u00e9 du fourni-pos\u00e9 gr\u00e2ce \u00e0 un savoir-faire activit\u00e9 chantiers tertiaires et collectifs et une \u00e9quipe d\u00e9di\u00e9e. Cette expertise, qui lui permet de viser directement les constructeurs de maisons individuelles, de logements \u00e0 ossature bois, ainsi que les promoteurs immobiliers publics ou priv\u00e9s, \u00e9conomistes, entreprises g\u00e9n\u00e9rales et architectes, sera mise en lumi\u00e8re sur un stand d\u00e9di\u00e9 \u00ab Expert chantiers \u00bb.&nbsp;<\/p>\n\n\n\n<p>Ambitionnant de se hisser parmi les leaders nationaux, cette activit\u00e9, sous la responsabilit\u00e9 de Bruno Manissol, se d\u00e9marque par la qualit\u00e9 de <strong>ses trois bureaux d\u2019\u00e9tudes int\u00e9gr\u00e9s. <\/strong>Ils apportent une valeur ajout\u00e9e en mati\u00e8re d\u2019accompagnement : d\u00e9veloppement de solutions sur-mesure adapt\u00e9es \u00e0 chaque chantier, r\u00e9alisation rapide de devis, assistance technique, proposition de plans et de coupes\u2026 <strong>L\u2019int\u00e9gralit\u00e9 de la gamme sera pr\u00e9sent\u00e9e sur le stand et \u00e0 travers une nouvelle \u00e9dition du catalogue Chantiers int\u00e9grant les solutions issues des synergies cr\u00e9\u00e9es avec ses r\u00e9centes acquisitions Poralu et Coferming.&nbsp;<\/strong><\/p>\n","protected":false},"excerpt":{"rendered":"<p>&nbsp;PRE-BATIMAT 2024&nbsp; HALL 6 &#8211; STANDS E022 ET F032&nbsp; Une \u00e9dition qui marque un tournant historique pour Atlantem&nbsp; Filiale d\u2019HERIGE Industries, Atlantem est l\u2019activit\u00e9 sp\u00e9cialis\u00e9e dans la fabrication de menuiseries industrielles, qui se distingue sur le march\u00e9 par une offre multi-produits et multi-mat\u00e9riaux couvrant l\u2019ensemble des ouvertures et fermetures de l\u2019habitat et des b\u00e2timents : [&hellip;]<\/p>\n","protected":false},"author":41,"featured_media":39191,"comment_status":"open","ping_status":"open","sticky":true,"template":"","format":"standard","meta":{"spay_email":""},"categories":[4,140,77,690],"tags":[],"jetpack_featured_media_url":"https:\/\/i1.wp.com\/batimedianews.com\/live\/wp-content\/uploads\/2024\/07\/Atlantem-articles-.jpg?fit=1513%2C825","jetpack_sharing_enabled":true,"jetpack_likes_enabled":true,"jetpack-related-posts":[{"id":29454,"url":"http:\/\/batimedianews.com\/live\/index.php\/2023\/06\/17\/les-enjeux-dans-la-menuiserie-bois-atlantem-mise-sur-la-croissance-externe\/","url_meta":{"origin":39189,"position":0},"title":"Les enjeux dans la menuiserie bois : atlantem mise sur la croissance externe","date":"17 juin 2023","format":false,"excerpt":"De mani\u00e8re constante ces derni\u00e8res ann\u00e9es et d\u2019autant plus forte en 2022, Atlantem, activit\u00e9 Menuiserie du Groupe HERIGE, prend une nouvelle dimension en compl\u00e9tant sa croissance organique par des opportunit\u00e9s de croissance externe. En t\u00e9moignent les quatre acquisitions successives (Activence, MGT Menuiseries Bois, Poralu et Coferm\u2019Ing) venues densifier le maillage\u2026","rel":"","context":"Dans &quot;Actualit\u00e9 Entreprises&quot;","img":{"alt_text":"","src":"https:\/\/i0.wp.com\/batimedianews.com\/live\/wp-content\/uploads\/2023\/06\/atlantem-image-.png?fit=1200%2C1200&resize=350%2C200","width":350,"height":200},"classes":[]},{"id":40272,"url":"http:\/\/batimedianews.com\/live\/index.php\/2024\/10\/16\/atlantem-propose-une-experience-au-coeur-de-linnovation-2\/","url_meta":{"origin":39189,"position":1},"title":"Atlantem propose une exp\u00e9rience au coeur de l\u2019innovation","date":"16 octobre 2024","format":false,"excerpt":"Une \u00e9dition qui marque un tournant historique pour Atlantem Filiale d\u2019HERIGE Industries, Atlantem est l\u2019activit\u00e9 sp\u00e9cialis\u00e9e dans la fabrication de menuiseries industrielles, qui se distingue sur le march\u00e9 par une offre multi-produits et multi-mat\u00e9riaux couvrant l\u2019ensemble des ouvertures et fermetures de l\u2019habitat et des b\u00e2timents : fen\u00eatres, coulissants, volets roulants\u2026","rel":"","context":"Dans &quot;Actualit\u00e9 Entreprises&quot;","img":{"alt_text":"","src":"https:\/\/i0.wp.com\/batimedianews.com\/live\/wp-content\/uploads\/2024\/10\/Atlantem.jpg?fit=825%2C825&resize=350%2C200","width":350,"height":200},"classes":[]},{"id":17902,"url":"http:\/\/batimedianews.com\/live\/index.php\/2022\/03\/23\/atlantem-developpe-son-activite-portail-aluminium-avec-lextension-de-son-site-de-carentoir-56\/","url_meta":{"origin":39189,"position":2},"title":"ATLANTEM D\u00c9VELOPPE SON ACTIVIT\u00c9 PORTAIL ALUMINIUM AVEC L\u2019EXTENSION DE SON SITE DE CARENTOIR (56)","date":"23 mars 2022","format":false,"excerpt":"\u00a0ATLANTEM, activit\u00e9 menuiserie du Groupe HERIGE, poursuit l\u2019acc\u00e9l\u00e9ration de sa transformation. L\u2019industriel se saisit de la mont\u00e9e en puissance du portail aluminium dans son activit\u00e9 pour cr\u00e9er de la croissance et de l\u2019emploi. Il a ainsi engag\u00e9 des investissements importants de l\u2019ordre de 2,5 millions d\u2019euros sur son site de\u2026","rel":"","context":"Dans &quot;Actualit\u00e9 Entreprises&quot;","img":{"alt_text":"","src":"https:\/\/i2.wp.com\/batimedianews.com\/live\/wp-content\/uploads\/2022\/03\/Atlantem-Article.jpg?fit=512%2C512&resize=350%2C200","width":350,"height":200},"classes":[]},{"id":29441,"url":"http:\/\/batimedianews.com\/live\/index.php\/2023\/06\/17\/atlantem-une-nouvelle-marque-employeur-pour-accompagner-sa-croissance\/","url_meta":{"origin":39189,"position":3},"title":"Atlantem, une nouvelle marque employeur pour accompagner sa croissance","date":"17 juin 2023","format":false,"excerpt":"https:\/\/www.youtube.com\/watch?v=ZL9XQEZmpVk \u00a0Avec sa croissance organique et externe grandissante, Atlantem, activit\u00e9 menuiseries du Groupe HERIGE, consacre une attention particuli\u00e8re \u00e0 la fid\u00e9lisation de ses \u00e9quipes et au recrutement de nouveaux talents pour accompagner sa transformation et ses ambitions. En 2022, ce sont plus de 150 postes qui ont \u00e9t\u00e9 cr\u00e9\u00e9s sur\u2026","rel":"","context":"Dans &quot;Menuiserie&quot;","img":{"alt_text":"","src":"https:\/\/i1.wp.com\/batimedianews.com\/live\/wp-content\/uploads\/2023\/06\/atlantem-marque-employeur-.png?fit=778%2C436&resize=350%2C200","width":350,"height":200},"classes":[]},{"id":24155,"url":"http:\/\/batimedianews.com\/live\/index.php\/2022\/10\/26\/atlantem-devoile-sa-nouvelle-identite-et-reaffirme-son-positionnement-multiproduits-et-multimateriaux\/","url_meta":{"origin":39189,"position":4},"title":"ATLANTEM DEVOILE SA NOUVELLE IDENTITE ET REAFFIRME SON POSITIONNEMENT MULTIPRODUITS ET MULTIMATERIAUX","date":"26 octobre 2022","format":false,"excerpt":"ATLANTEM AFFIRME SON ESPRIT D\u2019INNOVATION ET APPROFONDIT SES ENGAGEMENTS ENVIRONNEMENTAUX\u00a0 Imaginer les ouvertures de demain, telle est la signature d\u2019ATLANTEM qui d\u00e9voile sa nouvelle identit\u00e9 \u00e0 l\u2019occasion de BATIMAT. Le fabricant fran\u00e7ais s\u2019inscrit r\u00e9solument et durablement dans une d\u00e9marche d\u2019innovation, d\u00e9j\u00e0 illustr\u00e9e \u00e0 travers le d\u00e9veloppement de sa collection AM-X.\u2026","rel":"","context":"Dans &quot;Actualit\u00e9 Entreprises&quot;","img":{"alt_text":"","src":"https:\/\/i2.wp.com\/batimedianews.com\/live\/wp-content\/uploads\/2022\/10\/Atlantem-Article.jpg?fit=1080%2C1080&resize=350%2C200","width":350,"height":200},"classes":[]},{"id":23948,"url":"http:\/\/batimedianews.com\/live\/index.php\/2022\/10\/04\/atlantem-au-mondial-du-batiment-2022\/","url_meta":{"origin":39189,"position":5},"title":"Atlantem au Mondial du B\u00e2timent 2022","date":"4 octobre 2022","format":false,"excerpt":"https:\/\/youtu.be\/j6Z-HbcKLeU http:\/\/batimedianews.com\/live\/index.php\/2022\/03\/28\/atlantem-renforce-sa-gamme-de-produits-pour-une-maison-intelligente-a-vivre\/ http:\/\/batimedianews.com\/live\/index.php\/2022\/03\/23\/atlantem-developpe-son-activite-portail-aluminium-avec-lextension-de-son-site-de-carentoir-56\/","rel":"","context":"Dans &quot;Fil d'actu Batimat 2022&quot;","img":{"alt_text":"","src":"https:\/\/i2.wp.com\/batimedianews.com\/live\/wp-content\/uploads\/2022\/10\/Atlantem.jpg?fit=1080%2C1080&resize=350%2C200","width":350,"height":200},"classes":[]}],"_links":{"self":[{"href":"http:\/\/batimedianews.com\/live\/index.php\/wp-json\/wp\/v2\/posts\/39189"}],"collection":[{"href":"http:\/\/batimedianews.com\/live\/index.php\/wp-json\/wp\/v2\/posts"}],"about":[{"href":"http:\/\/batimedianews.com\/live\/index.php\/wp-json\/wp\/v2\/types\/post"}],"author":[{"embeddable":true,"href":"http:\/\/batimedianews.com\/live\/index.php\/wp-json\/wp\/v2\/users\/41"}],"replies":[{"embeddable":true,"href":"http:\/\/batimedianews.com\/live\/index.php\/wp-json\/wp\/v2\/comments?post=39189"}],"version-history":[{"count":2,"href":"http:\/\/batimedianews.com\/live\/index.php\/wp-json\/wp\/v2\/posts\/39189\/revisions"}],"predecessor-version":[{"id":39260,"href":"http:\/\/batimedianews.com\/live\/index.php\/wp-json\/wp\/v2\/posts\/39189\/revisions\/39260"}],"wp:featuredmedia":[{"embeddable":true,"href":"http:\/\/batimedianews.com\/live\/index.php\/wp-json\/wp\/v2\/media\/39191"}],"wp:attachment":[{"href":"http:\/\/batimedianews.com\/live\/index.php\/wp-json\/wp\/v2\/media?parent=39189"}],"wp:term":[{"taxonomy":"category","embeddable":true,"href":"http:\/\/batimedianews.com\/live\/index.php\/wp-json\/wp\/v2\/categories?post=39189"},{"taxonomy":"post_tag","embeddable":true,"href":"http:\/\/batimedianews.com\/live\/index.php\/wp-json\/wp\/v2\/tags?post=39189"}],"curies":[{"name":"wp","href":"https:\/\/api.w.org\/{rel}","templated":true}]}}