{"id":39193,"date":"2024-08-01T13:03:29","date_gmt":"2024-08-01T11:03:29","guid":{"rendered":"http:\/\/batimedianews.com\/live\/?p=39193"},"modified":"2024-08-01T13:03:32","modified_gmt":"2024-08-01T11:03:32","slug":"kline-presente-ses-nouveautes-au-sein-dun-pavillon-lumiere-innovant-et-immersif","status":"publish","type":"post","link":"http:\/\/batimedianews.com\/live\/index.php\/2024\/08\/01\/kline-presente-ses-nouveautes-au-sein-dun-pavillon-lumiere-innovant-et-immersif\/","title":{"rendered":"K\u2022LINE pr\u00e9sente ses nouveaut\u00e9s au sein d\u2019un \u00ab pavillon lumi\u00e8re \u00bb innovant et immersif"},"content":{"rendered":"\n<h2 class=\"has-text-align-center\"><strong>BATIMAT 2024<\/strong><\/h2>\n\n\n\n<p class=\"has-text-align-center\">Du 30 septembre au 3 octobre | Paris, Porte de Versailles<\/p>\n\n\n\n<p class=\"has-text-align-center\">Hall 4 stand G058<\/p>\n\n\n\n<figure class=\"wp-block-image size-full\"><img loading=\"lazy\" width=\"720\" height=\"327\" src=\"https:\/\/i2.wp.com\/batimedianews.com\/live\/wp-content\/uploads\/2024\/07\/image-211.png?resize=720%2C327\" alt=\"\" class=\"wp-image-39194\" srcset=\"https:\/\/i2.wp.com\/batimedianews.com\/live\/wp-content\/uploads\/2024\/07\/image-211.png?w=1594 1594w, https:\/\/i2.wp.com\/batimedianews.com\/live\/wp-content\/uploads\/2024\/07\/image-211.png?resize=768%2C348 768w, https:\/\/i2.wp.com\/batimedianews.com\/live\/wp-content\/uploads\/2024\/07\/image-211.png?resize=432%2C196 432w, https:\/\/i2.wp.com\/batimedianews.com\/live\/wp-content\/uploads\/2024\/07\/image-211.png?resize=396%2C180 396w, https:\/\/i2.wp.com\/batimedianews.com\/live\/wp-content\/uploads\/2024\/07\/image-211.png?resize=1120%2C509 1120w, https:\/\/i2.wp.com\/batimedianews.com\/live\/wp-content\/uploads\/2024\/07\/image-211.png?resize=660%2C300 660w, https:\/\/i2.wp.com\/batimedianews.com\/live\/wp-content\/uploads\/2024\/07\/image-211.png?w=1440 1440w\" sizes=\"(max-width: 600px) 91vw, (max-width: 900px) 600px, (max-width: 1060px) 50vw, (max-width: 1200px) 520px, (max-width: 1400px) 43vw, 600px\" data-recalc-dims=\"1\" \/><\/figure>\n\n\n\n<p><strong>\u00c0 l\u2019occasion de Batimat, K\u2022LINE pr\u00e9sentera ses nouveaut\u00e9s 2024 \/ 2025 au sein d\u2019un \u00ab Pavillon Lumi\u00e8re \u00bb con\u00e7u par l\u2019agence d\u2019architecture nantaise Studio T\u00e9r\u00e9.<\/strong><\/p>\n\n\n\n<p class=\"has-sm-color-tertiary-color has-text-color\"><strong>Un \u00ab Pavillon Lumi\u00e8re \u00bb con\u00e7u pour offrir une exp\u00e9rience immersive unique<\/strong><\/p>\n\n\n\n<p>Fid\u00e8le \u00e0 l\u2019approche design de K\u2022LINE, le \u00ab Pavillon Lumi\u00e8re \u00bb est con\u00e7u comme une lanterne lumineuse, v\u00e9hiculant le slogan de la marque \u00ab K\u2022LINE &#8211; la fen\u00eatre lumi\u00e8re \u00bb. R\u00e9alis\u00e9 en structure m\u00e9tallique avec un porte-\u00e0\u2011faux p\u00e9riph\u00e9rique, il donne une impression de flottement.<\/p>\n\n\n\n<p>Le rez-de-chauss\u00e9e, d\u00e9di\u00e9 \u00e0 la convivialit\u00e9, est ouvert de tous c\u00f4t\u00e9s et s\u2019articule autour de trois volumes architecturaux : l\u2019escalier principal, le bar et la \u00ab colonne \u00bb qui abrite l\u2019escalier secondaire. La sous-face du rez-de\u2011chauss\u00e9e est travaill\u00e9e en tubes d\u2019aluminium brut, refl\u00e9tant ainsi le mat\u00e9riau de pr\u00e9dilection de K\u2022LINE : l\u2019aluminium.<\/p>\n\n\n\n<p>L\u2019\u00e9tage, plus intime, est con\u00e7u comme une galerie d\u2019exposition o\u00f9 sont mises en avant les menuiseries de la marque. L\u2019ensemble expos\u00e9 est entour\u00e9 d\u2019une v\u00e9g\u00e9tation dense, ce qui cr\u00e9e une atmosph\u00e8re sereine. Ce filtre v\u00e9g\u00e9tal donne aux visiteurs du stand l\u2019illusion d\u2019une r\u00e9alit\u00e9 o\u00f9 la menuiserie reste la fronti\u00e8re entre int\u00e9rieur et ext\u00e9rieur.<\/p>\n\n\n\n<p>Le \u00ab Pavillon Lumi\u00e8re \u00bb de K\u2022LINE offre ainsi une exp\u00e9rience unique, immersive et incarne parfaitement l\u2019identit\u00e9 de la marque.<\/p>\n\n\n\n<p class=\"has-sm-color-tertiary-color has-text-color\"><strong>Vers une d\u00e9couverte des innovations de demain<\/strong><\/p>\n\n\n\n<p>Le visiteur du \u00ab Pavillon Lumi\u00e8re \u00bb sera invit\u00e9 \u00e0 d\u00e9couvrir les derni\u00e8res nouveaut\u00e9s de la marque :<\/p>\n\n\n\n<ul><li>\u2022 un <strong>volet roulant solaire<\/strong>, solution innovante brevet\u00e9e qui combine <strong>int\u00e9gration discr\u00e8te, mise en oeuvre simplifi\u00e9e et respect de l\u2019environnement<\/strong> ;<\/li><li>\u2022 une <strong>nouvelle gamme de portes d\u2019entr\u00e9e<\/strong> qui combine astucieusement compl\u00e9mentarit\u00e9 des mat\u00e9riaux, empreinte carbone r\u00e9duite et tr\u00e8s hautes performances ;<\/li><\/ul>\n\n\n\n<p>\u2022 un <strong>store zip<\/strong> d\u00e9di\u00e9 aux b\u00e2timents tertiaires et collectifs.<\/p>\n\n\n\n<figure class=\"wp-block-image size-full\"><img loading=\"lazy\" width=\"720\" height=\"611\" src=\"https:\/\/i0.wp.com\/batimedianews.com\/live\/wp-content\/uploads\/2024\/07\/image-212.png?resize=720%2C611\" alt=\"\" class=\"wp-image-39195\" srcset=\"https:\/\/i0.wp.com\/batimedianews.com\/live\/wp-content\/uploads\/2024\/07\/image-212.png?w=1394 1394w, https:\/\/i0.wp.com\/batimedianews.com\/live\/wp-content\/uploads\/2024\/07\/image-212.png?resize=768%2C651 768w, https:\/\/i0.wp.com\/batimedianews.com\/live\/wp-content\/uploads\/2024\/07\/image-212.png?resize=432%2C366 432w, https:\/\/i0.wp.com\/batimedianews.com\/live\/wp-content\/uploads\/2024\/07\/image-212.png?resize=396%2C336 396w, https:\/\/i0.wp.com\/batimedianews.com\/live\/wp-content\/uploads\/2024\/07\/image-212.png?resize=1120%2C950 1120w, https:\/\/i0.wp.com\/batimedianews.com\/live\/wp-content\/uploads\/2024\/07\/image-212.png?resize=660%2C560 660w\" sizes=\"(max-width: 600px) 91vw, (max-width: 900px) 600px, (max-width: 1060px) 50vw, (max-width: 1200px) 520px, (max-width: 1400px) 43vw, 600px\" data-recalc-dims=\"1\" \/><\/figure>\n\n\n\n<p>\u00c0 PROPOS D U STUDIO T\u00c9R\u00c9<\/p>\n\n\n\n<p>Studio T\u00e9r\u00e9 est une agence d\u2019architecture bas\u00e9e \u00e0 Nantes, fond\u00e9e en 2020 par Valentine Michel, rejointe en 2023 par Carole Pouly. Le studio travaille sur des projets aux \u00e9chelles et aux programmes vari\u00e9s, particuli\u00e8rement ax\u00e9s sur la revalorisation de l\u2019existant. Studio T\u00e9r\u00e9 favorise des architectures inh\u00e9rentes \u00e0 leur contexte, cherchant \u00e0 mettre en avant les ressources locales et les savoir-faire.<\/p>\n\n\n\n<p>\u00c0 PROPOS D E K \u2022LINE<\/p>\n\n\n\n<p>K\u2022LINE est le premier fabricant fran\u00e7ais de menuiseries (CA 2023 de 524 M\u20ac, 1 889 salari\u00e9s). Elle fabrique et commercialise une gamme compl\u00e8te de fen\u00eatres, baies coulissantes et portes d\u2019entr\u00e9e adapt\u00e9es \u00e0 toutes les architectures. Depuis plus de 20 ans, K\u2022LINE fait de l\u2019apport de lumi\u00e8re naturelle dans l\u2019habitat, l\u2019une de ses r\u00e8gles fondamentales de conception.<\/p>\n","protected":false},"excerpt":{"rendered":"<p>BATIMAT 2024 Du 30 septembre au 3 octobre | Paris, Porte de Versailles Hall 4 stand G058 \u00c0 l\u2019occasion de Batimat, K\u2022LINE pr\u00e9sentera ses nouveaut\u00e9s 2024 \/ 2025 au sein d\u2019un \u00ab Pavillon Lumi\u00e8re \u00bb con\u00e7u par l\u2019agence d\u2019architecture nantaise Studio T\u00e9r\u00e9. Un \u00ab Pavillon Lumi\u00e8re \u00bb con\u00e7u pour offrir une exp\u00e9rience immersive unique Fid\u00e8le [&hellip;]<\/p>\n","protected":false},"author":41,"featured_media":39196,"comment_status":"open","ping_status":"open","sticky":true,"template":"","format":"standard","meta":{"spay_email":""},"categories":[4,5,140,911,690],"tags":[],"jetpack_featured_media_url":"https:\/\/i2.wp.com\/batimedianews.com\/live\/wp-content\/uploads\/2024\/07\/KLine-articles-.jpg?fit=1513%2C825","jetpack_sharing_enabled":true,"jetpack_likes_enabled":true,"jetpack-related-posts":[{"id":40497,"url":"http:\/\/batimedianews.com\/live\/index.php\/2024\/10\/16\/nouvelles-portes-dentree-solutions-doccultation-gamme-dediee-au-tertiaire-kline-devoile-ses-nouveautes-2024-2025\/","url_meta":{"origin":39193,"position":0},"title":"Nouvelles portes d\u2019entr\u00e9e, solutions d\u2019occultation, gamme d\u00e9di\u00e9e au tertiaire : K\u2022LINE d\u00e9voile ses nouveaut\u00e9s 2024 &#8211; 2025","date":"16 octobre 2024","format":false,"excerpt":"Lors du salon Batimat, K\u2022LINE pr\u00e9sente, dans l\u2019\u00e9crin de son \u201cPavillon Lumi\u00e8re\u201d, ses toutes derni\u00e8res nouveaut\u00e9s en mati\u00e8re d\u2019occultations et de portes d\u2019entr\u00e9e, ainsi que sa gamme K\u2022LINE City, d\u00e9di\u00e9e aux projets tertiaires. NOUVELLES PORTES D\u2019ENTR\u00c9E K\u2022LINE : L\u2019EXPRESSION PARFAITE DU DESIGN ET DE LA TECHNOLOGIE ACCESSIBLES \u00c0 TOUS K\u2022LINE\u2026","rel":"","context":"Dans &quot;Actualit\u00e9 Entreprises&quot;","img":{"alt_text":"","src":"https:\/\/i0.wp.com\/batimedianews.com\/live\/wp-content\/uploads\/2024\/10\/KLINE-articles-.jpg?fit=825%2C825&resize=350%2C200","width":350,"height":200},"classes":[]},{"id":35397,"url":"http:\/\/batimedianews.com\/live\/index.php\/2024\/02\/20\/mondial-du-batiment-2024-le-succes-est-dores-et-deja-au-rendez-vous\/","url_meta":{"origin":39193,"position":1},"title":"Mondial Du B\u00e2timent 2024 &#8211; Le succ\u00e8s est d\u2019ores et d\u00e9j\u00e0 au rendez-vous","date":"20 f\u00e9vrier 2024","format":false,"excerpt":"Avec un taux de remplissage de pr\u00e8s 80 %, soit pr\u00e8s de 1 000 exposants d\u00e9j\u00e0 inscrits sur BATIMAT, ID\u00c9OBAIN et INTERCLIMA, l\u2019\u00e9dition 2024 s\u2019annonce comme un v\u00e9ritable succ\u00e8s \u00e0 8 mois de son ouverture (30 septembre au 3 octobre 2024 \u00e0 Paris Expo Porte de Versailles). Dans un contexte\u2026","rel":"","context":"Dans &quot;Actualit\u00e9s salons&quot;","img":{"alt_text":"","src":"https:\/\/i2.wp.com\/batimedianews.com\/live\/wp-content\/uploads\/2024\/02\/MondialduBatiment.jpg?fit=825%2C825&resize=350%2C200","width":350,"height":200},"classes":[]},{"id":34187,"url":"http:\/\/batimedianews.com\/live\/index.php\/2024\/01\/10\/mondial-du-batiment-2024-une-edition-enrichie-concue-pour-apprehender-les-mutations-en-cours\/","url_meta":{"origin":39193,"position":2},"title":"Mondial Du B\u00e2timent 2024 &#8211; Une \u00e9dition enrichie con\u00e7ue pour appr\u00e9hender les mutations en cours","date":"10 janvier 2024","format":false,"excerpt":"Apr\u00e8s une \u00e9dition 2022 r\u00e9invent\u00e9e et pleinement r\u00e9ussie, rassemblant plus de 110 000 visiteurs et 1 720 exposants, le Mondial du B\u00e2timent et les trois salons BATIMAT, INTERCLIMA et ID\u00c9OBAIN, reviennent du 30 septembre au 3 octobre 2024 \u00e0 Paris Expo Porte de Versailles. \u00c9v\u00e8nement de convergence de toutes les\u2026","rel":"","context":"Dans &quot;Actualit\u00e9s salons&quot;","img":{"alt_text":"","src":"https:\/\/i1.wp.com\/batimedianews.com\/live\/wp-content\/uploads\/2024\/01\/Le-Mondial-du-batiment.jpg?fit=825%2C825&resize=350%2C200","width":350,"height":200},"classes":[]},{"id":16531,"url":"http:\/\/batimedianews.com\/live\/index.php\/2022\/02\/24\/mondial-du-batiment2022-une-mobilisation-sans-precedent-pour-porter-toutes-les-reponses-aux-defis-actuels-et-futur-batiment\/","url_meta":{"origin":39193,"position":3},"title":"Mondial du b\u00e2timent2022 une mobilisation sans pr\u00e9c\u00e8dent pour porter toutes les r\u00e9ponses aux d\u00e9fis actuels et futur b\u00e2timent","date":"24 f\u00e9vrier 2022","format":false,"excerpt":"\u00a0\u00c9v\u00e9nement international de r\u00e9f\u00e9rence des secteurs du b\u00e2timent, de la construction et de l\u2019architecture, le Mondial du B\u00e2timent ouvrira ses portes \u00e0 Paris Expo Porte de Versailles du\u00a03 au 6 octobre 2022. En phase avec toutes les grandes mutations du secteur, il s\u2019affirme comme un \u00e9v\u00e8nement incontournable pour tous les\u2026","rel":"","context":"Dans &quot;Actualit\u00e9 Entreprises&quot;","img":{"alt_text":"","src":"https:\/\/i0.wp.com\/batimedianews.com\/live\/wp-content\/uploads\/2022\/02\/MdB-Article.jpg?fit=512%2C512&resize=350%2C200","width":350,"height":200},"classes":[]},{"id":39707,"url":"http:\/\/batimedianews.com\/live\/index.php\/2024\/09\/16\/batimat-2024-le-salon-qui-promeut-la-decarbonation-et-les-energies-renouvelables\/","url_meta":{"origin":39193,"position":4},"title":"BATIMAT 2024 : Le salon qui promeut la d\u00e9carbonation et les \u00e9nergies renouvelables","date":"16 septembre 2024","format":false,"excerpt":"L\u2019\u00e9dition 2024 de BATIMAT (30 septembre au 3 octobre 2024 - Paris Expo Porte de Versailles), organis\u00e9e par RX France, mettra en lumi\u00e8re les solutions \u00e9mergentes pour la d\u00e9carbonation des b\u00e2timents, la pr\u00e9servation du climat et de l\u2019environnement. Au coeur du Pavillon 1, les espaces Low Carbon Construction et Photovolta\u00efque\u2026","rel":"","context":"Dans &quot;Actualit\u00e9s salons&quot;","img":{"alt_text":"","src":"https:\/\/i2.wp.com\/batimedianews.com\/live\/wp-content\/uploads\/2024\/09\/Batimat-.jpg?fit=825%2C825&resize=350%2C200","width":350,"height":200},"classes":[]},{"id":23934,"url":"http:\/\/batimedianews.com\/live\/index.php\/2022\/10\/06\/plus-haute-plus-fine-plus-belle-plus-design-kline-fait-evoluer-sa-fenetre-lumiere\/","url_meta":{"origin":39193,"position":5},"title":"Plus haute , plus fine , plus belle , plus design K\u2022LINE fait \u00e9voluer sa fen\u00eatre lumi\u00e8re !","date":"6 octobre 2022","format":false,"excerpt":"Toujours en qu\u00eate d\u2019innovation et d\u2019am\u00e9lioration de ses produits, K\u2022LINE fait \u00e9voluer son offre, et d\u00e9voile une nouvelle version de sa fen\u00eatre \u00e0\u2002frappe sur le salon Batimat : place au design avec un ferrage invisible et surtout une ouverture \u00e0\u2002180 degr\u00e9s, une nouvelle battue de 50 mm avec poign\u00e9e centr\u00e9e,\u2026","rel":"","context":"Dans &quot;Actualit\u00e9 Entreprises&quot;","img":{"alt_text":"","src":"https:\/\/i0.wp.com\/batimedianews.com\/live\/wp-content\/uploads\/2022\/10\/Kline-Article.jpg?fit=1080%2C1080&resize=350%2C200","width":350,"height":200},"classes":[]}],"_links":{"self":[{"href":"http:\/\/batimedianews.com\/live\/index.php\/wp-json\/wp\/v2\/posts\/39193"}],"collection":[{"href":"http:\/\/batimedianews.com\/live\/index.php\/wp-json\/wp\/v2\/posts"}],"about":[{"href":"http:\/\/batimedianews.com\/live\/index.php\/wp-json\/wp\/v2\/types\/post"}],"author":[{"embeddable":true,"href":"http:\/\/batimedianews.com\/live\/index.php\/wp-json\/wp\/v2\/users\/41"}],"replies":[{"embeddable":true,"href":"http:\/\/batimedianews.com\/live\/index.php\/wp-json\/wp\/v2\/comments?post=39193"}],"version-history":[{"count":2,"href":"http:\/\/batimedianews.com\/live\/index.php\/wp-json\/wp\/v2\/posts\/39193\/revisions"}],"predecessor-version":[{"id":39258,"href":"http:\/\/batimedianews.com\/live\/index.php\/wp-json\/wp\/v2\/posts\/39193\/revisions\/39258"}],"wp:featuredmedia":[{"embeddable":true,"href":"http:\/\/batimedianews.com\/live\/index.php\/wp-json\/wp\/v2\/media\/39196"}],"wp:attachment":[{"href":"http:\/\/batimedianews.com\/live\/index.php\/wp-json\/wp\/v2\/media?parent=39193"}],"wp:term":[{"taxonomy":"category","embeddable":true,"href":"http:\/\/batimedianews.com\/live\/index.php\/wp-json\/wp\/v2\/categories?post=39193"},{"taxonomy":"post_tag","embeddable":true,"href":"http:\/\/batimedianews.com\/live\/index.php\/wp-json\/wp\/v2\/tags?post=39193"}],"curies":[{"name":"wp","href":"https:\/\/api.w.org\/{rel}","templated":true}]}}