{"id":39468,"date":"2024-09-09T10:21:33","date_gmt":"2024-09-09T08:21:33","guid":{"rendered":"http:\/\/batimedianews.com\/live\/?p=39468"},"modified":"2025-04-08T20:31:32","modified_gmt":"2025-04-08T18:31:32","slug":"batimat-2024-la-renovation-energetique-et-performante-au-coeur-des-enjeux","status":"publish","type":"post","link":"http:\/\/batimedianews.com\/live\/index.php\/2024\/09\/09\/batimat-2024-la-renovation-energetique-et-performante-au-coeur-des-enjeux\/","title":{"rendered":"BATIMAT 2024 : La r\u00e9novation \u00e9nerg\u00e9tique et performante au c\u0153ur des enjeux"},"content":{"rendered":"\n<p><strong>V\u00e9ritable vitrine pour les grandes tendances du secteur de la construction, le salon BATIMAT revient du 30 septembre au 3 octobre \u00e0 Paris Expo Porte de Versailles. Pour cette nouvelle \u00e9dition, la r\u00e9novation des b\u00e2timents tiendra une place particuli\u00e8rement importante, reflet d\u2019une probl\u00e9matique devenue majeure. Apr\u00e8s le succ\u00e8s du forum RENODAYS d\u00e9di\u00e9 \u00e0 la r\u00e9novation \u00e9nerg\u00e9tique et performante des logements en septembre 2023, la th\u00e9matique de la r\u00e9novation sera trait\u00e9e au sein de BATIMAT sous le m\u00eame label RENODAYS, avec une approche p\u00e9dagogique et une exp\u00e9rience visiteurs similaires, sur un espace d\u00e9di\u00e9. De plus, de nombreuses conf\u00e9rences et animations autour de la r\u00e9novation sont programm\u00e9es pour permettre aux professionnels de se saisir pleinement d\u2019un sujet qui s\u2019est impos\u00e9 ces derni\u00e8res ann\u00e9es comme l\u2019une des priorit\u00e9s absolues pour toute la fili\u00e8re.&nbsp;<\/strong><\/p>\n\n\n\n<p class=\"has-sm-color-tertiary-color has-text-color\">&nbsp;<strong>RENODAYS by BATIMAT au coeur du salon&nbsp;<\/strong><\/p>\n\n\n\n<p>Situ\u00e9 au milieu du Pavillon 1, cet espace d\u00e9di\u00e9 s\u2019articulera autour de deux grands th\u00e8mes :&nbsp;<\/p>\n\n\n\n<ul><li><strong>Solutions performantes <\/strong>:&nbsp;<\/li><\/ul>\n\n\n\n<p>Plus de 40 sessions de 30 minutes au programme durant lesquelles les industriels et soci\u00e9t\u00e9s de services proposent, en format masterclass, les solutions performantes pour r\u00e9soudre les probl\u00e8mes de chantiers et de travaux prioritaires en r\u00e9novation. Parmi les inscrits \u00e0 ce jour : Saint-Gobain Solutions France, Leroy Merlin, Eoliance Habitat, Vasco, Bimeo.&nbsp;<\/p>\n\n\n\n<ul><li><strong>Comprendre la r\u00e8glementation :&nbsp;<\/strong><\/li><\/ul>\n\n\n\n<p>30 minutes pour trouver les r\u00e9ponses aux questions sur l\u2019\u00e9volution de la r\u00e8glementation et des outils financiers, en format workshop ou masterclass. Ce point sur la r\u00e8glementation sera port\u00e9 par les institutionnels et organisations professionnelles \u00e0 l\u2019image de l\u2019ANAH, l\u2019ADEME, la CAPEB, la FFB, l\u2019Agence Qualit\u00e9 Construction (AQC), Effinergie, Feebat\u2026 Pr\u00e8s de 40 sessions sont pr\u00e9vues.&nbsp;<\/p>\n\n\n\n<p>&nbsp;Seront \u00e9galement pr\u00e9sent sur l\u2019espace <strong>RENODAYS by BATIMAT :&nbsp;<\/strong><\/p>\n\n\n\n<ul><li><strong>Les Ateliers de mise en pratique avec Dor\u00e9mi :&nbsp;<\/strong><\/li><\/ul>\n\n\n\n<p>Dor\u00e9mi, entreprise de l&rsquo;\u00e9conomie sociale et solidaire et organisme de formation certifi\u00e9 Qualiopi, proposera 20 ateliers de mise en pratique autour de la r\u00e9novation performante des maisons individuelle. Sur un stand de 60 m\u00b2 \u00e9quip\u00e9 de 2 plateaux techniques et d\u2019une mat\u00e9riauth\u00e8que, les visiteurs pourront y appr\u00e9hender de mani\u00e8re globale la r\u00e9novation \u00e9nerg\u00e9tique : syst\u00e8me de ventilation double-flux, confort d\u2019\u00e9t\u00e9 et d\u2019hiver, \u00e9tanch\u00e9it\u00e9 \u00e0 l\u2019air, migration de vapeur d\u2019eau, toiture\u2026&nbsp;<\/p>\n\n\n\n<p>Un atelier autour de RENOVATO, le jeu de la r\u00e9novation performante cr\u00e9\u00e9 par le Lab\u2019 Dor\u00e9mi ainsi qu\u2019un atelier pour d\u00e9couvrir ECLORE, le logiciel de planification territoriale des emplois, formations et comp\u00e9tences de l\u2019institut n\u00e9gaWatt seront propos\u00e9s.&nbsp;<\/p>\n\n\n\n<p>Inscription aux ateliers possibles d\u00e8s le 5 septembre. Limit\u00e9 \u00e0 15 places\/atelier.&nbsp;<\/p>\n\n\n\n<ul><li><strong>Les Pods Renodays : <\/strong>plusieurs exposants enti\u00e8rement d\u00e9di\u00e9s \u00e0 la r\u00e9novation y pr\u00e9senteront leurs solutions innovantes, tels que Bimeo, Eoliance Habitat, Leroy Merlin, Mutta, Spekty et Vasco.&nbsp;<\/li><\/ul>\n\n\n\n<ul><li><strong>Le Caf\u00e9 de la R\u00e9novation : <\/strong>un carrefour central de convivialit\u00e9 pour permettre rencontres et \u00e9changes autour de cette th\u00e9matique phare.&nbsp;<\/li><\/ul>\n\n\n\n<p class=\"has-sm-color-tertiary-color has-text-color\"><strong>Les RENOTALKS, nouveau format de conf\u00e9rences d\u00e9di\u00e9es \u00e0 la r\u00e9novation&nbsp;<\/strong><\/p>\n\n\n\n<p>Pendant une heure, les RENOTALKS, qui se d\u00e9rouleront sur l\u2019Agora 1, d\u00e9crypteront les grands enjeux de la massification de la r\u00e9novation. Au programme \u00e0 date :&nbsp;<\/p>\n\n\n\n<ul><li>Lundi 30 septembre \u2013 14h \u00e0 15h : <strong>Massifier : Quels mod\u00e8les pour inciter les m\u00e9nages \u00e0 r\u00e9nover ? <\/strong>avec Vincent AUSSILOUX, Conseiller \u00e9conomique \u00e0 la DG Trade, Commission Europ\u00e9enne ; Louis-Ga\u00ebtan GIRAUDET, Directeur de recherche, CIRED \u2013 Ecole des Ponts ; Fatah REZZAI, Directeur de la R\u00e9novation Energ\u00e9tique, Leroy Merlin France&nbsp;<\/li><li>Lundi 30 septembre \u2013 16h30 \u00e0 17h30 : <strong>Les enjeux de la r\u00e9novation globale <\/strong>avec des repr\u00e9sentants du groupe Saint-Gobain, Atlantic, groupe Li\u00e9bot\/Kline et de l\u2019ADEME&nbsp;<\/li><li>Mardi 1er octobre &#8211; 14h \u00e0 15h : <strong>Planifier : du silo \u00e0 l\u2019\u00eelot, la r\u00e9novation au coeur des territoires<\/strong>, avec Denis CARAIRE, CXO, Directeur de l\u2019impact social et co-fondateur de Villes Vivantes ; Florence PRESSON, Maire adjointe, Ville de Sceaux, en charge des Transitions et de l\u2019\u00e9conomie circulaire et solidaire ; Christine LECONTE, Architecte, Urbaniste&nbsp;<\/li><li>Mercredi 2 octobre &#8211; 14h \u00e0 15h : <strong>Financer : du sur-mesure pour chaque type de propri\u00e9taires<\/strong>, avec Herv\u00e9 DEGREVE, Co-fondateur, Vasco ; Jean-Paul DUHAMEL, Directeur g\u00e9n\u00e9ral de Cr\u00e9dit Agricole Transitions &amp; Energies ; Luc MONIN, Directeur g\u00e9n\u00e9ral, Centre Val de Loire Energies ; Julie LAERNOES, D\u00e9put\u00e9e de la 4\u00e8me circonscription de la Loire-Atlantique&nbsp;<\/li><\/ul>\n\n\n\n<p class=\"has-sm-color-tertiary-color has-text-color\"><strong>RENODAYS by EQUIPBAIE&nbsp;<\/strong><\/p>\n\n\n\n<p>La r\u00e9novation sera \u00e9galement \u00e0 l\u2019honneur au sein du hall 5.2, d\u00e9di\u00e9 \u00e0 la menuiserie, \u00e0 travers des Masterclass RENODAYS by EQUIPBAIE. Celles-ci se d\u00e9rouleront toute la semaine, sur l\u2019Agora 5.2, de 14h \u00e0 14h30 et de 14h40 \u00e0 15h10.&nbsp;<\/p>\n\n\n\n<p class=\"has-sm-color-tertiary-color has-text-color\"><strong>La Fresque de la pr\u00e9carit\u00e9 \u00e9nerg\u00e9tique pour \u00e9veiller les consciences (Stand H1-L10)&nbsp;<\/strong><\/p>\n\n\n\n<ul><li>Du lundi 30 septembre au mercredi 2 octobre \u2013 \u00e0 10h et 14h : <strong>Fresque de la pr\u00e9carit\u00e9 \u00e9nerg\u00e9tique<\/strong>. Cet atelier collaboratif d\u20191h30 mixe jeu de soci\u00e9t\u00e9 et carte mentale pour mieux mesurer l\u2019ampleur de ce ph\u00e9nom\u00e8ne et comprendre les enjeux li\u00e9s \u00e0 ce fl\u00e9au qui touche des millions de Fran\u00e7ais. L\u2019atelier met en lumi\u00e8re les nombreux acteurs impliqu\u00e9s et les solutions et leviers d\u2019action qui peuvent \u00eatre mis en oeuvre avec la contribution de chacun. Sur inscription.&nbsp;<\/li><li>Du lundi 30 septembre au mercredi 2 octobre \u2013 \u00e0 16h : <strong>Atelier ludique Autodiag. <\/strong>Cet atelier permet de prendre conscience des cons\u00e9quences li\u00e9es \u00e0 l\u2019habitat dans une \u00ab passoire thermique \u00bb puis de fournir des solutions pour sortir de cette situation. Sur inscription.&nbsp;<\/li><\/ul>\n\n\n\n<p class=\"has-sm-color-tertiary-color has-text-color\"><strong>Les Pros de la R\u00e9no (avec RMC)&nbsp;<\/strong><\/p>\n\n\n\n<div class=\"wp-block-media-text alignwide has-media-on-the-right is-stacked-on-mobile\" style=\"grid-template-columns:auto 40%\"><figure class=\"wp-block-media-text__media\"><img loading=\"lazy\" width=\"708\" height=\"396\" src=\"https:\/\/i0.wp.com\/batimedianews.com\/live\/wp-content\/uploads\/2024\/09\/image-25.png?resize=708%2C396\" alt=\"\" class=\"wp-image-39469 size-full\" srcset=\"https:\/\/i0.wp.com\/batimedianews.com\/live\/wp-content\/uploads\/2024\/09\/image-25.png?w=708 708w, https:\/\/i0.wp.com\/batimedianews.com\/live\/wp-content\/uploads\/2024\/09\/image-25.png?resize=768%2C429 768w, https:\/\/i0.wp.com\/batimedianews.com\/live\/wp-content\/uploads\/2024\/09\/image-25.png?resize=432%2C242 432w, https:\/\/i0.wp.com\/batimedianews.com\/live\/wp-content\/uploads\/2024\/09\/image-25.png?resize=396%2C221 396w, https:\/\/i0.wp.com\/batimedianews.com\/live\/wp-content\/uploads\/2024\/09\/image-25.png?resize=660%2C369 660w\" sizes=\"(max-width: 600px) 91vw, (max-width: 900px) 600px, (max-width: 1060px) 50vw, (max-width: 1200px) 520px, (max-width: 1400px) 43vw, 600px\" data-recalc-dims=\"1\" \/><\/figure><div class=\"wp-block-media-text__content\">\n<p class=\"has-normal-font-size\">Aux c\u00f4t\u00e9s d&rsquo;Estelle Denis, Charlotte M\u00e9ritan incarnera la chronique \u00ab Les Pros de la R\u00e9no \u00bb, accompagn\u00e9e d\u2019une team d&rsquo;experts, professionnels de la r\u00e9novation \u00e9nerg\u00e9tique. Leur objectif sera de donner aux Fran\u00e7ais des informations sur les bonnes pratiques \u00e0 adopter pour r\u00e9nover son logement en faisant des \u00e9conomies et en pr\u00e9servant l\u2019environnement. L&rsquo;op\u00e9ration se cl\u00f4turera au coeur du salon <strong>BATIMAT<\/strong>, sur l&rsquo;espace <strong>RENODAYS by BATIMAT<\/strong>, o\u00f9 l&rsquo;\u00e9mission Estelle Midi sera d\u00e9localis\u00e9e le jeudi 3 octobre.&nbsp;<\/p>\n<\/div><\/div>\n\n\n\n<p class=\"has-small-font-size\"><strong>\u00c0 propos de RX&nbsp;<\/strong><\/p>\n\n\n\n<p class=\"has-small-font-size\">RX est un leader mondial d&rsquo;\u00e9v\u00e9nements et de salons. RX s&rsquo;appuie sur son expertise sectorielle, les donn\u00e9es et la technologie pour le d\u00e9veloppement des entreprises, des collectivit\u00e9s et des individus. Pr\u00e9sent dans 25 pays et sur 42 secteurs d\u2019activit\u00e9, RX organise pr\u00e8s de 350 \u00e9v\u00e9nements par an. RX s&rsquo;engage \u00e0 cr\u00e9er un environnement de travail inclusif pour tous ses collaborateurs et collaboratrices. RX permet aux entreprises de se d\u00e9velopper gr\u00e2ce \u00e0 la donn\u00e9e et aux solutions num\u00e9riques. RX fait partie de RELX, un fournisseur mondial de donn\u00e9es, d&rsquo;outils d&rsquo;analyses et de d\u00e9cisions pour les professionnels et les entreprises.&nbsp;<\/p>\n\n\n\n<p class=\"has-small-font-size\">RX France est cr\u00e9ateur de places de rencontres \u00e0 forte valeur ajout\u00e9e, leaders sur une quinzaine de march\u00e9s diff\u00e9rents. Parmi les salons embl\u00e9matiques de RX France et incontournables sur le plan national et international, figurent MIPIM, MAPIC, Batimat, Pollutec, EquipHotel, SITL, IFTM, Big Data &amp; AI Paris, MIPCOM, Paris Photo, Maison&amp;Objet* et bien d\u2019autres\u2026 Nos \u00e9v\u00e9nements se d\u00e9roulent en France, \u00e0 Hong Kong, en Italie et au Mexique.&nbsp;<\/p>\n\n\n\n<p class=\"has-small-font-size\">*Organis\u00e9 par la SAFI, filiale de RX France et Ateliers d\u2019Art de France&nbsp;<\/p>\n\n\n\n<p class=\"has-small-font-size\"><strong>\u00c0 propos de RELX&nbsp;<\/strong><\/p>\n\n\n\n<p class=\"has-small-font-size\">RELX est un fournisseur mondial de donn\u00e9es, d&rsquo;outils d&rsquo;analyses et de d\u00e9cisions pour les professionnels et les entreprises. RELX est pr\u00e9sent dans plus de 180 pays et poss\u00e8de des bureaux dans une quarantaine de pays dans le monde. RELX emploie plus de 36 000 personnes, dont plus de 40 % en Am\u00e9rique du Nord. Les actions de RELX PLC, la soci\u00e9t\u00e9 m\u00e8re, sont n\u00e9goci\u00e9es sur les bourses de Londres, d&rsquo;Amsterdam et de New York sous les symboles suivants : Londres : REL ; Amsterdam : REN ; New York : RELX.&nbsp;<\/p>\n","protected":false},"excerpt":{"rendered":"<p>V\u00e9ritable vitrine pour les grandes tendances du secteur de la construction, le salon BATIMAT revient du 30 septembre au 3 octobre \u00e0 Paris Expo Porte de Versailles. Pour cette nouvelle \u00e9dition, la r\u00e9novation des b\u00e2timents tiendra une place particuli\u00e8rement importante, reflet d\u2019une probl\u00e9matique devenue majeure. Apr\u00e8s le succ\u00e8s du forum RENODAYS d\u00e9di\u00e9 \u00e0 la r\u00e9novation [&hellip;]<\/p>\n","protected":false},"author":41,"featured_media":39470,"comment_status":"open","ping_status":"open","sticky":false,"template":"","format":"standard","meta":{"spay_email":""},"categories":[5,140,1145,108,895],"tags":[],"jetpack_featured_media_url":"https:\/\/i0.wp.com\/batimedianews.com\/live\/wp-content\/uploads\/2024\/09\/Batimat.jpg?fit=1513%2C825","jetpack_sharing_enabled":true,"jetpack_likes_enabled":true,"jetpack-related-posts":[{"id":38205,"url":"http:\/\/batimedianews.com\/live\/index.php\/2024\/06\/18\/lors-de-batimat-2024-doremi-et-edilians-sassocient-une-nouvelle-fois-pour-promouvoir-les-bonnes-pratiques-de-renovation-performante-des-toitures\/","url_meta":{"origin":39468,"position":0},"title":"Lors de BATIMAT 2024, Dor\u00e9mi et Edilians s\u2019associent une nouvelle fois pour promouvoir les bonnes pratiques de r\u00e9novation performante des toitures","date":"18 juin 2024","format":false,"excerpt":"Face \u00e0 un cadre r\u00e9glementaire ind\u00e9cis quant au dispositif MaPrimeR\u00e9nov, le nombre de r\u00e9novations \u00e9nerg\u00e9tiques r\u00e9alis\u00e9es a baiss\u00e9 de 43 % par rapport \u00e0 la m\u00eame p\u00e9riode en 2023, selon les donn\u00e9es de l\u2019ANAH. M\u00eame si les conditions d\u2019\u00e9ligibilit\u00e9 ont \u00e9t\u00e9 assouplies depuis le 15 mai dernier, celles-ci n\u2019\u00e9tant en\u2026","rel":"","context":"Dans &quot;Actualit\u00e9 Entreprises&quot;","img":{"alt_text":"","src":"https:\/\/i1.wp.com\/batimedianews.com\/live\/wp-content\/uploads\/2024\/06\/Edilians-articles-.jpg?fit=825%2C825&resize=350%2C200","width":350,"height":200},"classes":[]},{"id":31481,"url":"http:\/\/batimedianews.com\/live\/index.php\/2023\/09\/20\/renodays-une-premiere-edition-sous-le-signe-du-succes\/","url_meta":{"origin":39468,"position":1},"title":"RENODAYS, une  premi\u00e8re \u00e9dition sous le signe  du succ\u00e8s  !","date":"20 septembre 2023","format":false,"excerpt":"\u00a0Pour sa premi\u00e8re \u00e9dition, RENODAYS a rempli tous ses objectifs ! V\u00e9ritable \u00e9v\u00e8nement pour le secteur du b\u00e2timent, de la construction et de l\u2019immobilier, le forum a su s\u00e9duire par la richesse de son contenu. Ce sont ainsi plus de 5 000 visiteurs qui sont venus rencontrer les 143 exposants\u2026","rel":"","context":"Dans &quot;Actualit\u00e9s salons&quot;","img":{"alt_text":"","src":"https:\/\/i0.wp.com\/batimedianews.com\/live\/wp-content\/uploads\/2023\/09\/Renodays-articles.jpg?fit=825%2C825&resize=350%2C200","width":350,"height":200},"classes":[]},{"id":42557,"url":"http:\/\/batimedianews.com\/live\/index.php\/2025\/02\/03\/renodays-2025-la-nouvelle-edition-du-forum-de-la-renovation-energetique-souvre-aux-batiments-tertiaires-publics-et-prives\/","url_meta":{"origin":39468,"position":2},"title":"RENODAYS 2025 : La nouvelle \u00e9dition du forum de la r\u00e9novation \u00e9nerg\u00e9tique s\u2019ouvre aux b\u00e2timents tertiaires publics et priv\u00e9s","date":"3 f\u00e9vrier 2025","format":false,"excerpt":"\u00a0Fort du succ\u00e8s de sa premi\u00e8re \u00e9dition en 2023, qui a rassembl\u00e9 plus de 5 000 visiteurs et 143 exposants, le forum RENODAYS revient les 7 et 8 octobre 2025 \u00e0 Paris Expo \u2013 Porte de Versailles (Pavillon 6). Cette deuxi\u00e8me \u00e9dition innove en \u00e9largissant son champ d\u2019action \u00e0 la\u2026","rel":"","context":"Dans &quot;Actualit\u00e9 Entreprises&quot;","img":{"alt_text":"","src":"https:\/\/i0.wp.com\/batimedianews.com\/live\/wp-content\/uploads\/2025\/01\/Renodays-articles-.jpg?fit=825%2C825&resize=350%2C200","width":350,"height":200},"classes":[]},{"id":30803,"url":"http:\/\/batimedianews.com\/live\/index.php\/2023\/09\/01\/heero-present-aux-renodays-2023-1er-salon-lie-a-la-renovation-energetique-de-lhabitat-a-paris\/","url_meta":{"origin":39468,"position":3},"title":"Heero pr\u00e9sent aux Renodays 2023, 1er salon li\u00e9 \u00e0 la r\u00e9novation \u00e9nerg\u00e9tique de l&rsquo;habitat \u00e0 Paris","date":"1 septembre 2023","format":false,"excerpt":"Les 12 et 13 septembre prochain, Heero participera aux Renodays 2023, le forum de la r\u00e9novation globale et performante des logements. Objectif : mobiliser les professionnels du b\u00e2timent, de l'immobilier, les institutionnels et les territoires pour trouver les solutions pour r\u00e9pondre efficacement aux objectifs nationaux de r\u00e9novation \u00e9nerg\u00e9tique des logements.\u2026","rel":"","context":"Dans &quot;gestion \u00e9nerg\u00e9tique&quot;","img":{"alt_text":"","src":"https:\/\/i0.wp.com\/batimedianews.com\/live\/wp-content\/uploads\/2023\/08\/heero-Article-1.jpg?fit=825%2C825&resize=350%2C200","width":350,"height":200},"classes":[]},{"id":30620,"url":"http:\/\/batimedianews.com\/live\/index.php\/2023\/08\/28\/au-salon-renodays-edilians-donne-les-cles-dune-renovation-energetique-en-toiture-performante-et-durable\/","url_meta":{"origin":39468,"position":4},"title":"Au salon Renodays, EDILIANS donne les cl\u00e9s d\u2019une r\u00e9novation \u00e9nerg\u00e9tique en toiture performante et durable","date":"28 ao\u00fbt 2023","format":false,"excerpt":"Alors que la lutte contre les passoires thermiques, \u00e9valu\u00e9es \u00e0 5 millions en France, s\u2019acc\u00e9l\u00e8re, la r\u00e9novation globale des habitations constitue plus que jamais un enjeu strat\u00e9gique et indispensable pour atteindre la r\u00e9duction de 35% des \u00e9missions de CO2 d\u2019ici 2030 et une neutralit\u00e9 carbone en 2050. Sachant que 25\u2026","rel":"","context":"Dans &quot;Actualit\u00e9 Entreprises&quot;","img":{"alt_text":"","src":"https:\/\/i0.wp.com\/batimedianews.com\/live\/wp-content\/uploads\/2023\/08\/Edilians-article.jpg?fit=1080%2C1080&resize=350%2C200","width":350,"height":200},"classes":[]},{"id":40730,"url":"http:\/\/batimedianews.com\/live\/index.php\/2024\/10\/15\/mondial-du-batiment-2024-une-mobilisation-sans-precedent-de-la-filiere\/","url_meta":{"origin":39468,"position":5},"title":"MONDIAL DU B\u00c2TIMENT 2024 : Une mobilisation sans pr\u00e9c\u00e9dent de la fili\u00e8re","date":"15 octobre 2024","format":false,"excerpt":"\u00a0Du 30 septembre au 3 octobre dernier, les professionnels du b\u00e2timent et de la construction se sont mobilis\u00e9s \u00e0 l\u2019occasion de l\u2019\u00e9dition 2024 du Mondial du B\u00e2timent organis\u00e9e \u00e0 Paris Expo Porte de Versailles. Pendant 4 jours, les salons BATIMAT, ID\u00c9OBAIN, INTERCLIMA et EQUIPBAIE\/METALEXPO, ont accueilli plus de 135 000\u2026","rel":"","context":"Dans &quot;Actualit\u00e9s salons&quot;","img":{"alt_text":"","src":"https:\/\/i0.wp.com\/batimedianews.com\/live\/wp-content\/uploads\/2024\/10\/MduB.jpg?fit=825%2C825&resize=350%2C200","width":350,"height":200},"classes":[]}],"_links":{"self":[{"href":"http:\/\/batimedianews.com\/live\/index.php\/wp-json\/wp\/v2\/posts\/39468"}],"collection":[{"href":"http:\/\/batimedianews.com\/live\/index.php\/wp-json\/wp\/v2\/posts"}],"about":[{"href":"http:\/\/batimedianews.com\/live\/index.php\/wp-json\/wp\/v2\/types\/post"}],"author":[{"embeddable":true,"href":"http:\/\/batimedianews.com\/live\/index.php\/wp-json\/wp\/v2\/users\/41"}],"replies":[{"embeddable":true,"href":"http:\/\/batimedianews.com\/live\/index.php\/wp-json\/wp\/v2\/comments?post=39468"}],"version-history":[{"count":2,"href":"http:\/\/batimedianews.com\/live\/index.php\/wp-json\/wp\/v2\/posts\/39468\/revisions"}],"predecessor-version":[{"id":39510,"href":"http:\/\/batimedianews.com\/live\/index.php\/wp-json\/wp\/v2\/posts\/39468\/revisions\/39510"}],"wp:featuredmedia":[{"embeddable":true,"href":"http:\/\/batimedianews.com\/live\/index.php\/wp-json\/wp\/v2\/media\/39470"}],"wp:attachment":[{"href":"http:\/\/batimedianews.com\/live\/index.php\/wp-json\/wp\/v2\/media?parent=39468"}],"wp:term":[{"taxonomy":"category","embeddable":true,"href":"http:\/\/batimedianews.com\/live\/index.php\/wp-json\/wp\/v2\/categories?post=39468"},{"taxonomy":"post_tag","embeddable":true,"href":"http:\/\/batimedianews.com\/live\/index.php\/wp-json\/wp\/v2\/tags?post=39468"}],"curies":[{"name":"wp","href":"https:\/\/api.w.org\/{rel}","templated":true}]}}