{"id":39472,"date":"2024-09-09T10:11:03","date_gmt":"2024-09-09T08:11:03","guid":{"rendered":"http:\/\/batimedianews.com\/live\/?p=39472"},"modified":"2025-04-08T20:31:32","modified_gmt":"2025-04-08T18:31:32","slug":"zehnder-zfp-urban-le-nouveau-panneau-rayonnant-de-plafond-au-style-industriel-pour-chauffer-et-rafraichir-les-locaux-contemporains","status":"publish","type":"post","link":"http:\/\/batimedianews.com\/live\/index.php\/2024\/09\/09\/zehnder-zfp-urban-le-nouveau-panneau-rayonnant-de-plafond-au-style-industriel-pour-chauffer-et-rafraichir-les-locaux-contemporains\/","title":{"rendered":"Zehnder ZFP Urban, le nouveau panneau rayonnant de plafond au style industriel pour chauffer et rafra\u00eechir les locaux contemporains"},"content":{"rendered":"\n<div class=\"wp-block-columns\">\n<div class=\"wp-block-column\">\n<figure class=\"wp-block-image size-full\"><img loading=\"lazy\" width=\"700\" height=\"543\" src=\"https:\/\/i2.wp.com\/batimedianews.com\/live\/wp-content\/uploads\/2024\/09\/3ZehnderPanneauxrayonnantsZFPUrbanAmbiance.jpg?resize=700%2C543\" alt=\"\" class=\"wp-image-39473\" srcset=\"https:\/\/i2.wp.com\/batimedianews.com\/live\/wp-content\/uploads\/2024\/09\/3ZehnderPanneauxrayonnantsZFPUrbanAmbiance.jpg?w=700 700w, https:\/\/i2.wp.com\/batimedianews.com\/live\/wp-content\/uploads\/2024\/09\/3ZehnderPanneauxrayonnantsZFPUrbanAmbiance.jpg?resize=768%2C595 768w, https:\/\/i2.wp.com\/batimedianews.com\/live\/wp-content\/uploads\/2024\/09\/3ZehnderPanneauxrayonnantsZFPUrbanAmbiance.jpg?resize=432%2C335 432w, https:\/\/i2.wp.com\/batimedianews.com\/live\/wp-content\/uploads\/2024\/09\/3ZehnderPanneauxrayonnantsZFPUrbanAmbiance.jpg?resize=396%2C307 396w, https:\/\/i2.wp.com\/batimedianews.com\/live\/wp-content\/uploads\/2024\/09\/3ZehnderPanneauxrayonnantsZFPUrbanAmbiance.jpg?resize=660%2C512 660w\" sizes=\"(max-width: 600px) 91vw, (max-width: 900px) 600px, (max-width: 1060px) 50vw, (max-width: 1200px) 520px, (max-width: 1400px) 43vw, 600px\" data-recalc-dims=\"1\" \/><\/figure>\n\n\n\n<p>&nbsp;Avec son design industriel, le panneau rayonnant de plafond Zehnder ZFP Urban, est sp\u00e9cialement con\u00e7u pour chauffer, rafra\u00eechir et s\u2019int\u00e9grer de mani\u00e8re d\u00e9corative ou discr\u00e8te dans des bureaux, restaurants et commerces. Sa technologie \u00e9prouv\u00e9e assure un climat int\u00e9rieur agr\u00e9able en toute saison.<\/p>\n\n\n\n<p class=\"has-sm-color-tertiary-color has-text-color\" style=\"font-size:19px\">Une solution tout-en-un au service du confort<\/p>\n\n\n\n<p>Aliment\u00e9 par de l\u2019eau, le panneau rayonnant de plafond Zehnder ZFP Urban chauffe et rafra\u00eechit selon le principe du rayonnement. La chaleur ou la fra\u00eecheur sont ainsi r\u00e9parties dans la pi\u00e8ce de mani\u00e8re uniforme et sans d\u00e9placement d\u2019air, ce qui garantit le confort thermique des occupants et pr\u00e9serve la qualit\u00e9 de l\u2019air int\u00e9rieur : pas de soul\u00e8vement de poussi\u00e8res ou diffusion de bact\u00e9ries.<\/p>\n\n\n\n<p>&nbsp;Gr\u00e2ce \u00e0 ses propri\u00e9t\u00e9s d\u2019absorption acoustique en version perfor\u00e9e, l\u2019int\u00e9gration optionnelle de luminaires LED encastr\u00e9s, Zehnder ZFP Urban constitue une solution tout-en-un pratique qui fait aussi la part belle \u00e0 l\u2019esth\u00e9tique.<\/p>\n\n\n\n<p>Livr\u00e9 pr\u00eat \u00e0 \u00eatre raccord\u00e9, il s\u2019installe facilement et rapidement dans tous les espaces quelle que soit la hauteur sous plafond.&nbsp;<\/p>\n\n\n\n<p>&nbsp;<\/p>\n<\/div>\n\n\n\n<div class=\"wp-block-column\">\n<figure class=\"wp-block-image size-full is-resized\"><img loading=\"lazy\" src=\"https:\/\/i0.wp.com\/batimedianews.com\/live\/wp-content\/uploads\/2024\/09\/image-26.png?resize=409%2C301\" alt=\"\" class=\"wp-image-39474\" width=\"409\" height=\"301\" srcset=\"https:\/\/i0.wp.com\/batimedianews.com\/live\/wp-content\/uploads\/2024\/09\/image-26.png?w=782 782w, https:\/\/i0.wp.com\/batimedianews.com\/live\/wp-content\/uploads\/2024\/09\/image-26.png?resize=768%2C565 768w, https:\/\/i0.wp.com\/batimedianews.com\/live\/wp-content\/uploads\/2024\/09\/image-26.png?resize=432%2C318 432w, https:\/\/i0.wp.com\/batimedianews.com\/live\/wp-content\/uploads\/2024\/09\/image-26.png?resize=396%2C292 396w, https:\/\/i0.wp.com\/batimedianews.com\/live\/wp-content\/uploads\/2024\/09\/image-26.png?resize=660%2C486 660w\" sizes=\"(max-width: 600px) 91vw, (max-width: 900px) 600px, (max-width: 1060px) 50vw, (max-width: 1200px) 520px, (max-width: 1400px) 43vw, 600px\" data-recalc-dims=\"1\" \/><\/figure>\n\n\n\n<p class=\"has-sm-color-tertiary-color has-text-color\" style=\"font-size:18px\">&nbsp;Une libert\u00e9 de conception et d\u2019agencement<\/p>\n\n\n\n<p>Zehnder ZFP Urban est con\u00e7u comme un syst\u00e8me modulaire innovant, s\u2019adaptant aux exigences de chaque projet.<\/p>\n\n\n\n<p>Il se d\u00e9cline dans de nombreuses versions :<\/p>\n\n\n\n<ul><li>. 11 longueurs (1830 \u2013 11 830 mm),<\/li><li>. 9 largeurs (300 \u2013 1500 mm par pas de 150 mm),<\/li><li>. plus de 700 couleurs,<\/li><li>. avec des surfaces lisses ou perfor\u00e9es,<\/li><li>. avec ou sans luminaires encastr\u00e9s \u00e0 LED,<\/li><li>. 5 kits de fixation en fonction de la structure du plafond<\/li><\/ul>\n\n\n\n<p>Fonctionnelle, cette solution de chauffage et de rafra\u00eechissement au plafond offre une grande libert\u00e9 d\u2019agencement en lib\u00e9rant de l\u2019espace au sol et au mur.<\/p>\n\n\n\n<p class=\"has-sm-color-tertiary-color has-text-color\" style=\"font-size:18px\">&nbsp;Jusqu\u2019\u00e0 65% d\u2019\u00e9conomies d\u2019\u00e9nergie<\/p>\n\n\n\n<p>Par rapport \u00e0 des solutions a\u00e9rothermes, les panneaux rayonnants Zehnder ZFP Urban apportent une \u00e9conomie d\u2019\u00e9nergie maximale.<\/p>\n\n\n\n<p>Raccord\u00e9s \u00e0 une pompe \u00e0 chaleur plut\u00f4t qu\u2019\u00e0 une chaudi\u00e8re, les panneaux rayonnants Zehnder ZFP Urban&nbsp;se retrouvent dans la configuration optimale, aliment\u00e9s par des temp\u00e9ratures de d\u00e9part tr\u00e8s basses favorisant les \u00e9conomies d\u2019\u00e9nergie.&nbsp;<\/p>\n\n\n\n<p> <\/p>\n<\/div>\n<\/div>\n\n\n\n<div class=\"wp-block-media-text alignwide is-stacked-on-mobile\" style=\"grid-template-columns:37% auto\"><figure class=\"wp-block-media-text__media\"><img loading=\"lazy\" width=\"720\" height=\"1080\" src=\"https:\/\/i2.wp.com\/batimedianews.com\/live\/wp-content\/uploads\/2024\/09\/Zehnder_RHC-CP-ZFP-Urban_Referenz_reference-Garage-2.jpg?resize=720%2C1080\" alt=\"\" class=\"wp-image-39475 size-full\" srcset=\"https:\/\/i2.wp.com\/batimedianews.com\/live\/wp-content\/uploads\/2024\/09\/Zehnder_RHC-CP-ZFP-Urban_Referenz_reference-Garage-2.jpg?w=1067 1067w, https:\/\/i2.wp.com\/batimedianews.com\/live\/wp-content\/uploads\/2024\/09\/Zehnder_RHC-CP-ZFP-Urban_Referenz_reference-Garage-2.jpg?resize=768%2C1151 768w, https:\/\/i2.wp.com\/batimedianews.com\/live\/wp-content\/uploads\/2024\/09\/Zehnder_RHC-CP-ZFP-Urban_Referenz_reference-Garage-2.jpg?resize=432%2C648 432w, https:\/\/i2.wp.com\/batimedianews.com\/live\/wp-content\/uploads\/2024\/09\/Zehnder_RHC-CP-ZFP-Urban_Referenz_reference-Garage-2.jpg?resize=396%2C594 396w, https:\/\/i2.wp.com\/batimedianews.com\/live\/wp-content\/uploads\/2024\/09\/Zehnder_RHC-CP-ZFP-Urban_Referenz_reference-Garage-2.jpg?resize=660%2C990 660w\" sizes=\"(max-width: 600px) 91vw, (max-width: 900px) 600px, (max-width: 1060px) 50vw, (max-width: 1200px) 520px, (max-width: 1400px) 43vw, 600px\" data-recalc-dims=\"1\" \/><\/figure><div class=\"wp-block-media-text__content\">\n<p class=\"has-sm-color-tertiary-color has-text-color\" style=\"font-size:18px\">L\u00e9gers, pr\u00eats \u00e0 monter et \u00e0 installer&nbsp;<\/p>\n\n\n\n<p>Avec un poids plume de 14 kg\/m\u00b2 et livr\u00e9s pr\u00eats \u00e0 \u00eatre raccord\u00e9s, les modules des panneaux rayonnants de plafond Zehnder ZFP Urban, couvrant jusqu\u2019\u00e0 9 m<sup>2<\/sup>, facilitent et r\u00e9duisent le temps de mise en oeuvre, quelle que soit la nature du plafond.&nbsp;<\/p>\n\n\n\n<p>Cinq kits de fixation sont disponibles pour leur montage en fonction des supports :&nbsp;<\/p>\n\n\n\n<ul><li>. plafond avec poutres en bois,&nbsp;<\/li><li>. plafond en b\u00e9ton,&nbsp;<\/li><li>. profil\u00e9 en acier,&nbsp;<\/li><li>. poutre m\u00e9tallique inclin\u00e9e,&nbsp;<\/li><li>. poutre en acier horizontale.&nbsp;<\/li><\/ul>\n\n\n\n<p class=\"has-sm-color-tertiary-color has-text-color\" style=\"font-size:18px\">Une solution durable&nbsp;<\/p>\n\n\n\n<p>Avec des composants enti\u00e8rement galvanis\u00e9s et prot\u00e9g\u00e9s contre la corrosion, Zehnder ZFP Urban se distingue par sa long\u00e9vit\u00e9 et l\u2019absence de maintenance \u00e0 r\u00e9aliser.<\/p>\n<\/div><\/div>\n\n\n\n<p class=\"has-sm-light-primary-color has-text-color has-background\" style=\"background-color:#cb3131\"><strong>\u00c0 propos de Zehnder&nbsp;<\/strong><\/p>\n\n\n\n<p class=\"has-small-font-size\">Zehnder commercialise en France des radiateurs, des syst\u00e8mes de plafonds rayonnants pour le chauffage et le rafra\u00eechissement des b\u00e2timents tertiaires et industriels, des solutions de ventilation double-flux pour les maisons basse consommation, ainsi que des syst\u00e8mes de purification d\u2019air pour l\u2019industrie.&nbsp;<\/p>\n\n\n\n<p class=\"has-small-font-size\">Zehnder appartient au groupe Zehnder (762 millions d\u2019euros de chiffre d\u2019affaires en 2023) qui d\u00e9veloppe, produit et vend des solutions d\u2019ambiance int\u00e9rieures saines, confortables et \u00e9conomes en \u00e9nergie, avec des offres compl\u00e8tes de chauffage, rafra\u00eechissement, ventilation et purification d\u2019air.&nbsp;<\/p>\n\n\n\n<p class=\"has-small-font-size\">Le groupe Zehnder est pr\u00e9sent sur le march\u00e9 fran\u00e7ais \u00e0 travers ses marques commerciales Acova et Zehnder.&nbsp;<\/p>\n","protected":false},"excerpt":{"rendered":"<p>&nbsp;Avec son design industriel, le panneau rayonnant de plafond Zehnder ZFP Urban, est sp\u00e9cialement con\u00e7u pour chauffer, rafra\u00eechir et s\u2019int\u00e9grer de mani\u00e8re d\u00e9corative ou discr\u00e8te dans des bureaux, restaurants et commerces. Sa technologie \u00e9prouv\u00e9e assure un climat int\u00e9rieur agr\u00e9able en toute saison. Une solution tout-en-un au service du confort Aliment\u00e9 par de l\u2019eau, le panneau [&hellip;]<\/p>\n","protected":false},"author":41,"featured_media":39477,"comment_status":"open","ping_status":"open","sticky":false,"template":"","format":"standard","meta":{"spay_email":""},"categories":[4,31],"tags":[2540],"jetpack_featured_media_url":"https:\/\/i1.wp.com\/batimedianews.com\/live\/wp-content\/uploads\/2024\/09\/zehnder.jpg?fit=1513%2C825","jetpack_sharing_enabled":true,"jetpack_likes_enabled":true,"jetpack-related-posts":[{"id":46681,"url":"http:\/\/batimedianews.com\/live\/index.php\/2025\/09\/25\/nouveau-batiment-de-linstitut-catholique-de-vendee-ices-de-la-roche-sur-yon-performance-energetique-confort-thermique-et-acoustique-grace-aux-panneaux-rayonnants-de-plafond-chauffants-et\/","url_meta":{"origin":39472,"position":0},"title":"Nouveau b\u00e2timent de l\u2019institut catholique de Vend\u00e9e (ICES) de La Roche-sur-Yon : performance \u00e9nerg\u00e9tique, confort thermique et acoustique gr\u00e2ce aux panneaux rayonnants de plafond chauffants et rafra\u00eechissants Zehnder Carboline","date":"25 septembre 2025","format":false,"excerpt":"Face \u00e0 une croissance continue de ses effectifs, l\u2019Institut catholique de Vend\u00e9e poursuit le d\u00e9veloppement ambitieux de son campus au c\u0153ur de La Roche-sur-Yon (85). Apr\u00e8s une premi\u00e8re extension en 2021, l\u2019\u00e9tablissement a engag\u00e9 fin 2022 une seconde phase d\u2019agrandissement d\u2019envergure et vient d\u2019inaugurer un nouveau b\u00e2timent de 5 500\u2026","rel":"","context":"Dans &quot;Actualit\u00e9 Entreprises&quot;","img":{"alt_text":"","src":"https:\/\/i0.wp.com\/batimedianews.com\/live\/wp-content\/uploads\/2025\/09\/zehnder-1.jpg?fit=825%2C825&resize=350%2C200","width":350,"height":200},"classes":[]},{"id":33014,"url":"http:\/\/batimedianews.com\/live\/index.php\/2023\/11\/13\/gymnases-et-efficacite-energetique-plus-de-55-deconomies-avec-les-panneaux-rayonnants-zehnder\/","url_meta":{"origin":39472,"position":1},"title":"Gymnases et efficacit\u00e9 \u00e9nerg\u00e9tique : Plus de 55% d\u2019\u00e9conomies avec les panneaux rayonnants Zehnder","date":"13 novembre 2023","format":false,"excerpt":"82% des consommations d\u2019\u00e9nergie des communes de m\u00e9tropole sont g\u00e9n\u00e9r\u00e9es par les b\u00e2timents.\u00a0 \u00a0Les \u00e9quipements sportifs, dont 75% ont plus de 30 ans, sont les deuxi\u00e8mes consommateurs d\u2019\u00e9nergie apr\u00e8s les \u00e9tablissements scolaires selon l\u2019ANDES. Apr\u00e8s un an, le premier bilan du plan de sobri\u00e9t\u00e9 \u00e9nerg\u00e9tique initi\u00e9 par le Minist\u00e8re des\u2026","rel":"","context":"Dans &quot;Actualit\u00e9 Entreprises&quot;","img":{"alt_text":"","src":"https:\/\/i1.wp.com\/batimedianews.com\/live\/wp-content\/uploads\/2023\/11\/zehnder-Image-articles-.jpg?fit=825%2C825&resize=350%2C200","width":350,"height":200},"classes":[]},{"id":31936,"url":"http:\/\/batimedianews.com\/live\/index.php\/2023\/10\/02\/plafond-climatique-alumline-faible-hauteur-de-zehnder-la-solution-ideale-pour-la-renovation-energetique-des-bureaux\/","url_meta":{"origin":39472,"position":2},"title":"Plafond climatique Alumline faible hauteur de Zehnder, la solution id\u00e9ale pour la r\u00e9novation \u00e9nerg\u00e9tique des bureaux","date":"2 octobre 2023","format":false,"excerpt":"\u00a0Selon l\u2019Observatoire de l\u2019Immobilier Durable (OID), le secteur du b\u00e2timent g\u00e9n\u00e8re \u00e0 lui seul un peu plus de 26% des \u00e9missions de gaz \u00e0 effet de serre du pays et p\u00e8se 45% de la consommation d\u2019\u00e9nergie finale. Afin de d\u00e9carboner l\u2019immobilier tertiaire, le d\u00e9cret Eco Energie Tertiaire impose aux propri\u00e9taires\u2026","rel":"","context":"Dans &quot;Actualit\u00e9 Entreprises&quot;","img":{"alt_text":"","src":"https:\/\/i1.wp.com\/batimedianews.com\/live\/wp-content\/uploads\/2023\/09\/Zehnder-articles.jpg?fit=825%2C825&resize=350%2C200","width":350,"height":200},"classes":[]},{"id":15988,"url":"http:\/\/batimedianews.com\/live\/index.php\/2022\/02\/15\/zehnder-comfotube-therm-nouvelles-gaines-de-ventilation-double-flux-isolees-le-confort-en-toute-saison\/","url_meta":{"origin":39472,"position":3},"title":"Zehnder ComfoTube Therm, nouvelles gaines de ventilation double-flux isol\u00e9es le confort en toute saison","date":"15 f\u00e9vrier 2022","format":false,"excerpt":"La fiabilit\u00e9 d\u2019un syst\u00e8me de ventilation double-flux d\u00e9pend non seulement de l\u2019efficacit\u00e9 de la centrale mais aussi de la qualit\u00e9 du r\u00e9seau de distribution d\u2019air. Adapt\u00e9es au chauffage en hiver et au rafra\u00eechissement sur l\u2019air en \u00e9t\u00e9, les nouvelles gaines de ventilation isol\u00e9es Zehnder ComfoTube Therm 90 et Zehnder ComfoTube\u2026","rel":"","context":"Dans &quot;Actualit\u00e9 Entreprises&quot;","img":{"alt_text":"","src":"https:\/\/i0.wp.com\/batimedianews.com\/live\/wp-content\/uploads\/2022\/02\/Zehnder-Article.jpg?fit=512%2C512&resize=350%2C200","width":350,"height":200},"classes":[]},{"id":13554,"url":"http:\/\/batimedianews.com\/live\/index.php\/2021\/11\/03\/zehnder-breezenouveau-diffuseur-dair-invisible-pour-les-plafonds-climatiques-zehnder\/","url_meta":{"origin":39472,"position":4},"title":"Zehnder Breeze,nouveau diffuseur d\u2019air invisible pour les plafonds climatiques Zehnder","date":"3 novembre 2021","format":false,"excerpt":"En ayant recours \u00e0 des modes constructifs peu \u00e9missifs et \u00e0 des \u00e9quipements toujours plus performants prenant en compte le confort d\u2019\u00e9t\u00e9, la RE2020 bouleverse les habitudes du secteur du b\u00e2timent. Dans ce contexte, les architectes et ma\u00eetres d\u2019ouvrage restent extr\u00eamement sensibles \u00e0 l\u2019int\u00e9gration esth\u00e9tique des \u00e9quipements techniques. Pour r\u00e9pondre\u2026","rel":"","context":"Dans &quot;Actualit\u00e9 Entreprises&quot;","img":{"alt_text":"","src":"https:\/\/i0.wp.com\/batimedianews.com\/live\/wp-content\/uploads\/2021\/11\/zehnder-Article.jpg?fit=512%2C512&resize=350%2C200","width":350,"height":200},"classes":[]},{"id":23140,"url":"http:\/\/batimedianews.com\/live\/index.php\/2022\/09\/16\/de-retour-a-interclima-zehnder-souvre-au-secteur-tertiaire-et-renforce-son-offre-pour-le-marche-du-residentiel\/","url_meta":{"origin":39472,"position":5},"title":"De retour \u00e0 INTERCLIMA, Zehnder s\u2019ouvre au secteur tertiaire et renforce son offre pour le march\u00e9 du r\u00e9sidentiel","date":"16 septembre 2022","format":false,"excerpt":"Pour son retour \u00e0 Interclima, Zehnder d\u00e9voile sa nouvelle offre de ventilation double flux d\u00e9centralis\u00e9e d\u00e9di\u00e9e au tertiaire, et plus particuli\u00e8rement celle pour les \u00e9coles, fruit de l\u2019acquisition de la soci\u00e9t\u00e9 fran\u00e7aise CALADAIR. Ce salon sera \u00e9galement l\u2019occasion pour le sp\u00e9cialiste du climat int\u00e9rieur sain, confortable et \u00e9conome en \u00e9nergie\u2026","rel":"","context":"Dans &quot;Actualit\u00e9 Entreprises&quot;","img":{"alt_text":"","src":"https:\/\/i0.wp.com\/batimedianews.com\/live\/wp-content\/uploads\/2022\/09\/Zehnder-Article.jpg?fit=1080%2C1080&resize=350%2C200","width":350,"height":200},"classes":[]}],"_links":{"self":[{"href":"http:\/\/batimedianews.com\/live\/index.php\/wp-json\/wp\/v2\/posts\/39472"}],"collection":[{"href":"http:\/\/batimedianews.com\/live\/index.php\/wp-json\/wp\/v2\/posts"}],"about":[{"href":"http:\/\/batimedianews.com\/live\/index.php\/wp-json\/wp\/v2\/types\/post"}],"author":[{"embeddable":true,"href":"http:\/\/batimedianews.com\/live\/index.php\/wp-json\/wp\/v2\/users\/41"}],"replies":[{"embeddable":true,"href":"http:\/\/batimedianews.com\/live\/index.php\/wp-json\/wp\/v2\/comments?post=39472"}],"version-history":[{"count":2,"href":"http:\/\/batimedianews.com\/live\/index.php\/wp-json\/wp\/v2\/posts\/39472\/revisions"}],"predecessor-version":[{"id":39507,"href":"http:\/\/batimedianews.com\/live\/index.php\/wp-json\/wp\/v2\/posts\/39472\/revisions\/39507"}],"wp:featuredmedia":[{"embeddable":true,"href":"http:\/\/batimedianews.com\/live\/index.php\/wp-json\/wp\/v2\/media\/39477"}],"wp:attachment":[{"href":"http:\/\/batimedianews.com\/live\/index.php\/wp-json\/wp\/v2\/media?parent=39472"}],"wp:term":[{"taxonomy":"category","embeddable":true,"href":"http:\/\/batimedianews.com\/live\/index.php\/wp-json\/wp\/v2\/categories?post=39472"},{"taxonomy":"post_tag","embeddable":true,"href":"http:\/\/batimedianews.com\/live\/index.php\/wp-json\/wp\/v2\/tags?post=39472"}],"curies":[{"name":"wp","href":"https:\/\/api.w.org\/{rel}","templated":true}]}}