{"id":39707,"date":"2024-09-16T13:37:16","date_gmt":"2024-09-16T11:37:16","guid":{"rendered":"http:\/\/batimedianews.com\/live\/?p=39707"},"modified":"2025-04-08T20:31:11","modified_gmt":"2025-04-08T18:31:11","slug":"batimat-2024-le-salon-qui-promeut-la-decarbonation-et-les-energies-renouvelables","status":"publish","type":"post","link":"http:\/\/batimedianews.com\/live\/index.php\/2024\/09\/16\/batimat-2024-le-salon-qui-promeut-la-decarbonation-et-les-energies-renouvelables\/","title":{"rendered":"BATIMAT 2024 : Le salon qui promeut la d\u00e9carbonation et les \u00e9nergies renouvelables"},"content":{"rendered":"\n<p><strong>L\u2019\u00e9dition 2024 de BATIMAT (30 septembre au 3 octobre 2024 &#8211; Paris Expo Porte de Versailles), organis\u00e9e par RX France, mettra en lumi\u00e8re les solutions \u00e9mergentes pour la d\u00e9carbonation des b\u00e2timents, la pr\u00e9servation du climat et de l\u2019environnement. Au coeur du Pavillon 1, les espaces Low Carbon Construction et Photovolta\u00efque permettront de d\u00e9couvrir toutes les derni\u00e8res innovations de ces march\u00e9s en fort d\u00e9veloppement. Des conf\u00e9rences sp\u00e9cifiques et des ateliers compl\u00e8teront les espaces d\u2019exposition.&nbsp;<\/strong><\/p>\n\n\n\n<p>Vitrine de l\u2019innovation et des enjeux du secteur, <strong>BATIMAT <\/strong>entend valoriser toutes les solutions et produits propos\u00e9s par les acteurs de la fili\u00e8re autour des th\u00e9matiques de la d\u00e9carbonation des ouvrages et du photovolta\u00efque. L\u2019objectif \u00e9tant de r\u00e9pondre aux v\u00e9ritables pr\u00e9occupations exprim\u00e9es par les artisans et prescripteurs, visiteurs du salon, en recherche d\u2019informations pr\u00e9cises sur les probl\u00e9matiques li\u00e9es \u00e0 ces deux secteurs porteurs.&nbsp;<\/p>\n\n\n\n<p>&nbsp;<strong>Un univers d\u00e9carbon\u00e9 au centre de BATIMAT&nbsp;<\/strong><\/p>\n\n\n\n<div class=\"wp-block-image\"><figure class=\"alignright size-full is-resized\"><img loading=\"lazy\" src=\"https:\/\/i0.wp.com\/batimedianews.com\/live\/wp-content\/uploads\/2024\/09\/image-98.png?resize=256%2C104\" alt=\"\" class=\"wp-image-39708\" width=\"256\" height=\"104\" srcset=\"https:\/\/i0.wp.com\/batimedianews.com\/live\/wp-content\/uploads\/2024\/09\/image-98.png?w=420 420w, https:\/\/i0.wp.com\/batimedianews.com\/live\/wp-content\/uploads\/2024\/09\/image-98.png?resize=768%2C310 768w, https:\/\/i0.wp.com\/batimedianews.com\/live\/wp-content\/uploads\/2024\/09\/image-98.png?resize=396%2C160 396w\" sizes=\"(max-width: 600px) 91vw, (max-width: 900px) 600px, (max-width: 1060px) 50vw, (max-width: 1200px) 520px, (max-width: 1400px) 43vw, 600px\" data-recalc-dims=\"1\" \/><\/figure><\/div>\n\n\n\n<p>Le secteur du b\u00e2timent et de la construction repr\u00e9sente 145Mt d\u2019\u00e9missions de CO2 par an, il est le premier \u00e9metteur de CO2 ex-aequo avec les transports et repr\u00e9sente ainsi un secteur cl\u00e9 dans la r\u00e9ussite de la d\u00e9carbonation du pays. Bien conscient de cet enjeu, <strong>BATIMAT <\/strong>a cr\u00e9\u00e9 <strong>l\u2019Espace Low Carbon Construction<\/strong>. Situ\u00e9 dans le Pavillon 1, sa proximit\u00e9 directe avec l\u2019Espace <strong>RENODAYS by BATIMAT <\/strong>facilite les passerelles entre la d\u00e9carbonation du b\u00e2timent et la r\u00e9novation \u00e9nerg\u00e9tique et globale du logement.&nbsp;<\/p>\n\n\n\n<p>&nbsp;Cet espace met en lumi\u00e8re les solutions et mat\u00e9riaux pour la d\u00e9carbonation des b\u00e2timents. En ad\u00e9quation avec la th\u00e9matique et les engagements du Mondial du B\u00e2timent, l\u2019espace est pens\u00e9 autour d\u2019une politique z\u00e9ro d\u00e9chets, avec un choix de bois d\u2019origine fran\u00e7aise et transform\u00e9 sur le territoire, du mobilier \u00e9co-con\u00e7u, des moquettes 100 % recycl\u00e9es sur les stands des exposants et des \u00e9clairages led.&nbsp;<\/p>\n\n\n\n<p>&nbsp;Plusieurs exposants sont d\u00e9j\u00e0 inscrits sur cet espace :&nbsp;<\/p>\n\n\n\n<ul><li>Construction21 y rassemblera un panel d\u2019acteurs de sa communaut\u00e9 <em>(Architecture Pelegrin, CCB-Greentech, Demrea, Ecocem, Graitec, Nat\u2019H, Nooco, Territoires Z\u00e9ro Exclusion \u00c9nerg\u00e9tique, Share is More, Solaronics, Swoop Energy, Technocarbon, Urban Canop\u00e9e) <\/em>qui pr\u00e9senteront leurs solutions, r\u00e9alisations et initiatives en faveur de la d\u00e9carbonation. Ces 13 co-exposants pitcheront leurs projets sur le stand H1-K106-K110 le jeudi 03 octobre \u00e0 11h30.&nbsp;<\/li><li>Cyneo, facilitateur de l\u2019\u00e9conomie circulaire dont l\u2019objectif est d\u2019accompagner la massification de mat\u00e9riaux de r\u00e9emploi et recycl\u00e9s dans la construction, sera pr\u00e9sent sur le stand H1-K107-K109, avec ses 18 adh\u00e9rents <em>(Articonnex, Attec Production, Comec, Composil Reuse, Comus, Gamma Industries, Mobius, Neolitik, Proclus, Reempro, Reniew, Sofradi, Tarkett, Textifloor, Tri\u2019N\u2019Collect, Tricycle, Unikalo, Wicona). <\/em>Les visiteurs auront l\u2019opportunit\u00e9 de d\u00e9couvrir un v\u00e9ritable d\u00e9monstrateur mettant en avant l\u2019\u00e9tendue de l\u2019offre en mat\u00e9riaux circulaires propos\u00e9s par la Communaut\u00e9 Cyneo.&nbsp;<\/li><li>Seront \u00e9galement \u00e0 retrouver sur cet espace : Armacell, Brique de Guyane, Cucle Up, EcoPeg, Fiboo, Leadax, Ekopolis, Artlux La Lumi\u00e8re Solaire, Isobloc et PRB.&nbsp;<\/li><\/ul>\n\n\n\n<p>Des prises de parole sont \u00e9galement pr\u00e9vues sur les deux grands espaces de conf\u00e9rence situ\u00e9es dans le Hall 1 et le Hall 5.2 :&nbsp;<\/p>\n\n\n\n<ul><li>Mardi 1er Octobre \u2013 11h00 \u00e0 11h30 (Agora 1 \u2013 Hall 1) : <strong>Batitalks : Les bons outils pour construire et r\u00e9nover bas carbone. <\/strong>Anim\u00e9 par S\u00e9bastien BORGNAT avec Joanna FERRIERE, directrice de CYNEO et Florent MARTIN, chef du bureau \u00ab innovation DATA\/IA \u00bb de l\u2019Ecolab.&nbsp;<\/li><li>Mercredi 02 Octobre \u2013 14h00 \u00e0 14h30 (Agora 5.2 \u2013 Hall 5.2) : <strong>R\u00e9novation Bas Carbone : menuiserie VEKA REcycle, coulissant VEKASLIDE Hi-5 &#8211; Combinez durabilit\u00e9, performance &amp; design. <\/strong>Cet atelier d\u00e9montrera comment int\u00e9grer une d\u00e9marche bas carbone dans la r\u00e9novation des menuiseries et opter pour des solutions combinant performance \u00e9nerg\u00e9tique, confort et esth\u00e9tique.&nbsp;<\/li><\/ul>\n\n\n\n<p><strong>Le photovolta\u00efque, mis en lumi\u00e8re sur BATIMAT&nbsp;<\/strong><\/p>\n\n\n\n<div class=\"wp-block-image\"><figure class=\"alignright size-full is-resized\"><img loading=\"lazy\" src=\"https:\/\/i1.wp.com\/batimedianews.com\/live\/wp-content\/uploads\/2024\/09\/image-99.png?resize=260%2C95\" alt=\"\" class=\"wp-image-39709\" width=\"260\" height=\"95\" srcset=\"https:\/\/i1.wp.com\/batimedianews.com\/live\/wp-content\/uploads\/2024\/09\/image-99.png?w=464 464w, https:\/\/i1.wp.com\/batimedianews.com\/live\/wp-content\/uploads\/2024\/09\/image-99.png?resize=768%2C281 768w, https:\/\/i1.wp.com\/batimedianews.com\/live\/wp-content\/uploads\/2024\/09\/image-99.png?resize=432%2C158 432w, https:\/\/i1.wp.com\/batimedianews.com\/live\/wp-content\/uploads\/2024\/09\/image-99.png?resize=396%2C145 396w\" sizes=\"(max-width: 600px) 91vw, (max-width: 900px) 600px, (max-width: 1060px) 50vw, (max-width: 1200px) 520px, (max-width: 1400px) 43vw, 600px\" data-recalc-dims=\"1\" \/><\/figure><\/div>\n\n\n\n<p>Le d\u00e9veloppement du photovolta\u00efque en France ne d\u00e9semplit pas depuis 2009. Le march\u00e9 enregistre une croissance de 33 % entre 2022 et 2023 et une augmentation de 11 % est pr\u00e9vue pour la fin d\u2019ann\u00e9e 2024.1 Pour mettre en avant cette th\u00e9matique phare, <strong>l\u2019espace Photovolta\u00efque<\/strong>, construit autour d\u2019une offre fran\u00e7aise et internationale, pr\u00e9sentera l\u2019ensemble des solutions du secteur. Il compte \u00e0 ce jour une dizaine d\u2019exposants, dont Apem Energie, Chuzhou Kunvo Century Green Energy Technology, Creawatt Engineering, Creawatt Fabrick, Eternal Energy Technology, GoodWe Technologies, Novotegra, POwR Connect, Valenergies, Voltalia Distribution, ainsi que les syndicats et unions de m\u00e9tiers Enerplan et GMPV-FFB.&nbsp;<\/p>\n\n\n\n<p>Plusieurs conf\u00e9rences et ateliers sont \u00e9galement pr\u00e9vus, \u00e0 l\u2019instar de :&nbsp;<\/p>\n\n\n\n<ul><li>Jeudi 03 Octobre \u2013 14H00 \u00e0 15h00 (Agora 1 \u2013 Hall 1) : <strong>COLLOQUE \u2013 Le photovolta\u00efque, c&rsquo;est simple \u00e0 installer et c&rsquo;est rentable. <\/strong>Anim\u00e9 par Pascal POGGI avec Damien MOULIN, directeur Technique chez Ensol et Rapha\u00ebl MENARD, pr\u00e9sident du directoire de l\u2019Arep, filiale de la SNCF.&nbsp;<\/li><li>Mardi 1er Octobre \u2013 14h00 \u00e0 14h45 (Arena principale \u2013 Hall 1) : <strong>Experts\u2019Corner &#8211; Vous voulez vous orienter vers le photovolta\u00efque. Vers quels interlocuteurs se tourner ? <\/strong>Avec l\u2019intervention de GMPV et de la FFB.&nbsp;<\/li><\/ul>\n\n\n\n<p class=\"has-small-font-size\"><sup>11<\/sup> Source : Enedis \u2013 Janvier 2024.&nbsp;<\/p>\n\n\n\n<p><strong>Tout le programme de BATIMAT, mis \u00e0 jour r\u00e9guli\u00e8rement, est disponible <a href=\"https:\/\/www.batimat.com\/fr-fr\/le-programme\/liste-programme.html#\/sessions\">ici<\/a>&nbsp;<\/strong><\/p>\n\n\n\n<p class=\"has-small-font-size\"><strong>\u00c0 propos de RX&nbsp;<\/strong><\/p>\n\n\n\n<p class=\"has-small-font-size\">RX est un leader mondial d&rsquo;\u00e9v\u00e9nements et de salons. RX s&rsquo;appuie sur son expertise sectorielle, les donn\u00e9es et la technologie pour le d\u00e9veloppement des entreprises, des collectivit\u00e9s et des individus. Pr\u00e9sent dans 25 pays et sur 42 secteurs d\u2019activit\u00e9, RX organise pr\u00e8s de 350 \u00e9v\u00e9nements par an. RX s&rsquo;engage \u00e0 cr\u00e9er un environnement de travail inclusif pour tous ses collaborateurs et collaboratrices. RX permet aux entreprises de se d\u00e9velopper gr\u00e2ce \u00e0 la donn\u00e9e et aux solutions num\u00e9riques. RX fait partie de RELX, un fournisseur mondial de donn\u00e9es, d&rsquo;outils d&rsquo;analyses et de d\u00e9cisions pour les professionnels et les entreprises.&nbsp;<\/p>\n\n\n\n<p class=\"has-small-font-size\">RX France est cr\u00e9ateur de places de rencontres \u00e0 forte valeur ajout\u00e9e, leaders sur une quinzaine de march\u00e9s diff\u00e9rents. Parmi les salons embl\u00e9matiques de RX France et incontournables sur le plan national et international, figurent MIPIM, MAPIC, Batimat, Pollutec, EquipHotel, SITL, IFTM, Big Data &amp; AI Paris, MIPCOM, Paris Photo, Maison&amp;Objet* et bien d\u2019autres\u2026 Nos \u00e9v\u00e9nements se d\u00e9roulent en France, \u00e0 Hong Kong, en Italie et au Mexique.&nbsp;<\/p>\n\n\n\n<p style=\"font-size:12px\">*Organis\u00e9 par la SAFI, filiale de RX France et Ateliers d\u2019Art de France&nbsp;<\/p>\n\n\n\n<p class=\"has-small-font-size\"><strong>\u00c0 propos de RELX&nbsp;<\/strong><\/p>\n\n\n\n<p class=\"has-small-font-size\">RELX est un fournisseur mondial de donn\u00e9es, d&rsquo;outils d&rsquo;analyses et de d\u00e9cisions pour les professionnels et les entreprises. RELX est pr\u00e9sent dans plus de 180 pays et poss\u00e8de des bureaux dans une quarantaine de pays dans le monde. RELX emploie plus de 36 000 personnes, dont plus de 40 % en Am\u00e9rique du Nord. Les actions de RELX PLC, la soci\u00e9t\u00e9 m\u00e8re, sont n\u00e9goci\u00e9es sur les bourses de Londres, d&rsquo;Amsterdam et de New York sous les symboles suivants : Londres : REL ; Amsterdam : REN ; New York : RELX.&nbsp;<\/p>\n\n\n\n<p style=\"font-size:12px\">*Note : La capitalisation boursi\u00e8re actuelle peut \u00eatre consult\u00e9e \u00e0 l&rsquo;adresse suivante : http:\/\/www.relx.com\/investors&nbsp;<\/p>\n","protected":false},"excerpt":{"rendered":"<p>L\u2019\u00e9dition 2024 de BATIMAT (30 septembre au 3 octobre 2024 &#8211; Paris Expo Porte de Versailles), organis\u00e9e par RX France, mettra en lumi\u00e8re les solutions \u00e9mergentes pour la d\u00e9carbonation des b\u00e2timents, la pr\u00e9servation du climat et de l\u2019environnement. Au coeur du Pavillon 1, les espaces Low Carbon Construction et Photovolta\u00efque permettront de d\u00e9couvrir toutes les [&hellip;]<\/p>\n","protected":false},"author":41,"featured_media":39711,"comment_status":"open","ping_status":"open","sticky":false,"template":"","format":"standard","meta":{"spay_email":""},"categories":[5,140,84],"tags":[],"jetpack_featured_media_url":"https:\/\/i2.wp.com\/batimedianews.com\/live\/wp-content\/uploads\/2024\/09\/Batimat-.jpg?fit=1513%2C825","jetpack_sharing_enabled":true,"jetpack_likes_enabled":true,"jetpack-related-posts":[{"id":34187,"url":"http:\/\/batimedianews.com\/live\/index.php\/2024\/01\/10\/mondial-du-batiment-2024-une-edition-enrichie-concue-pour-apprehender-les-mutations-en-cours\/","url_meta":{"origin":39707,"position":0},"title":"Mondial Du B\u00e2timent 2024 &#8211; Une \u00e9dition enrichie con\u00e7ue pour appr\u00e9hender les mutations en cours","date":"10 janvier 2024","format":false,"excerpt":"Apr\u00e8s une \u00e9dition 2022 r\u00e9invent\u00e9e et pleinement r\u00e9ussie, rassemblant plus de 110 000 visiteurs et 1 720 exposants, le Mondial du B\u00e2timent et les trois salons BATIMAT, INTERCLIMA et ID\u00c9OBAIN, reviennent du 30 septembre au 3 octobre 2024 \u00e0 Paris Expo Porte de Versailles. \u00c9v\u00e8nement de convergence de toutes les\u2026","rel":"","context":"Dans &quot;Actualit\u00e9s salons&quot;","img":{"alt_text":"","src":"https:\/\/i1.wp.com\/batimedianews.com\/live\/wp-content\/uploads\/2024\/01\/Le-Mondial-du-batiment.jpg?fit=825%2C825&resize=350%2C200","width":350,"height":200},"classes":[]},{"id":20278,"url":"http:\/\/batimedianews.com\/live\/index.php\/2022\/05\/24\/pour-promouvoir-les-solutions-emergentes-de-la-decarbonisation-batimat-cree-lespace-our-low-carbon-construction\/","url_meta":{"origin":39707,"position":1},"title":"Pour promouvoir les solutions \u00e9mergentes de la d\u00e9carbonisation , BATIMAT  cr\u00e9e l&rsquo;espace OUR LOW CARBON CONSTRUCTION","date":"24 mai 2022","format":false,"excerpt":"L\u2019\u00e9dition 2022 de BATIMAT, organis\u00e9e par RX France, mettra pour la premi\u00e8re fois en vedette les solutions \u00e9mergentes pour la d\u00e9carbonation des b\u00e2timents, sur le tout nouvel Espace Low Carbon Construction. Con\u00e7u en partenariat avec Construction 21, cet espace de 600 m2 permettra de d\u00e9couvrir toute la richesse de l\u2019offre\u2026","rel":"","context":"Dans &quot;Bas carbone&quot;","img":{"alt_text":"","src":"https:\/\/i2.wp.com\/batimedianews.com\/live\/wp-content\/uploads\/2022\/05\/Batimat-Article.jpg?fit=1080%2C1080&resize=350%2C200","width":350,"height":200},"classes":[]},{"id":35397,"url":"http:\/\/batimedianews.com\/live\/index.php\/2024\/02\/20\/mondial-du-batiment-2024-le-succes-est-dores-et-deja-au-rendez-vous\/","url_meta":{"origin":39707,"position":2},"title":"Mondial Du B\u00e2timent 2024 &#8211; Le succ\u00e8s est d\u2019ores et d\u00e9j\u00e0 au rendez-vous","date":"20 f\u00e9vrier 2024","format":false,"excerpt":"Avec un taux de remplissage de pr\u00e8s 80 %, soit pr\u00e8s de 1 000 exposants d\u00e9j\u00e0 inscrits sur BATIMAT, ID\u00c9OBAIN et INTERCLIMA, l\u2019\u00e9dition 2024 s\u2019annonce comme un v\u00e9ritable succ\u00e8s \u00e0 8 mois de son ouverture (30 septembre au 3 octobre 2024 \u00e0 Paris Expo Porte de Versailles). Dans un contexte\u2026","rel":"","context":"Dans &quot;Actualit\u00e9s salons&quot;","img":{"alt_text":"","src":"https:\/\/i2.wp.com\/batimedianews.com\/live\/wp-content\/uploads\/2024\/02\/MondialduBatiment.jpg?fit=825%2C825&resize=350%2C200","width":350,"height":200},"classes":[]},{"id":38205,"url":"http:\/\/batimedianews.com\/live\/index.php\/2024\/06\/18\/lors-de-batimat-2024-doremi-et-edilians-sassocient-une-nouvelle-fois-pour-promouvoir-les-bonnes-pratiques-de-renovation-performante-des-toitures\/","url_meta":{"origin":39707,"position":3},"title":"Lors de BATIMAT 2024, Dor\u00e9mi et Edilians s\u2019associent une nouvelle fois pour promouvoir les bonnes pratiques de r\u00e9novation performante des toitures","date":"18 juin 2024","format":false,"excerpt":"Face \u00e0 un cadre r\u00e9glementaire ind\u00e9cis quant au dispositif MaPrimeR\u00e9nov, le nombre de r\u00e9novations \u00e9nerg\u00e9tiques r\u00e9alis\u00e9es a baiss\u00e9 de 43 % par rapport \u00e0 la m\u00eame p\u00e9riode en 2023, selon les donn\u00e9es de l\u2019ANAH. M\u00eame si les conditions d\u2019\u00e9ligibilit\u00e9 ont \u00e9t\u00e9 assouplies depuis le 15 mai dernier, celles-ci n\u2019\u00e9tant en\u2026","rel":"","context":"Dans &quot;Actualit\u00e9 Entreprises&quot;","img":{"alt_text":"","src":"https:\/\/i1.wp.com\/batimedianews.com\/live\/wp-content\/uploads\/2024\/06\/Edilians-articles-.jpg?fit=825%2C825&resize=350%2C200","width":350,"height":200},"classes":[]},{"id":16531,"url":"http:\/\/batimedianews.com\/live\/index.php\/2022\/02\/24\/mondial-du-batiment2022-une-mobilisation-sans-precedent-pour-porter-toutes-les-reponses-aux-defis-actuels-et-futur-batiment\/","url_meta":{"origin":39707,"position":4},"title":"Mondial du b\u00e2timent2022 une mobilisation sans pr\u00e9c\u00e8dent pour porter toutes les r\u00e9ponses aux d\u00e9fis actuels et futur b\u00e2timent","date":"24 f\u00e9vrier 2022","format":false,"excerpt":"\u00a0\u00c9v\u00e9nement international de r\u00e9f\u00e9rence des secteurs du b\u00e2timent, de la construction et de l\u2019architecture, le Mondial du B\u00e2timent ouvrira ses portes \u00e0 Paris Expo Porte de Versailles du\u00a03 au 6 octobre 2022. En phase avec toutes les grandes mutations du secteur, il s\u2019affirme comme un \u00e9v\u00e8nement incontournable pour tous les\u2026","rel":"","context":"Dans &quot;Actualit\u00e9 Entreprises&quot;","img":{"alt_text":"","src":"https:\/\/i0.wp.com\/batimedianews.com\/live\/wp-content\/uploads\/2022\/02\/MdB-Article.jpg?fit=512%2C512&resize=350%2C200","width":350,"height":200},"classes":[]},{"id":40730,"url":"http:\/\/batimedianews.com\/live\/index.php\/2024\/10\/15\/mondial-du-batiment-2024-une-mobilisation-sans-precedent-de-la-filiere\/","url_meta":{"origin":39707,"position":5},"title":"MONDIAL DU B\u00c2TIMENT 2024 : Une mobilisation sans pr\u00e9c\u00e9dent de la fili\u00e8re","date":"15 octobre 2024","format":false,"excerpt":"\u00a0Du 30 septembre au 3 octobre dernier, les professionnels du b\u00e2timent et de la construction se sont mobilis\u00e9s \u00e0 l\u2019occasion de l\u2019\u00e9dition 2024 du Mondial du B\u00e2timent organis\u00e9e \u00e0 Paris Expo Porte de Versailles. Pendant 4 jours, les salons BATIMAT, ID\u00c9OBAIN, INTERCLIMA et EQUIPBAIE\/METALEXPO, ont accueilli plus de 135 000\u2026","rel":"","context":"Dans &quot;Actualit\u00e9s salons&quot;","img":{"alt_text":"","src":"https:\/\/i0.wp.com\/batimedianews.com\/live\/wp-content\/uploads\/2024\/10\/MduB.jpg?fit=825%2C825&resize=350%2C200","width":350,"height":200},"classes":[]}],"_links":{"self":[{"href":"http:\/\/batimedianews.com\/live\/index.php\/wp-json\/wp\/v2\/posts\/39707"}],"collection":[{"href":"http:\/\/batimedianews.com\/live\/index.php\/wp-json\/wp\/v2\/posts"}],"about":[{"href":"http:\/\/batimedianews.com\/live\/index.php\/wp-json\/wp\/v2\/types\/post"}],"author":[{"embeddable":true,"href":"http:\/\/batimedianews.com\/live\/index.php\/wp-json\/wp\/v2\/users\/41"}],"replies":[{"embeddable":true,"href":"http:\/\/batimedianews.com\/live\/index.php\/wp-json\/wp\/v2\/comments?post=39707"}],"version-history":[{"count":2,"href":"http:\/\/batimedianews.com\/live\/index.php\/wp-json\/wp\/v2\/posts\/39707\/revisions"}],"predecessor-version":[{"id":39724,"href":"http:\/\/batimedianews.com\/live\/index.php\/wp-json\/wp\/v2\/posts\/39707\/revisions\/39724"}],"wp:featuredmedia":[{"embeddable":true,"href":"http:\/\/batimedianews.com\/live\/index.php\/wp-json\/wp\/v2\/media\/39711"}],"wp:attachment":[{"href":"http:\/\/batimedianews.com\/live\/index.php\/wp-json\/wp\/v2\/media?parent=39707"}],"wp:term":[{"taxonomy":"category","embeddable":true,"href":"http:\/\/batimedianews.com\/live\/index.php\/wp-json\/wp\/v2\/categories?post=39707"},{"taxonomy":"post_tag","embeddable":true,"href":"http:\/\/batimedianews.com\/live\/index.php\/wp-json\/wp\/v2\/tags?post=39707"}],"curies":[{"name":"wp","href":"https:\/\/api.w.org\/{rel}","templated":true}]}}