{"id":39822,"date":"2024-09-23T11:34:25","date_gmt":"2024-09-23T09:34:25","guid":{"rendered":"http:\/\/batimedianews.com\/live\/?p=39822"},"modified":"2025-04-08T20:29:25","modified_gmt":"2025-04-08T18:29:25","slug":"nouveaute-batimat-la-chape-olimixx-green-dedilteco-france-la-chape-legere-vertueuse-a-base-de-noyaux-dolive-pour-alleger-les-structures","status":"publish","type":"post","link":"http:\/\/batimedianews.com\/live\/index.php\/2024\/09\/23\/nouveaute-batimat-la-chape-olimixx-green-dedilteco-france-la-chape-legere-vertueuse-a-base-de-noyaux-dolive-pour-alleger-les-structures\/","title":{"rendered":"Nouveaut\u00e9 Batimat : la chape OliMIXX\u00ae Green d\u2019EDILTECO\u00ae France, la chape l\u00e9g\u00e8re vertueuse \u00e0 base de noyaux d\u2019olive pour all\u00e9ger les structures !"},"content":{"rendered":"\n<p><strong>EDILTECO\u00ae France \u00e9largit sa gamme Green avec l\u2019introduction d\u2019un nouveau mortier l\u00e9ger, la chape OliMIXX Green qui sera pr\u00e9sent\u00e9e en avant-premi\u00e8re lors du salon Batimat.&nbsp;<\/strong><\/p>\n\n\n\n<p><strong>Ce produit innovant se distingue par sa composition unique, int\u00e9grant des noyaux d\u2019olive concass\u00e9s, issus du recyclage de l\u2019industrie ol\u00e9icole. Cette adjonction ing\u00e9nieuse permet non seulement de valoriser les d\u00e9chets de l\u2019industrie de l\u2019olive, mais aussi d\u2019all\u00e9ger consid\u00e9rablement le m\u00e9lange. En effet, la chape OliMIXX Green offre un gain de poids d\u2019environ 55 % par rapport aux b\u00e9tons traditionnels, ce qui en fait une solution id\u00e9ale pour all\u00e9ger les structures tout en maintenant des performances \u00e9lev\u00e9es.&nbsp;<\/strong><\/p>\n\n\n\n<div class=\"wp-block-media-text alignwide is-stacked-on-mobile\" style=\"grid-template-columns:19% auto\"><figure class=\"wp-block-media-text__media\"><img loading=\"lazy\" width=\"462\" height=\"864\" src=\"https:\/\/i1.wp.com\/batimedianews.com\/live\/wp-content\/uploads\/2024\/09\/image-147.png?resize=462%2C864\" alt=\"\" class=\"wp-image-39823 size-full\" srcset=\"https:\/\/i1.wp.com\/batimedianews.com\/live\/wp-content\/uploads\/2024\/09\/image-147.png?w=462 462w, https:\/\/i1.wp.com\/batimedianews.com\/live\/wp-content\/uploads\/2024\/09\/image-147.png?resize=768%2C1436 768w, https:\/\/i1.wp.com\/batimedianews.com\/live\/wp-content\/uploads\/2024\/09\/image-147.png?resize=432%2C808 432w, https:\/\/i1.wp.com\/batimedianews.com\/live\/wp-content\/uploads\/2024\/09\/image-147.png?resize=396%2C741 396w\" sizes=\"(max-width: 600px) 91vw, (max-width: 900px) 600px, (max-width: 1060px) 50vw, (max-width: 1200px) 520px, (max-width: 1400px) 43vw, 600px\" data-recalc-dims=\"1\" \/><\/figure><div class=\"wp-block-media-text__content\">\n<h2><strong>LA CHAPE OLIMIXX GREEN UNE COMPOSITION NOVATRICE POUR DES PERFORMANCES REMARQUABLES&nbsp;<\/strong><\/h2>\n\n\n\n<p>La chape l\u00e9g\u00e8re pr\u00eate \u00e0 l\u2019emploi OliMIXX Green int\u00e8gre des noyaux d\u2019olives concass\u00e9s, permettant ainsi une valorisation des d\u00e9chets de l\u2019industrie ol\u00e9icole. Ces noyaux, r\u00e9cup\u00e9r\u00e9s \u00e0 100 % dans le processus de production d\u2019huile d\u2019olive, apr\u00e8s leur broyage et le pressurage des olives non d\u00e9noyaut\u00e9es, sont soigneusement lav\u00e9s pour \u00e9liminer tout r\u00e9sidu d\u2019huilerie.&nbsp;<\/p>\n<\/div><\/div>\n\n\n\n<p>Ainsi r\u00e9utilis\u00e9s, ils jouent un r\u00f4le pertinent dans la construction.&nbsp;<\/p>\n\n\n\n<p>La chape OliMIXX Green qui est propos\u00e9e en sac pr\u00eat \u00e0 l\u2019emploi, se distingue donc par une composition originale et \u00e9cologique. Int\u00e9grant dans sa composition 49 % d\u2019agr\u00e9gats de noyaux d\u2019olives concass\u00e9s, associ\u00e9s \u00e0 51 % de liant hydraulique (ciment), de fibres et d\u2019adjuvants, la formulation OliMIXX Green est all\u00e9g\u00e9e et poss\u00e8de des propri\u00e9t\u00e9s isolantes gr\u00e2ce \u00e0 l\u2019ajout de fibres. Cette composition unique conf\u00e8re \u00e0 cette chape des propri\u00e9t\u00e9s exceptionnelles tout en respectant l\u2019environnement.&nbsp;<\/p>\n\n\n\n<p>Avec un gain de poids d\u2019environ 55 % par rapport aux b\u00e9tons traditionnels, la chape OliMIXX Green est id\u00e9ale pour isoler et traiter thermiquement et acoustiquement diff\u00e9rents types de supports existants dans les immeubles collectifs et les maisons individuelles, que ce soit en travaux neufs ou de r\u00e9novation.&nbsp;<\/p>\n\n\n\n<p>Ses utilisations couvrent la r\u00e9alisation de chapes, de supports de rev\u00eatements de sols, sous-chapes, rattrapages de niveaux, formes de pentes, et divers remplissages.&nbsp;<\/p>\n\n\n\n<h2><strong>CARACT\u00c9RISTIQUES TECHNIQUES DE LA CHAPE OLIMIXX GREEN&nbsp;<\/strong><\/h2>\n\n\n\n<p>La chape OliMIXX Green pr\u00e9sente une masse volumique de 1000 kg\/m\u00b3, ce qui la rend beaucoup plus l\u00e9g\u00e8re que les b\u00e9tons traditionnels. Avec une r\u00e9sistance \u00e0 la compression sup\u00e9rieure \u00e0 5 MPa au bout de 28 jours, elle assure une solidit\u00e9 et une durabilit\u00e9 accrues. Imputrescible, elle est dot\u00e9e d\u2019une r\u00e9sistance exceptionnelle aux conditions humides et aux micro-organismes.&nbsp;<\/p>\n\n\n\n<h2><strong>UNE MISE EN OEUVRE OPTIMALE&nbsp;<\/strong><\/h2>\n\n\n\n<p>Facile \u00e0 utiliser gr\u00e2ce \u00e0 son conditionnement en sac de 23 litres et \u00e0 sa pr\u00e9paration simple avec de l\u2019eau, la chape OliMIXX Green peut \u00eatre m\u00e9lang\u00e9e dans une b\u00e9tonni\u00e8re ou un malaxeur. Il suffit de verser entre 4,5 et 5 litres d\u2019eau, en veillant \u00e0 respecter scrupuleusement le dosage en eau, puis d\u2019\u2019ajouter un sac entier d\u2019OliMIXX Green. Dans la b\u00e9tonni\u00e8re en marche, laisser simplement le m\u00e9lange se malaxer pendant 5 \u00e0 6 minutes, jusqu\u2019\u00e0 obtenir une consistance homog\u00e8ne mais non liquide. Cette m\u00e9thode de pr\u00e9paration garantit une qualit\u00e9 optimale du mortier.&nbsp;<\/p>\n\n\n\n<p>La chape OliMIXX Green assure une qualit\u00e9 constante et un rendement efficace de 10 kg\/ m\u00b2\/cm d\u2019\u00e9paisseur, permettant de r\u00e9aliser ais\u00e9ment des couches variant d\u2019une \u00e9paisseur de 5 cm \u00e0 15 cm, offrant une flexibilit\u00e9 consid\u00e9rable pour diverses applications. Elle peut \u00e9galement \u00eatre utilis\u00e9e dans des conditions climatiques vari\u00e9es, avec des temp\u00e9ratures comprises entre + 5 \u00b0C et + 30 \u00b0C.&nbsp;<\/p>\n\n\n\n<p>Cette chape se manipule de mani\u00e8re similaire \u00e0 une chape traditionnelle, utilisant les m\u00eames outils et techniques courantes. En tirant simplement \u00e0 la r\u00e8gle, il est possible d\u2019obtenir des surfaces parfaitement planes.&nbsp;<\/p>\n\n\n\n<p>Sa mise en oeuvre doit respecter la norme NF DTU 26-2 relatives aux chapes et dalles \u00e0 base de liants hydrauliques, garantissant ainsi une application conforme et efficace sur les chantiers.<\/p>\n\n\n\n<p>La chape OliMIXX Green, gr\u00e2ce \u00e0 ses caract\u00e9ristiques uniques et sa composition d\u2019agr\u00e9gats naturels recycl\u00e9s, repr\u00e9sente une solution polyvalente et performante pour de nombreuses applications dans le b\u00e2timent.&nbsp;<\/p>\n\n\n\n<h2><strong>\u00c0 PROPOS D\u2019EDILTECO<\/strong><strong><sup>\u00ae <\/sup><\/strong><strong>FRANCE.<\/strong><\/h2>\n\n\n\n<p>Filiale du groupe italien EDILTECO\u00ae, la soci\u00e9t\u00e9 est bas\u00e9e, depuis sa cr\u00e9ation en 2001, \u00e0 S\u00e8vremoine (49) dans l\u2019Ouest de la France. EDILTECO\u00ae France fabrique et commercialise des plaques de polystyr\u00e8ne expans\u00e9 pour l\u2019isolation thermique int\u00e9rieur et ext\u00e9rieur, des granulats de PSE pour chapes, mortiers et b\u00e9tons l\u00e9gers, chapes et mortiers l\u00e9gers pr\u00eats \u00e0 l\u2019emploi et thermo-acoustiques, ainsi que des syst\u00e8mes complets d\u2019isolation thermique ext\u00e9rieure. Depuis le rachat de deux sites de productions (PSE et b\u00e9ton) dans le Vaucluse \u00e0 Le Pontet (84) courant 2020, EDILTECO\u00ae France se d\u00e9veloppe dans le secteur du plancher (poutrelles et entrevous). En 2022, la marque la signature d\u2019un partenariat de distributeur exclusif avec la soci\u00e9t\u00e9 de technologie d\u2019\u00e9limination du carbone \u00ab CarbonCure Technologies \u00bb permettant ainsi de proposer aux clients une solution concr\u00e8te pour un b\u00e9ton bas carbone. Fin 2023, Edilteco\u00ae France lance sur le march\u00e9 fran\u00e7ais un nouveau proc\u00e9d\u00e9 innovant pour le recyclage et la r\u00e9utilisation des eaux charg\u00e9es issues des bassins des centrales \u00e0 b\u00e9ton.<\/p>\n","protected":false},"excerpt":{"rendered":"<p>EDILTECO\u00ae France \u00e9largit sa gamme Green avec l\u2019introduction d\u2019un nouveau mortier l\u00e9ger, la chape OliMIXX Green qui sera pr\u00e9sent\u00e9e en avant-premi\u00e8re lors du salon Batimat.&nbsp; Ce produit innovant se distingue par sa composition unique, int\u00e9grant des noyaux d\u2019olive concass\u00e9s, issus du recyclage de l\u2019industrie ol\u00e9icole. Cette adjonction ing\u00e9nieuse permet non seulement de valoriser les d\u00e9chets [&hellip;]<\/p>\n","protected":false},"author":41,"featured_media":39824,"comment_status":"open","ping_status":"open","sticky":false,"template":"","format":"standard","meta":{"spay_email":""},"categories":[4,140,519,77],"tags":[],"jetpack_featured_media_url":"https:\/\/i0.wp.com\/batimedianews.com\/live\/wp-content\/uploads\/2024\/09\/EDILTECO-articles-1-1.jpg?fit=1513%2C825","jetpack_sharing_enabled":true,"jetpack_likes_enabled":true,"jetpack-related-posts":[{"id":39479,"url":"http:\/\/batimedianews.com\/live\/index.php\/2024\/09\/09\/batimat-2024-edilteco-france-presente-ses-innovations-pour-lisolation-des-facades-et-lamelioration-acoustique-des-sols\/","url_meta":{"origin":39822,"position":0},"title":"BATIMAT 2024 : EDILTECO\u00ae FRANCE pr\u00e9sente ses innovations pour l\u2019isolation des fa\u00e7ades et l\u2019am\u00e9lioration acoustique des sols","date":"9 septembre 2024","format":false,"excerpt":"EDILTECO\u00ae France sera pr\u00e9sente au salon Batimat Porte de Versailles, du 30 septembre au 03 octobre 2024, Hall 1, all\u00e9e N66, o\u00f9 l\u2019entreprise exposera ses derni\u00e8res innovations en mati\u00e8re d\u2019isolation thermique, d\u2019am\u00e9lioration acoustique et de solutions l\u00e9g\u00e8res respectueuses de l\u2019environnement.\u00a0 Dans sa qu\u00eate d\u2019innovation, l\u2019entreprise valorise les \u00e9conomies d\u2019\u00e9nergie, la\u2026","rel":"","context":"Dans &quot;Acoustique&quot;","img":{"alt_text":"","src":"https:\/\/i1.wp.com\/batimedianews.com\/live\/wp-content\/uploads\/2024\/09\/Edilteco-articles-.jpg?fit=825%2C825&resize=350%2C200","width":350,"height":200},"classes":[]},{"id":22404,"url":"http:\/\/batimedianews.com\/live\/index.php\/2022\/08\/17\/edilteco-group-et-edilteco-france-exposants-du-salon-batimat\/","url_meta":{"origin":39822,"position":1},"title":"EDILTECO Group et EDILTECO France exposants du salon BATIMAT","date":"17 ao\u00fbt 2022","format":false,"excerpt":"Le d\u00e9veloppement durable comme dynamique de cette nouvelle \u00e9dition Leader europ\u00e9en et 1er fabricant fran\u00e7ais de chapes, mortiers et b\u00e9tons l\u00e9gers, pr\u00eats \u00e0 l\u2019emploi et thermo-acoustiques, producteur de polystyr\u00e8ne sous ACERMI pour les syst\u00e8mes ITE, les entrevous et plaques de sol, sp\u00e9cialiste de syst\u00e8mes innovants d\u2019Isolation Thermique Ext\u00e9rieur (ITE) et\u2026","rel":"","context":"Dans &quot;Actualit\u00e9 Entreprises&quot;","img":{"alt_text":"","src":"https:\/\/i1.wp.com\/batimedianews.com\/live\/wp-content\/uploads\/2022\/08\/EDILTECO-Article.jpg?fit=1080%2C1080&resize=350%2C200","width":350,"height":200},"classes":[]},{"id":3163,"url":"http:\/\/batimedianews.com\/live\/index.php\/2019\/10\/25\/batimat-edilteco-group-et-edilteco-france-presentent-3-innovations\/","url_meta":{"origin":39822,"position":2},"title":"Batimat &#8211; Edilteco Group et Edilteco France pr\u00e9sentent 3 innovations","date":"25 octobre 2019","format":false,"excerpt":"Leader europ\u00e9en et 1er fabricant fran\u00e7ais de chapes, mortiers et b\u00e9tons l\u00e9gers, sp\u00e9cialiste de syst\u00e8mes innovants d\u2019isolation thermique ext\u00e9rieur (ITE), producteur de polystyr\u00e8ne sous ACERMI pour les syst\u00e8mes ITE, EDILTECO\u00ae Group et sa filiale fran\u00e7aise EDILTECO\u00ae France renouv\u00e8lent leur pr\u00e9sence sur l\u2019\u00e9dition 2019 du salon BATIMAT, avec un stand dans\u2026","rel":"","context":"Dans &quot;Actualit\u00e9 Entreprises&quot;","img":{"alt_text":"","src":"https:\/\/i2.wp.com\/batimedianews.com\/live\/wp-content\/uploads\/2019\/10\/edilteco7.jpg?fit=861%2C557&resize=350%2C200","width":350,"height":200},"classes":[]},{"id":2710,"url":"http:\/\/batimedianews.com\/live\/index.php\/2019\/09\/11\/batimat-nouveaute-edilteco-presente-la-chape-xxs\/","url_meta":{"origin":39822,"position":3},"title":"Batimat Nouveaut\u00e9 &#8211; Edilteco pr\u00e9sente LA CHAPE XXs,","date":"11 septembre 2019","format":false,"excerpt":"deux fois plus l\u00e9g\u00e8re qu'une chape traditionnelle C\u2019est \u00e0 l\u2019occasion du salon BATIMAT qu\u2019EDILTECO\u00ae a choisi de lancer et de pr\u00e9senter, en avant-premi\u00e8re, LA CHAPE XXs\u00ae : une chape pr\u00eate \u00e0 l\u2019emploi, compatible avec tous les rev\u00eatements de sols et qui offre un gain de poids d\u2018environ 50 % par\u2026","rel":"","context":"Dans &quot;Actualit\u00e9 Entreprises&quot;","img":{"alt_text":"","src":"https:\/\/i1.wp.com\/batimedianews.com\/live\/wp-content\/uploads\/2019\/09\/edilteco.jpg?fit=969%2C667&resize=350%2C200","width":350,"height":200},"classes":[]},{"id":25862,"url":"http:\/\/batimedianews.com\/live\/index.php\/2023\/02\/01\/edilteco-france-publie-une-charte-pour-la-bonne-utilisation-des-gammes-plancher-et-isolants-de-facade-ainsi-quune-serie-de-fiches-applicatives-pour-les-centrales-a-beton\/","url_meta":{"origin":39822,"position":4},"title":"EDILTECO\u00ae France publie une charte pour la bonne utilisation des gammes plancher et isolants de fa\u00e7ade ainsi qu\u2019une s\u00e9rie de fiches applicatives pour les centrales \u00e0 b\u00e9ton","date":"1 f\u00e9vrier 2023","format":false,"excerpt":"EDILTECO\u00ae France entame l\u2019ann\u00e9e 2023 sous le signe du conseil et de l\u2019accompagnement. L\u2019entreprise qui met un point d\u2019honneur \u00e0 concevoir des produits et solutions de qualit\u00e9 et dont la bonne conception et les performances sont certifi\u00e9es, entend conseiller, pr\u00e9venir et accompagner ses clients dans les bonnes pratiques et utilisations\u2026","rel":"","context":"Dans &quot;B\u00e9ton&quot;","img":{"alt_text":"","src":"https:\/\/i2.wp.com\/batimedianews.com\/live\/wp-content\/uploads\/2023\/01\/Edilteco-Article.jpg?fit=1080%2C1080&resize=350%2C200","width":350,"height":200},"classes":[]},{"id":12653,"url":"http:\/\/batimedianews.com\/live\/index.php\/2021\/10\/08\/salon-artibat-edilteco-france-presente-son-nouveau-politerm-r\/","url_meta":{"origin":39822,"position":5},"title":"SALON ARTIBAT, EDILTECO\u00ae FRANCE PR\u00c9SENTE SON NOUVEAU POLITERM\u00ae R","date":"8 octobre 2021","format":false,"excerpt":"EDILTECO\u00ae France sera exposant du salon Artibat, au sein du P\u00f4le Gros OEuvre, Hall 10A - Stand D52.\u00a0 Le fabricant y pr\u00e9sentera notamment le nouveau Politerm\u00ae R, proc\u00e9d\u00e9 d\u2019agr\u00e9gat isolant id\u00e9al pour \u00e9laborer une multiplicit\u00e9 de formules de chapes, de mortiers et b\u00e9tons l\u00e9gers thermo-acoustiques.\u00a0 Cette nouvelle version Politerm\u00ae R\u2026","rel":"","context":"Dans &quot;Artibat 2021&quot;","img":{"alt_text":"","src":"https:\/\/i2.wp.com\/batimedianews.com\/live\/wp-content\/uploads\/2021\/10\/Edilteco-Article.jpg?fit=512%2C512&resize=350%2C200","width":350,"height":200},"classes":[]}],"_links":{"self":[{"href":"http:\/\/batimedianews.com\/live\/index.php\/wp-json\/wp\/v2\/posts\/39822"}],"collection":[{"href":"http:\/\/batimedianews.com\/live\/index.php\/wp-json\/wp\/v2\/posts"}],"about":[{"href":"http:\/\/batimedianews.com\/live\/index.php\/wp-json\/wp\/v2\/types\/post"}],"author":[{"embeddable":true,"href":"http:\/\/batimedianews.com\/live\/index.php\/wp-json\/wp\/v2\/users\/41"}],"replies":[{"embeddable":true,"href":"http:\/\/batimedianews.com\/live\/index.php\/wp-json\/wp\/v2\/comments?post=39822"}],"version-history":[{"count":2,"href":"http:\/\/batimedianews.com\/live\/index.php\/wp-json\/wp\/v2\/posts\/39822\/revisions"}],"predecessor-version":[{"id":39889,"href":"http:\/\/batimedianews.com\/live\/index.php\/wp-json\/wp\/v2\/posts\/39822\/revisions\/39889"}],"wp:featuredmedia":[{"embeddable":true,"href":"http:\/\/batimedianews.com\/live\/index.php\/wp-json\/wp\/v2\/media\/39824"}],"wp:attachment":[{"href":"http:\/\/batimedianews.com\/live\/index.php\/wp-json\/wp\/v2\/media?parent=39822"}],"wp:term":[{"taxonomy":"category","embeddable":true,"href":"http:\/\/batimedianews.com\/live\/index.php\/wp-json\/wp\/v2\/categories?post=39822"},{"taxonomy":"post_tag","embeddable":true,"href":"http:\/\/batimedianews.com\/live\/index.php\/wp-json\/wp\/v2\/tags?post=39822"}],"curies":[{"name":"wp","href":"https:\/\/api.w.org\/{rel}","templated":true}]}}