{"id":39936,"date":"2024-09-25T10:24:41","date_gmt":"2024-09-25T08:24:41","guid":{"rendered":"http:\/\/batimedianews.com\/live\/?p=39936"},"modified":"2025-04-08T20:29:25","modified_gmt":"2025-04-08T18:29:25","slug":"deceuninck-reaffirme-son-engagement-en-faveur-de-la-durabilite-au-salon-equipbaie","status":"publish","type":"post","link":"http:\/\/batimedianews.com\/live\/index.php\/2024\/09\/25\/deceuninck-reaffirme-son-engagement-en-faveur-de-la-durabilite-au-salon-equipbaie\/","title":{"rendered":"Deceuninck r\u00e9affirme son engagement en faveur  de la durabilit\u00e9 au salon Equipbaie."},"content":{"rendered":"\n<p>Deceuninck sera pr\u00e9sent au salon Equipbaie, qui se tiendra du lundi 30 septembre au<br>jeudi 3 octobre 2024 \u00e0 la Porte de Versailles. \u00c0 cette occasion, les \u00e9quipes commerciales,<br>techniques et marketing seront ravies de pr\u00e9senter les derni\u00e8res <strong>innovations de l\u2019entreprise<\/strong>.<br>Avec elles, le sp\u00e9cialiste des profil\u00e9s en PVC et composite pour la fabrication de fen\u00eatres,<br>de portes et de rev\u00eatements ext\u00e9rieurs marque une nouvelle \u00e9tape dans son engagement<br>en faveur de solutions de menuiseries durables et performantes.<\/p>\n\n\n\n<div class=\"wp-block-columns\">\n<div class=\"wp-block-column\">\n<figure class=\"wp-block-image size-full\"><img loading=\"lazy\" width=\"432\" height=\"436\" src=\"https:\/\/i2.wp.com\/batimedianews.com\/live\/wp-content\/uploads\/2024\/09\/deceuninckPhoto2.jpg?resize=432%2C436\" alt=\"\" class=\"wp-image-39937\" srcset=\"https:\/\/i2.wp.com\/batimedianews.com\/live\/wp-content\/uploads\/2024\/09\/deceuninckPhoto2.jpg?w=432 432w, https:\/\/i2.wp.com\/batimedianews.com\/live\/wp-content\/uploads\/2024\/09\/deceuninckPhoto2.jpg?resize=768%2C775 768w, https:\/\/i2.wp.com\/batimedianews.com\/live\/wp-content\/uploads\/2024\/09\/deceuninckPhoto2.jpg?resize=10%2C10 10w, https:\/\/i2.wp.com\/batimedianews.com\/live\/wp-content\/uploads\/2024\/09\/deceuninckPhoto2.jpg?resize=396%2C400 396w\" sizes=\"(max-width: 600px) 91vw, (max-width: 900px) 600px, (max-width: 1060px) 50vw, (max-width: 1200px) 520px, (max-width: 1400px) 43vw, 600px\" data-recalc-dims=\"1\" \/><\/figure>\n\n\n\n<p class=\"has-sm-dark-primary-color has-text-color\"><strong>Une nouvelle gamme de profil\u00e9s de menuiserie pour fen\u00eatres ELEGANT<\/strong><\/p>\n\n\n\n<p>Avec sa gamme ELEGANT, Deceuninck transforme la perception du PVC. Plus qu&rsquo;une simple nouvelle gamme, ELEGANT est une v\u00e9ritable prouesse technologique et repr\u00e9sente une nouvelle g\u00e9n\u00e9ration de menuiserie.<\/p>\n\n\n\n<p>Ses atouts : la finesse de ses profil\u00e9s pour des structures qui tendent \u00e0 se faire oublier.<\/p>\n\n\n\n<p>Un large choix de designs (diff\u00e9rentes parcloses, une palette de 78 coloris en trois types de finitions : rural, urbain et contemporain) pour des fen\u00eatres personnalis\u00e9es.<\/p>\n\n\n\n<p>Une gamme 100% circulaire et 100% recyclable. Con\u00e7us par coextrusion, les profil\u00e9s ELEGANT sont compos\u00e9s \u00e0 pr\u00e8s de moiti\u00e9 de mati\u00e8re recycl\u00e9e. En outre, comme tous les produits en PVC Deceuninck, les fen\u00eatres ELEGANT sont 100% recyclables.<\/p>\n<\/div>\n\n\n\n<div class=\"wp-block-column\">\n<figure class=\"wp-block-image size-full\"><img loading=\"lazy\" width=\"432\" height=\"436\" src=\"https:\/\/i1.wp.com\/batimedianews.com\/live\/wp-content\/uploads\/2024\/09\/deceuninckPhoto3.jpg?resize=432%2C436\" alt=\"\" class=\"wp-image-39938\" srcset=\"https:\/\/i1.wp.com\/batimedianews.com\/live\/wp-content\/uploads\/2024\/09\/deceuninckPhoto3.jpg?w=432 432w, https:\/\/i1.wp.com\/batimedianews.com\/live\/wp-content\/uploads\/2024\/09\/deceuninckPhoto3.jpg?resize=768%2C775 768w, https:\/\/i1.wp.com\/batimedianews.com\/live\/wp-content\/uploads\/2024\/09\/deceuninckPhoto3.jpg?resize=10%2C10 10w, https:\/\/i1.wp.com\/batimedianews.com\/live\/wp-content\/uploads\/2024\/09\/deceuninckPhoto3.jpg?resize=396%2C400 396w\" sizes=\"(max-width: 600px) 91vw, (max-width: 900px) 600px, (max-width: 1060px) 50vw, (max-width: 1200px) 520px, (max-width: 1400px) 43vw, 600px\" data-recalc-dims=\"1\" \/><\/figure>\n\n\n\n<p class=\"has-sm-dark-primary-color has-text-color\"><strong>Un nouveau proc\u00e9d\u00e9 d&rsquo;assemblage \u00e0 coupe d&rsquo;onglet, d\u00e9nomm\u00e9 zZ CONNECT<\/strong><\/p>\n\n\n\n<p>Nomm\u00e9 aux Awards de l&rsquo;innovation 2024, ce proc\u00e9d\u00e9 d&rsquo;assemblage permet de souder ensemble deux profil\u00e9s PVC de menuiserie Elegant Infinity de sections transversales diff\u00e9rentes gr\u00e2ce \u00e0 une pi\u00e8ce de jonction. Invisible, il apporte \u00e0 la menuiserie une solution innovante en termes d&rsquo;esth\u00e9tique, de clair de jour, de r\u00e9sistance et d&rsquo;\u00e9tanch\u00e9it\u00e9.<\/p>\n<\/div>\n\n\n\n<div class=\"wp-block-column\">\n<figure class=\"wp-block-image size-full\"><img loading=\"lazy\" width=\"432\" height=\"436\" src=\"https:\/\/i1.wp.com\/batimedianews.com\/live\/wp-content\/uploads\/2024\/09\/deceuninckPhoto4.jpg?resize=432%2C436\" alt=\"\" class=\"wp-image-39939\" srcset=\"https:\/\/i1.wp.com\/batimedianews.com\/live\/wp-content\/uploads\/2024\/09\/deceuninckPhoto4.jpg?w=432 432w, https:\/\/i1.wp.com\/batimedianews.com\/live\/wp-content\/uploads\/2024\/09\/deceuninckPhoto4.jpg?resize=768%2C775 768w, https:\/\/i1.wp.com\/batimedianews.com\/live\/wp-content\/uploads\/2024\/09\/deceuninckPhoto4.jpg?resize=10%2C10 10w, https:\/\/i1.wp.com\/batimedianews.com\/live\/wp-content\/uploads\/2024\/09\/deceuninckPhoto4.jpg?resize=396%2C400 396w\" sizes=\"(max-width: 600px) 91vw, (max-width: 900px) 600px, (max-width: 1060px) 50vw, (max-width: 1200px) 520px, (max-width: 1400px) 43vw, 600px\" data-recalc-dims=\"1\" \/><\/figure>\n\n\n\n<p class=\"has-sm-dark-primary-color has-text-color\"><strong>Phoenix, une menuiserie aux profil\u00e9s 100% recycl\u00e9s<\/strong><\/p>\n\n\n\n<p>Recycler le PVC n\u00e9cessite 90% d&rsquo;\u00e9nergie en moins que la production d&rsquo;une nouvelle mati\u00e8re premi\u00e8re. Phoenix est la premi\u00e8re s\u00e9rie de profil\u00e9s de fen\u00eatres compos\u00e9e \u00e0 100% de mat\u00e9riau recycl\u00e9. Cette solution 100% circulaire s&rsquo;inscrit parfaitement dans la d\u00e9marche \u00e9cologique de Deceuninck.<\/p>\n<\/div>\n<\/div>\n\n\n\n<figure class=\"wp-block-image size-full is-resized\"><img loading=\"lazy\" src=\"https:\/\/i0.wp.com\/batimedianews.com\/live\/wp-content\/uploads\/2024\/09\/image-180.png?resize=673%2C254\" alt=\"\" class=\"wp-image-39940\" width=\"673\" height=\"254\" srcset=\"https:\/\/i0.wp.com\/batimedianews.com\/live\/wp-content\/uploads\/2024\/09\/image-180.png?w=1008 1008w, https:\/\/i0.wp.com\/batimedianews.com\/live\/wp-content\/uploads\/2024\/09\/image-180.png?resize=768%2C291 768w, https:\/\/i0.wp.com\/batimedianews.com\/live\/wp-content\/uploads\/2024\/09\/image-180.png?resize=432%2C164 432w, https:\/\/i0.wp.com\/batimedianews.com\/live\/wp-content\/uploads\/2024\/09\/image-180.png?resize=396%2C150 396w, https:\/\/i0.wp.com\/batimedianews.com\/live\/wp-content\/uploads\/2024\/09\/image-180.png?resize=660%2C250 660w\" sizes=\"(max-width: 600px) 91vw, (max-width: 900px) 600px, (max-width: 1060px) 50vw, (max-width: 1200px) 520px, (max-width: 1400px) 43vw, 600px\" data-recalc-dims=\"1\" \/><\/figure>\n","protected":false},"excerpt":{"rendered":"<p>Deceuninck sera pr\u00e9sent au salon Equipbaie, qui se tiendra du lundi 30 septembre aujeudi 3 octobre 2024 \u00e0 la Porte de Versailles. \u00c0 cette occasion, les \u00e9quipes commerciales,techniques et marketing seront ravies de pr\u00e9senter les derni\u00e8res innovations de l\u2019entreprise.Avec elles, le sp\u00e9cialiste des profil\u00e9s en PVC et composite pour la fabrication de fen\u00eatres,de portes et [&hellip;]<\/p>\n","protected":false},"author":41,"featured_media":39942,"comment_status":"open","ping_status":"open","sticky":false,"template":"","format":"standard","meta":{"spay_email":""},"categories":[4,868,690],"tags":[1312],"jetpack_featured_media_url":"https:\/\/i1.wp.com\/batimedianews.com\/live\/wp-content\/uploads\/2024\/09\/deceuninck.jpg?fit=1513%2C825","jetpack_sharing_enabled":true,"jetpack_likes_enabled":true,"jetpack-related-posts":[{"id":528,"url":"http:\/\/batimedianews.com\/live\/index.php\/2018\/11\/13\/deceuninck-profite-du-salon-equipbaie-pour-mettre-en-lumiere-sa-largeur-de-gamme-de-profiles\/","url_meta":{"origin":39936,"position":0},"title":"Deceuninck profite du salon EQUIPBAIE pour mettre en lumi\u00e8re sa largeur de gamme de profil\u00e9s.","date":"13 novembre 2018","format":false,"excerpt":"Deceuninck profite du salon EQUIPBAIE pour mettre en lumi\u00e8re sa largeur de gamme de profil\u00e9s. -\u00a0\u00a0\u00a0\u00a0\u00a0\u00a0\u00a0\u00a0\u00a0\u00a0Gamme de fen\u00eatres zendow -\u00a0\u00a0\u00a0\u00a0\u00a0\u00a0\u00a0\u00a0\u00a0\u00a0Baie coulissante iSlide#neo -\u00a0\u00a0\u00a0\u00a0\u00a0\u00a0\u00a0\u00a0\u00a0\u00a0Volet roulant Storbox 2.0 -\u00a0\u00a0\u00a0\u00a0\u00a0\u00a0\u00a0\u00a0\u00a0\u00a0Profil\u00e9s du b\u00e2timent\u00a0: lames de terrasse composite, bardages PVC, composite et alu Temps fort pour les secteurs de la menuiserie et de la fermeture,\u2026","rel":"","context":"Dans &quot;Bardage&quot;","img":{"alt_text":"","src":"https:\/\/i0.wp.com\/batimedianews.com\/live\/wp-content\/uploads\/2019\/08\/deceuninck_image1.jpg?fit=986%2C986&resize=350%2C200","width":350,"height":200},"classes":[]},{"id":38641,"url":"http:\/\/batimedianews.com\/live\/index.php\/2024\/07\/09\/veka-aluconnect-un-concept-de-menuiserie-aluminium-et-pvc-signe-veka-a-decouvrir-au-salon-equipbaie-metalexpo-by-batimat\/","url_meta":{"origin":39936,"position":1},"title":"VEKA AluConnect, un concept de menuiserie aluminium et PVC sign\u00e9 VEKA \u00e0 d\u00e9couvrir au Salon Equipbaie-MetalExpo by Batimat","date":"9 juillet 2024","format":false,"excerpt":"VEKA d\u00e9voilera pour la premi\u00e8re fois en France sur le salon Equipbaie du Mondial du B\u00e2timent 2024 (Hall 6 - stand E014), VEKA AluConnect, un concept in\u00e9dit de menuiserie alliant le meilleur de deux mat\u00e9riaux, l\u2019aluminium et le PVC. Un mariage heureux donc qui conjugue toute l\u2019\u00e9l\u00e9gance des fen\u00eatres aluminium\u2026","rel":"","context":"Dans &quot;Actualit\u00e9 Entreprises&quot;","img":{"alt_text":"","src":"https:\/\/i1.wp.com\/batimedianews.com\/live\/wp-content\/uploads\/2024\/07\/Veka-articles-.jpg?fit=825%2C825&resize=350%2C200","width":350,"height":200},"classes":[]},{"id":12356,"url":"http:\/\/batimedianews.com\/live\/index.php\/2021\/10\/04\/veka-et-ferco-une-association-prometteuse-autour-de-linnovation-vekaslide-hi-5-deja-couronnee-sur-equipbaie-2021\/","url_meta":{"origin":39936,"position":2},"title":"VEKA et FERCO : une association prometteuse autour de l\u2019innovation VEKASLIDE Hi-5, d\u00e9j\u00e0 couronn\u00e9e sur EQUIPBAIE 2021","date":"4 octobre 2021","format":false,"excerpt":"La filiale fran\u00e7aise de VEKA, leader mondial des profil\u00e9s pour fen\u00eatres PVC, a profit\u00e9 du salon EQUIPBAIE 2021 pour confirmer son association avec FERCO, leader fran\u00e7ais de la ferrure et filiale du groupe GU. \u00c0 gauche, Jos Lenferink, CEO SOUTH WEST EUROPEand NORTH AFRICA chez VEKA, \u00e0 droite, Fabien Schmitz,Pr\u00e9sident\u2026","rel":"","context":"Dans &quot;Actualit\u00e9 Entreprises&quot;","img":{"alt_text":"","src":"https:\/\/i2.wp.com\/batimedianews.com\/live\/wp-content\/uploads\/2021\/09\/Veka_Ferco-Article.jpg?fit=512%2C512&resize=350%2C200","width":350,"height":200},"classes":[]},{"id":32732,"url":"http:\/\/batimedianews.com\/live\/index.php\/2023\/11\/02\/elegant-lultime-concept-de-fenetre\/","url_meta":{"origin":39936,"position":3},"title":"\u00c9l\u00e9gant &#8211; L\u2019ultime concept de fen\u00eatre","date":"2 novembre 2023","format":false,"excerpt":"Qui mieux que Deceuninck pouvait transformer la perception du PVC ? Avec Elegant, le sp\u00e9cialiste du PVC ouvre de nouveaux horizons et propose aux architectes et aux fabricants de fen\u00eatres une nouvelle g\u00e9n\u00e9ration de menuiserie. Plus qu\u2019une nouvelle gamme, Elegant est une v\u00e9ritable prouesse technologique. https:\/\/youtu.be\/Z80uyKfVxdw Un design moderne et\u2026","rel":"","context":"Dans &quot;Actualit\u00e9 Entreprises&quot;","img":{"alt_text":"","src":"https:\/\/i0.wp.com\/batimedianews.com\/live\/wp-content\/uploads\/2023\/11\/deceuninck-Image-articles-.jpeg?fit=712%2C712&resize=350%2C200","width":350,"height":200},"classes":[]},{"id":12504,"url":"http:\/\/batimedianews.com\/live\/index.php\/2021\/10\/06\/nouvelle-gamme-elegant-de-deceuninck\/","url_meta":{"origin":39936,"position":4},"title":"Nouvelle gamme Elegant de Deceuninck","date":"6 octobre 2021","format":false,"excerpt":", Elegant Avec Elegant, Deceuninck ouvre de nouveaux horizons pour les architectes et les fabricants de fen\u00eatre. Forte de 82 ans d\u2019expertise et de savoir-faire en mati\u00e8re de transformation du PVC, l\u2019entreprise a, en effet, con\u00e7u une gamme compl\u00e8te qui r\u00e9pond aux attentes de ses clients et aux normes des\u2026","rel":"","context":"Dans &quot;Actualit\u00e9 Entreprises&quot;","img":{"alt_text":"","src":"https:\/\/i0.wp.com\/batimedianews.com\/live\/wp-content\/uploads\/2021\/10\/DECEUNINCK-Article.jpg?fit=512%2C512&resize=350%2C200","width":350,"height":200},"classes":[]},{"id":39075,"url":"http:\/\/batimedianews.com\/live\/index.php\/2024\/08\/12\/swao-celebre-ses-10-ans-au-salon-equipbaie-by-batimat\/","url_meta":{"origin":39936,"position":5},"title":"SWAO c\u00e9l\u00e8bre ses 10 ans au salon \u00c9QUIPbaie by Batimat","date":"12 ao\u00fbt 2024","format":false,"excerpt":"Hall 6 \u2013 Stand H054 Swao, la marque du groupe CETIH experte en Fen\u00eatre et Porte depuis 2013, f\u00eate ses 10 ans au salon \u00c9QUIPbaie by Batimat et ses 45 ans de savoir-faire et technicit\u00e9. Cr\u00e9\u00e9e en 2013, SWAO a su s\u2019imposer comme une r\u00e9f\u00e9rence en mati\u00e8re de qualit\u00e9 et\u2026","rel":"","context":"Dans &quot;Actualit\u00e9 Entreprises&quot;","img":{"alt_text":"","src":"https:\/\/i1.wp.com\/batimedianews.com\/live\/wp-content\/uploads\/2024\/07\/SWAO-articles-.jpg?fit=825%2C825&resize=350%2C200","width":350,"height":200},"classes":[]}],"_links":{"self":[{"href":"http:\/\/batimedianews.com\/live\/index.php\/wp-json\/wp\/v2\/posts\/39936"}],"collection":[{"href":"http:\/\/batimedianews.com\/live\/index.php\/wp-json\/wp\/v2\/posts"}],"about":[{"href":"http:\/\/batimedianews.com\/live\/index.php\/wp-json\/wp\/v2\/types\/post"}],"author":[{"embeddable":true,"href":"http:\/\/batimedianews.com\/live\/index.php\/wp-json\/wp\/v2\/users\/41"}],"replies":[{"embeddable":true,"href":"http:\/\/batimedianews.com\/live\/index.php\/wp-json\/wp\/v2\/comments?post=39936"}],"version-history":[{"count":2,"href":"http:\/\/batimedianews.com\/live\/index.php\/wp-json\/wp\/v2\/posts\/39936\/revisions"}],"predecessor-version":[{"id":39964,"href":"http:\/\/batimedianews.com\/live\/index.php\/wp-json\/wp\/v2\/posts\/39936\/revisions\/39964"}],"wp:featuredmedia":[{"embeddable":true,"href":"http:\/\/batimedianews.com\/live\/index.php\/wp-json\/wp\/v2\/media\/39942"}],"wp:attachment":[{"href":"http:\/\/batimedianews.com\/live\/index.php\/wp-json\/wp\/v2\/media?parent=39936"}],"wp:term":[{"taxonomy":"category","embeddable":true,"href":"http:\/\/batimedianews.com\/live\/index.php\/wp-json\/wp\/v2\/categories?post=39936"},{"taxonomy":"post_tag","embeddable":true,"href":"http:\/\/batimedianews.com\/live\/index.php\/wp-json\/wp\/v2\/tags?post=39936"}],"curies":[{"name":"wp","href":"https:\/\/api.w.org\/{rel}","templated":true}]}}