{"id":40010,"date":"2024-09-26T10:17:11","date_gmt":"2024-09-26T08:17:11","guid":{"rendered":"http:\/\/batimedianews.com\/live\/?p=40010"},"modified":"2025-04-08T20:23:08","modified_gmt":"2025-04-08T18:23:08","slug":"avec-climate-sense-batimat-2024-propose-une-experience-sensorielle-inedite-pour-sensibiliser-aux-enjeux-climatiques","status":"publish","type":"post","link":"http:\/\/batimedianews.com\/live\/index.php\/2024\/09\/26\/avec-climate-sense-batimat-2024-propose-une-experience-sensorielle-inedite-pour-sensibiliser-aux-enjeux-climatiques\/","title":{"rendered":"Avec CLIMATE SENSE, BATIMAT 2024 propose une exp\u00e9rience sensorielle in\u00e9dite pour sensibiliser aux enjeux climatiques"},"content":{"rendered":"\n<p>&nbsp;<strong>Du 30 septembre au 3 octobre 2024, BATIMAT accueillera \u00e0 Porte de Versailles \u00e0 Paris une installation in\u00e9dite baptis\u00e9e CLIMATE SENSE. Cette chambre climatique mobile a pour ambition de confronter les visiteurs aux r\u00e9alit\u00e9s du changement climatique en les faisant vivre, durant 30 minutes, \u00e0 +50\u00b0C.&nbsp;<\/strong><\/p>\n\n\n\n<p>&nbsp;<strong>Une plong\u00e9e dans le climat de 2050&nbsp;<\/strong><\/p>\n\n\n\n<p>CLIMATE SENSE offre aux visiteurs une immersion dans les temp\u00e9ratures envisag\u00e9es d\u2019ici \u00e0 2050, avec des conditions atteignant +50\u00b0C \u00e0 l&rsquo;ombre &#8211; un sc\u00e9nario qui pourrait devenir la norme. Cette exp\u00e9rience se d\u00e9roule \u00e0 l\u2019int\u00e9rieur d\u2019une chambre climatique mobile sp\u00e9cialement con\u00e7ue pour simuler le climat du futur, un projet port\u00e9 par l&rsquo;explorateur-chercheur Christian Clot depuis 2021. Fondateur du Human Adaptation Institute, il \u00e9tudie depuis pr\u00e8s de 30 ans l&rsquo;interaction entre les milieux et la capacit\u00e9 humaine \u00e0 s&rsquo;adapter aux conditions changeantes et aux crises.&nbsp;<\/p>\n\n\n\n<p>&nbsp;<strong>Une approche scientifique innovante&nbsp;<\/strong><\/p>\n\n\n\n<div class=\"wp-block-media-text alignwide is-stacked-on-mobile\" style=\"grid-template-columns:33% auto\"><figure class=\"wp-block-media-text__media\"><img loading=\"lazy\" width=\"580\" height=\"288\" src=\"https:\/\/i1.wp.com\/batimedianews.com\/live\/wp-content\/uploads\/2024\/09\/image-188.png?resize=580%2C288\" alt=\"\" class=\"wp-image-40011 size-full\" srcset=\"https:\/\/i1.wp.com\/batimedianews.com\/live\/wp-content\/uploads\/2024\/09\/image-188.png?w=580 580w, https:\/\/i1.wp.com\/batimedianews.com\/live\/wp-content\/uploads\/2024\/09\/image-188.png?resize=768%2C381 768w, https:\/\/i1.wp.com\/batimedianews.com\/live\/wp-content\/uploads\/2024\/09\/image-188.png?resize=432%2C215 432w, https:\/\/i1.wp.com\/batimedianews.com\/live\/wp-content\/uploads\/2024\/09\/image-188.png?resize=396%2C197 396w\" sizes=\"(max-width: 600px) 91vw, (max-width: 900px) 600px, (max-width: 1060px) 50vw, (max-width: 1200px) 520px, (max-width: 1400px) 43vw, 600px\" data-recalc-dims=\"1\" \/><\/figure><div class=\"wp-block-media-text__content\">\n<p class=\"has-normal-font-size\">&nbsp;La chambre climatique itin\u00e9rante utilise un processus habituellement r\u00e9serv\u00e9 aux laboratoires pour reproduire des conditions m\u00e9t\u00e9orologiques extr\u00eames. Install\u00e9e \u00e0 l\u2019ext\u00e9rieur du salon <strong>BATIMAT<\/strong>, elle plongera les visiteurs dans les conditions d\u2019une vague de chaleur pendant 30 minutes. Une dur\u00e9e qui leur permettra d\u2019appr\u00e9hender concr\u00e8tement les impacts des climats extr\u00eames sur la sant\u00e9 humaine et le bien-\u00eatre physique, ainsi que sur les dynamiques des organisations sociales et l&rsquo;\u00e9quilibre \u00e9cologique de notre plan\u00e8te. Ils prendront \u00e9galement conscience des d\u00e9fis sp\u00e9cifiques auxquels la fili\u00e8re du b\u00e2timent et de la construction pourrait \u00eatre confront\u00e9e dans un avenir proche.&nbsp;<\/p>\n\n\n\n<p class=\"has-small-font-size\">&nbsp;<em>Cr\u00e9dits : Human Adaptation Institute 1&nbsp;<\/em><\/p>\n<\/div><\/div>\n\n\n\n<p>Les participants seront guid\u00e9s \u00e0 travers cette exp\u00e9rience sensorielle par l\u2019\u00e9quipe du Climate Sense qui r\u00e9pondra \u00e0 toutes leurs questions.&nbsp;<\/p>\n\n\n\n<p>L&rsquo;exp\u00e9rience CLIMATE SENSE ne se limite pas \u00e0 la simulation climatique. Elle est suivie de la projection d&rsquo;une vid\u00e9o illustrant la d\u00e9gradation potentielle de notre soci\u00e9t\u00e9 face au&nbsp;<\/p>\n\n\n\n<p>changement climatique mais qui donne aussi espoir en invitant \u00e0 l\u2019action. Les participants sont alors invit\u00e9s \u00e0 s&rsquo;engager concr\u00e8tement en choisissant une action pour la plan\u00e8te, comme ajuster leur chauffage\/climatisation, diminuer certaines de leurs consommations ou prendre du temps dans la nature, sans r\u00e9seaux sociaux.&nbsp;<\/p>\n\n\n\n<p>Cette approche unique repose sur le principe que le&nbsp;processus de r\u00e9flexion et de d\u00e9cision d&rsquo;une personne ne peut v\u00e9ritablement \u00e9merger que d&rsquo;une exp\u00e9rience v\u00e9cue.&nbsp;<\/p>\n\n\n\n<p><strong>Jean-Philippe Guillon, Directeur des salons, division Construction, d\u00e9clare <\/strong>: \u00ab\u00a0<em>Face \u00e0 l&rsquo;urgence du changement climatique, le secteur du b\u00e2timent doit s&rsquo;engager. Dans le cadre de notre propre r\u00e9flexion sur la d\u00e9carbonation de nos \u00e9v\u00e9nements accueillir CLIMATE SENSE sur BATIMAT est essentiel pour faire comprendre \u00e0 nos visiteurs l\u2019importance d\u2019un engagement fort et imm\u00e9diat.<\/em>\u00a0\u00bb&nbsp;<\/p>\n\n\n\n<p><strong>Christian Clot <\/strong>: \u00ab<em>Vivre cette exp\u00e9rience est la meilleure fa\u00e7on de prendre conscience de ce que pourrait \u00eatre la vie dans 25 \u00e0 30 ans, avec des temp\u00e9ratures atteignant +50\u00b0C. Les r\u00e9percussions sont \u00e9normes sur le corps humain et sur l\u2019environnement. Au-del\u00e0 de l\u2019exp\u00e9rience, nous proposons aussi des solutions, personnelles ou collectives, qui peuvent \u00eatre mises en place. <\/em>\u00bb&nbsp;<\/p>\n\n\n\n<p>L&rsquo;exp\u00e9rience CLIMATE SENSE sera accessible du 30 septembre au 3 octobre 2024 \u00e0 l&rsquo;entr\u00e9e du Hall H1EXT01. <strong>Les visiteurs pourront s&rsquo;inscrire sur place<\/strong>, avec des cr\u00e9neaux disponibles toutes les dix minutes sous condition de signer une d\u00e9charge et d&rsquo;\u00eatre \u00e2g\u00e9 d&rsquo;au moins 18 ans.&nbsp;<\/p>\n\n\n\n<p class=\"has-small-font-size\"><strong>\u00c0 propos de RX&nbsp;<\/strong><\/p>\n\n\n\n<p class=\"has-small-font-size\">RX est un leader mondial d&rsquo;\u00e9v\u00e9nements et de salons. RX s&rsquo;appuie sur son expertise sectorielle, les donn\u00e9es et la technologie pour le d\u00e9veloppement des entreprises, des collectivit\u00e9s et des individus. Pr\u00e9sent dans 25 pays et sur 42 secteurs d\u2019activit\u00e9, RX organise pr\u00e8s de 350 \u00e9v\u00e9nements par an. RX s&rsquo;engage \u00e0 cr\u00e9er un environnement de travail inclusif pour tous ses collaborateurs et collaboratrices. RX permet aux entreprises de se d\u00e9velopper gr\u00e2ce \u00e0 la donn\u00e9e et aux solutions num\u00e9riques. RX fait partie de RELX, un fournisseur mondial de donn\u00e9es, d&rsquo;outils d&rsquo;analyses et de d\u00e9cisions pour les professionnels et les entreprises.&nbsp;<\/p>\n\n\n\n<p class=\"has-small-font-size\">RX France est cr\u00e9ateur de places de rencontres \u00e0 forte valeur ajout\u00e9e, leaders sur une quinzaine de march\u00e9s diff\u00e9rents. Parmi les salons embl\u00e9matiques de RX France et incontournables sur le plan national et international, figurent MIPIM, MAPIC, Batimat, Pollutec, EquipHotel, SITL, IFTM, Big Data &amp; AI Paris, MIPCOM, Paris Photo, Maison&amp;Objet* et bien d\u2019autres\u2026 Nos \u00e9v\u00e9nements se d\u00e9roulent en France, \u00e0 Hong Kong, en Italie et au Mexique.&nbsp;<\/p>\n\n\n\n<p style=\"font-size:12px\">*Organis\u00e9 par la SAFI, filiale de RX France et Ateliers d\u2019Art de France&nbsp;<\/p>\n\n\n\n<p class=\"has-small-font-size\"><strong>\u00c0 propos de RELX&nbsp;<\/strong><\/p>\n\n\n\n<p class=\"has-small-font-size\">RELX est un fournisseur mondial de donn\u00e9es, d&rsquo;outils d&rsquo;analyses et de d\u00e9cisions pour les professionnels et les entreprises. RELX est pr\u00e9sent dans plus de 180 pays et poss\u00e8de des bureaux dans une quarantaine de pays dans le monde. RELX emploie plus de 36 000 personnes, dont plus de 40 % en Am\u00e9rique du Nord. Les actions de RELX PLC, la soci\u00e9t\u00e9 m\u00e8re, sont n\u00e9goci\u00e9es sur les bourses de Londres, d&rsquo;Amsterdam et de New York sous les symboles suivants : Londres : REL ; Amsterdam : REN ; New York : RELX.&nbsp;<\/p>\n\n\n\n<p style=\"font-size:12px\">*Note : La capitalisation boursi\u00e8re actuelle peut \u00eatre consult\u00e9e \u00e0 l&rsquo;adresse suivante : http:\/\/www.relx.com\/investors&nbsp;<\/p>\n","protected":false},"excerpt":{"rendered":"<p>&nbsp;Du 30 septembre au 3 octobre 2024, BATIMAT accueillera \u00e0 Porte de Versailles \u00e0 Paris une installation in\u00e9dite baptis\u00e9e CLIMATE SENSE. Cette chambre climatique mobile a pour ambition de confronter les visiteurs aux r\u00e9alit\u00e9s du changement climatique en les faisant vivre, durant 30 minutes, \u00e0 +50\u00b0C.&nbsp; &nbsp;Une plong\u00e9e dans le climat de 2050&nbsp; CLIMATE SENSE [&hellip;]<\/p>\n","protected":false},"author":41,"featured_media":40013,"comment_status":"open","ping_status":"open","sticky":false,"template":"","format":"standard","meta":{"spay_email":""},"categories":[4,140,77],"tags":[2550],"jetpack_featured_media_url":"https:\/\/i0.wp.com\/batimedianews.com\/live\/wp-content\/uploads\/2024\/09\/Batimat-1.jpg?fit=1513%2C825","jetpack_sharing_enabled":true,"jetpack_likes_enabled":true,"jetpack-related-posts":[{"id":40730,"url":"http:\/\/batimedianews.com\/live\/index.php\/2024\/10\/15\/mondial-du-batiment-2024-une-mobilisation-sans-precedent-de-la-filiere\/","url_meta":{"origin":40010,"position":0},"title":"MONDIAL DU B\u00c2TIMENT 2024 : Une mobilisation sans pr\u00e9c\u00e9dent de la fili\u00e8re","date":"15 octobre 2024","format":false,"excerpt":"\u00a0Du 30 septembre au 3 octobre dernier, les professionnels du b\u00e2timent et de la construction se sont mobilis\u00e9s \u00e0 l\u2019occasion de l\u2019\u00e9dition 2024 du Mondial du B\u00e2timent organis\u00e9e \u00e0 Paris Expo Porte de Versailles. Pendant 4 jours, les salons BATIMAT, ID\u00c9OBAIN, INTERCLIMA et EQUIPBAIE\/METALEXPO, ont accueilli plus de 135 000\u2026","rel":"","context":"Dans &quot;Actualit\u00e9s salons&quot;","img":{"alt_text":"","src":"https:\/\/i0.wp.com\/batimedianews.com\/live\/wp-content\/uploads\/2024\/10\/MduB.jpg?fit=825%2C825&resize=350%2C200","width":350,"height":200},"classes":[]},{"id":40961,"url":"http:\/\/batimedianews.com\/live\/index.php\/2024\/10\/30\/le-mondial-du-batiment-simpose-comme-le-rendez-vous-incontournable-des-professionnels-de-la-filiere\/","url_meta":{"origin":40010,"position":1},"title":"Le Mondial Du B\u00e2timent s\u2019impose comme le rendez-vous incontournable des professionnels de la fili\u00e8re","date":"30 octobre 2024","format":false,"excerpt":"Si le succ\u00e8s du Mondial du B\u00e2timent 2024 se concr\u00e9tise par une progression de 15% du nombre de ses visiteurs, pour atteindre 135 944 participants, force est de constater que l\u2019\u00e9v\u00e8nement a su une nouvelle fois attirer l\u2019ensemble des acteurs de la fili\u00e8re : mise en \u0153uvre, fabricants, distributeurs, ma\u00eetrise\u2026","rel":"","context":"Dans &quot;Actualit\u00e9s salons&quot;","img":{"alt_text":"","src":"https:\/\/i0.wp.com\/batimedianews.com\/live\/wp-content\/uploads\/2024\/10\/MduB-1.jpg?fit=825%2C825&resize=350%2C200","width":350,"height":200},"classes":[]},{"id":23779,"url":"http:\/\/batimedianews.com\/live\/index.php\/2022\/09\/29\/invitation-presse-_-batimat-2022-strategie-neitralite-carbone-dans-limmobilier-et-le-batiment-a-travers-le-monde-a-horizon-2050\/","url_meta":{"origin":40010,"position":2},"title":"Batimat 2022 : \u00ab Strat\u00e9gie neutralit\u00e9 carbone dans l&rsquo;immobilier et le b\u00e2timent \u00e0 travers le monde \u00e0 horizon 2050","date":"29 septembre 2022","format":false,"excerpt":"\u00a02e volet du cycle de conf\u00e9rences internationales organis\u00e9es par\u00a0l\u2019\u00c9cole des Ponts ParisTech avec 30 experts issus des 5 continents\u00a0 \u00a0Apr\u00e8s le succ\u00e8s du premier volet en avril 2022, l\u2019\u00c9cole des Ponts ParisTech organise le 2e volet de son cycle de conf\u00e9rences internationales sur la \u00ab Strat\u00e9gie Neutralit\u00e9 Carbone dans l\u2019Immobilier\u2026","rel":"","context":"Dans &quot;Actualit\u00e9 Entreprises&quot;","img":{"alt_text":"","src":"https:\/\/i2.wp.com\/batimedianews.com\/live\/wp-content\/uploads\/2022\/09\/EcoledesPonts-Article.jpg?fit=1080%2C1080&resize=350%2C200","width":350,"height":200},"classes":[]},{"id":37833,"url":"http:\/\/batimedianews.com\/live\/index.php\/2024\/06\/03\/interclima-2024-tous-les-chemins-menent-au-succes\/","url_meta":{"origin":40010,"position":3},"title":"INTERCLIMA 2024 : Tous les chemins m\u00e8nent au succ\u00e8s !","date":"3 juin 2024","format":false,"excerpt":"\u00a0Rendez-vous majeur des acteurs du g\u00e9nie climatique, INTERCLIMA 2024 (du 30 septembre au 3 octobre \u00e0 Paris-Porte de Versailles) s\u2019inscrit dans une dynamique d\u2019actions tourn\u00e9e vers la recherche de solutions.\u00a0 Pour cette \u00e9dition, RX et Uniclima d\u00e9ploient \u00e0 nouveau des mesures exceptionnelles pour faciliter la participation \u00e0 quelques 3500 visiteurs,\u2026","rel":"","context":"Dans &quot;Actualit\u00e9s salons&quot;","img":{"alt_text":"","src":"https:\/\/i2.wp.com\/batimedianews.com\/live\/wp-content\/uploads\/2024\/05\/Interclima.jpg?fit=825%2C825&resize=350%2C200","width":350,"height":200},"classes":[]},{"id":3344,"url":"http:\/\/batimedianews.com\/live\/index.php\/2019\/10\/30\/batimat-2019-fisa-presente-la-nouvelle-gamme-de-solutions-opti\/","url_meta":{"origin":40010,"position":4},"title":"BATIMAT 2019 : FISA pr\u00e9sente la nouvelle gamme de solutions OPTI","date":"30 octobre 2019","format":false,"excerpt":"Reconnu pour son expertise dans le g\u00e9nie climatique et ses logiciels de calculs, FISA pr\u00e9sente pour BATIMAT une nouvelle gamme de solutions \"OPTI\" permettant d\u2019optimiser l\u2019usage d\u2019Autodesk\u00a9 Revit\u00a9. Fruit d\u2019une \u00e9troite collaboration avec nos clients, OPTI permet de dimensionner simplement les r\u00e9seaux a\u00e9rauliques, hydrauliques et sanitaires de leurs projets BIM\u2026","rel":"","context":"Dans &quot;Actualit\u00e9 Entreprises&quot;","img":{"alt_text":"","src":"https:\/\/i2.wp.com\/batimedianews.com\/live\/wp-content\/uploads\/2019\/10\/fisa_2.jpg?fit=839%2C599&resize=350%2C200","width":350,"height":200},"classes":[]},{"id":16531,"url":"http:\/\/batimedianews.com\/live\/index.php\/2022\/02\/24\/mondial-du-batiment2022-une-mobilisation-sans-precedent-pour-porter-toutes-les-reponses-aux-defis-actuels-et-futur-batiment\/","url_meta":{"origin":40010,"position":5},"title":"Mondial du b\u00e2timent2022 une mobilisation sans pr\u00e9c\u00e8dent pour porter toutes les r\u00e9ponses aux d\u00e9fis actuels et futur b\u00e2timent","date":"24 f\u00e9vrier 2022","format":false,"excerpt":"\u00a0\u00c9v\u00e9nement international de r\u00e9f\u00e9rence des secteurs du b\u00e2timent, de la construction et de l\u2019architecture, le Mondial du B\u00e2timent ouvrira ses portes \u00e0 Paris Expo Porte de Versailles du\u00a03 au 6 octobre 2022. En phase avec toutes les grandes mutations du secteur, il s\u2019affirme comme un \u00e9v\u00e8nement incontournable pour tous les\u2026","rel":"","context":"Dans &quot;Actualit\u00e9 Entreprises&quot;","img":{"alt_text":"","src":"https:\/\/i0.wp.com\/batimedianews.com\/live\/wp-content\/uploads\/2022\/02\/MdB-Article.jpg?fit=512%2C512&resize=350%2C200","width":350,"height":200},"classes":[]}],"_links":{"self":[{"href":"http:\/\/batimedianews.com\/live\/index.php\/wp-json\/wp\/v2\/posts\/40010"}],"collection":[{"href":"http:\/\/batimedianews.com\/live\/index.php\/wp-json\/wp\/v2\/posts"}],"about":[{"href":"http:\/\/batimedianews.com\/live\/index.php\/wp-json\/wp\/v2\/types\/post"}],"author":[{"embeddable":true,"href":"http:\/\/batimedianews.com\/live\/index.php\/wp-json\/wp\/v2\/users\/41"}],"replies":[{"embeddable":true,"href":"http:\/\/batimedianews.com\/live\/index.php\/wp-json\/wp\/v2\/comments?post=40010"}],"version-history":[{"count":2,"href":"http:\/\/batimedianews.com\/live\/index.php\/wp-json\/wp\/v2\/posts\/40010\/revisions"}],"predecessor-version":[{"id":40025,"href":"http:\/\/batimedianews.com\/live\/index.php\/wp-json\/wp\/v2\/posts\/40010\/revisions\/40025"}],"wp:featuredmedia":[{"embeddable":true,"href":"http:\/\/batimedianews.com\/live\/index.php\/wp-json\/wp\/v2\/media\/40013"}],"wp:attachment":[{"href":"http:\/\/batimedianews.com\/live\/index.php\/wp-json\/wp\/v2\/media?parent=40010"}],"wp:term":[{"taxonomy":"category","embeddable":true,"href":"http:\/\/batimedianews.com\/live\/index.php\/wp-json\/wp\/v2\/categories?post=40010"},{"taxonomy":"post_tag","embeddable":true,"href":"http:\/\/batimedianews.com\/live\/index.php\/wp-json\/wp\/v2\/tags?post=40010"}],"curies":[{"name":"wp","href":"https:\/\/api.w.org\/{rel}","templated":true}]}}